{"id":8321,"date":"2023-10-24T09:00:20","date_gmt":"2023-10-24T14:00:20","guid":{"rendered":"https:\/\/publimar.mx\/?p=8321"},"modified":"2023-10-24T09:00:23","modified_gmt":"2023-10-24T14:00:23","slug":"dejara-tormenta-tropical-otis-lluvias-de-variables-intensidad-en-el-estado","status":"publish","type":"post","link":"https:\/\/publimar.mx\/index.php\/2023\/10\/24\/dejara-tormenta-tropical-otis-lluvias-de-variables-intensidad-en-el-estado\/","title":{"rendered":"Dejar\u00e1 tormenta tropical Otis lluvias de variables intensidad en el estado"},"content":{"rendered":"\n<p>Oaxaca de Ju\u00e1rez, Oax. 24 de octubre de 2023.- La Coordinaci\u00f3n Estatal de Protecci\u00f3n Civil y Gesti\u00f3n de Riesgos (CEPCyGR) informa que la tormenta tropical Otis se ubica al sur de las costas de Oaxaca y Guerrero, con bandas nubosas e influencia indirecta en la mayor parte del estado, ocasionando lluvias fuertes a muy fuertes.<\/p>\n\n\n\n<p>Debido a la informaci\u00f3n proporcionada por la Comisi\u00f3n Nacional del Agua (Conagua), por lo anterior, para este martes se prev\u00e9n lluvias muy fuertes en la Costa, Sierra Sur y Mixteca; mientras que para el resto del estado se esperan lluvias de variable intensidad.<\/p>\n\n\n\n<p>Para la zona costera se pronostica oleaje elevado y vientos fuertes, as\u00ed como nieblas muy densas para zonas monta\u00f1osas con temperaturas de ligero refrescamiento de ambiente fresco a fr\u00edo.<\/p>\n\n\n\n<p>A trav\u00e9s de avisos de alertamiento, Protecci\u00f3n Civil dar\u00e1 seguimiento puntual por la posible aproximaci\u00f3n de la tormenta tropical Otis a costas del estado en los pr\u00f3ximos d\u00edas.<\/p>\n\n\n\n<p>Las temperaturas para este d\u00eda son las siguientes:<\/p>\n\n\n\n<p>\u2022 Valles Centrales, m\u00ednima de 14 y m\u00e1xima de 28 grados.<br>\u2022 Istmo de Tehuantepec, m\u00ednima de 22 y m\u00e1xima de 33 grados.<br>\u2022 Cuenca del Papaloapan, m\u00ednima de 15 y m\u00e1xima de 32 grados.<br>\u2022 Costa, m\u00ednima de 22 y m\u00e1xima de 34 grados.<br>\u2022 Mixteca, m\u00ednima de 13 y m\u00e1xima de 28 grados.<br>\u2022 Sierra de Flores Mag\u00f3n, m\u00ednima de 13 y m\u00e1xima de 30 grados.<br>\u2022 Sierra de Ju\u00e1rez, m\u00ednima de 07 grados y m\u00e1xima de 25 grados.<br>\u2022 Sierra Sur, m\u00ednima de 10 y m\u00e1xima de 27 grados.<\/p>\n\n\n\n<p>La CEPCyGR exhorta a la poblaci\u00f3n a tomar precauciones y seguir las recomendaciones de Protecci\u00f3n Civil y Capitan\u00edas de Puerto; as\u00ed como a mantenerse informada a trav\u00e9s de los medios y redes sociales oficiales: Facebook @CEPCYGRGobOax y Twitter @CEPCyGR_GobOax<\/p>\n\n\n\n<figure class=\"wp-block-image size-large\"><img loading=\"lazy\" width=\"1024\" height=\"768\" src=\"https:\/\/publimar.mx\/wp-content\/uploads\/2023\/10\/IMG-20231024-WA0016-1024x768.jpg\" alt=\"\" class=\"wp-image-8322\" srcset=\"https:\/\/publimar.mx\/wp-content\/uploads\/2023\/10\/IMG-20231024-WA0016-1024x768.jpg 1024w, https:\/\/publimar.mx\/wp-content\/uploads\/2023\/10\/IMG-20231024-WA0016-300x225.jpg 300w, https:\/\/publimar.mx\/wp-content\/uploads\/2023\/10\/IMG-20231024-WA0016-768x576.jpg 768w, https:\/\/publimar.mx\/wp-content\/uploads\/2023\/10\/IMG-20231024-WA0016.jpg 1280w\" sizes=\"(max-width: 1024px) 100vw, 1024px\" \/><\/figure>\n","protected":false},"excerpt":{"rendered":"<p>Oaxaca de Ju\u00e1rez, Oax. 24 de octubre de 2023.- La Coordinaci\u00f3n Estatal de Protecci\u00f3n Civil y Gesti\u00f3n de Riesgos (CEPCyGR) informa que la tormenta tropical Otis se ubica al sur&hellip; <\/p>\n","protected":false},"author":1,"featured_media":8322,"comment_status":"open","ping_status":"open","sticky":false,"template":"","format":"standard","meta":{"_monsterinsights_skip_tracking":false,"_monsterinsights_sitenote_active":false,"_monsterinsights_sitenote_note":"","_monsterinsights_sitenote_category":0},"categories":[26],"tags":[],"yoast_head":"<!-- This site is optimized with the Yoast SEO plugin v17.0 - https:\/\/yoast.com\/wordpress\/plugins\/seo\/ -->\n<title>Dejar\u00e1 tormenta tropical Otis lluvias de variables intensidad en el estado - PubliMar<\/title>\n<meta name=\"description\" content=\"Protecci\u00f3n Civil informa que la tormenta tropical Otis se ubica al sur de las costas de Oaxaca y Guerrero nubosas ocasionando lluvias fuertes\" \/>\n<meta name=\"robots\" content=\"index, follow, max-snippet:-1, max-image-preview:large, max-video-preview:-1\" \/>\n<link rel=\"canonical\" href=\"https:\/\/publimar.mx\/index.php\/2023\/10\/24\/dejara-tormenta-tropical-otis-lluvias-de-variables-intensidad-en-el-estado\/\" \/>\n<meta property=\"og:locale\" content=\"es_ES\" \/>\n<meta property=\"og:type\" content=\"article\" \/>\n<meta property=\"og:title\" content=\"Dejar\u00e1 tormenta tropical Otis lluvias de variables intensidad en el estado - PubliMar\" \/>\n<meta property=\"og:description\" content=\"Protecci\u00f3n Civil informa que la tormenta tropical Otis se ubica al sur de las costas de Oaxaca y Guerrero nubosas ocasionando lluvias fuertes\" \/>\n<meta property=\"og:url\" content=\"https:\/\/publimar.mx\/index.php\/2023\/10\/24\/dejara-tormenta-tropical-otis-lluvias-de-variables-intensidad-en-el-estado\/\" \/>\n<meta property=\"og:site_name\" content=\"PubliMar\" \/>\n<meta property=\"article:published_time\" content=\"2023-10-24T14:00:20+00:00\" \/>\n<meta property=\"article:modified_time\" content=\"2023-10-24T14:00:23+00:00\" \/>\n<meta property=\"og:image\" content=\"https:\/\/publimar.mx\/wp-content\/uploads\/2023\/10\/IMG-20231024-WA0016.jpg\" \/>\n\t<meta property=\"og:image:width\" content=\"1280\" \/>\n\t<meta property=\"og:image:height\" content=\"960\" \/>\n<meta name=\"twitter:card\" content=\"summary_large_image\" \/>\n<meta name=\"twitter:label1\" content=\"Escrito por\" \/>\n\t<meta name=\"twitter:data1\" content=\"admin\" \/>\n\t<meta name=\"twitter:label2\" content=\"Tiempo de lectura\" \/>\n\t<meta name=\"twitter:data2\" content=\"2 minutos\" \/>\n<script type=\"application\/ld+json\" class=\"yoast-schema-graph\">{\"@context\":\"https:\/\/schema.org\",\"@graph\":[{\"@type\":\"WebSite\",\"@id\":\"https:\/\/publimar.mx\/#website\",\"url\":\"https:\/\/publimar.mx\/\",\"name\":\"PubliMar\",\"description\":\"Informaci\\u00f3n de la Costa Oaxaque\\u00f1a\",\"publisher\":{\"@id\":\"https:\/\/publimar.mx\/#\/schema\/person\/42ad4d315580276616a11863a241f558\"},\"potentialAction\":[{\"@type\":\"SearchAction\",\"target\":{\"@type\":\"EntryPoint\",\"urlTemplate\":\"https:\/\/publimar.mx\/?s={search_term_string}\"},\"query-input\":\"required name=search_term_string\"}],\"inLanguage\":\"es\"},{\"@type\":\"ImageObject\",\"@id\":\"https:\/\/publimar.mx\/index.php\/2023\/10\/24\/dejara-tormenta-tropical-otis-lluvias-de-variables-intensidad-en-el-estado\/#primaryimage\",\"inLanguage\":\"es\",\"url\":\"https:\/\/publimar.mx\/wp-content\/uploads\/2023\/10\/IMG-20231024-WA0016.jpg\",\"contentUrl\":\"https:\/\/publimar.mx\/wp-content\/uploads\/2023\/10\/IMG-20231024-WA0016.jpg\",\"width\":1280,\"height\":960},{\"@type\":\"WebPage\",\"@id\":\"https:\/\/publimar.mx\/index.php\/2023\/10\/24\/dejara-tormenta-tropical-otis-lluvias-de-variables-intensidad-en-el-estado\/#webpage\",\"url\":\"https:\/\/publimar.mx\/index.php\/2023\/10\/24\/dejara-tormenta-tropical-otis-lluvias-de-variables-intensidad-en-el-estado\/\",\"name\":\"Dejar\\u00e1 tormenta tropical Otis lluvias de variables intensidad en el estado - PubliMar\",\"isPartOf\":{\"@id\":\"https:\/\/publimar.mx\/#website\"},\"primaryImageOfPage\":{\"@id\":\"https:\/\/publimar.mx\/index.php\/2023\/10\/24\/dejara-tormenta-tropical-otis-lluvias-de-variables-intensidad-en-el-estado\/#primaryimage\"},\"datePublished\":\"2023-10-24T14:00:20+00:00\",\"dateModified\":\"2023-10-24T14:00:23+00:00\",\"description\":\"Protecci\\u00f3n Civil informa que la tormenta tropical Otis se ubica al sur de las costas de Oaxaca y Guerrero nubosas ocasionando lluvias fuertes\",\"breadcrumb\":{\"@id\":\"https:\/\/publimar.mx\/index.php\/2023\/10\/24\/dejara-tormenta-tropical-otis-lluvias-de-variables-intensidad-en-el-estado\/#breadcrumb\"},\"inLanguage\":\"es\",\"potentialAction\":[{\"@type\":\"ReadAction\",\"target\":[\"https:\/\/publimar.mx\/index.php\/2023\/10\/24\/dejara-tormenta-tropical-otis-lluvias-de-variables-intensidad-en-el-estado\/\"]}]},{\"@type\":\"BreadcrumbList\",\"@id\":\"https:\/\/publimar.mx\/index.php\/2023\/10\/24\/dejara-tormenta-tropical-otis-lluvias-de-variables-intensidad-en-el-estado\/#breadcrumb\",\"itemListElement\":[{\"@type\":\"ListItem\",\"position\":1,\"name\":\"Portada\",\"item\":\"https:\/\/publimar.mx\/\"},{\"@type\":\"ListItem\",\"position\":2,\"name\":\"Dejar\\u00e1 tormenta tropical Otis lluvias de variables intensidad en el estado\"}]},{\"@type\":[\"Article\",\"NewsArticle\"],\"@id\":\"https:\/\/publimar.mx\/index.php\/2023\/10\/24\/dejara-tormenta-tropical-otis-lluvias-de-variables-intensidad-en-el-estado\/#article\",\"isPartOf\":{\"@id\":\"https:\/\/publimar.mx\/index.php\/2023\/10\/24\/dejara-tormenta-tropical-otis-lluvias-de-variables-intensidad-en-el-estado\/#webpage\"},\"author\":{\"@id\":\"https:\/\/publimar.mx\/#\/schema\/person\/42ad4d315580276616a11863a241f558\"},\"headline\":\"Dejar\\u00e1 tormenta tropical Otis lluvias de variables intensidad en el estado\",\"datePublished\":\"2023-10-24T14:00:20+00:00\",\"dateModified\":\"2023-10-24T14:00:23+00:00\",\"mainEntityOfPage\":{\"@id\":\"https:\/\/publimar.mx\/index.php\/2023\/10\/24\/dejara-tormenta-tropical-otis-lluvias-de-variables-intensidad-en-el-estado\/#webpage\"},\"wordCount\":318,\"commentCount\":0,\"publisher\":{\"@id\":\"https:\/\/publimar.mx\/#\/schema\/person\/42ad4d315580276616a11863a241f558\"},\"image\":{\"@id\":\"https:\/\/publimar.mx\/index.php\/2023\/10\/24\/dejara-tormenta-tropical-otis-lluvias-de-variables-intensidad-en-el-estado\/#primaryimage\"},\"thumbnailUrl\":\"https:\/\/publimar.mx\/wp-content\/uploads\/2023\/10\/IMG-20231024-WA0016.jpg\",\"articleSection\":[\"Seguridad\"],\"inLanguage\":\"es\",\"potentialAction\":[{\"@type\":\"CommentAction\",\"name\":\"Comment\",\"target\":[\"https:\/\/publimar.mx\/index.php\/2023\/10\/24\/dejara-tormenta-tropical-otis-lluvias-de-variables-intensidad-en-el-estado\/#respond\"]}]},{\"@type\":[\"Person\",\"Organization\"],\"@id\":\"https:\/\/publimar.mx\/#\/schema\/person\/42ad4d315580276616a11863a241f558\",\"name\":\"admin\",\"image\":{\"@type\":\"ImageObject\",\"@id\":\"https:\/\/publimar.mx\/#personlogo\",\"inLanguage\":\"es\",\"url\":\"https:\/\/publimar.mx\/wp-content\/uploads\/2021\/08\/logo.png\",\"contentUrl\":\"https:\/\/publimar.mx\/wp-content\/uploads\/2021\/08\/logo.png\",\"width\":454,\"height\":108,\"caption\":\"admin\"},\"logo\":{\"@id\":\"https:\/\/publimar.mx\/#personlogo\"},\"sameAs\":[\"https:\/\/publimar.mx\"],\"url\":\"https:\/\/publimar.mx\/index.php\/author\/admin\/\"}]}<\/script>\n<!-- \/ Yoast SEO plugin. -->","yoast_head_json":{"title":"Dejar\u00e1 tormenta tropical Otis lluvias de variables intensidad en el estado - PubliMar","description":"Protecci\u00f3n Civil informa que la tormenta tropical Otis se ubica al sur de las costas de Oaxaca y Guerrero nubosas ocasionando lluvias fuertes","robots":{"index":"index","follow":"follow","max-snippet":"max-snippet:-1","max-image-preview":"max-image-preview:large","max-video-preview":"max-video-preview:-1"},"canonical":"https:\/\/publimar.mx\/index.php\/2023\/10\/24\/dejara-tormenta-tropical-otis-lluvias-de-variables-intensidad-en-el-estado\/","og_locale":"es_ES","og_type":"article","og_title":"Dejar\u00e1 tormenta tropical Otis lluvias de variables intensidad en el estado - PubliMar","og_description":"Protecci\u00f3n Civil informa que la tormenta tropical Otis se ubica al sur de las costas de Oaxaca y Guerrero nubosas ocasionando lluvias fuertes","og_url":"https:\/\/publimar.mx\/index.php\/2023\/10\/24\/dejara-tormenta-tropical-otis-lluvias-de-variables-intensidad-en-el-estado\/","og_site_name":"PubliMar","article_published_time":"2023-10-24T14:00:20+00:00","article_modified_time":"2023-10-24T14:00:23+00:00","og_image":[{"width":1280,"height":960,"url":"https:\/\/publimar.mx\/wp-content\/uploads\/2023\/10\/IMG-20231024-WA0016.jpg","path":"\/home\/u358712125\/domains\/publimar.mx\/public_html\/wp-content\/uploads\/2023\/10\/IMG-20231024-WA0016.jpg","size":"full","id":8322,"alt":"","pixels":1228800,"type":"image\/jpeg"}],"twitter_card":"summary_large_image","twitter_misc":{"Escrito por":"admin","Tiempo de lectura":"2 minutos"},"schema":{"@context":"https:\/\/schema.org","@graph":[{"@type":"WebSite","@id":"https:\/\/publimar.mx\/#website","url":"https:\/\/publimar.mx\/","name":"PubliMar","description":"Informaci\u00f3n de la Costa Oaxaque\u00f1a","publisher":{"@id":"https:\/\/publimar.mx\/#\/schema\/person\/42ad4d315580276616a11863a241f558"},"potentialAction":[{"@type":"SearchAction","target":{"@type":"EntryPoint","urlTemplate":"https:\/\/publimar.mx\/?s={search_term_string}"},"query-input":"required name=search_term_string"}],"inLanguage":"es"},{"@type":"ImageObject","@id":"https:\/\/publimar.mx\/index.php\/2023\/10\/24\/dejara-tormenta-tropical-otis-lluvias-de-variables-intensidad-en-el-estado\/#primaryimage","inLanguage":"es","url":"https:\/\/publimar.mx\/wp-content\/uploads\/2023\/10\/IMG-20231024-WA0016.jpg","contentUrl":"https:\/\/publimar.mx\/wp-content\/uploads\/2023\/10\/IMG-20231024-WA0016.jpg","width":1280,"height":960},{"@type":"WebPage","@id":"https:\/\/publimar.mx\/index.php\/2023\/10\/24\/dejara-tormenta-tropical-otis-lluvias-de-variables-intensidad-en-el-estado\/#webpage","url":"https:\/\/publimar.mx\/index.php\/2023\/10\/24\/dejara-tormenta-tropical-otis-lluvias-de-variables-intensidad-en-el-estado\/","name":"Dejar\u00e1 tormenta tropical Otis lluvias de variables intensidad en el estado - PubliMar","isPartOf":{"@id":"https:\/\/publimar.mx\/#website"},"primaryImageOfPage":{"@id":"https:\/\/publimar.mx\/index.php\/2023\/10\/24\/dejara-tormenta-tropical-otis-lluvias-de-variables-intensidad-en-el-estado\/#primaryimage"},"datePublished":"2023-10-24T14:00:20+00:00","dateModified":"2023-10-24T14:00:23+00:00","description":"Protecci\u00f3n Civil informa que la tormenta tropical Otis se ubica al sur de las costas de Oaxaca y Guerrero nubosas ocasionando lluvias fuertes","breadcrumb":{"@id":"https:\/\/publimar.mx\/index.php\/2023\/10\/24\/dejara-tormenta-tropical-otis-lluvias-de-variables-intensidad-en-el-estado\/#breadcrumb"},"inLanguage":"es","potentialAction":[{"@type":"ReadAction","target":["https:\/\/publimar.mx\/index.php\/2023\/10\/24\/dejara-tormenta-tropical-otis-lluvias-de-variables-intensidad-en-el-estado\/"]}]},{"@type":"BreadcrumbList","@id":"https:\/\/publimar.mx\/index.php\/2023\/10\/24\/dejara-tormenta-tropical-otis-lluvias-de-variables-intensidad-en-el-estado\/#breadcrumb","itemListElement":[{"@type":"ListItem","position":1,"name":"Portada","item":"https:\/\/publimar.mx\/"},{"@type":"ListItem","position":2,"name":"Dejar\u00e1 tormenta tropical Otis lluvias de variables intensidad en el estado"}]},{"@type":["Article","NewsArticle"],"@id":"https:\/\/publimar.mx\/index.php\/2023\/10\/24\/dejara-tormenta-tropical-otis-lluvias-de-variables-intensidad-en-el-estado\/#article","isPartOf":{"@id":"https:\/\/publimar.mx\/index.php\/2023\/10\/24\/dejara-tormenta-tropical-otis-lluvias-de-variables-intensidad-en-el-estado\/#webpage"},"author":{"@id":"https:\/\/publimar.mx\/#\/schema\/person\/42ad4d315580276616a11863a241f558"},"headline":"Dejar\u00e1 tormenta tropical Otis lluvias de variables intensidad en el estado","datePublished":"2023-10-24T14:00:20+00:00","dateModified":"2023-10-24T14:00:23+00:00","mainEntityOfPage":{"@id":"https:\/\/publimar.mx\/index.php\/2023\/10\/24\/dejara-tormenta-tropical-otis-lluvias-de-variables-intensidad-en-el-estado\/#webpage"},"wordCount":318,"commentCount":0,"publisher":{"@id":"https:\/\/publimar.mx\/#\/schema\/person\/42ad4d315580276616a11863a241f558"},"image":{"@id":"https:\/\/publimar.mx\/index.php\/2023\/10\/24\/dejara-tormenta-tropical-otis-lluvias-de-variables-intensidad-en-el-estado\/#primaryimage"},"thumbnailUrl":"https:\/\/publimar.mx\/wp-content\/uploads\/2023\/10\/IMG-20231024-WA0016.jpg","articleSection":["Seguridad"],"inLanguage":"es","potentialAction":[{"@type":"CommentAction","name":"Comment","target":["https:\/\/publimar.mx\/index.php\/2023\/10\/24\/dejara-tormenta-tropical-otis-lluvias-de-variables-intensidad-en-el-estado\/#respond"]}]},{"@type":["Person","Organization"],"@id":"https:\/\/publimar.mx\/#\/schema\/person\/42ad4d315580276616a11863a241f558","name":"admin","image":{"@type":"ImageObject","@id":"https:\/\/publimar.mx\/#personlogo","inLanguage":"es","url":"https:\/\/publimar.mx\/wp-content\/uploads\/2021\/08\/logo.png","contentUrl":"https:\/\/publimar.mx\/wp-content\/uploads\/2021\/08\/logo.png","width":454,"height":108,"caption":"admin"},"logo":{"@id":"https:\/\/publimar.mx\/#personlogo"},"sameAs":["https:\/\/publimar.mx"],"url":"https:\/\/publimar.mx\/index.php\/author\/admin\/"}]}},"_links":{"self":[{"href":"https:\/\/publimar.mx\/index.php\/wp-json\/wp\/v2\/posts\/8321"}],"collection":[{"href":"https:\/\/publimar.mx\/index.php\/wp-json\/wp\/v2\/posts"}],"about":[{"href":"https:\/\/publimar.mx\/index.php\/wp-json\/wp\/v2\/types\/post"}],"author":[{"embeddable":true,"href":"https:\/\/publimar.mx\/index.php\/wp-json\/wp\/v2\/users\/1"}],"replies":[{"embeddable":true,"href":"https:\/\/publimar.mx\/index.php\/wp-json\/wp\/v2\/comments?post=8321"}],"version-history":[{"count":1,"href":"https:\/\/publimar.mx\/index.php\/wp-json\/wp\/v2\/posts\/8321\/revisions"}],"predecessor-version":[{"id":8323,"href":"https:\/\/publimar.mx\/index.php\/wp-json\/wp\/v2\/posts\/8321\/revisions\/8323"}],"wp:featuredmedia":[{"embeddable":true,"href":"https:\/\/publimar.mx\/index.php\/wp-json\/wp\/v2\/media\/8322"}],"wp:attachment":[{"href":"https:\/\/publimar.mx\/index.php\/wp-json\/wp\/v2\/media?parent=8321"}],"wp:term":[{"taxonomy":"category","embeddable":true,"href":"https:\/\/publimar.mx\/index.php\/wp-json\/wp\/v2\/categories?post=8321"},{"taxonomy":"post_tag","embeddable":true,"href":"https:\/\/publimar.mx\/index.php\/wp-json\/wp\/v2\/tags?post=8321"}],"curies":[{"name":"wp","href":"https:\/\/api.w.org\/{rel}","templated":true}]}}