{"id":7891,"date":"2023-09-07T09:58:56","date_gmt":"2023-09-07T14:58:56","guid":{"rendered":"https:\/\/publimar.mx\/?p=7891"},"modified":"2023-09-07T09:59:01","modified_gmt":"2023-09-07T14:59:01","slug":"publimar-492","status":"publish","type":"post","link":"https:\/\/publimar.mx\/index.php\/2023\/09\/07\/publimar-492\/","title":{"rendered":"Onda tropical n\u00famero 27 entrar\u00e1 al estado y dejar\u00e1 lluvias variables por la tarde"},"content":{"rendered":"\n<p>Oaxaca de Ju\u00e1rez, Oax. 7 de septiembre de 2023.- La Coordinaci\u00f3n Estatal de Protecci\u00f3n Civil y Gesti\u00f3n de Riesgos (CEPCyGR) informa el pron\u00f3stico del tiempo emitido por la Comisi\u00f3n Nacional del agua (Conagua), el cual prev\u00e9 lluvias de variable intensidad, al igual se desarrollar\u00e1n lluvias con tormentas, actividad el\u00e9ctrica y rachas de viento al paso de la tormenta, la mayor frecuencia de lluvias se presentar\u00e1 antes de ocultarse el sol o despu\u00e9s del m\u00e1ximo calentamiento.<\/p>\n\n\n\n<p>Se esperan lluvias fuertes en la Sierra Sur, Istmo, Costa, Sierra de Ju\u00e1rez y Mixteca. Para Valles Centrales, Sierra de Flores Mag\u00f3n y Cuenca se prev\u00e9n intervalos de chubascos, lo anterior acompa\u00f1ado de rachas de viento, con probabilidad de tormentas el\u00e9ctricas.<\/p>\n\n\n\n<p>Las lluvias pronosticadas pueden ocasionar crecidas repentinas de r\u00edos\/arroyos de respuesta r\u00e1pida, posibles derrumbes en zonas monta\u00f1osas, ca\u00edda de \u00e1rboles, encharcamientos severos en zonas urbanas y afectaciones a ramales el\u00e9ctricos.<\/p>\n\n\n\n<p>El viento prevalecer\u00e1 con direcci\u00f3n de norte y noreste de 20 a 35 km\/h con rachas de 60 km\/h principalmente en el Istmo y Golfo de Tehuantepec.<\/p>\n\n\n\n<p>Las temperaturas para este d\u00eda son las siguientes:<br>\u25cf Valles Centrales, m\u00ednima de 15 y m\u00e1xima de 29 grados.<br>\u25cf Istmo de Tehuantepec, m\u00ednima de 22 y m\u00e1xima de 33 grados.<br>\u25cf Cuenca del Papaloapan, m\u00ednima de 19 y m\u00e1xima de 32 grados.<br>\u25cf Costa, m\u00ednima de 22 y m\u00e1xima de 33 grados.<br>\u25cf Mixteca, m\u00ednima de 15 y m\u00e1xima de 29 grados.<br>\u25cf Sierra de Flores Mag\u00f3n, m\u00ednima de 15 y m\u00e1xima de 32 grados.<br>\u25cf Sierra de Ju\u00e1rez, m\u00ednima de 10 grados y m\u00e1xima de 25 grados.<br>\u25cf Sierra Sur, m\u00ednima de 12 y m\u00e1xima de 26 grados.<\/p>\n\n\n\n<p>La CEPCyGR exhorta a la poblaci\u00f3n a tomar precauciones y seguir las recomendaciones de Protecci\u00f3n Civil y Capitan\u00edas de Puerto; as\u00ed como mantenerse informado a trav\u00e9s de los medios y redes sociales oficiales: Facebook @CEPCYGRGobOax y Twitter @CEPCyGR_GobOax.<\/p>\n\n\n\n<figure class=\"wp-block-image size-large\"><img loading=\"lazy\" width=\"1024\" height=\"768\" src=\"https:\/\/publimar.mx\/wp-content\/uploads\/2023\/09\/IMG-20230907-WA0029-1024x768.jpg\" alt=\"\" class=\"wp-image-7892\" srcset=\"https:\/\/publimar.mx\/wp-content\/uploads\/2023\/09\/IMG-20230907-WA0029-1024x768.jpg 1024w, https:\/\/publimar.mx\/wp-content\/uploads\/2023\/09\/IMG-20230907-WA0029-300x225.jpg 300w, https:\/\/publimar.mx\/wp-content\/uploads\/2023\/09\/IMG-20230907-WA0029-768x576.jpg 768w, https:\/\/publimar.mx\/wp-content\/uploads\/2023\/09\/IMG-20230907-WA0029-1536x1152.jpg 1536w, https:\/\/publimar.mx\/wp-content\/uploads\/2023\/09\/IMG-20230907-WA0029.jpg 1600w\" sizes=\"(max-width: 1024px) 100vw, 1024px\" \/><\/figure>\n","protected":false},"excerpt":{"rendered":"<p>Oaxaca de Ju\u00e1rez, Oax. 7 de septiembre de 2023.- La Coordinaci\u00f3n Estatal de Protecci\u00f3n Civil y Gesti\u00f3n de Riesgos (CEPCyGR) informa el pron\u00f3stico del tiempo emitido por la Comisi\u00f3n Nacional&hellip; <\/p>\n","protected":false},"author":1,"featured_media":7892,"comment_status":"open","ping_status":"open","sticky":false,"template":"","format":"standard","meta":{"_monsterinsights_skip_tracking":false,"_monsterinsights_sitenote_active":false,"_monsterinsights_sitenote_note":"","_monsterinsights_sitenote_category":0},"categories":[26],"tags":[],"yoast_head":"<!-- This site is optimized with the Yoast SEO plugin v17.0 - https:\/\/yoast.com\/wordpress\/plugins\/seo\/ -->\n<title>Onda tropical n\u00famero 27 entrar\u00e1 al estado y dejar\u00e1 lluvias variables por la tarde - PubliMar<\/title>\n<meta name=\"description\" content=\"Protecci\u00f3n Civil informa el pron\u00f3stico del tiempo emitido por la Conagua, prev\u00e9 lluvias, tormentas, actividad el\u00e9ctrica y rachas de viento ...\" \/>\n<meta name=\"robots\" content=\"index, follow, max-snippet:-1, max-image-preview:large, max-video-preview:-1\" \/>\n<link rel=\"canonical\" href=\"https:\/\/publimar.mx\/index.php\/2023\/09\/07\/publimar-492\/\" \/>\n<meta property=\"og:locale\" content=\"es_ES\" \/>\n<meta property=\"og:type\" content=\"article\" \/>\n<meta property=\"og:title\" content=\"Onda tropical n\u00famero 27 entrar\u00e1 al estado y dejar\u00e1 lluvias variables por la tarde - PubliMar\" \/>\n<meta property=\"og:description\" content=\"Protecci\u00f3n Civil informa el pron\u00f3stico del tiempo emitido por la Conagua, prev\u00e9 lluvias, tormentas, actividad el\u00e9ctrica y rachas de viento ...\" \/>\n<meta property=\"og:url\" content=\"https:\/\/publimar.mx\/index.php\/2023\/09\/07\/publimar-492\/\" \/>\n<meta property=\"og:site_name\" content=\"PubliMar\" \/>\n<meta property=\"article:published_time\" content=\"2023-09-07T14:58:56+00:00\" \/>\n<meta property=\"article:modified_time\" content=\"2023-09-07T14:59:01+00:00\" \/>\n<meta property=\"og:image\" content=\"https:\/\/publimar.mx\/wp-content\/uploads\/2023\/09\/IMG-20230907-WA0029.jpg\" \/>\n\t<meta property=\"og:image:width\" content=\"1600\" \/>\n\t<meta property=\"og:image:height\" content=\"1200\" \/>\n<meta name=\"twitter:card\" content=\"summary_large_image\" \/>\n<meta name=\"twitter:label1\" content=\"Escrito por\" \/>\n\t<meta name=\"twitter:data1\" content=\"admin\" \/>\n\t<meta name=\"twitter:label2\" content=\"Tiempo de lectura\" \/>\n\t<meta name=\"twitter:data2\" content=\"2 minutos\" \/>\n<script type=\"application\/ld+json\" class=\"yoast-schema-graph\">{\"@context\":\"https:\/\/schema.org\",\"@graph\":[{\"@type\":\"WebSite\",\"@id\":\"https:\/\/publimar.mx\/#website\",\"url\":\"https:\/\/publimar.mx\/\",\"name\":\"PubliMar\",\"description\":\"Informaci\\u00f3n de la Costa Oaxaque\\u00f1a\",\"publisher\":{\"@id\":\"https:\/\/publimar.mx\/#\/schema\/person\/42ad4d315580276616a11863a241f558\"},\"potentialAction\":[{\"@type\":\"SearchAction\",\"target\":{\"@type\":\"EntryPoint\",\"urlTemplate\":\"https:\/\/publimar.mx\/?s={search_term_string}\"},\"query-input\":\"required name=search_term_string\"}],\"inLanguage\":\"es\"},{\"@type\":\"ImageObject\",\"@id\":\"https:\/\/publimar.mx\/index.php\/2023\/09\/07\/publimar-492\/#primaryimage\",\"inLanguage\":\"es\",\"url\":\"https:\/\/publimar.mx\/wp-content\/uploads\/2023\/09\/IMG-20230907-WA0029.jpg\",\"contentUrl\":\"https:\/\/publimar.mx\/wp-content\/uploads\/2023\/09\/IMG-20230907-WA0029.jpg\",\"width\":1600,\"height\":1200},{\"@type\":\"WebPage\",\"@id\":\"https:\/\/publimar.mx\/index.php\/2023\/09\/07\/publimar-492\/#webpage\",\"url\":\"https:\/\/publimar.mx\/index.php\/2023\/09\/07\/publimar-492\/\",\"name\":\"Onda tropical n\\u00famero 27 entrar\\u00e1 al estado y dejar\\u00e1 lluvias variables por la tarde - PubliMar\",\"isPartOf\":{\"@id\":\"https:\/\/publimar.mx\/#website\"},\"primaryImageOfPage\":{\"@id\":\"https:\/\/publimar.mx\/index.php\/2023\/09\/07\/publimar-492\/#primaryimage\"},\"datePublished\":\"2023-09-07T14:58:56+00:00\",\"dateModified\":\"2023-09-07T14:59:01+00:00\",\"description\":\"Protecci\\u00f3n Civil informa el pron\\u00f3stico del tiempo emitido por la Conagua, prev\\u00e9 lluvias, tormentas, actividad el\\u00e9ctrica y rachas de viento ...\",\"breadcrumb\":{\"@id\":\"https:\/\/publimar.mx\/index.php\/2023\/09\/07\/publimar-492\/#breadcrumb\"},\"inLanguage\":\"es\",\"potentialAction\":[{\"@type\":\"ReadAction\",\"target\":[\"https:\/\/publimar.mx\/index.php\/2023\/09\/07\/publimar-492\/\"]}]},{\"@type\":\"BreadcrumbList\",\"@id\":\"https:\/\/publimar.mx\/index.php\/2023\/09\/07\/publimar-492\/#breadcrumb\",\"itemListElement\":[{\"@type\":\"ListItem\",\"position\":1,\"name\":\"Portada\",\"item\":\"https:\/\/publimar.mx\/\"},{\"@type\":\"ListItem\",\"position\":2,\"name\":\"Onda tropical n\\u00famero 27 entrar\\u00e1 al estado y dejar\\u00e1 lluvias variables por la tarde\"}]},{\"@type\":[\"Article\",\"NewsArticle\"],\"@id\":\"https:\/\/publimar.mx\/index.php\/2023\/09\/07\/publimar-492\/#article\",\"isPartOf\":{\"@id\":\"https:\/\/publimar.mx\/index.php\/2023\/09\/07\/publimar-492\/#webpage\"},\"author\":{\"@id\":\"https:\/\/publimar.mx\/#\/schema\/person\/42ad4d315580276616a11863a241f558\"},\"headline\":\"Onda tropical n\\u00famero 27 entrar\\u00e1 al estado y dejar\\u00e1 lluvias variables por la tarde\",\"datePublished\":\"2023-09-07T14:58:56+00:00\",\"dateModified\":\"2023-09-07T14:59:01+00:00\",\"mainEntityOfPage\":{\"@id\":\"https:\/\/publimar.mx\/index.php\/2023\/09\/07\/publimar-492\/#webpage\"},\"wordCount\":345,\"commentCount\":0,\"publisher\":{\"@id\":\"https:\/\/publimar.mx\/#\/schema\/person\/42ad4d315580276616a11863a241f558\"},\"image\":{\"@id\":\"https:\/\/publimar.mx\/index.php\/2023\/09\/07\/publimar-492\/#primaryimage\"},\"thumbnailUrl\":\"https:\/\/publimar.mx\/wp-content\/uploads\/2023\/09\/IMG-20230907-WA0029.jpg\",\"articleSection\":[\"Seguridad\"],\"inLanguage\":\"es\",\"potentialAction\":[{\"@type\":\"CommentAction\",\"name\":\"Comment\",\"target\":[\"https:\/\/publimar.mx\/index.php\/2023\/09\/07\/publimar-492\/#respond\"]}]},{\"@type\":[\"Person\",\"Organization\"],\"@id\":\"https:\/\/publimar.mx\/#\/schema\/person\/42ad4d315580276616a11863a241f558\",\"name\":\"admin\",\"image\":{\"@type\":\"ImageObject\",\"@id\":\"https:\/\/publimar.mx\/#personlogo\",\"inLanguage\":\"es\",\"url\":\"https:\/\/publimar.mx\/wp-content\/uploads\/2021\/08\/logo.png\",\"contentUrl\":\"https:\/\/publimar.mx\/wp-content\/uploads\/2021\/08\/logo.png\",\"width\":454,\"height\":108,\"caption\":\"admin\"},\"logo\":{\"@id\":\"https:\/\/publimar.mx\/#personlogo\"},\"sameAs\":[\"https:\/\/publimar.mx\"],\"url\":\"https:\/\/publimar.mx\/index.php\/author\/admin\/\"}]}<\/script>\n<!-- \/ Yoast SEO plugin. -->","yoast_head_json":{"title":"Onda tropical n\u00famero 27 entrar\u00e1 al estado y dejar\u00e1 lluvias variables por la tarde - PubliMar","description":"Protecci\u00f3n Civil informa el pron\u00f3stico del tiempo emitido por la Conagua, prev\u00e9 lluvias, tormentas, actividad el\u00e9ctrica y rachas de viento ...","robots":{"index":"index","follow":"follow","max-snippet":"max-snippet:-1","max-image-preview":"max-image-preview:large","max-video-preview":"max-video-preview:-1"},"canonical":"https:\/\/publimar.mx\/index.php\/2023\/09\/07\/publimar-492\/","og_locale":"es_ES","og_type":"article","og_title":"Onda tropical n\u00famero 27 entrar\u00e1 al estado y dejar\u00e1 lluvias variables por la tarde - PubliMar","og_description":"Protecci\u00f3n Civil informa el pron\u00f3stico del tiempo emitido por la Conagua, prev\u00e9 lluvias, tormentas, actividad el\u00e9ctrica y rachas de viento ...","og_url":"https:\/\/publimar.mx\/index.php\/2023\/09\/07\/publimar-492\/","og_site_name":"PubliMar","article_published_time":"2023-09-07T14:58:56+00:00","article_modified_time":"2023-09-07T14:59:01+00:00","og_image":[{"width":1600,"height":1200,"url":"https:\/\/publimar.mx\/wp-content\/uploads\/2023\/09\/IMG-20230907-WA0029.jpg","path":"\/home\/u358712125\/domains\/publimar.mx\/public_html\/wp-content\/uploads\/2023\/09\/IMG-20230907-WA0029.jpg","size":"full","id":7892,"alt":"","pixels":1920000,"type":"image\/jpeg"}],"twitter_card":"summary_large_image","twitter_misc":{"Escrito por":"admin","Tiempo de lectura":"2 minutos"},"schema":{"@context":"https:\/\/schema.org","@graph":[{"@type":"WebSite","@id":"https:\/\/publimar.mx\/#website","url":"https:\/\/publimar.mx\/","name":"PubliMar","description":"Informaci\u00f3n de la Costa Oaxaque\u00f1a","publisher":{"@id":"https:\/\/publimar.mx\/#\/schema\/person\/42ad4d315580276616a11863a241f558"},"potentialAction":[{"@type":"SearchAction","target":{"@type":"EntryPoint","urlTemplate":"https:\/\/publimar.mx\/?s={search_term_string}"},"query-input":"required name=search_term_string"}],"inLanguage":"es"},{"@type":"ImageObject","@id":"https:\/\/publimar.mx\/index.php\/2023\/09\/07\/publimar-492\/#primaryimage","inLanguage":"es","url":"https:\/\/publimar.mx\/wp-content\/uploads\/2023\/09\/IMG-20230907-WA0029.jpg","contentUrl":"https:\/\/publimar.mx\/wp-content\/uploads\/2023\/09\/IMG-20230907-WA0029.jpg","width":1600,"height":1200},{"@type":"WebPage","@id":"https:\/\/publimar.mx\/index.php\/2023\/09\/07\/publimar-492\/#webpage","url":"https:\/\/publimar.mx\/index.php\/2023\/09\/07\/publimar-492\/","name":"Onda tropical n\u00famero 27 entrar\u00e1 al estado y dejar\u00e1 lluvias variables por la tarde - PubliMar","isPartOf":{"@id":"https:\/\/publimar.mx\/#website"},"primaryImageOfPage":{"@id":"https:\/\/publimar.mx\/index.php\/2023\/09\/07\/publimar-492\/#primaryimage"},"datePublished":"2023-09-07T14:58:56+00:00","dateModified":"2023-09-07T14:59:01+00:00","description":"Protecci\u00f3n Civil informa el pron\u00f3stico del tiempo emitido por la Conagua, prev\u00e9 lluvias, tormentas, actividad el\u00e9ctrica y rachas de viento ...","breadcrumb":{"@id":"https:\/\/publimar.mx\/index.php\/2023\/09\/07\/publimar-492\/#breadcrumb"},"inLanguage":"es","potentialAction":[{"@type":"ReadAction","target":["https:\/\/publimar.mx\/index.php\/2023\/09\/07\/publimar-492\/"]}]},{"@type":"BreadcrumbList","@id":"https:\/\/publimar.mx\/index.php\/2023\/09\/07\/publimar-492\/#breadcrumb","itemListElement":[{"@type":"ListItem","position":1,"name":"Portada","item":"https:\/\/publimar.mx\/"},{"@type":"ListItem","position":2,"name":"Onda tropical n\u00famero 27 entrar\u00e1 al estado y dejar\u00e1 lluvias variables por la tarde"}]},{"@type":["Article","NewsArticle"],"@id":"https:\/\/publimar.mx\/index.php\/2023\/09\/07\/publimar-492\/#article","isPartOf":{"@id":"https:\/\/publimar.mx\/index.php\/2023\/09\/07\/publimar-492\/#webpage"},"author":{"@id":"https:\/\/publimar.mx\/#\/schema\/person\/42ad4d315580276616a11863a241f558"},"headline":"Onda tropical n\u00famero 27 entrar\u00e1 al estado y dejar\u00e1 lluvias variables por la tarde","datePublished":"2023-09-07T14:58:56+00:00","dateModified":"2023-09-07T14:59:01+00:00","mainEntityOfPage":{"@id":"https:\/\/publimar.mx\/index.php\/2023\/09\/07\/publimar-492\/#webpage"},"wordCount":345,"commentCount":0,"publisher":{"@id":"https:\/\/publimar.mx\/#\/schema\/person\/42ad4d315580276616a11863a241f558"},"image":{"@id":"https:\/\/publimar.mx\/index.php\/2023\/09\/07\/publimar-492\/#primaryimage"},"thumbnailUrl":"https:\/\/publimar.mx\/wp-content\/uploads\/2023\/09\/IMG-20230907-WA0029.jpg","articleSection":["Seguridad"],"inLanguage":"es","potentialAction":[{"@type":"CommentAction","name":"Comment","target":["https:\/\/publimar.mx\/index.php\/2023\/09\/07\/publimar-492\/#respond"]}]},{"@type":["Person","Organization"],"@id":"https:\/\/publimar.mx\/#\/schema\/person\/42ad4d315580276616a11863a241f558","name":"admin","image":{"@type":"ImageObject","@id":"https:\/\/publimar.mx\/#personlogo","inLanguage":"es","url":"https:\/\/publimar.mx\/wp-content\/uploads\/2021\/08\/logo.png","contentUrl":"https:\/\/publimar.mx\/wp-content\/uploads\/2021\/08\/logo.png","width":454,"height":108,"caption":"admin"},"logo":{"@id":"https:\/\/publimar.mx\/#personlogo"},"sameAs":["https:\/\/publimar.mx"],"url":"https:\/\/publimar.mx\/index.php\/author\/admin\/"}]}},"_links":{"self":[{"href":"https:\/\/publimar.mx\/index.php\/wp-json\/wp\/v2\/posts\/7891"}],"collection":[{"href":"https:\/\/publimar.mx\/index.php\/wp-json\/wp\/v2\/posts"}],"about":[{"href":"https:\/\/publimar.mx\/index.php\/wp-json\/wp\/v2\/types\/post"}],"author":[{"embeddable":true,"href":"https:\/\/publimar.mx\/index.php\/wp-json\/wp\/v2\/users\/1"}],"replies":[{"embeddable":true,"href":"https:\/\/publimar.mx\/index.php\/wp-json\/wp\/v2\/comments?post=7891"}],"version-history":[{"count":1,"href":"https:\/\/publimar.mx\/index.php\/wp-json\/wp\/v2\/posts\/7891\/revisions"}],"predecessor-version":[{"id":7893,"href":"https:\/\/publimar.mx\/index.php\/wp-json\/wp\/v2\/posts\/7891\/revisions\/7893"}],"wp:featuredmedia":[{"embeddable":true,"href":"https:\/\/publimar.mx\/index.php\/wp-json\/wp\/v2\/media\/7892"}],"wp:attachment":[{"href":"https:\/\/publimar.mx\/index.php\/wp-json\/wp\/v2\/media?parent=7891"}],"wp:term":[{"taxonomy":"category","embeddable":true,"href":"https:\/\/publimar.mx\/index.php\/wp-json\/wp\/v2\/categories?post=7891"},{"taxonomy":"post_tag","embeddable":true,"href":"https:\/\/publimar.mx\/index.php\/wp-json\/wp\/v2\/tags?post=7891"}],"curies":[{"name":"wp","href":"https:\/\/api.w.org\/{rel}","templated":true}]}}