{"id":7885,"date":"2023-09-04T10:35:20","date_gmt":"2023-09-04T15:35:20","guid":{"rendered":"https:\/\/publimar.mx\/?p=7885"},"modified":"2023-09-04T10:35:22","modified_gmt":"2023-09-04T15:35:22","slug":"publimar-490","status":"publish","type":"post","link":"https:\/\/publimar.mx\/index.php\/2023\/09\/04\/publimar-490\/","title":{"rendered":"Paso de la onda tropical n\u00famero 25 continuar\u00e1 dejando lluvias y tormentas"},"content":{"rendered":"\n<div class=\"wp-block-image\"><figure class=\"alignright size-medium\"><img loading=\"lazy\" width=\"300\" height=\"225\" src=\"https:\/\/publimar.mx\/wp-content\/uploads\/2023\/09\/IMG-20230904-WA0035-300x225.jpg\" alt=\"\" class=\"wp-image-7886\" srcset=\"https:\/\/publimar.mx\/wp-content\/uploads\/2023\/09\/IMG-20230904-WA0035-300x225.jpg 300w, https:\/\/publimar.mx\/wp-content\/uploads\/2023\/09\/IMG-20230904-WA0035.jpg 680w\" sizes=\"(max-width: 300px) 100vw, 300px\" \/><\/figure><\/div>\n\n\n\n<p>Oaxaca de Ju\u00e1rez, Oax. 4 de septiembre de 2023.- La Coordinaci\u00f3n Estatal de Protecci\u00f3n Civil y Gesti\u00f3n de Riesgos (CEPCyGR) informa que de acuerdo con el pron\u00f3stico del tiempo emitido por la Comisi\u00f3n Nacional del agua (Conagua) se prev\u00e9n lluvias de variable intensidad, viento y algunas tormentas en el estado, debido al paso de la onda tropical n\u00famero 25 junto con un canal de baja presi\u00f3n.<\/p>\n\n\n\n<p>Se esperan lluvias intensas en la Sierra Sur, Costa, Sierra de Ju\u00e1rez, Mixteca, Istmo y Cuenca. En los Valles Centrales se esperan intervalos de chubascos y rachas de viento durante la tarde de este lunes, con probabilidad de tormentas el\u00e9ctricas.<\/p>\n\n\n\n<p>Las lluvias pronosticadas, pueden ocasionar crecidas repentinas de r\u00edos\/arroyos de respuesta r\u00e1pida, posibles derrumbes en zonas monta\u00f1osas, ca\u00edda de \u00e1rboles, encharcamientos severos en zonas urbanas y afectaciones a ramales el\u00e9ctricos.<\/p>\n\n\n\n<p>El viento prevalecer\u00e1 con direcci\u00f3n de norte y noreste de 20 a 35 km\/h con rachas de 60 km\/h principalmente en el Istmo y Golfo de Tehuantepec.<\/p>\n\n\n\n<p>Continuar\u00e1 la presencia del evento mar de fondo con oleaje elevado, mar picado y fuertes corrientes de retorno desde Pinotepa Nacional hasta San Mateo del Mar.<\/p>\n\n\n\n<p>Las temperaturas para este d\u00eda son las siguientes:<br>\u25cf Valles Centrales, m\u00ednima de 15 y m\u00e1xima de 30 grados.<br>\u25cf Istmo de Tehuantepec, m\u00ednima de 22 y m\u00e1xima de 33 grados.<br>\u25cf Cuenca del Papaloapan, m\u00ednima de 18 y m\u00e1xima de 32 grados.<br>\u25cf Costa, m\u00ednima de 22 y m\u00e1xima de 33 grados.<br>\u25cf Mixteca, m\u00ednima de 15 y m\u00e1xima de 29 grados.<br>\u25cf Sierra de Flores Mag\u00f3n, m\u00ednima de 15 y m\u00e1xima de 32 grados.<br>\u25cf Sierra de Ju\u00e1rez, m\u00ednima de 10 grados y m\u00e1xima de 25 grados.<br>\u25cf Sierra Sur, m\u00ednima de 12 y m\u00e1xima de 27 grados.<\/p>\n\n\n\n<p>La CEPCyGR exhorta a la poblaci\u00f3n a tomar precauciones y seguir las recomendaciones de Protecci\u00f3n Civil y Capitan\u00edas de Puerto; as\u00ed como mantenerse informado a trav\u00e9s de los medios y redes sociales oficiales: Facebook @CEPCYGRGobOax y Twitter @CEPCyGR_GobOax.<\/p>\n","protected":false},"excerpt":{"rendered":"<p>Oaxaca de Ju\u00e1rez, Oax. 4 de septiembre de 2023.- La Coordinaci\u00f3n Estatal de Protecci\u00f3n Civil y Gesti\u00f3n de Riesgos (CEPCyGR) informa que de acuerdo con el pron\u00f3stico del tiempo emitido&hellip; <\/p>\n","protected":false},"author":1,"featured_media":7886,"comment_status":"open","ping_status":"open","sticky":false,"template":"","format":"standard","meta":{"_monsterinsights_skip_tracking":false,"_monsterinsights_sitenote_active":false,"_monsterinsights_sitenote_note":"","_monsterinsights_sitenote_category":0},"categories":[26],"tags":[],"yoast_head":"<!-- This site is optimized with the Yoast SEO plugin v17.0 - https:\/\/yoast.com\/wordpress\/plugins\/seo\/ -->\n<title>Paso de la onda tropical n\u00famero 25 continuar\u00e1 dejando lluvias y tormentas - PubliMar<\/title>\n<meta name=\"description\" content=\"Protecci\u00f3n Civil informa que de acuerdo con el pron\u00f3stico del tiempo emitido se prev\u00e9n lluvias, debido al paso de la onda tropical 25 ...\" \/>\n<meta name=\"robots\" content=\"index, follow, max-snippet:-1, max-image-preview:large, max-video-preview:-1\" \/>\n<link rel=\"canonical\" href=\"https:\/\/publimar.mx\/index.php\/2023\/09\/04\/publimar-490\/\" \/>\n<meta property=\"og:locale\" content=\"es_ES\" \/>\n<meta property=\"og:type\" content=\"article\" \/>\n<meta property=\"og:title\" content=\"Paso de la onda tropical n\u00famero 25 continuar\u00e1 dejando lluvias y tormentas - PubliMar\" \/>\n<meta property=\"og:description\" content=\"Protecci\u00f3n Civil informa que de acuerdo con el pron\u00f3stico del tiempo emitido se prev\u00e9n lluvias, debido al paso de la onda tropical 25 ...\" \/>\n<meta property=\"og:url\" content=\"https:\/\/publimar.mx\/index.php\/2023\/09\/04\/publimar-490\/\" \/>\n<meta property=\"og:site_name\" content=\"PubliMar\" \/>\n<meta property=\"article:published_time\" content=\"2023-09-04T15:35:20+00:00\" \/>\n<meta property=\"article:modified_time\" content=\"2023-09-04T15:35:22+00:00\" \/>\n<meta property=\"og:image\" content=\"https:\/\/publimar.mx\/wp-content\/uploads\/2023\/09\/IMG-20230904-WA0035.jpg\" \/>\n\t<meta property=\"og:image:width\" content=\"680\" \/>\n\t<meta property=\"og:image:height\" content=\"510\" \/>\n<meta name=\"twitter:card\" content=\"summary_large_image\" \/>\n<meta name=\"twitter:label1\" content=\"Escrito por\" \/>\n\t<meta name=\"twitter:data1\" content=\"admin\" \/>\n\t<meta name=\"twitter:label2\" content=\"Tiempo de lectura\" \/>\n\t<meta name=\"twitter:data2\" content=\"2 minutos\" \/>\n<script type=\"application\/ld+json\" class=\"yoast-schema-graph\">{\"@context\":\"https:\/\/schema.org\",\"@graph\":[{\"@type\":\"WebSite\",\"@id\":\"https:\/\/publimar.mx\/#website\",\"url\":\"https:\/\/publimar.mx\/\",\"name\":\"PubliMar\",\"description\":\"Informaci\\u00f3n de la Costa Oaxaque\\u00f1a\",\"publisher\":{\"@id\":\"https:\/\/publimar.mx\/#\/schema\/person\/42ad4d315580276616a11863a241f558\"},\"potentialAction\":[{\"@type\":\"SearchAction\",\"target\":{\"@type\":\"EntryPoint\",\"urlTemplate\":\"https:\/\/publimar.mx\/?s={search_term_string}\"},\"query-input\":\"required name=search_term_string\"}],\"inLanguage\":\"es\"},{\"@type\":\"ImageObject\",\"@id\":\"https:\/\/publimar.mx\/index.php\/2023\/09\/04\/publimar-490\/#primaryimage\",\"inLanguage\":\"es\",\"url\":\"https:\/\/publimar.mx\/wp-content\/uploads\/2023\/09\/IMG-20230904-WA0035.jpg\",\"contentUrl\":\"https:\/\/publimar.mx\/wp-content\/uploads\/2023\/09\/IMG-20230904-WA0035.jpg\",\"width\":680,\"height\":510},{\"@type\":\"WebPage\",\"@id\":\"https:\/\/publimar.mx\/index.php\/2023\/09\/04\/publimar-490\/#webpage\",\"url\":\"https:\/\/publimar.mx\/index.php\/2023\/09\/04\/publimar-490\/\",\"name\":\"Paso de la onda tropical n\\u00famero 25 continuar\\u00e1 dejando lluvias y tormentas - PubliMar\",\"isPartOf\":{\"@id\":\"https:\/\/publimar.mx\/#website\"},\"primaryImageOfPage\":{\"@id\":\"https:\/\/publimar.mx\/index.php\/2023\/09\/04\/publimar-490\/#primaryimage\"},\"datePublished\":\"2023-09-04T15:35:20+00:00\",\"dateModified\":\"2023-09-04T15:35:22+00:00\",\"description\":\"Protecci\\u00f3n Civil informa que de acuerdo con el pron\\u00f3stico del tiempo emitido se prev\\u00e9n lluvias, debido al paso de la onda tropical 25 ...\",\"breadcrumb\":{\"@id\":\"https:\/\/publimar.mx\/index.php\/2023\/09\/04\/publimar-490\/#breadcrumb\"},\"inLanguage\":\"es\",\"potentialAction\":[{\"@type\":\"ReadAction\",\"target\":[\"https:\/\/publimar.mx\/index.php\/2023\/09\/04\/publimar-490\/\"]}]},{\"@type\":\"BreadcrumbList\",\"@id\":\"https:\/\/publimar.mx\/index.php\/2023\/09\/04\/publimar-490\/#breadcrumb\",\"itemListElement\":[{\"@type\":\"ListItem\",\"position\":1,\"name\":\"Portada\",\"item\":\"https:\/\/publimar.mx\/\"},{\"@type\":\"ListItem\",\"position\":2,\"name\":\"Paso de la onda tropical n\\u00famero 25 continuar\\u00e1 dejando lluvias y tormentas\"}]},{\"@type\":[\"Article\",\"NewsArticle\"],\"@id\":\"https:\/\/publimar.mx\/index.php\/2023\/09\/04\/publimar-490\/#article\",\"isPartOf\":{\"@id\":\"https:\/\/publimar.mx\/index.php\/2023\/09\/04\/publimar-490\/#webpage\"},\"author\":{\"@id\":\"https:\/\/publimar.mx\/#\/schema\/person\/42ad4d315580276616a11863a241f558\"},\"headline\":\"Paso de la onda tropical n\\u00famero 25 continuar\\u00e1 dejando lluvias y tormentas\",\"datePublished\":\"2023-09-04T15:35:20+00:00\",\"dateModified\":\"2023-09-04T15:35:22+00:00\",\"mainEntityOfPage\":{\"@id\":\"https:\/\/publimar.mx\/index.php\/2023\/09\/04\/publimar-490\/#webpage\"},\"wordCount\":354,\"commentCount\":0,\"publisher\":{\"@id\":\"https:\/\/publimar.mx\/#\/schema\/person\/42ad4d315580276616a11863a241f558\"},\"image\":{\"@id\":\"https:\/\/publimar.mx\/index.php\/2023\/09\/04\/publimar-490\/#primaryimage\"},\"thumbnailUrl\":\"https:\/\/publimar.mx\/wp-content\/uploads\/2023\/09\/IMG-20230904-WA0035.jpg\",\"articleSection\":[\"Seguridad\"],\"inLanguage\":\"es\",\"potentialAction\":[{\"@type\":\"CommentAction\",\"name\":\"Comment\",\"target\":[\"https:\/\/publimar.mx\/index.php\/2023\/09\/04\/publimar-490\/#respond\"]}]},{\"@type\":[\"Person\",\"Organization\"],\"@id\":\"https:\/\/publimar.mx\/#\/schema\/person\/42ad4d315580276616a11863a241f558\",\"name\":\"admin\",\"image\":{\"@type\":\"ImageObject\",\"@id\":\"https:\/\/publimar.mx\/#personlogo\",\"inLanguage\":\"es\",\"url\":\"https:\/\/publimar.mx\/wp-content\/uploads\/2021\/08\/logo.png\",\"contentUrl\":\"https:\/\/publimar.mx\/wp-content\/uploads\/2021\/08\/logo.png\",\"width\":454,\"height\":108,\"caption\":\"admin\"},\"logo\":{\"@id\":\"https:\/\/publimar.mx\/#personlogo\"},\"sameAs\":[\"https:\/\/publimar.mx\"],\"url\":\"https:\/\/publimar.mx\/index.php\/author\/admin\/\"}]}<\/script>\n<!-- \/ Yoast SEO plugin. -->","yoast_head_json":{"title":"Paso de la onda tropical n\u00famero 25 continuar\u00e1 dejando lluvias y tormentas - PubliMar","description":"Protecci\u00f3n Civil informa que de acuerdo con el pron\u00f3stico del tiempo emitido se prev\u00e9n lluvias, debido al paso de la onda tropical 25 ...","robots":{"index":"index","follow":"follow","max-snippet":"max-snippet:-1","max-image-preview":"max-image-preview:large","max-video-preview":"max-video-preview:-1"},"canonical":"https:\/\/publimar.mx\/index.php\/2023\/09\/04\/publimar-490\/","og_locale":"es_ES","og_type":"article","og_title":"Paso de la onda tropical n\u00famero 25 continuar\u00e1 dejando lluvias y tormentas - PubliMar","og_description":"Protecci\u00f3n Civil informa que de acuerdo con el pron\u00f3stico del tiempo emitido se prev\u00e9n lluvias, debido al paso de la onda tropical 25 ...","og_url":"https:\/\/publimar.mx\/index.php\/2023\/09\/04\/publimar-490\/","og_site_name":"PubliMar","article_published_time":"2023-09-04T15:35:20+00:00","article_modified_time":"2023-09-04T15:35:22+00:00","og_image":[{"width":680,"height":510,"url":"https:\/\/publimar.mx\/wp-content\/uploads\/2023\/09\/IMG-20230904-WA0035.jpg","path":"\/home\/u358712125\/domains\/publimar.mx\/public_html\/wp-content\/uploads\/2023\/09\/IMG-20230904-WA0035.jpg","size":"full","id":7886,"alt":"","pixels":346800,"type":"image\/jpeg"}],"twitter_card":"summary_large_image","twitter_misc":{"Escrito por":"admin","Tiempo de lectura":"2 minutos"},"schema":{"@context":"https:\/\/schema.org","@graph":[{"@type":"WebSite","@id":"https:\/\/publimar.mx\/#website","url":"https:\/\/publimar.mx\/","name":"PubliMar","description":"Informaci\u00f3n de la Costa Oaxaque\u00f1a","publisher":{"@id":"https:\/\/publimar.mx\/#\/schema\/person\/42ad4d315580276616a11863a241f558"},"potentialAction":[{"@type":"SearchAction","target":{"@type":"EntryPoint","urlTemplate":"https:\/\/publimar.mx\/?s={search_term_string}"},"query-input":"required name=search_term_string"}],"inLanguage":"es"},{"@type":"ImageObject","@id":"https:\/\/publimar.mx\/index.php\/2023\/09\/04\/publimar-490\/#primaryimage","inLanguage":"es","url":"https:\/\/publimar.mx\/wp-content\/uploads\/2023\/09\/IMG-20230904-WA0035.jpg","contentUrl":"https:\/\/publimar.mx\/wp-content\/uploads\/2023\/09\/IMG-20230904-WA0035.jpg","width":680,"height":510},{"@type":"WebPage","@id":"https:\/\/publimar.mx\/index.php\/2023\/09\/04\/publimar-490\/#webpage","url":"https:\/\/publimar.mx\/index.php\/2023\/09\/04\/publimar-490\/","name":"Paso de la onda tropical n\u00famero 25 continuar\u00e1 dejando lluvias y tormentas - PubliMar","isPartOf":{"@id":"https:\/\/publimar.mx\/#website"},"primaryImageOfPage":{"@id":"https:\/\/publimar.mx\/index.php\/2023\/09\/04\/publimar-490\/#primaryimage"},"datePublished":"2023-09-04T15:35:20+00:00","dateModified":"2023-09-04T15:35:22+00:00","description":"Protecci\u00f3n Civil informa que de acuerdo con el pron\u00f3stico del tiempo emitido se prev\u00e9n lluvias, debido al paso de la onda tropical 25 ...","breadcrumb":{"@id":"https:\/\/publimar.mx\/index.php\/2023\/09\/04\/publimar-490\/#breadcrumb"},"inLanguage":"es","potentialAction":[{"@type":"ReadAction","target":["https:\/\/publimar.mx\/index.php\/2023\/09\/04\/publimar-490\/"]}]},{"@type":"BreadcrumbList","@id":"https:\/\/publimar.mx\/index.php\/2023\/09\/04\/publimar-490\/#breadcrumb","itemListElement":[{"@type":"ListItem","position":1,"name":"Portada","item":"https:\/\/publimar.mx\/"},{"@type":"ListItem","position":2,"name":"Paso de la onda tropical n\u00famero 25 continuar\u00e1 dejando lluvias y tormentas"}]},{"@type":["Article","NewsArticle"],"@id":"https:\/\/publimar.mx\/index.php\/2023\/09\/04\/publimar-490\/#article","isPartOf":{"@id":"https:\/\/publimar.mx\/index.php\/2023\/09\/04\/publimar-490\/#webpage"},"author":{"@id":"https:\/\/publimar.mx\/#\/schema\/person\/42ad4d315580276616a11863a241f558"},"headline":"Paso de la onda tropical n\u00famero 25 continuar\u00e1 dejando lluvias y tormentas","datePublished":"2023-09-04T15:35:20+00:00","dateModified":"2023-09-04T15:35:22+00:00","mainEntityOfPage":{"@id":"https:\/\/publimar.mx\/index.php\/2023\/09\/04\/publimar-490\/#webpage"},"wordCount":354,"commentCount":0,"publisher":{"@id":"https:\/\/publimar.mx\/#\/schema\/person\/42ad4d315580276616a11863a241f558"},"image":{"@id":"https:\/\/publimar.mx\/index.php\/2023\/09\/04\/publimar-490\/#primaryimage"},"thumbnailUrl":"https:\/\/publimar.mx\/wp-content\/uploads\/2023\/09\/IMG-20230904-WA0035.jpg","articleSection":["Seguridad"],"inLanguage":"es","potentialAction":[{"@type":"CommentAction","name":"Comment","target":["https:\/\/publimar.mx\/index.php\/2023\/09\/04\/publimar-490\/#respond"]}]},{"@type":["Person","Organization"],"@id":"https:\/\/publimar.mx\/#\/schema\/person\/42ad4d315580276616a11863a241f558","name":"admin","image":{"@type":"ImageObject","@id":"https:\/\/publimar.mx\/#personlogo","inLanguage":"es","url":"https:\/\/publimar.mx\/wp-content\/uploads\/2021\/08\/logo.png","contentUrl":"https:\/\/publimar.mx\/wp-content\/uploads\/2021\/08\/logo.png","width":454,"height":108,"caption":"admin"},"logo":{"@id":"https:\/\/publimar.mx\/#personlogo"},"sameAs":["https:\/\/publimar.mx"],"url":"https:\/\/publimar.mx\/index.php\/author\/admin\/"}]}},"_links":{"self":[{"href":"https:\/\/publimar.mx\/index.php\/wp-json\/wp\/v2\/posts\/7885"}],"collection":[{"href":"https:\/\/publimar.mx\/index.php\/wp-json\/wp\/v2\/posts"}],"about":[{"href":"https:\/\/publimar.mx\/index.php\/wp-json\/wp\/v2\/types\/post"}],"author":[{"embeddable":true,"href":"https:\/\/publimar.mx\/index.php\/wp-json\/wp\/v2\/users\/1"}],"replies":[{"embeddable":true,"href":"https:\/\/publimar.mx\/index.php\/wp-json\/wp\/v2\/comments?post=7885"}],"version-history":[{"count":1,"href":"https:\/\/publimar.mx\/index.php\/wp-json\/wp\/v2\/posts\/7885\/revisions"}],"predecessor-version":[{"id":7887,"href":"https:\/\/publimar.mx\/index.php\/wp-json\/wp\/v2\/posts\/7885\/revisions\/7887"}],"wp:featuredmedia":[{"embeddable":true,"href":"https:\/\/publimar.mx\/index.php\/wp-json\/wp\/v2\/media\/7886"}],"wp:attachment":[{"href":"https:\/\/publimar.mx\/index.php\/wp-json\/wp\/v2\/media?parent=7885"}],"wp:term":[{"taxonomy":"category","embeddable":true,"href":"https:\/\/publimar.mx\/index.php\/wp-json\/wp\/v2\/categories?post=7885"},{"taxonomy":"post_tag","embeddable":true,"href":"https:\/\/publimar.mx\/index.php\/wp-json\/wp\/v2\/tags?post=7885"}],"curies":[{"name":"wp","href":"https:\/\/api.w.org\/{rel}","templated":true}]}}