{"id":7881,"date":"2023-09-02T10:43:41","date_gmt":"2023-09-02T15:43:41","guid":{"rendered":"https:\/\/publimar.mx\/?p=7881"},"modified":"2023-09-02T10:43:44","modified_gmt":"2023-09-02T15:43:44","slug":"publimar-489","status":"publish","type":"post","link":"https:\/\/publimar.mx\/index.php\/2023\/09\/02\/publimar-489\/","title":{"rendered":"Onda tropical n\u00famero 25 dejar\u00e1 lluvias, tormentas y rachas de viento en el estado"},"content":{"rendered":"\n<p>Oaxaca de Ju\u00e1rez, Oax. 2 de septiembre del 2023.- La Coordinaci\u00f3n Estatal de Protecci\u00f3n Civil y Gesti\u00f3n de Riesgos (CEPCyGR) informa que para este s\u00e1bado continuar\u00e1 el fuerte temporal lluvioso en la mayor parte del estado, con probables tormentas severas en per\u00edodos cortos y de r\u00e1pido desplazamiento en zonas monta\u00f1osas.<\/p>\n\n\n\n<p>Lo anterior, derivado de una vaguada monz\u00f3nica, canal de baja presi\u00f3n en el interior del pa\u00eds y la aproximaci\u00f3n de la onda tropical n\u00famero 25.<\/p>\n\n\n\n<p>De acuerdo con la Comisi\u00f3n Nacional del Agua (Conagua), se prev\u00e9n lluvias fuertes en la Sierra Sur, Costa, Sierra de Ju\u00e1rez y Mixteca. Para el Istmo, Cuenca, y Valles Centrales se esperan intervalos de chubascos, lloviznas y rachas de viento, asimismo se mantiene ambiente caluroso con periodos de bochorno en la zona costera.<\/p>\n\n\n\n<p>Estas lluvias y tormentas pueden ocasionar aumento en niveles de r\u00edos de respuesta r\u00e1pida, posibles derrumbes en zonas de alta pendiente, ca\u00edda de \u00e1rboles, encharcamientos en zonas urbanas y afectaciones a ramales el\u00e9ctricos.<\/p>\n\n\n\n<p>El viento prevalecer\u00e1 con direcci\u00f3n de norte y noreste de 20 a 35 km\/h con rachas de 60 km\/h principalmente en el Istmo y Golfo de Tehuantepec.<\/p>\n\n\n\n<p>Se espera la presencia de Evento de Mar de Fondo con oleaje elevado, mar picado y fuertes corrientes de retorno desde Pinotepa Nacional hasta San Mateo del Mar.<\/p>\n\n\n\n<p>Las temperaturas para este d\u00eda son las siguientes:<br>\u25cf Valles Centrales, m\u00ednima de 15 y m\u00e1xima de 31 grados.<br>\u25cf Istmo de Tehuantepec, m\u00ednima de 22 y m\u00e1xima de 33 grados.<br>\u25cf Cuenca del Papaloapan, m\u00ednima de 19 y m\u00e1xima de 32 grados.<br>\u25cf Costa, m\u00ednima de 22 y m\u00e1xima de 34 grados.<br>\u25cf Mixteca, m\u00ednima de 15 y m\u00e1xima de 29 grados.<br>\u25cf Sierra de Flores Mag\u00f3n, m\u00ednima de 15 y m\u00e1xima de 32 grados.<br>\u25cf Sierra de Ju\u00e1rez, m\u00ednima de 10 grados y m\u00e1xima de 25 grados.<br>\u25cf Sierra Sur, m\u00ednima de 12 y m\u00e1xima de 26 grados.<\/p>\n\n\n\n<p>La CEPCyGR exhorta a la poblaci\u00f3n a tomar precauciones y seguir las recomendaciones de Protecci\u00f3n Civil y Capitan\u00edas de Puerto; as\u00ed como mantenerse informado a trav\u00e9s de los medios y redes sociales oficiales: Facebook @CEPCYGRGobOax y Twitter @CEPCyGR_GobOax.<br>-0-<\/p>\n\n\n\n<figure class=\"wp-block-image size-large\"><img loading=\"lazy\" width=\"1024\" height=\"768\" src=\"https:\/\/publimar.mx\/wp-content\/uploads\/2023\/09\/IMG-20230902-WA0019-1024x768.jpg\" alt=\"\" class=\"wp-image-7882\" srcset=\"https:\/\/publimar.mx\/wp-content\/uploads\/2023\/09\/IMG-20230902-WA0019-1024x768.jpg 1024w, https:\/\/publimar.mx\/wp-content\/uploads\/2023\/09\/IMG-20230902-WA0019-300x225.jpg 300w, https:\/\/publimar.mx\/wp-content\/uploads\/2023\/09\/IMG-20230902-WA0019-768x576.jpg 768w, https:\/\/publimar.mx\/wp-content\/uploads\/2023\/09\/IMG-20230902-WA0019-1536x1152.jpg 1536w, https:\/\/publimar.mx\/wp-content\/uploads\/2023\/09\/IMG-20230902-WA0019.jpg 1600w\" sizes=\"(max-width: 1024px) 100vw, 1024px\" \/><\/figure>\n","protected":false},"excerpt":{"rendered":"<p>Oaxaca de Ju\u00e1rez, Oax. 2 de septiembre del 2023.- La Coordinaci\u00f3n Estatal de Protecci\u00f3n Civil y Gesti\u00f3n de Riesgos (CEPCyGR) informa que para este s\u00e1bado continuar\u00e1 el fuerte temporal lluvioso&hellip; <\/p>\n","protected":false},"author":1,"featured_media":7882,"comment_status":"open","ping_status":"open","sticky":false,"template":"","format":"standard","meta":{"_monsterinsights_skip_tracking":false,"_monsterinsights_sitenote_active":false,"_monsterinsights_sitenote_note":"","_monsterinsights_sitenote_category":0},"categories":[26],"tags":[],"yoast_head":"<!-- This site is optimized with the Yoast SEO plugin v17.0 - https:\/\/yoast.com\/wordpress\/plugins\/seo\/ -->\n<title>Onda tropical n\u00famero 25 dejar\u00e1 lluvias, tormentas y rachas de viento en el estado - PubliMar<\/title>\n<meta name=\"description\" content=\"Protecci\u00f3n Civil informa que continuar\u00e1 el fuerte temporal lluvioso en el estado, con probables tormentas severas y en zonas monta\u00f1osas ...\" \/>\n<meta name=\"robots\" content=\"index, follow, max-snippet:-1, max-image-preview:large, max-video-preview:-1\" \/>\n<link rel=\"canonical\" href=\"https:\/\/publimar.mx\/index.php\/2023\/09\/02\/publimar-489\/\" \/>\n<meta property=\"og:locale\" content=\"es_ES\" \/>\n<meta property=\"og:type\" content=\"article\" \/>\n<meta property=\"og:title\" content=\"Onda tropical n\u00famero 25 dejar\u00e1 lluvias, tormentas y rachas de viento en el estado - PubliMar\" \/>\n<meta property=\"og:description\" content=\"Protecci\u00f3n Civil informa que continuar\u00e1 el fuerte temporal lluvioso en el estado, con probables tormentas severas y en zonas monta\u00f1osas ...\" \/>\n<meta property=\"og:url\" content=\"https:\/\/publimar.mx\/index.php\/2023\/09\/02\/publimar-489\/\" \/>\n<meta property=\"og:site_name\" content=\"PubliMar\" \/>\n<meta property=\"article:published_time\" content=\"2023-09-02T15:43:41+00:00\" \/>\n<meta property=\"article:modified_time\" content=\"2023-09-02T15:43:44+00:00\" \/>\n<meta property=\"og:image\" content=\"https:\/\/publimar.mx\/wp-content\/uploads\/2023\/09\/IMG-20230902-WA0019.jpg\" \/>\n\t<meta property=\"og:image:width\" content=\"1600\" \/>\n\t<meta property=\"og:image:height\" content=\"1200\" \/>\n<meta name=\"twitter:card\" content=\"summary_large_image\" \/>\n<meta name=\"twitter:label1\" content=\"Escrito por\" \/>\n\t<meta name=\"twitter:data1\" content=\"admin\" \/>\n\t<meta name=\"twitter:label2\" content=\"Tiempo de lectura\" \/>\n\t<meta name=\"twitter:data2\" content=\"2 minutos\" \/>\n<script type=\"application\/ld+json\" class=\"yoast-schema-graph\">{\"@context\":\"https:\/\/schema.org\",\"@graph\":[{\"@type\":\"WebSite\",\"@id\":\"https:\/\/publimar.mx\/#website\",\"url\":\"https:\/\/publimar.mx\/\",\"name\":\"PubliMar\",\"description\":\"Informaci\\u00f3n de la Costa Oaxaque\\u00f1a\",\"publisher\":{\"@id\":\"https:\/\/publimar.mx\/#\/schema\/person\/42ad4d315580276616a11863a241f558\"},\"potentialAction\":[{\"@type\":\"SearchAction\",\"target\":{\"@type\":\"EntryPoint\",\"urlTemplate\":\"https:\/\/publimar.mx\/?s={search_term_string}\"},\"query-input\":\"required name=search_term_string\"}],\"inLanguage\":\"es\"},{\"@type\":\"ImageObject\",\"@id\":\"https:\/\/publimar.mx\/index.php\/2023\/09\/02\/publimar-489\/#primaryimage\",\"inLanguage\":\"es\",\"url\":\"https:\/\/publimar.mx\/wp-content\/uploads\/2023\/09\/IMG-20230902-WA0019.jpg\",\"contentUrl\":\"https:\/\/publimar.mx\/wp-content\/uploads\/2023\/09\/IMG-20230902-WA0019.jpg\",\"width\":1600,\"height\":1200},{\"@type\":\"WebPage\",\"@id\":\"https:\/\/publimar.mx\/index.php\/2023\/09\/02\/publimar-489\/#webpage\",\"url\":\"https:\/\/publimar.mx\/index.php\/2023\/09\/02\/publimar-489\/\",\"name\":\"Onda tropical n\\u00famero 25 dejar\\u00e1 lluvias, tormentas y rachas de viento en el estado - PubliMar\",\"isPartOf\":{\"@id\":\"https:\/\/publimar.mx\/#website\"},\"primaryImageOfPage\":{\"@id\":\"https:\/\/publimar.mx\/index.php\/2023\/09\/02\/publimar-489\/#primaryimage\"},\"datePublished\":\"2023-09-02T15:43:41+00:00\",\"dateModified\":\"2023-09-02T15:43:44+00:00\",\"description\":\"Protecci\\u00f3n Civil informa que continuar\\u00e1 el fuerte temporal lluvioso en el estado, con probables tormentas severas y en zonas monta\\u00f1osas ...\",\"breadcrumb\":{\"@id\":\"https:\/\/publimar.mx\/index.php\/2023\/09\/02\/publimar-489\/#breadcrumb\"},\"inLanguage\":\"es\",\"potentialAction\":[{\"@type\":\"ReadAction\",\"target\":[\"https:\/\/publimar.mx\/index.php\/2023\/09\/02\/publimar-489\/\"]}]},{\"@type\":\"BreadcrumbList\",\"@id\":\"https:\/\/publimar.mx\/index.php\/2023\/09\/02\/publimar-489\/#breadcrumb\",\"itemListElement\":[{\"@type\":\"ListItem\",\"position\":1,\"name\":\"Portada\",\"item\":\"https:\/\/publimar.mx\/\"},{\"@type\":\"ListItem\",\"position\":2,\"name\":\"Onda tropical n\\u00famero 25 dejar\\u00e1 lluvias, tormentas y rachas de viento en el estado\"}]},{\"@type\":[\"Article\",\"NewsArticle\"],\"@id\":\"https:\/\/publimar.mx\/index.php\/2023\/09\/02\/publimar-489\/#article\",\"isPartOf\":{\"@id\":\"https:\/\/publimar.mx\/index.php\/2023\/09\/02\/publimar-489\/#webpage\"},\"author\":{\"@id\":\"https:\/\/publimar.mx\/#\/schema\/person\/42ad4d315580276616a11863a241f558\"},\"headline\":\"Onda tropical n\\u00famero 25 dejar\\u00e1 lluvias, tormentas y rachas de viento en el estado\",\"datePublished\":\"2023-09-02T15:43:41+00:00\",\"dateModified\":\"2023-09-02T15:43:44+00:00\",\"mainEntityOfPage\":{\"@id\":\"https:\/\/publimar.mx\/index.php\/2023\/09\/02\/publimar-489\/#webpage\"},\"wordCount\":387,\"commentCount\":0,\"publisher\":{\"@id\":\"https:\/\/publimar.mx\/#\/schema\/person\/42ad4d315580276616a11863a241f558\"},\"image\":{\"@id\":\"https:\/\/publimar.mx\/index.php\/2023\/09\/02\/publimar-489\/#primaryimage\"},\"thumbnailUrl\":\"https:\/\/publimar.mx\/wp-content\/uploads\/2023\/09\/IMG-20230902-WA0019.jpg\",\"articleSection\":[\"Seguridad\"],\"inLanguage\":\"es\",\"potentialAction\":[{\"@type\":\"CommentAction\",\"name\":\"Comment\",\"target\":[\"https:\/\/publimar.mx\/index.php\/2023\/09\/02\/publimar-489\/#respond\"]}]},{\"@type\":[\"Person\",\"Organization\"],\"@id\":\"https:\/\/publimar.mx\/#\/schema\/person\/42ad4d315580276616a11863a241f558\",\"name\":\"admin\",\"image\":{\"@type\":\"ImageObject\",\"@id\":\"https:\/\/publimar.mx\/#personlogo\",\"inLanguage\":\"es\",\"url\":\"https:\/\/publimar.mx\/wp-content\/uploads\/2021\/08\/logo.png\",\"contentUrl\":\"https:\/\/publimar.mx\/wp-content\/uploads\/2021\/08\/logo.png\",\"width\":454,\"height\":108,\"caption\":\"admin\"},\"logo\":{\"@id\":\"https:\/\/publimar.mx\/#personlogo\"},\"sameAs\":[\"https:\/\/publimar.mx\"],\"url\":\"https:\/\/publimar.mx\/index.php\/author\/admin\/\"}]}<\/script>\n<!-- \/ Yoast SEO plugin. -->","yoast_head_json":{"title":"Onda tropical n\u00famero 25 dejar\u00e1 lluvias, tormentas y rachas de viento en el estado - PubliMar","description":"Protecci\u00f3n Civil informa que continuar\u00e1 el fuerte temporal lluvioso en el estado, con probables tormentas severas y en zonas monta\u00f1osas ...","robots":{"index":"index","follow":"follow","max-snippet":"max-snippet:-1","max-image-preview":"max-image-preview:large","max-video-preview":"max-video-preview:-1"},"canonical":"https:\/\/publimar.mx\/index.php\/2023\/09\/02\/publimar-489\/","og_locale":"es_ES","og_type":"article","og_title":"Onda tropical n\u00famero 25 dejar\u00e1 lluvias, tormentas y rachas de viento en el estado - PubliMar","og_description":"Protecci\u00f3n Civil informa que continuar\u00e1 el fuerte temporal lluvioso en el estado, con probables tormentas severas y en zonas monta\u00f1osas ...","og_url":"https:\/\/publimar.mx\/index.php\/2023\/09\/02\/publimar-489\/","og_site_name":"PubliMar","article_published_time":"2023-09-02T15:43:41+00:00","article_modified_time":"2023-09-02T15:43:44+00:00","og_image":[{"width":1600,"height":1200,"url":"https:\/\/publimar.mx\/wp-content\/uploads\/2023\/09\/IMG-20230902-WA0019.jpg","path":"\/home\/u358712125\/domains\/publimar.mx\/public_html\/wp-content\/uploads\/2023\/09\/IMG-20230902-WA0019.jpg","size":"full","id":7882,"alt":"","pixels":1920000,"type":"image\/jpeg"}],"twitter_card":"summary_large_image","twitter_misc":{"Escrito por":"admin","Tiempo de lectura":"2 minutos"},"schema":{"@context":"https:\/\/schema.org","@graph":[{"@type":"WebSite","@id":"https:\/\/publimar.mx\/#website","url":"https:\/\/publimar.mx\/","name":"PubliMar","description":"Informaci\u00f3n de la Costa Oaxaque\u00f1a","publisher":{"@id":"https:\/\/publimar.mx\/#\/schema\/person\/42ad4d315580276616a11863a241f558"},"potentialAction":[{"@type":"SearchAction","target":{"@type":"EntryPoint","urlTemplate":"https:\/\/publimar.mx\/?s={search_term_string}"},"query-input":"required name=search_term_string"}],"inLanguage":"es"},{"@type":"ImageObject","@id":"https:\/\/publimar.mx\/index.php\/2023\/09\/02\/publimar-489\/#primaryimage","inLanguage":"es","url":"https:\/\/publimar.mx\/wp-content\/uploads\/2023\/09\/IMG-20230902-WA0019.jpg","contentUrl":"https:\/\/publimar.mx\/wp-content\/uploads\/2023\/09\/IMG-20230902-WA0019.jpg","width":1600,"height":1200},{"@type":"WebPage","@id":"https:\/\/publimar.mx\/index.php\/2023\/09\/02\/publimar-489\/#webpage","url":"https:\/\/publimar.mx\/index.php\/2023\/09\/02\/publimar-489\/","name":"Onda tropical n\u00famero 25 dejar\u00e1 lluvias, tormentas y rachas de viento en el estado - PubliMar","isPartOf":{"@id":"https:\/\/publimar.mx\/#website"},"primaryImageOfPage":{"@id":"https:\/\/publimar.mx\/index.php\/2023\/09\/02\/publimar-489\/#primaryimage"},"datePublished":"2023-09-02T15:43:41+00:00","dateModified":"2023-09-02T15:43:44+00:00","description":"Protecci\u00f3n Civil informa que continuar\u00e1 el fuerte temporal lluvioso en el estado, con probables tormentas severas y en zonas monta\u00f1osas ...","breadcrumb":{"@id":"https:\/\/publimar.mx\/index.php\/2023\/09\/02\/publimar-489\/#breadcrumb"},"inLanguage":"es","potentialAction":[{"@type":"ReadAction","target":["https:\/\/publimar.mx\/index.php\/2023\/09\/02\/publimar-489\/"]}]},{"@type":"BreadcrumbList","@id":"https:\/\/publimar.mx\/index.php\/2023\/09\/02\/publimar-489\/#breadcrumb","itemListElement":[{"@type":"ListItem","position":1,"name":"Portada","item":"https:\/\/publimar.mx\/"},{"@type":"ListItem","position":2,"name":"Onda tropical n\u00famero 25 dejar\u00e1 lluvias, tormentas y rachas de viento en el estado"}]},{"@type":["Article","NewsArticle"],"@id":"https:\/\/publimar.mx\/index.php\/2023\/09\/02\/publimar-489\/#article","isPartOf":{"@id":"https:\/\/publimar.mx\/index.php\/2023\/09\/02\/publimar-489\/#webpage"},"author":{"@id":"https:\/\/publimar.mx\/#\/schema\/person\/42ad4d315580276616a11863a241f558"},"headline":"Onda tropical n\u00famero 25 dejar\u00e1 lluvias, tormentas y rachas de viento en el estado","datePublished":"2023-09-02T15:43:41+00:00","dateModified":"2023-09-02T15:43:44+00:00","mainEntityOfPage":{"@id":"https:\/\/publimar.mx\/index.php\/2023\/09\/02\/publimar-489\/#webpage"},"wordCount":387,"commentCount":0,"publisher":{"@id":"https:\/\/publimar.mx\/#\/schema\/person\/42ad4d315580276616a11863a241f558"},"image":{"@id":"https:\/\/publimar.mx\/index.php\/2023\/09\/02\/publimar-489\/#primaryimage"},"thumbnailUrl":"https:\/\/publimar.mx\/wp-content\/uploads\/2023\/09\/IMG-20230902-WA0019.jpg","articleSection":["Seguridad"],"inLanguage":"es","potentialAction":[{"@type":"CommentAction","name":"Comment","target":["https:\/\/publimar.mx\/index.php\/2023\/09\/02\/publimar-489\/#respond"]}]},{"@type":["Person","Organization"],"@id":"https:\/\/publimar.mx\/#\/schema\/person\/42ad4d315580276616a11863a241f558","name":"admin","image":{"@type":"ImageObject","@id":"https:\/\/publimar.mx\/#personlogo","inLanguage":"es","url":"https:\/\/publimar.mx\/wp-content\/uploads\/2021\/08\/logo.png","contentUrl":"https:\/\/publimar.mx\/wp-content\/uploads\/2021\/08\/logo.png","width":454,"height":108,"caption":"admin"},"logo":{"@id":"https:\/\/publimar.mx\/#personlogo"},"sameAs":["https:\/\/publimar.mx"],"url":"https:\/\/publimar.mx\/index.php\/author\/admin\/"}]}},"_links":{"self":[{"href":"https:\/\/publimar.mx\/index.php\/wp-json\/wp\/v2\/posts\/7881"}],"collection":[{"href":"https:\/\/publimar.mx\/index.php\/wp-json\/wp\/v2\/posts"}],"about":[{"href":"https:\/\/publimar.mx\/index.php\/wp-json\/wp\/v2\/types\/post"}],"author":[{"embeddable":true,"href":"https:\/\/publimar.mx\/index.php\/wp-json\/wp\/v2\/users\/1"}],"replies":[{"embeddable":true,"href":"https:\/\/publimar.mx\/index.php\/wp-json\/wp\/v2\/comments?post=7881"}],"version-history":[{"count":1,"href":"https:\/\/publimar.mx\/index.php\/wp-json\/wp\/v2\/posts\/7881\/revisions"}],"predecessor-version":[{"id":7883,"href":"https:\/\/publimar.mx\/index.php\/wp-json\/wp\/v2\/posts\/7881\/revisions\/7883"}],"wp:featuredmedia":[{"embeddable":true,"href":"https:\/\/publimar.mx\/index.php\/wp-json\/wp\/v2\/media\/7882"}],"wp:attachment":[{"href":"https:\/\/publimar.mx\/index.php\/wp-json\/wp\/v2\/media?parent=7881"}],"wp:term":[{"taxonomy":"category","embeddable":true,"href":"https:\/\/publimar.mx\/index.php\/wp-json\/wp\/v2\/categories?post=7881"},{"taxonomy":"post_tag","embeddable":true,"href":"https:\/\/publimar.mx\/index.php\/wp-json\/wp\/v2\/tags?post=7881"}],"curies":[{"name":"wp","href":"https:\/\/api.w.org\/{rel}","templated":true}]}}