{"id":7225,"date":"2023-06-27T18:33:07","date_gmt":"2023-06-27T23:33:07","guid":{"rendered":"https:\/\/publimar.mx\/?p=7225"},"modified":"2023-06-27T18:33:09","modified_gmt":"2023-06-27T23:33:09","slug":"publimar-403","status":"publish","type":"post","link":"https:\/\/publimar.mx\/index.php\/2023\/06\/27\/publimar-403\/","title":{"rendered":"Llama Protecci\u00f3n Civil a la poblaci\u00f3n a tomar precauciones por la Onda Tropical 8"},"content":{"rendered":"\n<p>Oaxaca de Ju\u00e1rez, Oax. 27 de junio de 2023. La Direcci\u00f3n de Investigaci\u00f3n, Diagn\u00f3stico y Gesti\u00f3n de Riesgos del Departamento de Monitoreo y Alertamiento Preventivo convoca a la ciudadan\u00eda a tomar precauciones por las lluvias intensas que provocar\u00e1 la Onda Tropical n\u00famero 8.<\/p>\n\n\n\n<figure class=\"wp-block-gallery columns-1 is-cropped\"><ul class=\"blocks-gallery-grid\"><li class=\"blocks-gallery-item\"><figure><img loading=\"lazy\" width=\"978\" height=\"695\" src=\"https:\/\/publimar.mx\/wp-content\/uploads\/2023\/06\/IMG-20230627-WA0139.jpg\" alt=\"\" data-id=\"7226\" data-full-url=\"https:\/\/publimar.mx\/wp-content\/uploads\/2023\/06\/IMG-20230627-WA0139.jpg\" data-link=\"https:\/\/publimar.mx\/?attachment_id=7226\" class=\"wp-image-7226\" srcset=\"https:\/\/publimar.mx\/wp-content\/uploads\/2023\/06\/IMG-20230627-WA0139.jpg 978w, https:\/\/publimar.mx\/wp-content\/uploads\/2023\/06\/IMG-20230627-WA0139-300x213.jpg 300w, https:\/\/publimar.mx\/wp-content\/uploads\/2023\/06\/IMG-20230627-WA0139-768x546.jpg 768w\" sizes=\"(max-width: 978px) 100vw, 978px\" \/><\/figure><\/li><\/ul><\/figure>\n\n\n\n<p>El organismo dependiente de la Coordinaci\u00f3n Estatal de Protecci\u00f3n Civil y Gesti\u00f3n de Riesgos (CEPCyGR) emiti\u00f3 un reporte especial, en el que inform\u00f3 de la probabilidad de desarrollo cicl\u00f3nico al oriente del Golfo de Tehuantepec.<\/p>\n\n\n\n<p>Por ello la CEPCyGR monitorea el desplazamiento de la Onda Tropical n\u00famero 8 la cual interact\u00faa con una zona de baja presi\u00f3n con muy alta probabilidad de desarrollo cicl\u00f3nico en los pr\u00f3ximos siete d\u00edas.<\/p>\n\n\n\n<p>Al acercarse al Golfo de Tehuantepec, las condiciones ser\u00e1n m\u00e1s favorables para su organizaci\u00f3n, ser\u00e1 entonces cuando los modelos sugieran su posible evoluci\u00f3n y desplazamiento. La intensidad de las lluvias depender\u00e1 del comportamiento del fen\u00f3meno.<\/p>\n\n\n\n<p>Por ello recomend\u00f3 a la poblaci\u00f3n mantenerse informada de los avisos meteorol\u00f3gicos y mantener la calma en todo momento.<\/p>\n\n\n\n<p>A las 14:00 horas de este martes se form\u00f3 la tormenta tropical Adri\u00e1n a 430 kil\u00f3metros al suroeste de Punta Santelmo, Michoac\u00e1n, por su presente desplazamiento no representa riesgo para el estado de Oaxaca.<\/p>\n\n\n\n<p>Cierran puerto de Huatulco<\/p>\n\n\n\n<p>Asimismo, la Secretar\u00eda de Marina inform\u00f3 a toda la comunidad mar\u00edtima de Bah\u00edas de Huatulco, que se mantiene en desarrollo la baja presi\u00f3n al Sureste del Golfo de Tehuantepec, por lo que a las 18:00 horas de este martes el puerto se cerrar\u00e1 a la navegaci\u00f3n, as\u00ed como a toda actividad tur\u00edstica n\u00e1utica, ya que a partir de ma\u00f1ana mi\u00e9rcoles 28 de junio, las costas oaxaque\u00f1as se ver\u00e1n afectadas por lluvias muy fuertes as\u00ed como viento y marejada alta.<\/p>\n\n\n\n<p>De esta manera se les convoca realizar sus maniobras a tiempo, sacar al seco embarcaciones o colocarlas a buen resguardo en canal secundario de Marina Cha\u00fae.<\/p>\n\n\n\n<p>Recomend\u00f3 mantener vigiladas las embarcaciones por achiques y reforzamiento de cabos en sus atraques y fondeo; extremar precauci\u00f3n en actividades en playa por marejada con corrientes de arrastre, as\u00ed como tomar sus precauciones en crecida de r\u00edos y arroyos manteni\u00e9ndose atentos a las recomendaciones de Protecci\u00f3n Civil para la salvaguarda de su integridad f\u00edsica y patrimonial.<\/p>\n","protected":false},"excerpt":{"rendered":"<p>Oaxaca de Ju\u00e1rez, Oax. 27 de junio de 2023. La Direcci\u00f3n de Investigaci\u00f3n, Diagn\u00f3stico y Gesti\u00f3n de Riesgos del Departamento de Monitoreo y Alertamiento Preventivo convoca a la ciudadan\u00eda a&hellip; <\/p>\n","protected":false},"author":1,"featured_media":7226,"comment_status":"open","ping_status":"open","sticky":false,"template":"","format":"standard","meta":{"_monsterinsights_skip_tracking":false,"_monsterinsights_sitenote_active":false,"_monsterinsights_sitenote_note":"","_monsterinsights_sitenote_category":0},"categories":[26],"tags":[],"yoast_head":"<!-- This site is optimized with the Yoast SEO plugin v17.0 - https:\/\/yoast.com\/wordpress\/plugins\/seo\/ -->\n<title>Llama Protecci\u00f3n Civil a la poblaci\u00f3n a tomar precauciones por la Onda Tropical 8 - PubliMar<\/title>\n<meta name=\"description\" content=\"La Direcci\u00f3n de Investigaci\u00f3n, Diagn\u00f3stico y Gesti\u00f3n de Riesgos del Departamento de Monitoreo y Alertamiento Preventivo ...\" \/>\n<meta name=\"robots\" content=\"index, follow, max-snippet:-1, max-image-preview:large, max-video-preview:-1\" \/>\n<link rel=\"canonical\" href=\"https:\/\/publimar.mx\/index.php\/2023\/06\/27\/publimar-403\/\" \/>\n<meta property=\"og:locale\" content=\"es_ES\" \/>\n<meta property=\"og:type\" content=\"article\" \/>\n<meta property=\"og:title\" content=\"Llama Protecci\u00f3n Civil a la poblaci\u00f3n a tomar precauciones por la Onda Tropical 8 - PubliMar\" \/>\n<meta property=\"og:description\" content=\"La Direcci\u00f3n de Investigaci\u00f3n, Diagn\u00f3stico y Gesti\u00f3n de Riesgos del Departamento de Monitoreo y Alertamiento Preventivo ...\" \/>\n<meta property=\"og:url\" content=\"https:\/\/publimar.mx\/index.php\/2023\/06\/27\/publimar-403\/\" \/>\n<meta property=\"og:site_name\" content=\"PubliMar\" \/>\n<meta property=\"article:published_time\" content=\"2023-06-27T23:33:07+00:00\" \/>\n<meta property=\"article:modified_time\" content=\"2023-06-27T23:33:09+00:00\" \/>\n<meta property=\"og:image\" content=\"https:\/\/publimar.mx\/wp-content\/uploads\/2023\/06\/IMG-20230627-WA0139.jpg\" \/>\n\t<meta property=\"og:image:width\" content=\"978\" \/>\n\t<meta property=\"og:image:height\" content=\"695\" \/>\n<meta name=\"twitter:card\" content=\"summary_large_image\" \/>\n<meta name=\"twitter:label1\" content=\"Escrito por\" \/>\n\t<meta name=\"twitter:data1\" content=\"admin\" \/>\n\t<meta name=\"twitter:label2\" content=\"Tiempo de lectura\" \/>\n\t<meta name=\"twitter:data2\" content=\"2 minutos\" \/>\n<script type=\"application\/ld+json\" class=\"yoast-schema-graph\">{\"@context\":\"https:\/\/schema.org\",\"@graph\":[{\"@type\":\"WebSite\",\"@id\":\"https:\/\/publimar.mx\/#website\",\"url\":\"https:\/\/publimar.mx\/\",\"name\":\"PubliMar\",\"description\":\"Informaci\\u00f3n de la Costa Oaxaque\\u00f1a\",\"publisher\":{\"@id\":\"https:\/\/publimar.mx\/#\/schema\/person\/42ad4d315580276616a11863a241f558\"},\"potentialAction\":[{\"@type\":\"SearchAction\",\"target\":{\"@type\":\"EntryPoint\",\"urlTemplate\":\"https:\/\/publimar.mx\/?s={search_term_string}\"},\"query-input\":\"required name=search_term_string\"}],\"inLanguage\":\"es\"},{\"@type\":\"ImageObject\",\"@id\":\"https:\/\/publimar.mx\/index.php\/2023\/06\/27\/publimar-403\/#primaryimage\",\"inLanguage\":\"es\",\"url\":\"https:\/\/publimar.mx\/wp-content\/uploads\/2023\/06\/IMG-20230627-WA0139.jpg\",\"contentUrl\":\"https:\/\/publimar.mx\/wp-content\/uploads\/2023\/06\/IMG-20230627-WA0139.jpg\",\"width\":978,\"height\":695},{\"@type\":\"WebPage\",\"@id\":\"https:\/\/publimar.mx\/index.php\/2023\/06\/27\/publimar-403\/#webpage\",\"url\":\"https:\/\/publimar.mx\/index.php\/2023\/06\/27\/publimar-403\/\",\"name\":\"Llama Protecci\\u00f3n Civil a la poblaci\\u00f3n a tomar precauciones por la Onda Tropical 8 - PubliMar\",\"isPartOf\":{\"@id\":\"https:\/\/publimar.mx\/#website\"},\"primaryImageOfPage\":{\"@id\":\"https:\/\/publimar.mx\/index.php\/2023\/06\/27\/publimar-403\/#primaryimage\"},\"datePublished\":\"2023-06-27T23:33:07+00:00\",\"dateModified\":\"2023-06-27T23:33:09+00:00\",\"description\":\"La Direcci\\u00f3n de Investigaci\\u00f3n, Diagn\\u00f3stico y Gesti\\u00f3n de Riesgos del Departamento de Monitoreo y Alertamiento Preventivo ...\",\"breadcrumb\":{\"@id\":\"https:\/\/publimar.mx\/index.php\/2023\/06\/27\/publimar-403\/#breadcrumb\"},\"inLanguage\":\"es\",\"potentialAction\":[{\"@type\":\"ReadAction\",\"target\":[\"https:\/\/publimar.mx\/index.php\/2023\/06\/27\/publimar-403\/\"]}]},{\"@type\":\"BreadcrumbList\",\"@id\":\"https:\/\/publimar.mx\/index.php\/2023\/06\/27\/publimar-403\/#breadcrumb\",\"itemListElement\":[{\"@type\":\"ListItem\",\"position\":1,\"name\":\"Portada\",\"item\":\"https:\/\/publimar.mx\/\"},{\"@type\":\"ListItem\",\"position\":2,\"name\":\"Llama Protecci\\u00f3n Civil a la poblaci\\u00f3n a tomar precauciones por la Onda Tropical 8\"}]},{\"@type\":[\"Article\",\"NewsArticle\"],\"@id\":\"https:\/\/publimar.mx\/index.php\/2023\/06\/27\/publimar-403\/#article\",\"isPartOf\":{\"@id\":\"https:\/\/publimar.mx\/index.php\/2023\/06\/27\/publimar-403\/#webpage\"},\"author\":{\"@id\":\"https:\/\/publimar.mx\/#\/schema\/person\/42ad4d315580276616a11863a241f558\"},\"headline\":\"Llama Protecci\\u00f3n Civil a la poblaci\\u00f3n a tomar precauciones por la Onda Tropical 8\",\"datePublished\":\"2023-06-27T23:33:07+00:00\",\"dateModified\":\"2023-06-27T23:33:09+00:00\",\"mainEntityOfPage\":{\"@id\":\"https:\/\/publimar.mx\/index.php\/2023\/06\/27\/publimar-403\/#webpage\"},\"wordCount\":416,\"commentCount\":0,\"publisher\":{\"@id\":\"https:\/\/publimar.mx\/#\/schema\/person\/42ad4d315580276616a11863a241f558\"},\"image\":{\"@id\":\"https:\/\/publimar.mx\/index.php\/2023\/06\/27\/publimar-403\/#primaryimage\"},\"thumbnailUrl\":\"https:\/\/publimar.mx\/wp-content\/uploads\/2023\/06\/IMG-20230627-WA0139.jpg\",\"articleSection\":[\"Seguridad\"],\"inLanguage\":\"es\",\"potentialAction\":[{\"@type\":\"CommentAction\",\"name\":\"Comment\",\"target\":[\"https:\/\/publimar.mx\/index.php\/2023\/06\/27\/publimar-403\/#respond\"]}]},{\"@type\":[\"Person\",\"Organization\"],\"@id\":\"https:\/\/publimar.mx\/#\/schema\/person\/42ad4d315580276616a11863a241f558\",\"name\":\"admin\",\"image\":{\"@type\":\"ImageObject\",\"@id\":\"https:\/\/publimar.mx\/#personlogo\",\"inLanguage\":\"es\",\"url\":\"https:\/\/publimar.mx\/wp-content\/uploads\/2021\/08\/logo.png\",\"contentUrl\":\"https:\/\/publimar.mx\/wp-content\/uploads\/2021\/08\/logo.png\",\"width\":454,\"height\":108,\"caption\":\"admin\"},\"logo\":{\"@id\":\"https:\/\/publimar.mx\/#personlogo\"},\"sameAs\":[\"https:\/\/publimar.mx\"],\"url\":\"https:\/\/publimar.mx\/index.php\/author\/admin\/\"}]}<\/script>\n<!-- \/ Yoast SEO plugin. -->","yoast_head_json":{"title":"Llama Protecci\u00f3n Civil a la poblaci\u00f3n a tomar precauciones por la Onda Tropical 8 - PubliMar","description":"La Direcci\u00f3n de Investigaci\u00f3n, Diagn\u00f3stico y Gesti\u00f3n de Riesgos del Departamento de Monitoreo y Alertamiento Preventivo ...","robots":{"index":"index","follow":"follow","max-snippet":"max-snippet:-1","max-image-preview":"max-image-preview:large","max-video-preview":"max-video-preview:-1"},"canonical":"https:\/\/publimar.mx\/index.php\/2023\/06\/27\/publimar-403\/","og_locale":"es_ES","og_type":"article","og_title":"Llama Protecci\u00f3n Civil a la poblaci\u00f3n a tomar precauciones por la Onda Tropical 8 - PubliMar","og_description":"La Direcci\u00f3n de Investigaci\u00f3n, Diagn\u00f3stico y Gesti\u00f3n de Riesgos del Departamento de Monitoreo y Alertamiento Preventivo ...","og_url":"https:\/\/publimar.mx\/index.php\/2023\/06\/27\/publimar-403\/","og_site_name":"PubliMar","article_published_time":"2023-06-27T23:33:07+00:00","article_modified_time":"2023-06-27T23:33:09+00:00","og_image":[{"width":978,"height":695,"url":"https:\/\/publimar.mx\/wp-content\/uploads\/2023\/06\/IMG-20230627-WA0139.jpg","path":"\/home\/u358712125\/domains\/publimar.mx\/public_html\/wp-content\/uploads\/2023\/06\/IMG-20230627-WA0139.jpg","size":"full","id":7226,"alt":"","pixels":679710,"type":"image\/jpeg"}],"twitter_card":"summary_large_image","twitter_misc":{"Escrito por":"admin","Tiempo de lectura":"2 minutos"},"schema":{"@context":"https:\/\/schema.org","@graph":[{"@type":"WebSite","@id":"https:\/\/publimar.mx\/#website","url":"https:\/\/publimar.mx\/","name":"PubliMar","description":"Informaci\u00f3n de la Costa Oaxaque\u00f1a","publisher":{"@id":"https:\/\/publimar.mx\/#\/schema\/person\/42ad4d315580276616a11863a241f558"},"potentialAction":[{"@type":"SearchAction","target":{"@type":"EntryPoint","urlTemplate":"https:\/\/publimar.mx\/?s={search_term_string}"},"query-input":"required name=search_term_string"}],"inLanguage":"es"},{"@type":"ImageObject","@id":"https:\/\/publimar.mx\/index.php\/2023\/06\/27\/publimar-403\/#primaryimage","inLanguage":"es","url":"https:\/\/publimar.mx\/wp-content\/uploads\/2023\/06\/IMG-20230627-WA0139.jpg","contentUrl":"https:\/\/publimar.mx\/wp-content\/uploads\/2023\/06\/IMG-20230627-WA0139.jpg","width":978,"height":695},{"@type":"WebPage","@id":"https:\/\/publimar.mx\/index.php\/2023\/06\/27\/publimar-403\/#webpage","url":"https:\/\/publimar.mx\/index.php\/2023\/06\/27\/publimar-403\/","name":"Llama Protecci\u00f3n Civil a la poblaci\u00f3n a tomar precauciones por la Onda Tropical 8 - PubliMar","isPartOf":{"@id":"https:\/\/publimar.mx\/#website"},"primaryImageOfPage":{"@id":"https:\/\/publimar.mx\/index.php\/2023\/06\/27\/publimar-403\/#primaryimage"},"datePublished":"2023-06-27T23:33:07+00:00","dateModified":"2023-06-27T23:33:09+00:00","description":"La Direcci\u00f3n de Investigaci\u00f3n, Diagn\u00f3stico y Gesti\u00f3n de Riesgos del Departamento de Monitoreo y Alertamiento Preventivo ...","breadcrumb":{"@id":"https:\/\/publimar.mx\/index.php\/2023\/06\/27\/publimar-403\/#breadcrumb"},"inLanguage":"es","potentialAction":[{"@type":"ReadAction","target":["https:\/\/publimar.mx\/index.php\/2023\/06\/27\/publimar-403\/"]}]},{"@type":"BreadcrumbList","@id":"https:\/\/publimar.mx\/index.php\/2023\/06\/27\/publimar-403\/#breadcrumb","itemListElement":[{"@type":"ListItem","position":1,"name":"Portada","item":"https:\/\/publimar.mx\/"},{"@type":"ListItem","position":2,"name":"Llama Protecci\u00f3n Civil a la poblaci\u00f3n a tomar precauciones por la Onda Tropical 8"}]},{"@type":["Article","NewsArticle"],"@id":"https:\/\/publimar.mx\/index.php\/2023\/06\/27\/publimar-403\/#article","isPartOf":{"@id":"https:\/\/publimar.mx\/index.php\/2023\/06\/27\/publimar-403\/#webpage"},"author":{"@id":"https:\/\/publimar.mx\/#\/schema\/person\/42ad4d315580276616a11863a241f558"},"headline":"Llama Protecci\u00f3n Civil a la poblaci\u00f3n a tomar precauciones por la Onda Tropical 8","datePublished":"2023-06-27T23:33:07+00:00","dateModified":"2023-06-27T23:33:09+00:00","mainEntityOfPage":{"@id":"https:\/\/publimar.mx\/index.php\/2023\/06\/27\/publimar-403\/#webpage"},"wordCount":416,"commentCount":0,"publisher":{"@id":"https:\/\/publimar.mx\/#\/schema\/person\/42ad4d315580276616a11863a241f558"},"image":{"@id":"https:\/\/publimar.mx\/index.php\/2023\/06\/27\/publimar-403\/#primaryimage"},"thumbnailUrl":"https:\/\/publimar.mx\/wp-content\/uploads\/2023\/06\/IMG-20230627-WA0139.jpg","articleSection":["Seguridad"],"inLanguage":"es","potentialAction":[{"@type":"CommentAction","name":"Comment","target":["https:\/\/publimar.mx\/index.php\/2023\/06\/27\/publimar-403\/#respond"]}]},{"@type":["Person","Organization"],"@id":"https:\/\/publimar.mx\/#\/schema\/person\/42ad4d315580276616a11863a241f558","name":"admin","image":{"@type":"ImageObject","@id":"https:\/\/publimar.mx\/#personlogo","inLanguage":"es","url":"https:\/\/publimar.mx\/wp-content\/uploads\/2021\/08\/logo.png","contentUrl":"https:\/\/publimar.mx\/wp-content\/uploads\/2021\/08\/logo.png","width":454,"height":108,"caption":"admin"},"logo":{"@id":"https:\/\/publimar.mx\/#personlogo"},"sameAs":["https:\/\/publimar.mx"],"url":"https:\/\/publimar.mx\/index.php\/author\/admin\/"}]}},"_links":{"self":[{"href":"https:\/\/publimar.mx\/index.php\/wp-json\/wp\/v2\/posts\/7225"}],"collection":[{"href":"https:\/\/publimar.mx\/index.php\/wp-json\/wp\/v2\/posts"}],"about":[{"href":"https:\/\/publimar.mx\/index.php\/wp-json\/wp\/v2\/types\/post"}],"author":[{"embeddable":true,"href":"https:\/\/publimar.mx\/index.php\/wp-json\/wp\/v2\/users\/1"}],"replies":[{"embeddable":true,"href":"https:\/\/publimar.mx\/index.php\/wp-json\/wp\/v2\/comments?post=7225"}],"version-history":[{"count":2,"href":"https:\/\/publimar.mx\/index.php\/wp-json\/wp\/v2\/posts\/7225\/revisions"}],"predecessor-version":[{"id":7669,"href":"https:\/\/publimar.mx\/index.php\/wp-json\/wp\/v2\/posts\/7225\/revisions\/7669"}],"wp:featuredmedia":[{"embeddable":true,"href":"https:\/\/publimar.mx\/index.php\/wp-json\/wp\/v2\/media\/7226"}],"wp:attachment":[{"href":"https:\/\/publimar.mx\/index.php\/wp-json\/wp\/v2\/media?parent=7225"}],"wp:term":[{"taxonomy":"category","embeddable":true,"href":"https:\/\/publimar.mx\/index.php\/wp-json\/wp\/v2\/categories?post=7225"},{"taxonomy":"post_tag","embeddable":true,"href":"https:\/\/publimar.mx\/index.php\/wp-json\/wp\/v2\/tags?post=7225"}],"curies":[{"name":"wp","href":"https:\/\/api.w.org\/{rel}","templated":true}]}}