{"id":7164,"date":"2023-06-12T09:18:10","date_gmt":"2023-06-12T14:18:10","guid":{"rendered":"https:\/\/publimar.mx\/?p=7164"},"modified":"2023-06-12T09:18:59","modified_gmt":"2023-06-12T14:18:59","slug":"publimar-395","status":"publish","type":"post","link":"https:\/\/publimar.mx\/index.php\/2023\/06\/12\/publimar-395\/","title":{"rendered":"Hallan a adolescente colgado en Tonameca"},"content":{"rendered":"\n<ul><li><strong><em>La autoridad municipal encontr\u00f3 al adolescente colgado y recargado en un \u00e1rbol<\/em><\/strong><\/li><\/ul>\n\n\n\n<p><strong>Jorge P\u00e9rez<\/strong><\/p>\n\n\n\n<div class=\"wp-block-image\"><figure class=\"alignright size-full\"><img loading=\"lazy\" width=\"308\" height=\"164\" src=\"https:\/\/publimar.mx\/wp-content\/uploads\/2023\/06\/colgado.jpg\" alt=\"\" class=\"wp-image-7165\" srcset=\"https:\/\/publimar.mx\/wp-content\/uploads\/2023\/06\/colgado.jpg 308w, https:\/\/publimar.mx\/wp-content\/uploads\/2023\/06\/colgado-300x160.jpg 300w\" sizes=\"(max-width: 308px) 100vw, 308px\" \/><figcaption>Foto: ambientaci\u00f3n<\/figcaption><\/figure><\/div>\n\n\n\n<p>Las autoridades investigan la muerte de un adolescente de 13 a\u00f1os de edad que fue localizado sin vida, atado de una cuerda en el cuello en la rama de un \u00e1rbol en una poblaci\u00f3n de Santa Mar\u00eda Tonameca.<\/p>\n\n\n\n<p>De acuerdo con el reporte de los cuerpos policiacos, recibieron la llamada del alcalde municipal para reportar esta muerte violenta.<\/p>\n\n\n\n<p>La autoridad municipal refiri\u00f3 que recibi\u00f3 la llamada de un matrimonio, quienes dijeron que su hijo de 13 a\u00f1os estaba sin vida en el tramo de terracer\u00eda que conduce a la localidad de Paso Lagarto 2, como referencia en un predio particular.<\/p>\n\n\n\n<p>Al llegar, la autoridad municipal encontr\u00f3 al adolescente sobre el suelo y recargado en un \u00e1rbol. Al revisar sus signos vitales confirmaron que ya no ten\u00eda.<\/p>\n\n\n\n<p>La cuerda hab\u00eda sido cortada, una parte segu\u00eda en el cuello y la otra parte de la soga estaba atada en la rama de un \u00e1rbol.<\/p>\n\n\n\n<p>Se procedi\u00f3 a acordonar la zona con cinta de pl\u00e1stico de color amarillo con la leyenda precauci\u00f3n, quedando la autoridad municipal como primer respondiente.<\/p>\n\n\n\n<p>M\u00e1s tarde, llegaron elementos de la Agencia Estatal de Investigaciones (AEI) quienes realizaron la inspecci\u00f3n ocular en el lugar del hallazgo auxiliados por peritos de distintas especialidades.<\/p>\n\n\n\n<p>Los agentes entrevistaron a los familiares, la mam\u00e1 y el pap\u00e1, sobre el hallazgo del cuerpo del adolescente.<\/p>\n\n\n\n<p>En tanto, un perito m\u00e9dico legista realiz\u00f3 la necropsia de ley para determinar la causa de la muerte y saber si fue provocada, o si se trata de un suicidio.<\/p>\n\n\n\n<p>Los padres del adolescente pidieron que les devolvieran el cuerpo para darle sepultura seg\u00fan sus costumbres.<\/p>\n","protected":false},"excerpt":{"rendered":"<p>La autoridad municipal encontr\u00f3 al adolescente colgado y recargado en un \u00e1rbol Jorge P\u00e9rez Las autoridades investigan la muerte de un adolescente de 13 a\u00f1os de edad que fue localizado&hellip; <\/p>\n","protected":false},"author":1,"featured_media":7165,"comment_status":"open","ping_status":"open","sticky":false,"template":"","format":"standard","meta":{"_monsterinsights_skip_tracking":false,"_monsterinsights_sitenote_active":false,"_monsterinsights_sitenote_note":"","_monsterinsights_sitenote_category":0},"categories":[10],"tags":[],"yoast_head":"<!-- This site is optimized with the Yoast SEO plugin v17.0 - https:\/\/yoast.com\/wordpress\/plugins\/seo\/ -->\n<title>Hallan a adolescente colgado en Tonameca - PubliMar<\/title>\n<meta name=\"description\" content=\"Las autoridades investigan la muerte de un adolescente de 13 a\u00f1os de edad que fue localizado sin vida, atado de una cuerda en el cuello ...\" \/>\n<meta name=\"robots\" content=\"index, follow, max-snippet:-1, max-image-preview:large, max-video-preview:-1\" \/>\n<link rel=\"canonical\" href=\"https:\/\/publimar.mx\/index.php\/2023\/06\/12\/publimar-395\/\" \/>\n<meta property=\"og:locale\" content=\"es_ES\" \/>\n<meta property=\"og:type\" content=\"article\" \/>\n<meta property=\"og:title\" content=\"Hallan a adolescente colgado en Tonameca - PubliMar\" \/>\n<meta property=\"og:description\" content=\"Las autoridades investigan la muerte de un adolescente de 13 a\u00f1os de edad que fue localizado sin vida, atado de una cuerda en el cuello ...\" \/>\n<meta property=\"og:url\" content=\"https:\/\/publimar.mx\/index.php\/2023\/06\/12\/publimar-395\/\" \/>\n<meta property=\"og:site_name\" content=\"PubliMar\" \/>\n<meta property=\"article:published_time\" content=\"2023-06-12T14:18:10+00:00\" \/>\n<meta property=\"article:modified_time\" content=\"2023-06-12T14:18:59+00:00\" \/>\n<meta property=\"og:image\" content=\"https:\/\/publimar.mx\/wp-content\/uploads\/2023\/06\/colgado.jpg\" \/>\n\t<meta property=\"og:image:width\" content=\"308\" \/>\n\t<meta property=\"og:image:height\" content=\"164\" \/>\n<meta name=\"twitter:card\" content=\"summary_large_image\" \/>\n<meta name=\"twitter:label1\" content=\"Escrito por\" \/>\n\t<meta name=\"twitter:data1\" content=\"admin\" \/>\n\t<meta name=\"twitter:label2\" content=\"Tiempo de lectura\" \/>\n\t<meta name=\"twitter:data2\" content=\"2 minutos\" \/>\n<script type=\"application\/ld+json\" class=\"yoast-schema-graph\">{\"@context\":\"https:\/\/schema.org\",\"@graph\":[{\"@type\":\"WebSite\",\"@id\":\"https:\/\/publimar.mx\/#website\",\"url\":\"https:\/\/publimar.mx\/\",\"name\":\"PubliMar\",\"description\":\"Informaci\\u00f3n de la Costa Oaxaque\\u00f1a\",\"publisher\":{\"@id\":\"https:\/\/publimar.mx\/#\/schema\/person\/42ad4d315580276616a11863a241f558\"},\"potentialAction\":[{\"@type\":\"SearchAction\",\"target\":{\"@type\":\"EntryPoint\",\"urlTemplate\":\"https:\/\/publimar.mx\/?s={search_term_string}\"},\"query-input\":\"required name=search_term_string\"}],\"inLanguage\":\"es\"},{\"@type\":\"ImageObject\",\"@id\":\"https:\/\/publimar.mx\/index.php\/2023\/06\/12\/publimar-395\/#primaryimage\",\"inLanguage\":\"es\",\"url\":\"https:\/\/publimar.mx\/wp-content\/uploads\/2023\/06\/colgado.jpg\",\"contentUrl\":\"https:\/\/publimar.mx\/wp-content\/uploads\/2023\/06\/colgado.jpg\",\"width\":308,\"height\":164},{\"@type\":\"WebPage\",\"@id\":\"https:\/\/publimar.mx\/index.php\/2023\/06\/12\/publimar-395\/#webpage\",\"url\":\"https:\/\/publimar.mx\/index.php\/2023\/06\/12\/publimar-395\/\",\"name\":\"Hallan a adolescente colgado en Tonameca - PubliMar\",\"isPartOf\":{\"@id\":\"https:\/\/publimar.mx\/#website\"},\"primaryImageOfPage\":{\"@id\":\"https:\/\/publimar.mx\/index.php\/2023\/06\/12\/publimar-395\/#primaryimage\"},\"datePublished\":\"2023-06-12T14:18:10+00:00\",\"dateModified\":\"2023-06-12T14:18:59+00:00\",\"description\":\"Las autoridades investigan la muerte de un adolescente de 13 a\\u00f1os de edad que fue localizado sin vida, atado de una cuerda en el cuello ...\",\"breadcrumb\":{\"@id\":\"https:\/\/publimar.mx\/index.php\/2023\/06\/12\/publimar-395\/#breadcrumb\"},\"inLanguage\":\"es\",\"potentialAction\":[{\"@type\":\"ReadAction\",\"target\":[\"https:\/\/publimar.mx\/index.php\/2023\/06\/12\/publimar-395\/\"]}]},{\"@type\":\"BreadcrumbList\",\"@id\":\"https:\/\/publimar.mx\/index.php\/2023\/06\/12\/publimar-395\/#breadcrumb\",\"itemListElement\":[{\"@type\":\"ListItem\",\"position\":1,\"name\":\"Portada\",\"item\":\"https:\/\/publimar.mx\/\"},{\"@type\":\"ListItem\",\"position\":2,\"name\":\"Hallan a adolescente colgado en Tonameca\"}]},{\"@type\":[\"Article\",\"NewsArticle\"],\"@id\":\"https:\/\/publimar.mx\/index.php\/2023\/06\/12\/publimar-395\/#article\",\"isPartOf\":{\"@id\":\"https:\/\/publimar.mx\/index.php\/2023\/06\/12\/publimar-395\/#webpage\"},\"author\":{\"@id\":\"https:\/\/publimar.mx\/#\/schema\/person\/42ad4d315580276616a11863a241f558\"},\"headline\":\"Hallan a adolescente colgado en Tonameca\",\"datePublished\":\"2023-06-12T14:18:10+00:00\",\"dateModified\":\"2023-06-12T14:18:59+00:00\",\"mainEntityOfPage\":{\"@id\":\"https:\/\/publimar.mx\/index.php\/2023\/06\/12\/publimar-395\/#webpage\"},\"wordCount\":302,\"commentCount\":0,\"publisher\":{\"@id\":\"https:\/\/publimar.mx\/#\/schema\/person\/42ad4d315580276616a11863a241f558\"},\"image\":{\"@id\":\"https:\/\/publimar.mx\/index.php\/2023\/06\/12\/publimar-395\/#primaryimage\"},\"thumbnailUrl\":\"https:\/\/publimar.mx\/wp-content\/uploads\/2023\/06\/colgado.jpg\",\"articleSection\":[\"policiaca\"],\"inLanguage\":\"es\",\"potentialAction\":[{\"@type\":\"CommentAction\",\"name\":\"Comment\",\"target\":[\"https:\/\/publimar.mx\/index.php\/2023\/06\/12\/publimar-395\/#respond\"]}]},{\"@type\":[\"Person\",\"Organization\"],\"@id\":\"https:\/\/publimar.mx\/#\/schema\/person\/42ad4d315580276616a11863a241f558\",\"name\":\"admin\",\"image\":{\"@type\":\"ImageObject\",\"@id\":\"https:\/\/publimar.mx\/#personlogo\",\"inLanguage\":\"es\",\"url\":\"https:\/\/publimar.mx\/wp-content\/uploads\/2021\/08\/logo.png\",\"contentUrl\":\"https:\/\/publimar.mx\/wp-content\/uploads\/2021\/08\/logo.png\",\"width\":454,\"height\":108,\"caption\":\"admin\"},\"logo\":{\"@id\":\"https:\/\/publimar.mx\/#personlogo\"},\"sameAs\":[\"https:\/\/publimar.mx\"],\"url\":\"https:\/\/publimar.mx\/index.php\/author\/admin\/\"}]}<\/script>\n<!-- \/ Yoast SEO plugin. -->","yoast_head_json":{"title":"Hallan a adolescente colgado en Tonameca - PubliMar","description":"Las autoridades investigan la muerte de un adolescente de 13 a\u00f1os de edad que fue localizado sin vida, atado de una cuerda en el cuello ...","robots":{"index":"index","follow":"follow","max-snippet":"max-snippet:-1","max-image-preview":"max-image-preview:large","max-video-preview":"max-video-preview:-1"},"canonical":"https:\/\/publimar.mx\/index.php\/2023\/06\/12\/publimar-395\/","og_locale":"es_ES","og_type":"article","og_title":"Hallan a adolescente colgado en Tonameca - PubliMar","og_description":"Las autoridades investigan la muerte de un adolescente de 13 a\u00f1os de edad que fue localizado sin vida, atado de una cuerda en el cuello ...","og_url":"https:\/\/publimar.mx\/index.php\/2023\/06\/12\/publimar-395\/","og_site_name":"PubliMar","article_published_time":"2023-06-12T14:18:10+00:00","article_modified_time":"2023-06-12T14:18:59+00:00","og_image":[{"width":308,"height":164,"url":"https:\/\/publimar.mx\/wp-content\/uploads\/2023\/06\/colgado.jpg","path":"\/home\/u358712125\/domains\/publimar.mx\/public_html\/wp-content\/uploads\/2023\/06\/colgado.jpg","size":"full","id":7165,"alt":"","pixels":50512,"type":"image\/jpeg"}],"twitter_card":"summary_large_image","twitter_misc":{"Escrito por":"admin","Tiempo de lectura":"2 minutos"},"schema":{"@context":"https:\/\/schema.org","@graph":[{"@type":"WebSite","@id":"https:\/\/publimar.mx\/#website","url":"https:\/\/publimar.mx\/","name":"PubliMar","description":"Informaci\u00f3n de la Costa Oaxaque\u00f1a","publisher":{"@id":"https:\/\/publimar.mx\/#\/schema\/person\/42ad4d315580276616a11863a241f558"},"potentialAction":[{"@type":"SearchAction","target":{"@type":"EntryPoint","urlTemplate":"https:\/\/publimar.mx\/?s={search_term_string}"},"query-input":"required name=search_term_string"}],"inLanguage":"es"},{"@type":"ImageObject","@id":"https:\/\/publimar.mx\/index.php\/2023\/06\/12\/publimar-395\/#primaryimage","inLanguage":"es","url":"https:\/\/publimar.mx\/wp-content\/uploads\/2023\/06\/colgado.jpg","contentUrl":"https:\/\/publimar.mx\/wp-content\/uploads\/2023\/06\/colgado.jpg","width":308,"height":164},{"@type":"WebPage","@id":"https:\/\/publimar.mx\/index.php\/2023\/06\/12\/publimar-395\/#webpage","url":"https:\/\/publimar.mx\/index.php\/2023\/06\/12\/publimar-395\/","name":"Hallan a adolescente colgado en Tonameca - PubliMar","isPartOf":{"@id":"https:\/\/publimar.mx\/#website"},"primaryImageOfPage":{"@id":"https:\/\/publimar.mx\/index.php\/2023\/06\/12\/publimar-395\/#primaryimage"},"datePublished":"2023-06-12T14:18:10+00:00","dateModified":"2023-06-12T14:18:59+00:00","description":"Las autoridades investigan la muerte de un adolescente de 13 a\u00f1os de edad que fue localizado sin vida, atado de una cuerda en el cuello ...","breadcrumb":{"@id":"https:\/\/publimar.mx\/index.php\/2023\/06\/12\/publimar-395\/#breadcrumb"},"inLanguage":"es","potentialAction":[{"@type":"ReadAction","target":["https:\/\/publimar.mx\/index.php\/2023\/06\/12\/publimar-395\/"]}]},{"@type":"BreadcrumbList","@id":"https:\/\/publimar.mx\/index.php\/2023\/06\/12\/publimar-395\/#breadcrumb","itemListElement":[{"@type":"ListItem","position":1,"name":"Portada","item":"https:\/\/publimar.mx\/"},{"@type":"ListItem","position":2,"name":"Hallan a adolescente colgado en Tonameca"}]},{"@type":["Article","NewsArticle"],"@id":"https:\/\/publimar.mx\/index.php\/2023\/06\/12\/publimar-395\/#article","isPartOf":{"@id":"https:\/\/publimar.mx\/index.php\/2023\/06\/12\/publimar-395\/#webpage"},"author":{"@id":"https:\/\/publimar.mx\/#\/schema\/person\/42ad4d315580276616a11863a241f558"},"headline":"Hallan a adolescente colgado en Tonameca","datePublished":"2023-06-12T14:18:10+00:00","dateModified":"2023-06-12T14:18:59+00:00","mainEntityOfPage":{"@id":"https:\/\/publimar.mx\/index.php\/2023\/06\/12\/publimar-395\/#webpage"},"wordCount":302,"commentCount":0,"publisher":{"@id":"https:\/\/publimar.mx\/#\/schema\/person\/42ad4d315580276616a11863a241f558"},"image":{"@id":"https:\/\/publimar.mx\/index.php\/2023\/06\/12\/publimar-395\/#primaryimage"},"thumbnailUrl":"https:\/\/publimar.mx\/wp-content\/uploads\/2023\/06\/colgado.jpg","articleSection":["policiaca"],"inLanguage":"es","potentialAction":[{"@type":"CommentAction","name":"Comment","target":["https:\/\/publimar.mx\/index.php\/2023\/06\/12\/publimar-395\/#respond"]}]},{"@type":["Person","Organization"],"@id":"https:\/\/publimar.mx\/#\/schema\/person\/42ad4d315580276616a11863a241f558","name":"admin","image":{"@type":"ImageObject","@id":"https:\/\/publimar.mx\/#personlogo","inLanguage":"es","url":"https:\/\/publimar.mx\/wp-content\/uploads\/2021\/08\/logo.png","contentUrl":"https:\/\/publimar.mx\/wp-content\/uploads\/2021\/08\/logo.png","width":454,"height":108,"caption":"admin"},"logo":{"@id":"https:\/\/publimar.mx\/#personlogo"},"sameAs":["https:\/\/publimar.mx"],"url":"https:\/\/publimar.mx\/index.php\/author\/admin\/"}]}},"_links":{"self":[{"href":"https:\/\/publimar.mx\/index.php\/wp-json\/wp\/v2\/posts\/7164"}],"collection":[{"href":"https:\/\/publimar.mx\/index.php\/wp-json\/wp\/v2\/posts"}],"about":[{"href":"https:\/\/publimar.mx\/index.php\/wp-json\/wp\/v2\/types\/post"}],"author":[{"embeddable":true,"href":"https:\/\/publimar.mx\/index.php\/wp-json\/wp\/v2\/users\/1"}],"replies":[{"embeddable":true,"href":"https:\/\/publimar.mx\/index.php\/wp-json\/wp\/v2\/comments?post=7164"}],"version-history":[{"count":2,"href":"https:\/\/publimar.mx\/index.php\/wp-json\/wp\/v2\/posts\/7164\/revisions"}],"predecessor-version":[{"id":7167,"href":"https:\/\/publimar.mx\/index.php\/wp-json\/wp\/v2\/posts\/7164\/revisions\/7167"}],"wp:featuredmedia":[{"embeddable":true,"href":"https:\/\/publimar.mx\/index.php\/wp-json\/wp\/v2\/media\/7165"}],"wp:attachment":[{"href":"https:\/\/publimar.mx\/index.php\/wp-json\/wp\/v2\/media?parent=7164"}],"wp:term":[{"taxonomy":"category","embeddable":true,"href":"https:\/\/publimar.mx\/index.php\/wp-json\/wp\/v2\/categories?post=7164"},{"taxonomy":"post_tag","embeddable":true,"href":"https:\/\/publimar.mx\/index.php\/wp-json\/wp\/v2\/tags?post=7164"}],"curies":[{"name":"wp","href":"https:\/\/api.w.org\/{rel}","templated":true}]}}