{"id":7071,"date":"2023-05-25T10:58:26","date_gmt":"2023-05-25T15:58:26","guid":{"rendered":"https:\/\/publimar.mx\/?p=7071"},"modified":"2023-05-25T10:58:28","modified_gmt":"2023-05-25T15:58:28","slug":"publimar-390","status":"publish","type":"post","link":"https:\/\/publimar.mx\/index.php\/2023\/05\/25\/publimar-390\/","title":{"rendered":"Desmiente SSO rumores sobre \u201cOnda de Calor\u201d en Oaxaca"},"content":{"rendered":"\n<p>\u2022 La publicaci\u00f3n difundida en redes sociales corresponde al a\u00f1o 2018<\/p>\n\n\n\n<p>\u2022 De acuerdo con el Servicio Meteorol\u00f3gico Nacional (SMN), en su pron\u00f3stico extendido a tres d\u00edas con vigencia al 25 de mayo, no se tiene pron\u00f3stico de dicho fen\u00f3meno en la entidad<\/p>\n\n\n\n<p>\u2022 Se exhorta a la poblaci\u00f3n evitar difundir mensajes que causen confusi\u00f3n y consultar fuentes oficiales de informaci\u00f3n<\/p>\n\n\n\n<figure class=\"wp-block-gallery columns-1 is-cropped\"><ul class=\"blocks-gallery-grid\"><li class=\"blocks-gallery-item\"><figure><img loading=\"lazy\" width=\"323\" height=\"393\" src=\"https:\/\/publimar.mx\/wp-content\/uploads\/2023\/05\/IMG-20230525-WA0022.jpg\" alt=\"\" data-id=\"7072\" data-full-url=\"https:\/\/publimar.mx\/wp-content\/uploads\/2023\/05\/IMG-20230525-WA0022.jpg\" data-link=\"https:\/\/publimar.mx\/?attachment_id=7072\" class=\"wp-image-7072\" srcset=\"https:\/\/publimar.mx\/wp-content\/uploads\/2023\/05\/IMG-20230525-WA0022.jpg 323w, https:\/\/publimar.mx\/wp-content\/uploads\/2023\/05\/IMG-20230525-WA0022-247x300.jpg 247w\" sizes=\"(max-width: 323px) 100vw, 323px\" \/><\/figure><\/li><\/ul><\/figure>\n\n\n\n<p>Oaxaca de Ju\u00e1rez, Oax. 25 de mayo de 2023. Ante la infograf\u00eda que circula en redes sociales sobre la alerta de una \u201cOnda de Calor\u201d para este jueves 25 de mayo y que afectar\u00edan las regiones del Istmo de Tehuantepec, Cuenca del Papaloapan, Valles Centrales y Costa, los Servicios de Salud de Salud de Oaxaca (SSO) informan que se trata de una publicaci\u00f3n antigua, correspondiente al a\u00f1o 2018.<\/p>\n\n\n\n<p>Los Servicios de Salud de Oaxaca (SSO) indican que de acuerdo con el Servicio Meteorol\u00f3gico Nacional (SMN), en su pron\u00f3stico extendido a tres d\u00edas con vigencia al 25 de mayo, no se tiene pron\u00f3stico de dicho fen\u00f3meno en la entidad.<\/p>\n\n\n\n<p>En un trabajo interinstitucional con la Coordinaci\u00f3n Estatal de Protecci\u00f3n Civil y Gesti\u00f3n de Riesgo (CEPCyGR) se detect\u00f3 que la publicaci\u00f3n que circula en redes no fue emitida por esta dependencia en los recientes d\u00edas.<\/p>\n\n\n\n<p>Por lo tanto, los SSO exhortan a la poblaci\u00f3n evitar difundir mensajes que causen confusi\u00f3n y consultar fuentes oficiales de informaci\u00f3n.<\/p>\n\n\n\n<p>En este mismo sentido, los SSO se\u00f1alaron que realizan un monitoreo continuo con la CEPCyGR a fin de alertar a la poblaci\u00f3n ante la presencia de fen\u00f3menos meteorol\u00f3gicos que pudieran afectar a la ciudadan\u00eda.<\/p>\n\n\n\n<p>-0-<\/p>\n","protected":false},"excerpt":{"rendered":"<p>\u2022 La publicaci\u00f3n difundida en redes sociales corresponde al a\u00f1o 2018 \u2022 De acuerdo con el Servicio Meteorol\u00f3gico Nacional (SMN), en su pron\u00f3stico extendido a tres d\u00edas con vigencia al&hellip; <\/p>\n","protected":false},"author":1,"featured_media":7072,"comment_status":"open","ping_status":"open","sticky":false,"template":"","format":"standard","meta":{"_monsterinsights_skip_tracking":false,"_monsterinsights_sitenote_active":false,"_monsterinsights_sitenote_note":"","_monsterinsights_sitenote_category":0},"categories":[23],"tags":[],"yoast_head":"<!-- This site is optimized with the Yoast SEO plugin v17.0 - https:\/\/yoast.com\/wordpress\/plugins\/seo\/ -->\n<title>Desmiente SSO rumores sobre \u201cOnda de Calor\u201d en Oaxaca - PubliMar<\/title>\n<meta name=\"description\" content=\"Ante la infograf\u00eda que circula en redes sociales sobre la alerta de una \u201cOnda de Calor\u201d para este jueves 25 de ...\" \/>\n<meta name=\"robots\" content=\"index, follow, max-snippet:-1, max-image-preview:large, max-video-preview:-1\" \/>\n<link rel=\"canonical\" href=\"https:\/\/publimar.mx\/index.php\/2023\/05\/25\/publimar-390\/\" \/>\n<meta property=\"og:locale\" content=\"es_ES\" \/>\n<meta property=\"og:type\" content=\"article\" \/>\n<meta property=\"og:title\" content=\"Desmiente SSO rumores sobre \u201cOnda de Calor\u201d en Oaxaca - PubliMar\" \/>\n<meta property=\"og:description\" content=\"Ante la infograf\u00eda que circula en redes sociales sobre la alerta de una \u201cOnda de Calor\u201d para este jueves 25 de ...\" \/>\n<meta property=\"og:url\" content=\"https:\/\/publimar.mx\/index.php\/2023\/05\/25\/publimar-390\/\" \/>\n<meta property=\"og:site_name\" content=\"PubliMar\" \/>\n<meta property=\"article:published_time\" content=\"2023-05-25T15:58:26+00:00\" \/>\n<meta property=\"article:modified_time\" content=\"2023-05-25T15:58:28+00:00\" \/>\n<meta property=\"og:image\" content=\"https:\/\/publimar.mx\/wp-content\/uploads\/2023\/05\/IMG-20230525-WA0022.jpg\" \/>\n\t<meta property=\"og:image:width\" content=\"323\" \/>\n\t<meta property=\"og:image:height\" content=\"393\" \/>\n<meta name=\"twitter:card\" content=\"summary_large_image\" \/>\n<meta name=\"twitter:label1\" content=\"Escrito por\" \/>\n\t<meta name=\"twitter:data1\" content=\"admin\" \/>\n\t<meta name=\"twitter:label2\" content=\"Tiempo de lectura\" \/>\n\t<meta name=\"twitter:data2\" content=\"2 minutos\" \/>\n<script type=\"application\/ld+json\" class=\"yoast-schema-graph\">{\"@context\":\"https:\/\/schema.org\",\"@graph\":[{\"@type\":\"WebSite\",\"@id\":\"https:\/\/publimar.mx\/#website\",\"url\":\"https:\/\/publimar.mx\/\",\"name\":\"PubliMar\",\"description\":\"Informaci\\u00f3n de la Costa Oaxaque\\u00f1a\",\"publisher\":{\"@id\":\"https:\/\/publimar.mx\/#\/schema\/person\/42ad4d315580276616a11863a241f558\"},\"potentialAction\":[{\"@type\":\"SearchAction\",\"target\":{\"@type\":\"EntryPoint\",\"urlTemplate\":\"https:\/\/publimar.mx\/?s={search_term_string}\"},\"query-input\":\"required name=search_term_string\"}],\"inLanguage\":\"es\"},{\"@type\":\"ImageObject\",\"@id\":\"https:\/\/publimar.mx\/index.php\/2023\/05\/25\/publimar-390\/#primaryimage\",\"inLanguage\":\"es\",\"url\":\"https:\/\/publimar.mx\/wp-content\/uploads\/2023\/05\/IMG-20230525-WA0022.jpg\",\"contentUrl\":\"https:\/\/publimar.mx\/wp-content\/uploads\/2023\/05\/IMG-20230525-WA0022.jpg\",\"width\":323,\"height\":393},{\"@type\":\"WebPage\",\"@id\":\"https:\/\/publimar.mx\/index.php\/2023\/05\/25\/publimar-390\/#webpage\",\"url\":\"https:\/\/publimar.mx\/index.php\/2023\/05\/25\/publimar-390\/\",\"name\":\"Desmiente SSO rumores sobre \\u201cOnda de Calor\\u201d en Oaxaca - PubliMar\",\"isPartOf\":{\"@id\":\"https:\/\/publimar.mx\/#website\"},\"primaryImageOfPage\":{\"@id\":\"https:\/\/publimar.mx\/index.php\/2023\/05\/25\/publimar-390\/#primaryimage\"},\"datePublished\":\"2023-05-25T15:58:26+00:00\",\"dateModified\":\"2023-05-25T15:58:28+00:00\",\"description\":\"Ante la infograf\\u00eda que circula en redes sociales sobre la alerta de una \\u201cOnda de Calor\\u201d para este jueves 25 de ...\",\"breadcrumb\":{\"@id\":\"https:\/\/publimar.mx\/index.php\/2023\/05\/25\/publimar-390\/#breadcrumb\"},\"inLanguage\":\"es\",\"potentialAction\":[{\"@type\":\"ReadAction\",\"target\":[\"https:\/\/publimar.mx\/index.php\/2023\/05\/25\/publimar-390\/\"]}]},{\"@type\":\"BreadcrumbList\",\"@id\":\"https:\/\/publimar.mx\/index.php\/2023\/05\/25\/publimar-390\/#breadcrumb\",\"itemListElement\":[{\"@type\":\"ListItem\",\"position\":1,\"name\":\"Portada\",\"item\":\"https:\/\/publimar.mx\/\"},{\"@type\":\"ListItem\",\"position\":2,\"name\":\"Desmiente SSO rumores sobre \\u201cOnda de Calor\\u201d en Oaxaca\"}]},{\"@type\":[\"Article\",\"NewsArticle\"],\"@id\":\"https:\/\/publimar.mx\/index.php\/2023\/05\/25\/publimar-390\/#article\",\"isPartOf\":{\"@id\":\"https:\/\/publimar.mx\/index.php\/2023\/05\/25\/publimar-390\/#webpage\"},\"author\":{\"@id\":\"https:\/\/publimar.mx\/#\/schema\/person\/42ad4d315580276616a11863a241f558\"},\"headline\":\"Desmiente SSO rumores sobre \\u201cOnda de Calor\\u201d en Oaxaca\",\"datePublished\":\"2023-05-25T15:58:26+00:00\",\"dateModified\":\"2023-05-25T15:58:28+00:00\",\"mainEntityOfPage\":{\"@id\":\"https:\/\/publimar.mx\/index.php\/2023\/05\/25\/publimar-390\/#webpage\"},\"wordCount\":292,\"commentCount\":0,\"publisher\":{\"@id\":\"https:\/\/publimar.mx\/#\/schema\/person\/42ad4d315580276616a11863a241f558\"},\"image\":{\"@id\":\"https:\/\/publimar.mx\/index.php\/2023\/05\/25\/publimar-390\/#primaryimage\"},\"thumbnailUrl\":\"https:\/\/publimar.mx\/wp-content\/uploads\/2023\/05\/IMG-20230525-WA0022.jpg\",\"articleSection\":[\"Salud\"],\"inLanguage\":\"es\",\"potentialAction\":[{\"@type\":\"CommentAction\",\"name\":\"Comment\",\"target\":[\"https:\/\/publimar.mx\/index.php\/2023\/05\/25\/publimar-390\/#respond\"]}]},{\"@type\":[\"Person\",\"Organization\"],\"@id\":\"https:\/\/publimar.mx\/#\/schema\/person\/42ad4d315580276616a11863a241f558\",\"name\":\"admin\",\"image\":{\"@type\":\"ImageObject\",\"@id\":\"https:\/\/publimar.mx\/#personlogo\",\"inLanguage\":\"es\",\"url\":\"https:\/\/publimar.mx\/wp-content\/uploads\/2021\/08\/logo.png\",\"contentUrl\":\"https:\/\/publimar.mx\/wp-content\/uploads\/2021\/08\/logo.png\",\"width\":454,\"height\":108,\"caption\":\"admin\"},\"logo\":{\"@id\":\"https:\/\/publimar.mx\/#personlogo\"},\"sameAs\":[\"https:\/\/publimar.mx\"],\"url\":\"https:\/\/publimar.mx\/index.php\/author\/admin\/\"}]}<\/script>\n<!-- \/ Yoast SEO plugin. -->","yoast_head_json":{"title":"Desmiente SSO rumores sobre \u201cOnda de Calor\u201d en Oaxaca - PubliMar","description":"Ante la infograf\u00eda que circula en redes sociales sobre la alerta de una \u201cOnda de Calor\u201d para este jueves 25 de ...","robots":{"index":"index","follow":"follow","max-snippet":"max-snippet:-1","max-image-preview":"max-image-preview:large","max-video-preview":"max-video-preview:-1"},"canonical":"https:\/\/publimar.mx\/index.php\/2023\/05\/25\/publimar-390\/","og_locale":"es_ES","og_type":"article","og_title":"Desmiente SSO rumores sobre \u201cOnda de Calor\u201d en Oaxaca - PubliMar","og_description":"Ante la infograf\u00eda que circula en redes sociales sobre la alerta de una \u201cOnda de Calor\u201d para este jueves 25 de ...","og_url":"https:\/\/publimar.mx\/index.php\/2023\/05\/25\/publimar-390\/","og_site_name":"PubliMar","article_published_time":"2023-05-25T15:58:26+00:00","article_modified_time":"2023-05-25T15:58:28+00:00","og_image":[{"width":323,"height":393,"url":"https:\/\/publimar.mx\/wp-content\/uploads\/2023\/05\/IMG-20230525-WA0022.jpg","path":"\/home\/u358712125\/domains\/publimar.mx\/public_html\/wp-content\/uploads\/2023\/05\/IMG-20230525-WA0022.jpg","size":"full","id":7072,"alt":"","pixels":126939,"type":"image\/jpeg"}],"twitter_card":"summary_large_image","twitter_misc":{"Escrito por":"admin","Tiempo de lectura":"2 minutos"},"schema":{"@context":"https:\/\/schema.org","@graph":[{"@type":"WebSite","@id":"https:\/\/publimar.mx\/#website","url":"https:\/\/publimar.mx\/","name":"PubliMar","description":"Informaci\u00f3n de la Costa Oaxaque\u00f1a","publisher":{"@id":"https:\/\/publimar.mx\/#\/schema\/person\/42ad4d315580276616a11863a241f558"},"potentialAction":[{"@type":"SearchAction","target":{"@type":"EntryPoint","urlTemplate":"https:\/\/publimar.mx\/?s={search_term_string}"},"query-input":"required name=search_term_string"}],"inLanguage":"es"},{"@type":"ImageObject","@id":"https:\/\/publimar.mx\/index.php\/2023\/05\/25\/publimar-390\/#primaryimage","inLanguage":"es","url":"https:\/\/publimar.mx\/wp-content\/uploads\/2023\/05\/IMG-20230525-WA0022.jpg","contentUrl":"https:\/\/publimar.mx\/wp-content\/uploads\/2023\/05\/IMG-20230525-WA0022.jpg","width":323,"height":393},{"@type":"WebPage","@id":"https:\/\/publimar.mx\/index.php\/2023\/05\/25\/publimar-390\/#webpage","url":"https:\/\/publimar.mx\/index.php\/2023\/05\/25\/publimar-390\/","name":"Desmiente SSO rumores sobre \u201cOnda de Calor\u201d en Oaxaca - PubliMar","isPartOf":{"@id":"https:\/\/publimar.mx\/#website"},"primaryImageOfPage":{"@id":"https:\/\/publimar.mx\/index.php\/2023\/05\/25\/publimar-390\/#primaryimage"},"datePublished":"2023-05-25T15:58:26+00:00","dateModified":"2023-05-25T15:58:28+00:00","description":"Ante la infograf\u00eda que circula en redes sociales sobre la alerta de una \u201cOnda de Calor\u201d para este jueves 25 de ...","breadcrumb":{"@id":"https:\/\/publimar.mx\/index.php\/2023\/05\/25\/publimar-390\/#breadcrumb"},"inLanguage":"es","potentialAction":[{"@type":"ReadAction","target":["https:\/\/publimar.mx\/index.php\/2023\/05\/25\/publimar-390\/"]}]},{"@type":"BreadcrumbList","@id":"https:\/\/publimar.mx\/index.php\/2023\/05\/25\/publimar-390\/#breadcrumb","itemListElement":[{"@type":"ListItem","position":1,"name":"Portada","item":"https:\/\/publimar.mx\/"},{"@type":"ListItem","position":2,"name":"Desmiente SSO rumores sobre \u201cOnda de Calor\u201d en Oaxaca"}]},{"@type":["Article","NewsArticle"],"@id":"https:\/\/publimar.mx\/index.php\/2023\/05\/25\/publimar-390\/#article","isPartOf":{"@id":"https:\/\/publimar.mx\/index.php\/2023\/05\/25\/publimar-390\/#webpage"},"author":{"@id":"https:\/\/publimar.mx\/#\/schema\/person\/42ad4d315580276616a11863a241f558"},"headline":"Desmiente SSO rumores sobre \u201cOnda de Calor\u201d en Oaxaca","datePublished":"2023-05-25T15:58:26+00:00","dateModified":"2023-05-25T15:58:28+00:00","mainEntityOfPage":{"@id":"https:\/\/publimar.mx\/index.php\/2023\/05\/25\/publimar-390\/#webpage"},"wordCount":292,"commentCount":0,"publisher":{"@id":"https:\/\/publimar.mx\/#\/schema\/person\/42ad4d315580276616a11863a241f558"},"image":{"@id":"https:\/\/publimar.mx\/index.php\/2023\/05\/25\/publimar-390\/#primaryimage"},"thumbnailUrl":"https:\/\/publimar.mx\/wp-content\/uploads\/2023\/05\/IMG-20230525-WA0022.jpg","articleSection":["Salud"],"inLanguage":"es","potentialAction":[{"@type":"CommentAction","name":"Comment","target":["https:\/\/publimar.mx\/index.php\/2023\/05\/25\/publimar-390\/#respond"]}]},{"@type":["Person","Organization"],"@id":"https:\/\/publimar.mx\/#\/schema\/person\/42ad4d315580276616a11863a241f558","name":"admin","image":{"@type":"ImageObject","@id":"https:\/\/publimar.mx\/#personlogo","inLanguage":"es","url":"https:\/\/publimar.mx\/wp-content\/uploads\/2021\/08\/logo.png","contentUrl":"https:\/\/publimar.mx\/wp-content\/uploads\/2021\/08\/logo.png","width":454,"height":108,"caption":"admin"},"logo":{"@id":"https:\/\/publimar.mx\/#personlogo"},"sameAs":["https:\/\/publimar.mx"],"url":"https:\/\/publimar.mx\/index.php\/author\/admin\/"}]}},"_links":{"self":[{"href":"https:\/\/publimar.mx\/index.php\/wp-json\/wp\/v2\/posts\/7071"}],"collection":[{"href":"https:\/\/publimar.mx\/index.php\/wp-json\/wp\/v2\/posts"}],"about":[{"href":"https:\/\/publimar.mx\/index.php\/wp-json\/wp\/v2\/types\/post"}],"author":[{"embeddable":true,"href":"https:\/\/publimar.mx\/index.php\/wp-json\/wp\/v2\/users\/1"}],"replies":[{"embeddable":true,"href":"https:\/\/publimar.mx\/index.php\/wp-json\/wp\/v2\/comments?post=7071"}],"version-history":[{"count":1,"href":"https:\/\/publimar.mx\/index.php\/wp-json\/wp\/v2\/posts\/7071\/revisions"}],"predecessor-version":[{"id":7073,"href":"https:\/\/publimar.mx\/index.php\/wp-json\/wp\/v2\/posts\/7071\/revisions\/7073"}],"wp:featuredmedia":[{"embeddable":true,"href":"https:\/\/publimar.mx\/index.php\/wp-json\/wp\/v2\/media\/7072"}],"wp:attachment":[{"href":"https:\/\/publimar.mx\/index.php\/wp-json\/wp\/v2\/media?parent=7071"}],"wp:term":[{"taxonomy":"category","embeddable":true,"href":"https:\/\/publimar.mx\/index.php\/wp-json\/wp\/v2\/categories?post=7071"},{"taxonomy":"post_tag","embeddable":true,"href":"https:\/\/publimar.mx\/index.php\/wp-json\/wp\/v2\/tags?post=7071"}],"curies":[{"name":"wp","href":"https:\/\/api.w.org\/{rel}","templated":true}]}}