{"id":7034,"date":"2023-05-24T09:04:02","date_gmt":"2023-05-24T14:04:02","guid":{"rendered":"https:\/\/publimar.mx\/?p=7034"},"modified":"2023-05-24T09:04:03","modified_gmt":"2023-05-24T14:04:03","slug":"publimar-384","status":"publish","type":"post","link":"https:\/\/publimar.mx\/index.php\/2023\/05\/24\/publimar-384\/","title":{"rendered":"Apu\u00f1alado en Toltepec, Pochutla"},"content":{"rendered":"\n<ul><li><strong><em>Un hombre de 28 a\u00f1os de edad fue asesinado en la comunidad de San Rafael Toltepec<\/em><\/strong><\/li><\/ul>\n\n\n\n<p><strong>Jorge P\u00e9rez<\/strong><\/p>\n\n\n\n<figure class=\"wp-block-gallery alignright columns-1 is-cropped\"><ul class=\"blocks-gallery-grid\"><li class=\"blocks-gallery-item\"><figure><img loading=\"lazy\" width=\"741\" height=\"369\" src=\"https:\/\/publimar.mx\/wp-content\/uploads\/2023\/05\/asesinado-en-toltepec.jpg\" alt=\"\" data-id=\"7035\" data-full-url=\"https:\/\/publimar.mx\/wp-content\/uploads\/2023\/05\/asesinado-en-toltepec.jpg\" data-link=\"https:\/\/publimar.mx\/?attachment_id=7035\" class=\"wp-image-7035\" srcset=\"https:\/\/publimar.mx\/wp-content\/uploads\/2023\/05\/asesinado-en-toltepec.jpg 741w, https:\/\/publimar.mx\/wp-content\/uploads\/2023\/05\/asesinado-en-toltepec-300x149.jpg 300w\" sizes=\"(max-width: 741px) 100vw, 741px\" \/><\/figure><\/li><\/ul><\/figure>\n\n\n\n<p>Jos\u00e9 Armando J. F. de 28 a\u00f1os, fue asesinado a pu\u00f1alada la tarde de este lunes en la comunidad de San Rafael Toltepec.<\/p>\n\n\n\n<p>De acuerdo a los reportes de la Polic\u00eda Estatal, la llamada de alerta la recibieron alrededor 16:49 horas, cuando realizaba sus recorridos de vigilancia, por parte de la Direcci\u00f3n de Protecci\u00f3n Civil Municipal, que hab\u00eda una persona lesionada por arma blanca, seg\u00fan la alerta del agente municipal Daniel Zurita.<\/p>\n\n\n\n<p>Ante tal reporte se movilizaron al lugar en donde encontraron a un hombre tendido en el suelo tirado en el suelo y en una laguna de sangre mismo que era revisado ya por param\u00e9dicos de Protecci\u00f3n Civil, quienes confirmaron su fallecimiento a causas de las heridas producidas por arma blanca.<\/p>\n\n\n\n<p>Ante los hechos se acordono el \u00e1rea y se le dio intervenci\u00f3n a la Fiscal\u00eda General del Estado Al lugar los agentes realizaron las diligencias de levantamiento del cad\u00e1ver y levantaron algunos indicios.<\/p>\n\n\n\n<p>Ah\u00ed llego la se\u00f1ora Agripina F. H. de 54 a\u00f1os de edad, quien identific\u00f3 al masculino como su sobrino, de nombre Jos\u00e9 Armando.<\/p>\n\n\n\n<p>Fue a las 18:45 horas cuando los agentes ministeriales de Pochutla realizaron el levantamiento del cuerpo y trasladaron al descaso municipal de la zona para su necropsia de ley.<\/p>\n\n\n\n<p>El cuerpo fue reclamado legalmente por Rosa Mar\u00eda F. V., madre del hoy occiso.<\/p>\n\n\n\n<figure class=\"wp-block-image size-full\"><img loading=\"lazy\" width=\"736\" height=\"368\" src=\"https:\/\/publimar.mx\/wp-content\/uploads\/2023\/05\/asesinado-en-toltepec-2.jpg\" alt=\"\" class=\"wp-image-7036\" srcset=\"https:\/\/publimar.mx\/wp-content\/uploads\/2023\/05\/asesinado-en-toltepec-2.jpg 736w, https:\/\/publimar.mx\/wp-content\/uploads\/2023\/05\/asesinado-en-toltepec-2-300x150.jpg 300w\" sizes=\"(max-width: 736px) 100vw, 736px\" \/><\/figure>\n","protected":false},"excerpt":{"rendered":"<p>Un hombre de 28 a\u00f1os de edad fue asesinado en la comunidad de San Rafael Toltepec Jorge P\u00e9rez Jos\u00e9 Armando J. F. de 28 a\u00f1os, fue asesinado a pu\u00f1alada la&hellip; <\/p>\n","protected":false},"author":1,"featured_media":7035,"comment_status":"open","ping_status":"open","sticky":false,"template":"","format":"standard","meta":{"_monsterinsights_skip_tracking":false,"_monsterinsights_sitenote_active":false,"_monsterinsights_sitenote_note":"","_monsterinsights_sitenote_category":0},"categories":[10],"tags":[],"yoast_head":"<!-- This site is optimized with the Yoast SEO plugin v17.0 - https:\/\/yoast.com\/wordpress\/plugins\/seo\/ -->\n<title>Apu\u00f1alado en Toltepec, Pochutla - PubliMar<\/title>\n<meta name=\"description\" content=\"Jos\u00e9 Armando J. F. de 28 a\u00f1os, fue asesinado a pu\u00f1alada la tarde de este lunes en la comunidad de San Rafael Toltepec ...\" \/>\n<meta name=\"robots\" content=\"index, follow, max-snippet:-1, max-image-preview:large, max-video-preview:-1\" \/>\n<link rel=\"canonical\" href=\"https:\/\/publimar.mx\/index.php\/2023\/05\/24\/publimar-384\/\" \/>\n<meta property=\"og:locale\" content=\"es_ES\" \/>\n<meta property=\"og:type\" content=\"article\" \/>\n<meta property=\"og:title\" content=\"Apu\u00f1alado en Toltepec, Pochutla - PubliMar\" \/>\n<meta property=\"og:description\" content=\"Jos\u00e9 Armando J. F. de 28 a\u00f1os, fue asesinado a pu\u00f1alada la tarde de este lunes en la comunidad de San Rafael Toltepec ...\" \/>\n<meta property=\"og:url\" content=\"https:\/\/publimar.mx\/index.php\/2023\/05\/24\/publimar-384\/\" \/>\n<meta property=\"og:site_name\" content=\"PubliMar\" \/>\n<meta property=\"article:published_time\" content=\"2023-05-24T14:04:02+00:00\" \/>\n<meta property=\"article:modified_time\" content=\"2023-05-24T14:04:03+00:00\" \/>\n<meta property=\"og:image\" content=\"https:\/\/publimar.mx\/wp-content\/uploads\/2023\/05\/asesinado-en-toltepec.jpg\" \/>\n\t<meta property=\"og:image:width\" content=\"741\" \/>\n\t<meta property=\"og:image:height\" content=\"369\" \/>\n<meta name=\"twitter:card\" content=\"summary_large_image\" \/>\n<meta name=\"twitter:label1\" content=\"Escrito por\" \/>\n\t<meta name=\"twitter:data1\" content=\"admin\" \/>\n\t<meta name=\"twitter:label2\" content=\"Tiempo de lectura\" \/>\n\t<meta name=\"twitter:data2\" content=\"2 minutos\" \/>\n<script type=\"application\/ld+json\" class=\"yoast-schema-graph\">{\"@context\":\"https:\/\/schema.org\",\"@graph\":[{\"@type\":\"WebSite\",\"@id\":\"https:\/\/publimar.mx\/#website\",\"url\":\"https:\/\/publimar.mx\/\",\"name\":\"PubliMar\",\"description\":\"Informaci\\u00f3n de la Costa Oaxaque\\u00f1a\",\"publisher\":{\"@id\":\"https:\/\/publimar.mx\/#\/schema\/person\/42ad4d315580276616a11863a241f558\"},\"potentialAction\":[{\"@type\":\"SearchAction\",\"target\":{\"@type\":\"EntryPoint\",\"urlTemplate\":\"https:\/\/publimar.mx\/?s={search_term_string}\"},\"query-input\":\"required name=search_term_string\"}],\"inLanguage\":\"es\"},{\"@type\":\"ImageObject\",\"@id\":\"https:\/\/publimar.mx\/index.php\/2023\/05\/24\/publimar-384\/#primaryimage\",\"inLanguage\":\"es\",\"url\":\"https:\/\/publimar.mx\/wp-content\/uploads\/2023\/05\/asesinado-en-toltepec.jpg\",\"contentUrl\":\"https:\/\/publimar.mx\/wp-content\/uploads\/2023\/05\/asesinado-en-toltepec.jpg\",\"width\":741,\"height\":369},{\"@type\":\"WebPage\",\"@id\":\"https:\/\/publimar.mx\/index.php\/2023\/05\/24\/publimar-384\/#webpage\",\"url\":\"https:\/\/publimar.mx\/index.php\/2023\/05\/24\/publimar-384\/\",\"name\":\"Apu\\u00f1alado en Toltepec, Pochutla - PubliMar\",\"isPartOf\":{\"@id\":\"https:\/\/publimar.mx\/#website\"},\"primaryImageOfPage\":{\"@id\":\"https:\/\/publimar.mx\/index.php\/2023\/05\/24\/publimar-384\/#primaryimage\"},\"datePublished\":\"2023-05-24T14:04:02+00:00\",\"dateModified\":\"2023-05-24T14:04:03+00:00\",\"description\":\"Jos\\u00e9 Armando J. F. de 28 a\\u00f1os, fue asesinado a pu\\u00f1alada la tarde de este lunes en la comunidad de San Rafael Toltepec ...\",\"breadcrumb\":{\"@id\":\"https:\/\/publimar.mx\/index.php\/2023\/05\/24\/publimar-384\/#breadcrumb\"},\"inLanguage\":\"es\",\"potentialAction\":[{\"@type\":\"ReadAction\",\"target\":[\"https:\/\/publimar.mx\/index.php\/2023\/05\/24\/publimar-384\/\"]}]},{\"@type\":\"BreadcrumbList\",\"@id\":\"https:\/\/publimar.mx\/index.php\/2023\/05\/24\/publimar-384\/#breadcrumb\",\"itemListElement\":[{\"@type\":\"ListItem\",\"position\":1,\"name\":\"Portada\",\"item\":\"https:\/\/publimar.mx\/\"},{\"@type\":\"ListItem\",\"position\":2,\"name\":\"Apu\\u00f1alado en Toltepec, Pochutla\"}]},{\"@type\":[\"Article\",\"NewsArticle\"],\"@id\":\"https:\/\/publimar.mx\/index.php\/2023\/05\/24\/publimar-384\/#article\",\"isPartOf\":{\"@id\":\"https:\/\/publimar.mx\/index.php\/2023\/05\/24\/publimar-384\/#webpage\"},\"author\":{\"@id\":\"https:\/\/publimar.mx\/#\/schema\/person\/42ad4d315580276616a11863a241f558\"},\"headline\":\"Apu\\u00f1alado en Toltepec, Pochutla\",\"datePublished\":\"2023-05-24T14:04:02+00:00\",\"dateModified\":\"2023-05-24T14:04:03+00:00\",\"mainEntityOfPage\":{\"@id\":\"https:\/\/publimar.mx\/index.php\/2023\/05\/24\/publimar-384\/#webpage\"},\"wordCount\":256,\"commentCount\":0,\"publisher\":{\"@id\":\"https:\/\/publimar.mx\/#\/schema\/person\/42ad4d315580276616a11863a241f558\"},\"image\":{\"@id\":\"https:\/\/publimar.mx\/index.php\/2023\/05\/24\/publimar-384\/#primaryimage\"},\"thumbnailUrl\":\"https:\/\/publimar.mx\/wp-content\/uploads\/2023\/05\/asesinado-en-toltepec.jpg\",\"articleSection\":[\"policiaca\"],\"inLanguage\":\"es\",\"potentialAction\":[{\"@type\":\"CommentAction\",\"name\":\"Comment\",\"target\":[\"https:\/\/publimar.mx\/index.php\/2023\/05\/24\/publimar-384\/#respond\"]}]},{\"@type\":[\"Person\",\"Organization\"],\"@id\":\"https:\/\/publimar.mx\/#\/schema\/person\/42ad4d315580276616a11863a241f558\",\"name\":\"admin\",\"image\":{\"@type\":\"ImageObject\",\"@id\":\"https:\/\/publimar.mx\/#personlogo\",\"inLanguage\":\"es\",\"url\":\"https:\/\/publimar.mx\/wp-content\/uploads\/2021\/08\/logo.png\",\"contentUrl\":\"https:\/\/publimar.mx\/wp-content\/uploads\/2021\/08\/logo.png\",\"width\":454,\"height\":108,\"caption\":\"admin\"},\"logo\":{\"@id\":\"https:\/\/publimar.mx\/#personlogo\"},\"sameAs\":[\"https:\/\/publimar.mx\"],\"url\":\"https:\/\/publimar.mx\/index.php\/author\/admin\/\"}]}<\/script>\n<!-- \/ Yoast SEO plugin. -->","yoast_head_json":{"title":"Apu\u00f1alado en Toltepec, Pochutla - PubliMar","description":"Jos\u00e9 Armando J. F. de 28 a\u00f1os, fue asesinado a pu\u00f1alada la tarde de este lunes en la comunidad de San Rafael Toltepec ...","robots":{"index":"index","follow":"follow","max-snippet":"max-snippet:-1","max-image-preview":"max-image-preview:large","max-video-preview":"max-video-preview:-1"},"canonical":"https:\/\/publimar.mx\/index.php\/2023\/05\/24\/publimar-384\/","og_locale":"es_ES","og_type":"article","og_title":"Apu\u00f1alado en Toltepec, Pochutla - PubliMar","og_description":"Jos\u00e9 Armando J. F. de 28 a\u00f1os, fue asesinado a pu\u00f1alada la tarde de este lunes en la comunidad de San Rafael Toltepec ...","og_url":"https:\/\/publimar.mx\/index.php\/2023\/05\/24\/publimar-384\/","og_site_name":"PubliMar","article_published_time":"2023-05-24T14:04:02+00:00","article_modified_time":"2023-05-24T14:04:03+00:00","og_image":[{"width":741,"height":369,"url":"https:\/\/publimar.mx\/wp-content\/uploads\/2023\/05\/asesinado-en-toltepec.jpg","path":"\/home\/u358712125\/domains\/publimar.mx\/public_html\/wp-content\/uploads\/2023\/05\/asesinado-en-toltepec.jpg","size":"full","id":7035,"alt":"","pixels":273429,"type":"image\/jpeg"}],"twitter_card":"summary_large_image","twitter_misc":{"Escrito por":"admin","Tiempo de lectura":"2 minutos"},"schema":{"@context":"https:\/\/schema.org","@graph":[{"@type":"WebSite","@id":"https:\/\/publimar.mx\/#website","url":"https:\/\/publimar.mx\/","name":"PubliMar","description":"Informaci\u00f3n de la Costa Oaxaque\u00f1a","publisher":{"@id":"https:\/\/publimar.mx\/#\/schema\/person\/42ad4d315580276616a11863a241f558"},"potentialAction":[{"@type":"SearchAction","target":{"@type":"EntryPoint","urlTemplate":"https:\/\/publimar.mx\/?s={search_term_string}"},"query-input":"required name=search_term_string"}],"inLanguage":"es"},{"@type":"ImageObject","@id":"https:\/\/publimar.mx\/index.php\/2023\/05\/24\/publimar-384\/#primaryimage","inLanguage":"es","url":"https:\/\/publimar.mx\/wp-content\/uploads\/2023\/05\/asesinado-en-toltepec.jpg","contentUrl":"https:\/\/publimar.mx\/wp-content\/uploads\/2023\/05\/asesinado-en-toltepec.jpg","width":741,"height":369},{"@type":"WebPage","@id":"https:\/\/publimar.mx\/index.php\/2023\/05\/24\/publimar-384\/#webpage","url":"https:\/\/publimar.mx\/index.php\/2023\/05\/24\/publimar-384\/","name":"Apu\u00f1alado en Toltepec, Pochutla - PubliMar","isPartOf":{"@id":"https:\/\/publimar.mx\/#website"},"primaryImageOfPage":{"@id":"https:\/\/publimar.mx\/index.php\/2023\/05\/24\/publimar-384\/#primaryimage"},"datePublished":"2023-05-24T14:04:02+00:00","dateModified":"2023-05-24T14:04:03+00:00","description":"Jos\u00e9 Armando J. F. de 28 a\u00f1os, fue asesinado a pu\u00f1alada la tarde de este lunes en la comunidad de San Rafael Toltepec ...","breadcrumb":{"@id":"https:\/\/publimar.mx\/index.php\/2023\/05\/24\/publimar-384\/#breadcrumb"},"inLanguage":"es","potentialAction":[{"@type":"ReadAction","target":["https:\/\/publimar.mx\/index.php\/2023\/05\/24\/publimar-384\/"]}]},{"@type":"BreadcrumbList","@id":"https:\/\/publimar.mx\/index.php\/2023\/05\/24\/publimar-384\/#breadcrumb","itemListElement":[{"@type":"ListItem","position":1,"name":"Portada","item":"https:\/\/publimar.mx\/"},{"@type":"ListItem","position":2,"name":"Apu\u00f1alado en Toltepec, Pochutla"}]},{"@type":["Article","NewsArticle"],"@id":"https:\/\/publimar.mx\/index.php\/2023\/05\/24\/publimar-384\/#article","isPartOf":{"@id":"https:\/\/publimar.mx\/index.php\/2023\/05\/24\/publimar-384\/#webpage"},"author":{"@id":"https:\/\/publimar.mx\/#\/schema\/person\/42ad4d315580276616a11863a241f558"},"headline":"Apu\u00f1alado en Toltepec, Pochutla","datePublished":"2023-05-24T14:04:02+00:00","dateModified":"2023-05-24T14:04:03+00:00","mainEntityOfPage":{"@id":"https:\/\/publimar.mx\/index.php\/2023\/05\/24\/publimar-384\/#webpage"},"wordCount":256,"commentCount":0,"publisher":{"@id":"https:\/\/publimar.mx\/#\/schema\/person\/42ad4d315580276616a11863a241f558"},"image":{"@id":"https:\/\/publimar.mx\/index.php\/2023\/05\/24\/publimar-384\/#primaryimage"},"thumbnailUrl":"https:\/\/publimar.mx\/wp-content\/uploads\/2023\/05\/asesinado-en-toltepec.jpg","articleSection":["policiaca"],"inLanguage":"es","potentialAction":[{"@type":"CommentAction","name":"Comment","target":["https:\/\/publimar.mx\/index.php\/2023\/05\/24\/publimar-384\/#respond"]}]},{"@type":["Person","Organization"],"@id":"https:\/\/publimar.mx\/#\/schema\/person\/42ad4d315580276616a11863a241f558","name":"admin","image":{"@type":"ImageObject","@id":"https:\/\/publimar.mx\/#personlogo","inLanguage":"es","url":"https:\/\/publimar.mx\/wp-content\/uploads\/2021\/08\/logo.png","contentUrl":"https:\/\/publimar.mx\/wp-content\/uploads\/2021\/08\/logo.png","width":454,"height":108,"caption":"admin"},"logo":{"@id":"https:\/\/publimar.mx\/#personlogo"},"sameAs":["https:\/\/publimar.mx"],"url":"https:\/\/publimar.mx\/index.php\/author\/admin\/"}]}},"_links":{"self":[{"href":"https:\/\/publimar.mx\/index.php\/wp-json\/wp\/v2\/posts\/7034"}],"collection":[{"href":"https:\/\/publimar.mx\/index.php\/wp-json\/wp\/v2\/posts"}],"about":[{"href":"https:\/\/publimar.mx\/index.php\/wp-json\/wp\/v2\/types\/post"}],"author":[{"embeddable":true,"href":"https:\/\/publimar.mx\/index.php\/wp-json\/wp\/v2\/users\/1"}],"replies":[{"embeddable":true,"href":"https:\/\/publimar.mx\/index.php\/wp-json\/wp\/v2\/comments?post=7034"}],"version-history":[{"count":1,"href":"https:\/\/publimar.mx\/index.php\/wp-json\/wp\/v2\/posts\/7034\/revisions"}],"predecessor-version":[{"id":7037,"href":"https:\/\/publimar.mx\/index.php\/wp-json\/wp\/v2\/posts\/7034\/revisions\/7037"}],"wp:featuredmedia":[{"embeddable":true,"href":"https:\/\/publimar.mx\/index.php\/wp-json\/wp\/v2\/media\/7035"}],"wp:attachment":[{"href":"https:\/\/publimar.mx\/index.php\/wp-json\/wp\/v2\/media?parent=7034"}],"wp:term":[{"taxonomy":"category","embeddable":true,"href":"https:\/\/publimar.mx\/index.php\/wp-json\/wp\/v2\/categories?post=7034"},{"taxonomy":"post_tag","embeddable":true,"href":"https:\/\/publimar.mx\/index.php\/wp-json\/wp\/v2\/tags?post=7034"}],"curies":[{"name":"wp","href":"https:\/\/api.w.org\/{rel}","templated":true}]}}