{"id":7018,"date":"2023-05-23T12:50:43","date_gmt":"2023-05-23T17:50:43","guid":{"rendered":"https:\/\/publimar.mx\/?p=7018"},"modified":"2023-05-24T08:40:07","modified_gmt":"2023-05-24T13:40:07","slug":"publimar-383","status":"publish","type":"post","link":"https:\/\/publimar.mx\/index.php\/2023\/05\/23\/publimar-383\/","title":{"rendered":"Celebra 84 aniversario de autonom\u00eda en Santo Domingo Ingenio"},"content":{"rendered":"\n<p><\/p>\n\n\n\n<ul><li><strong><em>En b\u00fasqueda de su pertenencia desde la industria el\u00e9ctrica, la agricultura y ganader\u00eda<\/em><\/strong><\/li><li><strong><em>Reactivar el ingenio azucarero, lo convierte en el pueblo principal en el Corredor Interoce\u00e1nico<\/em><\/strong><\/li><\/ul>\n\n\n\n<h2><strong>Ra\u00fal Laguna<\/strong><\/h2>\n\n\n\n<figure class=\"wp-block-gallery alignright columns-1 is-cropped\"><ul class=\"blocks-gallery-grid\"><li class=\"blocks-gallery-item\"><figure><img loading=\"lazy\" width=\"1024\" height=\"768\" src=\"https:\/\/publimar.mx\/wp-content\/uploads\/2023\/05\/aniversario-santo-domingo-ingenio-20-1024x768.jpg\" alt=\"\" data-id=\"7024\" data-full-url=\"https:\/\/publimar.mx\/wp-content\/uploads\/2023\/05\/aniversario-santo-domingo-ingenio-20.jpg\" data-link=\"https:\/\/publimar.mx\/?attachment_id=7024\" class=\"wp-image-7024\" srcset=\"https:\/\/publimar.mx\/wp-content\/uploads\/2023\/05\/aniversario-santo-domingo-ingenio-20-1024x768.jpg 1024w, https:\/\/publimar.mx\/wp-content\/uploads\/2023\/05\/aniversario-santo-domingo-ingenio-20-300x225.jpg 300w, https:\/\/publimar.mx\/wp-content\/uploads\/2023\/05\/aniversario-santo-domingo-ingenio-20-768x576.jpg 768w, https:\/\/publimar.mx\/wp-content\/uploads\/2023\/05\/aniversario-santo-domingo-ingenio-20-1536x1152.jpg 1536w, https:\/\/publimar.mx\/wp-content\/uploads\/2023\/05\/aniversario-santo-domingo-ingenio-20.jpg 2048w\" sizes=\"(max-width: 1024px) 100vw, 1024px\" \/><\/figure><\/li><\/ul><\/figure>\n\n\n\n<p><strong>SANTO DOMINGO INGENIO<\/strong>. &#8211; Calenda y eventos c\u00edvico y cultural fue el distintivo que \u00e9ste fin de semana engalan\u00f3 al municipio de <strong>Santo Domingo Ingenio<\/strong> al cumplir <strong>84 a\u00f1os de autonom\u00eda<\/strong> como municipio libre y soberano; adem\u00e1s el reconocimiento por parte del gobierno del estado.<\/p>\n\n\n\n<p>Siendo un municipio aut\u00f3nomo, libre y soberado, es el mismo pueblo que administra sus recursos, lo que la poblaci\u00f3n, con una calenda y eventos cultural y c\u00edvico, durante dos d\u00edas celebr\u00f3 sus 84 a\u00f1os de autonom\u00eda.<\/p>\n\n\n\n<h2><strong>84 a\u00f1os de cultura y pertenencia<\/strong><\/h2>\n\n\n\n<p>Para conmemorar el aniversario n\u00famero 84, en \u00e9sta poblaci\u00f3n se realiz\u00f3 el Festival Cultural Estudiantil, un evento enriquecedor y que busca la consolidaci\u00f3n de la cultura del pueblo.<\/p>\n\n\n\n<p>Participaron diferentes escuelas del municipio, se unieron para mostrar su talento con diversos bailes tradicionales del estado de Oaxaca e interpretaciones musicales, creando un ambiente de celebraci\u00f3n y aprendizaje; reafirmando as\u00ed, el valor cultural de un pueblo que naci\u00f3 de un desarrollo econ\u00f3mico.<\/p>\n\n\n\n<p>La celebraci\u00f3n realizada durante el pasado viernes y s\u00e1bado, que adem\u00e1s de celebrar el aniversario de la autonom\u00eda municipal, se busca en fortalecer el sentido de pertenencia de la comunidad.<\/p>\n\n\n\n<h2><strong>Pueblo formado por muchas culturas<\/strong><\/h2>\n\n\n\n<div class=\"wp-block-image\"><figure class=\"alignright size-full\"><img loading=\"lazy\" width=\"275\" height=\"183\" src=\"https:\/\/publimar.mx\/wp-content\/uploads\/2023\/05\/santo-domingo.jpg\" alt=\"\" class=\"wp-image-7027\"\/><\/figure><\/div>\n\n\n\n<p>Santo Domingo Ingenio es una poblaci\u00f3n que se asent\u00f3 por el ingenio azucarero desde hace muchos a\u00f1os y que tambi\u00e9n fue su principal fuente de producci\u00f3n y desarrollo econ\u00f3mico.<\/p>\n\n\n\n<p>Por el ingenio azucarero permiti\u00f3 que la gente se fuera congregando en lo que ahora es la poblaci\u00f3n, provenientes de <strong>Ixtaltepec, Espinal, Juchit\u00e1n, La Venta<\/strong> y de otras poblaciones del estado de <strong>Chiapas<\/strong>.<\/p>\n\n\n\n<p>Pobladores relatan que \u201clos colonizadores espa\u00f1oles que trajeron el primer trapiche que se quedaron ac\u00e1, entonces somos una mezcolanza\u201d, lo que forma la particularidad del municipio de Santo Domingo Ingenio.<\/p>\n\n\n\n<p>Un pueblo con una mezcla de muchas culturas, sin ser milenario, encontr\u00f3 una identidad propia, que a pesar de encontrarse muy cerca del municipio de <strong>Juchit\u00e1n<\/strong>, de la Venta; no hablan la lengua zapoteca; \u201csolo las personas mayores, de la tercera edad, esa generaci\u00f3n y hasta all\u00ed, las nuevas generaciones ya no hablan el zapoteco\u201d, detall\u00f3 <strong>Germa\u00edn Alvarado L\u00f3pez<\/strong>, presidente municipal de Santo Domingo Ingenio.<\/p>\n\n\n\n<p>Esa p\u00e9rdida de identidad, para Alvarado L\u00f3pez, con los eventos realizados, se busca tejer, con los eventos culturales hicieron alusi\u00f3n a los sones regionales en la lengua zapoteca, en las tradiciones de la comunidad como son las \u201cVelas Istme\u00f1a\u201d que fomentan la cultura.<\/p>\n\n\n\n<p>Fueron dos d\u00edas de fiesta en donde se replic\u00f3, con un festival cultural en la que participaron las instituciones educativas, con la finalidad de que los estudiantes refuercen la identidad y creer en la cultura como pueblo zapoteca.<\/p>\n\n\n\n<h2><strong>Su origen del desarrollo econ\u00f3mico<\/strong><\/h2>\n\n\n\n<div class=\"wp-block-image\"><figure class=\"alignright size-full is-resized\"><img loading=\"lazy\" src=\"https:\/\/publimar.mx\/wp-content\/uploads\/2023\/05\/santo-domingo-agricultura-1.jpeg\" alt=\"\" class=\"wp-image-7025\" width=\"512\" height=\"384\" srcset=\"https:\/\/publimar.mx\/wp-content\/uploads\/2023\/05\/santo-domingo-agricultura-1.jpeg 1024w, https:\/\/publimar.mx\/wp-content\/uploads\/2023\/05\/santo-domingo-agricultura-1-300x225.jpeg 300w, https:\/\/publimar.mx\/wp-content\/uploads\/2023\/05\/santo-domingo-agricultura-1-768x576.jpeg 768w\" sizes=\"(max-width: 512px) 100vw, 512px\" \/><\/figure><\/div>\n\n\n\n<p>Santo Domingo Ingenio, al ser origen de un desarrollo econ\u00f3mico y formado por pobladores de provenientes de diversos lugares; ha logrado la identidad organizativa con sus vastos recursos; cuenta con al menos 2 mil 400 hect\u00e1reas de riego, cuenta con un sistema de infraestructura de riego por gravedad en la parte Norte con colindancia con Los Chimalapas.<\/p>\n\n\n\n<p>Adem\u00e1s, cuenta con una presa derivadora que data de muchos a\u00f1os de la llegada de los espa\u00f1oles, que a\u00fan funciona y con nueve kil\u00f3metros de canal principal y otra red de 14 kil\u00f3metros de canal secundario, lo que les permite ser un municipio agr\u00edcola, pecuario y ganadero.<\/p>\n\n\n\n<p>Con el sistema de riego con el que cuentan, Santo Domingo Ingenio ha logrado tener productos principales en la agricultura; como en su tiempo la ca\u00f1a y actualmente el sorgo, que al a\u00f1o producen 45 mil toneladas, lo que le ha dado pauta para estar en el ojo del \u201ccorredor Interoce\u00e1nico\u201d.<\/p>\n\n\n\n<p>De acuerdo a la autoridad municipal, se tiene en proyecto una planta procesadora de productos balanceados, \u201cqueremos llevar el ciclo productivo hasta tener una granja, puede ser porc\u00edcola, av\u00edcola o bobina, para poder nosotros tener la posibilidad de comercializaci\u00f3n en el Corredor Interoce\u00e1nico\u201d, coment\u00f3.<\/p>\n\n\n\n<h2><strong>La industria el\u00e9ctrica, agricultura y ganader\u00eda, combinaci\u00f3n ant\u00edmigratoria<\/strong><\/h2>\n\n\n\n<div class=\"wp-block-image\"><figure class=\"alignright size-large is-resized\"><img loading=\"lazy\" src=\"https:\/\/publimar.mx\/wp-content\/uploads\/2023\/05\/santo-domingo-ingenio-electrificacion-1024x577.jpg\" alt=\"\" class=\"wp-image-7026\" width=\"512\" height=\"289\" srcset=\"https:\/\/publimar.mx\/wp-content\/uploads\/2023\/05\/santo-domingo-ingenio-electrificacion-1024x577.jpg 1024w, https:\/\/publimar.mx\/wp-content\/uploads\/2023\/05\/santo-domingo-ingenio-electrificacion-300x169.jpg 300w, https:\/\/publimar.mx\/wp-content\/uploads\/2023\/05\/santo-domingo-ingenio-electrificacion-768x433.jpg 768w, https:\/\/publimar.mx\/wp-content\/uploads\/2023\/05\/santo-domingo-ingenio-electrificacion-1536x866.jpg 1536w, https:\/\/publimar.mx\/wp-content\/uploads\/2023\/05\/santo-domingo-ingenio-electrificacion.jpg 1600w\" sizes=\"(max-width: 512px) 100vw, 512px\" \/><\/figure><\/div>\n\n\n\n<p>Aunque siempre ha existido el fen\u00f3meno migratorio, \u201ccon la incursi\u00f3n de los parques e\u00f3licos, pudimos tener un balance en lo que era la agricultura, la ganader\u00eda, el sistema de producci\u00f3n y ahora la generaci\u00f3n e\u00f3lica\u201d, lo que ha permitido que los profesionistas de Santo Domingo Ingenio puedan desempe\u00f1arse.<\/p>\n\n\n\n<p>Son de 30 a 40 profesionistas que se desempe\u00f1an en cada parque e\u00f3lico; son cinco los que est\u00e1n instalados en la municipalidad, lo que alberga un alrededor de 150 profesionales locales contratados directamente.<\/p>\n\n\n\n<p>Aunado a la industria el\u00e9ctrica, pobladores combinan las actividades en la producci\u00f3n agr\u00edcola, en la siembra de sorgo, cacahuate, ajonjol\u00ed, aprovechando los linderos del r\u00edo \u201cEsp\u00edritu Santo\u201d.<\/p>\n\n\n\n<p>\u201cEl potencial de Santo Domingo Ingenio est\u00e1 en la ubicaci\u00f3n que se tiene y el microsistema que se genera, nuestro recurso natural con el que contamos es que tenemos suelos con baja cantidad de sales, tenemos un PH balanceado de acuerdo a la mec\u00e1nica de suelo, tenemos los estudios que se hicieron hace muchos a\u00f1os con el tema azucarero, lo que han sido id\u00f3neos para productos de \u00edndole que tuvieran fructuosa o glucosa\u201d, detall\u00f3 Germa\u00edn Alvarado L\u00f3pez.<\/p>\n\n\n\n<p>A pesar de poder sembrar huertas de mangos, el factor del viento no les permite tener una buena cosecha, lo que les permite a los productores la b\u00fasqueda de otros cultivos, a lo que ellos llaman rastreros, que tiene que soportar las inclemencias de los vientos, como es el caso del cacahuate, sorgo, ajonjol\u00ed que tienen la posibilidad de adaptaci\u00f3n y rendimiento.<\/p>\n\n\n\n<h2><strong>Santo Domingo Ingenio, principal integrante del Corredor Interoce\u00e1nico<\/strong><\/h2>\n\n\n\n<p>El pueblo de Santo Domingo Ingenio tiene las posibilidades de participaren el \u201ccorredor Interoce\u00e1nico\u201d, el gobierno local ha solicitado al gobierno del estado la reactivaci\u00f3n del ingenio, cuentan con la infraestructura pluvial para riego; \u201ctenemos el agua, tenemos la tierra, lo que hace falta es reactivar y hacer coincidir a esos factores; ya buscamos el comercializador que busca comprar az\u00facar\u201d, detall\u00f3 Alvarado L\u00f3pez.<\/p>\n\n\n\n<p>Con proyectos productivos encaminados y con el apoyo del gobierno del estado, Santo Domingo Ingenio podr\u00eda incursionar en el sistema productivo, en el sistema de comercializaci\u00f3n, como principal en el Corredor Interoce\u00e1nico con los productos del ingenio azucarero y la planta procesadora de alimentos.<\/p>\n\n\n\n<figure class=\"wp-block-gallery columns-3 is-cropped\"><ul class=\"blocks-gallery-grid\"><li class=\"blocks-gallery-item\"><figure><img loading=\"lazy\" width=\"633\" height=\"1024\" src=\"https:\/\/publimar.mx\/wp-content\/uploads\/2023\/05\/IMG-20230522-WA0207-633x1024.jpg\" alt=\"\" data-id=\"7019\" data-full-url=\"https:\/\/publimar.mx\/wp-content\/uploads\/2023\/05\/IMG-20230522-WA0207.jpg\" data-link=\"https:\/\/publimar.mx\/?attachment_id=7019\" class=\"wp-image-7019\" srcset=\"https:\/\/publimar.mx\/wp-content\/uploads\/2023\/05\/IMG-20230522-WA0207-633x1024.jpg 633w, https:\/\/publimar.mx\/wp-content\/uploads\/2023\/05\/IMG-20230522-WA0207-186x300.jpg 186w, https:\/\/publimar.mx\/wp-content\/uploads\/2023\/05\/IMG-20230522-WA0207-768x1242.jpg 768w, https:\/\/publimar.mx\/wp-content\/uploads\/2023\/05\/IMG-20230522-WA0207.jpg 828w\" sizes=\"(max-width: 633px) 100vw, 633px\" \/><\/figure><\/li><li class=\"blocks-gallery-item\"><figure><img loading=\"lazy\" width=\"960\" height=\"720\" src=\"https:\/\/publimar.mx\/wp-content\/uploads\/2023\/05\/IMG-20230522-WA0164.jpg\" alt=\"\" data-id=\"7020\" data-full-url=\"https:\/\/publimar.mx\/wp-content\/uploads\/2023\/05\/IMG-20230522-WA0164.jpg\" data-link=\"https:\/\/publimar.mx\/?attachment_id=7020\" class=\"wp-image-7020\" srcset=\"https:\/\/publimar.mx\/wp-content\/uploads\/2023\/05\/IMG-20230522-WA0164.jpg 960w, https:\/\/publimar.mx\/wp-content\/uploads\/2023\/05\/IMG-20230522-WA0164-300x225.jpg 300w, https:\/\/publimar.mx\/wp-content\/uploads\/2023\/05\/IMG-20230522-WA0164-768x576.jpg 768w\" sizes=\"(max-width: 960px) 100vw, 960px\" \/><\/figure><\/li><li class=\"blocks-gallery-item\"><figure><img loading=\"lazy\" width=\"768\" height=\"1024\" src=\"https:\/\/publimar.mx\/wp-content\/uploads\/2023\/05\/IMG-20230522-WA0166-768x1024.jpg\" alt=\"\" data-id=\"7021\" data-full-url=\"https:\/\/publimar.mx\/wp-content\/uploads\/2023\/05\/IMG-20230522-WA0166.jpg\" data-link=\"https:\/\/publimar.mx\/?attachment_id=7021\" class=\"wp-image-7021\" srcset=\"https:\/\/publimar.mx\/wp-content\/uploads\/2023\/05\/IMG-20230522-WA0166-768x1024.jpg 768w, https:\/\/publimar.mx\/wp-content\/uploads\/2023\/05\/IMG-20230522-WA0166-225x300.jpg 225w, https:\/\/publimar.mx\/wp-content\/uploads\/2023\/05\/IMG-20230522-WA0166-1152x1536.jpg 1152w, https:\/\/publimar.mx\/wp-content\/uploads\/2023\/05\/IMG-20230522-WA0166.jpg 1200w\" sizes=\"(max-width: 768px) 100vw, 768px\" \/><\/figure><\/li><li class=\"blocks-gallery-item\"><figure><img loading=\"lazy\" width=\"960\" height=\"720\" src=\"https:\/\/publimar.mx\/wp-content\/uploads\/2023\/05\/IMG-20230522-WA0168.jpg\" alt=\"\" data-id=\"7022\" data-full-url=\"https:\/\/publimar.mx\/wp-content\/uploads\/2023\/05\/IMG-20230522-WA0168.jpg\" data-link=\"https:\/\/publimar.mx\/?attachment_id=7022\" class=\"wp-image-7022\" srcset=\"https:\/\/publimar.mx\/wp-content\/uploads\/2023\/05\/IMG-20230522-WA0168.jpg 960w, https:\/\/publimar.mx\/wp-content\/uploads\/2023\/05\/IMG-20230522-WA0168-300x225.jpg 300w, https:\/\/publimar.mx\/wp-content\/uploads\/2023\/05\/IMG-20230522-WA0168-768x576.jpg 768w\" sizes=\"(max-width: 960px) 100vw, 960px\" \/><\/figure><\/li><li class=\"blocks-gallery-item\"><figure><img loading=\"lazy\" width=\"1024\" height=\"684\" src=\"https:\/\/publimar.mx\/wp-content\/uploads\/2023\/05\/IMG-20230522-WA0167.jpg\" alt=\"\" data-id=\"7023\" data-full-url=\"https:\/\/publimar.mx\/wp-content\/uploads\/2023\/05\/IMG-20230522-WA0167.jpg\" data-link=\"https:\/\/publimar.mx\/?attachment_id=7023\" class=\"wp-image-7023\" srcset=\"https:\/\/publimar.mx\/wp-content\/uploads\/2023\/05\/IMG-20230522-WA0167.jpg 1024w, https:\/\/publimar.mx\/wp-content\/uploads\/2023\/05\/IMG-20230522-WA0167-300x200.jpg 300w, https:\/\/publimar.mx\/wp-content\/uploads\/2023\/05\/IMG-20230522-WA0167-768x513.jpg 768w\" sizes=\"(max-width: 1024px) 100vw, 1024px\" \/><\/figure><\/li><\/ul><\/figure>\n\n\n\n<figure class=\"wp-block-video\"><video controls src=\"blob:https:\/\/publimar.mx\/75683cc4-d27c-4958-8ed5-002c4468aa04\"><\/video><\/figure>\n","protected":false},"excerpt":{"rendered":"<p>En b\u00fasqueda de su pertenencia desde la industria el\u00e9ctrica, la agricultura y ganader\u00eda Reactivar el ingenio azucarero, lo convierte en el pueblo principal en el Corredor Interoce\u00e1nico Ra\u00fal Laguna SANTO&hellip; <\/p>\n","protected":false},"author":1,"featured_media":7019,"comment_status":"open","ping_status":"open","sticky":false,"template":"","format":"standard","meta":{"_monsterinsights_skip_tracking":false,"_monsterinsights_sitenote_active":false,"_monsterinsights_sitenote_note":"","_monsterinsights_sitenote_category":0},"categories":[5,14],"tags":[],"yoast_head":"<!-- This site is optimized with the Yoast SEO plugin v17.0 - https:\/\/yoast.com\/wordpress\/plugins\/seo\/ -->\n<title>Celebra 84 aniversario de autonom\u00eda en Santo Domingo Ingenio - PubliMar<\/title>\n<meta name=\"description\" content=\"Calenda y eventos c\u00edvico y cultural fue el distintivo que \u00e9ste fin de semana engalan\u00f3 al municipio de Santo Domingo Ingenio al cumplir 84 ...\" \/>\n<meta name=\"robots\" content=\"index, follow, max-snippet:-1, max-image-preview:large, max-video-preview:-1\" \/>\n<link rel=\"canonical\" href=\"https:\/\/publimar.mx\/index.php\/2023\/05\/23\/publimar-383\/\" \/>\n<meta property=\"og:locale\" content=\"es_ES\" \/>\n<meta property=\"og:type\" content=\"article\" \/>\n<meta property=\"og:title\" content=\"Celebra 84 aniversario de autonom\u00eda en Santo Domingo Ingenio - PubliMar\" \/>\n<meta property=\"og:description\" content=\"Calenda y eventos c\u00edvico y cultural fue el distintivo que \u00e9ste fin de semana engalan\u00f3 al municipio de Santo Domingo Ingenio al cumplir 84 ...\" \/>\n<meta property=\"og:url\" content=\"https:\/\/publimar.mx\/index.php\/2023\/05\/23\/publimar-383\/\" \/>\n<meta property=\"og:site_name\" content=\"PubliMar\" \/>\n<meta property=\"article:published_time\" content=\"2023-05-23T17:50:43+00:00\" \/>\n<meta property=\"article:modified_time\" content=\"2023-05-24T13:40:07+00:00\" \/>\n<meta property=\"og:image\" content=\"https:\/\/publimar.mx\/wp-content\/uploads\/2023\/05\/IMG-20230522-WA0207.jpg\" \/>\n\t<meta property=\"og:image:width\" content=\"828\" \/>\n\t<meta property=\"og:image:height\" content=\"1339\" \/>\n<meta name=\"twitter:card\" content=\"summary_large_image\" \/>\n<meta name=\"twitter:label1\" content=\"Escrito por\" \/>\n\t<meta name=\"twitter:data1\" content=\"admin\" \/>\n\t<meta name=\"twitter:label2\" content=\"Tiempo de lectura\" \/>\n\t<meta name=\"twitter:data2\" content=\"7 minutos\" \/>\n<script type=\"application\/ld+json\" class=\"yoast-schema-graph\">{\"@context\":\"https:\/\/schema.org\",\"@graph\":[{\"@type\":\"WebSite\",\"@id\":\"https:\/\/publimar.mx\/#website\",\"url\":\"https:\/\/publimar.mx\/\",\"name\":\"PubliMar\",\"description\":\"Informaci\\u00f3n de la Costa Oaxaque\\u00f1a\",\"publisher\":{\"@id\":\"https:\/\/publimar.mx\/#\/schema\/person\/42ad4d315580276616a11863a241f558\"},\"potentialAction\":[{\"@type\":\"SearchAction\",\"target\":{\"@type\":\"EntryPoint\",\"urlTemplate\":\"https:\/\/publimar.mx\/?s={search_term_string}\"},\"query-input\":\"required name=search_term_string\"}],\"inLanguage\":\"es\"},{\"@type\":\"ImageObject\",\"@id\":\"https:\/\/publimar.mx\/index.php\/2023\/05\/23\/publimar-383\/#primaryimage\",\"inLanguage\":\"es\",\"url\":\"https:\/\/publimar.mx\/wp-content\/uploads\/2023\/05\/IMG-20230522-WA0207.jpg\",\"contentUrl\":\"https:\/\/publimar.mx\/wp-content\/uploads\/2023\/05\/IMG-20230522-WA0207.jpg\",\"width\":828,\"height\":1339},{\"@type\":\"WebPage\",\"@id\":\"https:\/\/publimar.mx\/index.php\/2023\/05\/23\/publimar-383\/#webpage\",\"url\":\"https:\/\/publimar.mx\/index.php\/2023\/05\/23\/publimar-383\/\",\"name\":\"Celebra 84 aniversario de autonom\\u00eda en Santo Domingo Ingenio - PubliMar\",\"isPartOf\":{\"@id\":\"https:\/\/publimar.mx\/#website\"},\"primaryImageOfPage\":{\"@id\":\"https:\/\/publimar.mx\/index.php\/2023\/05\/23\/publimar-383\/#primaryimage\"},\"datePublished\":\"2023-05-23T17:50:43+00:00\",\"dateModified\":\"2023-05-24T13:40:07+00:00\",\"description\":\"Calenda y eventos c\\u00edvico y cultural fue el distintivo que \\u00e9ste fin de semana engalan\\u00f3 al municipio de Santo Domingo Ingenio al cumplir 84 ...\",\"breadcrumb\":{\"@id\":\"https:\/\/publimar.mx\/index.php\/2023\/05\/23\/publimar-383\/#breadcrumb\"},\"inLanguage\":\"es\",\"potentialAction\":[{\"@type\":\"ReadAction\",\"target\":[\"https:\/\/publimar.mx\/index.php\/2023\/05\/23\/publimar-383\/\"]}]},{\"@type\":\"BreadcrumbList\",\"@id\":\"https:\/\/publimar.mx\/index.php\/2023\/05\/23\/publimar-383\/#breadcrumb\",\"itemListElement\":[{\"@type\":\"ListItem\",\"position\":1,\"name\":\"Portada\",\"item\":\"https:\/\/publimar.mx\/\"},{\"@type\":\"ListItem\",\"position\":2,\"name\":\"Celebra 84 aniversario de autonom\\u00eda en Santo Domingo Ingenio\"}]},{\"@type\":[\"Article\",\"NewsArticle\"],\"@id\":\"https:\/\/publimar.mx\/index.php\/2023\/05\/23\/publimar-383\/#article\",\"isPartOf\":{\"@id\":\"https:\/\/publimar.mx\/index.php\/2023\/05\/23\/publimar-383\/#webpage\"},\"author\":{\"@id\":\"https:\/\/publimar.mx\/#\/schema\/person\/42ad4d315580276616a11863a241f558\"},\"headline\":\"Celebra 84 aniversario de autonom\\u00eda en Santo Domingo Ingenio\",\"datePublished\":\"2023-05-23T17:50:43+00:00\",\"dateModified\":\"2023-05-24T13:40:07+00:00\",\"mainEntityOfPage\":{\"@id\":\"https:\/\/publimar.mx\/index.php\/2023\/05\/23\/publimar-383\/#webpage\"},\"wordCount\":1126,\"commentCount\":0,\"publisher\":{\"@id\":\"https:\/\/publimar.mx\/#\/schema\/person\/42ad4d315580276616a11863a241f558\"},\"image\":{\"@id\":\"https:\/\/publimar.mx\/index.php\/2023\/05\/23\/publimar-383\/#primaryimage\"},\"thumbnailUrl\":\"https:\/\/publimar.mx\/wp-content\/uploads\/2023\/05\/IMG-20230522-WA0207.jpg\",\"articleSection\":[\"cultura...\",\"Regional\"],\"inLanguage\":\"es\",\"potentialAction\":[{\"@type\":\"CommentAction\",\"name\":\"Comment\",\"target\":[\"https:\/\/publimar.mx\/index.php\/2023\/05\/23\/publimar-383\/#respond\"]}]},{\"@type\":[\"Person\",\"Organization\"],\"@id\":\"https:\/\/publimar.mx\/#\/schema\/person\/42ad4d315580276616a11863a241f558\",\"name\":\"admin\",\"image\":{\"@type\":\"ImageObject\",\"@id\":\"https:\/\/publimar.mx\/#personlogo\",\"inLanguage\":\"es\",\"url\":\"https:\/\/publimar.mx\/wp-content\/uploads\/2021\/08\/logo.png\",\"contentUrl\":\"https:\/\/publimar.mx\/wp-content\/uploads\/2021\/08\/logo.png\",\"width\":454,\"height\":108,\"caption\":\"admin\"},\"logo\":{\"@id\":\"https:\/\/publimar.mx\/#personlogo\"},\"sameAs\":[\"https:\/\/publimar.mx\"],\"url\":\"https:\/\/publimar.mx\/index.php\/author\/admin\/\"}]}<\/script>\n<!-- \/ Yoast SEO plugin. -->","yoast_head_json":{"title":"Celebra 84 aniversario de autonom\u00eda en Santo Domingo Ingenio - PubliMar","description":"Calenda y eventos c\u00edvico y cultural fue el distintivo que \u00e9ste fin de semana engalan\u00f3 al municipio de Santo Domingo Ingenio al cumplir 84 ...","robots":{"index":"index","follow":"follow","max-snippet":"max-snippet:-1","max-image-preview":"max-image-preview:large","max-video-preview":"max-video-preview:-1"},"canonical":"https:\/\/publimar.mx\/index.php\/2023\/05\/23\/publimar-383\/","og_locale":"es_ES","og_type":"article","og_title":"Celebra 84 aniversario de autonom\u00eda en Santo Domingo Ingenio - PubliMar","og_description":"Calenda y eventos c\u00edvico y cultural fue el distintivo que \u00e9ste fin de semana engalan\u00f3 al municipio de Santo Domingo Ingenio al cumplir 84 ...","og_url":"https:\/\/publimar.mx\/index.php\/2023\/05\/23\/publimar-383\/","og_site_name":"PubliMar","article_published_time":"2023-05-23T17:50:43+00:00","article_modified_time":"2023-05-24T13:40:07+00:00","og_image":[{"width":828,"height":1339,"url":"https:\/\/publimar.mx\/wp-content\/uploads\/2023\/05\/IMG-20230522-WA0207.jpg","path":"\/home\/u358712125\/domains\/publimar.mx\/public_html\/wp-content\/uploads\/2023\/05\/IMG-20230522-WA0207.jpg","size":"full","id":7019,"alt":"","pixels":1108692,"type":"image\/jpeg"}],"twitter_card":"summary_large_image","twitter_misc":{"Escrito por":"admin","Tiempo de lectura":"7 minutos"},"schema":{"@context":"https:\/\/schema.org","@graph":[{"@type":"WebSite","@id":"https:\/\/publimar.mx\/#website","url":"https:\/\/publimar.mx\/","name":"PubliMar","description":"Informaci\u00f3n de la Costa Oaxaque\u00f1a","publisher":{"@id":"https:\/\/publimar.mx\/#\/schema\/person\/42ad4d315580276616a11863a241f558"},"potentialAction":[{"@type":"SearchAction","target":{"@type":"EntryPoint","urlTemplate":"https:\/\/publimar.mx\/?s={search_term_string}"},"query-input":"required name=search_term_string"}],"inLanguage":"es"},{"@type":"ImageObject","@id":"https:\/\/publimar.mx\/index.php\/2023\/05\/23\/publimar-383\/#primaryimage","inLanguage":"es","url":"https:\/\/publimar.mx\/wp-content\/uploads\/2023\/05\/IMG-20230522-WA0207.jpg","contentUrl":"https:\/\/publimar.mx\/wp-content\/uploads\/2023\/05\/IMG-20230522-WA0207.jpg","width":828,"height":1339},{"@type":"WebPage","@id":"https:\/\/publimar.mx\/index.php\/2023\/05\/23\/publimar-383\/#webpage","url":"https:\/\/publimar.mx\/index.php\/2023\/05\/23\/publimar-383\/","name":"Celebra 84 aniversario de autonom\u00eda en Santo Domingo Ingenio - PubliMar","isPartOf":{"@id":"https:\/\/publimar.mx\/#website"},"primaryImageOfPage":{"@id":"https:\/\/publimar.mx\/index.php\/2023\/05\/23\/publimar-383\/#primaryimage"},"datePublished":"2023-05-23T17:50:43+00:00","dateModified":"2023-05-24T13:40:07+00:00","description":"Calenda y eventos c\u00edvico y cultural fue el distintivo que \u00e9ste fin de semana engalan\u00f3 al municipio de Santo Domingo Ingenio al cumplir 84 ...","breadcrumb":{"@id":"https:\/\/publimar.mx\/index.php\/2023\/05\/23\/publimar-383\/#breadcrumb"},"inLanguage":"es","potentialAction":[{"@type":"ReadAction","target":["https:\/\/publimar.mx\/index.php\/2023\/05\/23\/publimar-383\/"]}]},{"@type":"BreadcrumbList","@id":"https:\/\/publimar.mx\/index.php\/2023\/05\/23\/publimar-383\/#breadcrumb","itemListElement":[{"@type":"ListItem","position":1,"name":"Portada","item":"https:\/\/publimar.mx\/"},{"@type":"ListItem","position":2,"name":"Celebra 84 aniversario de autonom\u00eda en Santo Domingo Ingenio"}]},{"@type":["Article","NewsArticle"],"@id":"https:\/\/publimar.mx\/index.php\/2023\/05\/23\/publimar-383\/#article","isPartOf":{"@id":"https:\/\/publimar.mx\/index.php\/2023\/05\/23\/publimar-383\/#webpage"},"author":{"@id":"https:\/\/publimar.mx\/#\/schema\/person\/42ad4d315580276616a11863a241f558"},"headline":"Celebra 84 aniversario de autonom\u00eda en Santo Domingo Ingenio","datePublished":"2023-05-23T17:50:43+00:00","dateModified":"2023-05-24T13:40:07+00:00","mainEntityOfPage":{"@id":"https:\/\/publimar.mx\/index.php\/2023\/05\/23\/publimar-383\/#webpage"},"wordCount":1126,"commentCount":0,"publisher":{"@id":"https:\/\/publimar.mx\/#\/schema\/person\/42ad4d315580276616a11863a241f558"},"image":{"@id":"https:\/\/publimar.mx\/index.php\/2023\/05\/23\/publimar-383\/#primaryimage"},"thumbnailUrl":"https:\/\/publimar.mx\/wp-content\/uploads\/2023\/05\/IMG-20230522-WA0207.jpg","articleSection":["cultura...","Regional"],"inLanguage":"es","potentialAction":[{"@type":"CommentAction","name":"Comment","target":["https:\/\/publimar.mx\/index.php\/2023\/05\/23\/publimar-383\/#respond"]}]},{"@type":["Person","Organization"],"@id":"https:\/\/publimar.mx\/#\/schema\/person\/42ad4d315580276616a11863a241f558","name":"admin","image":{"@type":"ImageObject","@id":"https:\/\/publimar.mx\/#personlogo","inLanguage":"es","url":"https:\/\/publimar.mx\/wp-content\/uploads\/2021\/08\/logo.png","contentUrl":"https:\/\/publimar.mx\/wp-content\/uploads\/2021\/08\/logo.png","width":454,"height":108,"caption":"admin"},"logo":{"@id":"https:\/\/publimar.mx\/#personlogo"},"sameAs":["https:\/\/publimar.mx"],"url":"https:\/\/publimar.mx\/index.php\/author\/admin\/"}]}},"_links":{"self":[{"href":"https:\/\/publimar.mx\/index.php\/wp-json\/wp\/v2\/posts\/7018"}],"collection":[{"href":"https:\/\/publimar.mx\/index.php\/wp-json\/wp\/v2\/posts"}],"about":[{"href":"https:\/\/publimar.mx\/index.php\/wp-json\/wp\/v2\/types\/post"}],"author":[{"embeddable":true,"href":"https:\/\/publimar.mx\/index.php\/wp-json\/wp\/v2\/users\/1"}],"replies":[{"embeddable":true,"href":"https:\/\/publimar.mx\/index.php\/wp-json\/wp\/v2\/comments?post=7018"}],"version-history":[{"count":2,"href":"https:\/\/publimar.mx\/index.php\/wp-json\/wp\/v2\/posts\/7018\/revisions"}],"predecessor-version":[{"id":7029,"href":"https:\/\/publimar.mx\/index.php\/wp-json\/wp\/v2\/posts\/7018\/revisions\/7029"}],"wp:featuredmedia":[{"embeddable":true,"href":"https:\/\/publimar.mx\/index.php\/wp-json\/wp\/v2\/media\/7019"}],"wp:attachment":[{"href":"https:\/\/publimar.mx\/index.php\/wp-json\/wp\/v2\/media?parent=7018"}],"wp:term":[{"taxonomy":"category","embeddable":true,"href":"https:\/\/publimar.mx\/index.php\/wp-json\/wp\/v2\/categories?post=7018"},{"taxonomy":"post_tag","embeddable":true,"href":"https:\/\/publimar.mx\/index.php\/wp-json\/wp\/v2\/tags?post=7018"}],"curies":[{"name":"wp","href":"https:\/\/api.w.org\/{rel}","templated":true}]}}