{"id":6952,"date":"2023-05-10T08:54:00","date_gmt":"2023-05-10T13:54:00","guid":{"rendered":"https:\/\/publimar.mx\/?p=6952"},"modified":"2023-05-10T08:57:06","modified_gmt":"2023-05-10T13:57:06","slug":"publimar-373","status":"publish","type":"post","link":"https:\/\/publimar.mx\/index.php\/2023\/05\/10\/publimar-373\/","title":{"rendered":"Muere al quedar atrapado en quema de pastizal en Santos Reyes Nopala"},"content":{"rendered":"\n<ul><li><em><strong>Los hechos en distrito de Santo Reyes Nopala, donde un hombre muri\u00f3 a consecuencia de las quemaduras que sufri\u00f3 en la quema de un pastizal<\/strong><\/em><\/li><\/ul>\n\n\n\n<p><strong>Jorge P\u00e9rez<\/strong><\/p>\n\n\n\n<div class=\"wp-block-image\"><figure class=\"alignright size-full is-resized\"><img loading=\"lazy\" src=\"https:\/\/publimar.mx\/wp-content\/uploads\/2023\/05\/incendio-pastizal.jpg\" alt=\"\" class=\"wp-image-6953\" width=\"371\" height=\"184\" srcset=\"https:\/\/publimar.mx\/wp-content\/uploads\/2023\/05\/incendio-pastizal.jpg 742w, https:\/\/publimar.mx\/wp-content\/uploads\/2023\/05\/incendio-pastizal-300x148.jpg 300w\" sizes=\"(max-width: 371px) 100vw, 371px\" \/><\/figure><\/div>\n\n\n\n<p>El campesino Alejo Z. V. de 50 a\u00f1os de edad, muri\u00f3 a consecuencia de las quemaduras que sufri\u00f3 en el cuerpo al quemar pastizal de su parcela en el distrito de Santos Reyes Nopala.<\/p>\n\n\n\n<p>acuerdo a la tarjeta informativa de la Agencia Estatal de Investigaciones (AEI), los hechos ocurrieron aproximadamente alrededor de las 15:00 horas de este martes 9 de mayo en la Agencia Municipal de Santa Luc\u00eda Teotepec.<\/p>\n\n\n\n<p>Ante los hechos ese moviliz\u00f3 al lugar el s\u00edndico municipal de haber sido alertado por las autoridades de la agencia.<\/p>\n\n\n\n<p>El campesino muri\u00f3 a consecuencia de las quemaduras que sufri\u00f3 cuando \u00e9ste estaba efectuando limpieza de preparaci\u00f3n de terreno quemando los pastizales.<\/p>\n\n\n\n<p>Alejo Z. V. qued\u00f3 atrapado en el fuego sufri\u00f3 quemaduras 100 por ciento en el cuerpo.<\/p>\n\n\n\n<p>Ante los hechos se le dio intervenci\u00f3n a la agencia estatal de investigaciones quien levanto el cuerpo para su traslado al descanso municipal para su necropsia de ley.<\/p>\n","protected":false},"excerpt":{"rendered":"<p>Los hechos en distrito de Santo Reyes Nopala, donde un hombre muri\u00f3 a consecuencia de las quemaduras que sufri\u00f3 en la quema de un pastizal Jorge P\u00e9rez El campesino Alejo&hellip; <\/p>\n","protected":false},"author":1,"featured_media":6953,"comment_status":"open","ping_status":"open","sticky":false,"template":"","format":"standard","meta":{"_monsterinsights_skip_tracking":false,"_monsterinsights_sitenote_active":false,"_monsterinsights_sitenote_note":"","_monsterinsights_sitenote_category":0},"categories":[10],"tags":[],"yoast_head":"<!-- This site is optimized with the Yoast SEO plugin v17.0 - https:\/\/yoast.com\/wordpress\/plugins\/seo\/ -->\n<title>Muere al quedar atrapado en quema de pastizal en Santos Reyes Nopala - PubliMar<\/title>\n<meta name=\"description\" content=\"El campesino Alejo Z. V. de 50 a\u00f1os de edad, muri\u00f3 a consecuencia de las quemaduras que sufri\u00f3 en el cuerpo al quemar pastizal de su ...\" \/>\n<meta name=\"robots\" content=\"index, follow, max-snippet:-1, max-image-preview:large, max-video-preview:-1\" \/>\n<link rel=\"canonical\" href=\"https:\/\/publimar.mx\/index.php\/2023\/05\/10\/publimar-373\/\" \/>\n<meta property=\"og:locale\" content=\"es_ES\" \/>\n<meta property=\"og:type\" content=\"article\" \/>\n<meta property=\"og:title\" content=\"Muere al quedar atrapado en quema de pastizal en Santos Reyes Nopala - PubliMar\" \/>\n<meta property=\"og:description\" content=\"El campesino Alejo Z. V. de 50 a\u00f1os de edad, muri\u00f3 a consecuencia de las quemaduras que sufri\u00f3 en el cuerpo al quemar pastizal de su ...\" \/>\n<meta property=\"og:url\" content=\"https:\/\/publimar.mx\/index.php\/2023\/05\/10\/publimar-373\/\" \/>\n<meta property=\"og:site_name\" content=\"PubliMar\" \/>\n<meta property=\"article:published_time\" content=\"2023-05-10T13:54:00+00:00\" \/>\n<meta property=\"article:modified_time\" content=\"2023-05-10T13:57:06+00:00\" \/>\n<meta property=\"og:image\" content=\"https:\/\/publimar.mx\/wp-content\/uploads\/2023\/05\/incendio-pastizal.jpg\" \/>\n\t<meta property=\"og:image:width\" content=\"742\" \/>\n\t<meta property=\"og:image:height\" content=\"367\" \/>\n<meta name=\"twitter:card\" content=\"summary_large_image\" \/>\n<meta name=\"twitter:label1\" content=\"Escrito por\" \/>\n\t<meta name=\"twitter:data1\" content=\"admin\" \/>\n\t<meta name=\"twitter:label2\" content=\"Tiempo de lectura\" \/>\n\t<meta name=\"twitter:data2\" content=\"1 minuto\" \/>\n<script type=\"application\/ld+json\" class=\"yoast-schema-graph\">{\"@context\":\"https:\/\/schema.org\",\"@graph\":[{\"@type\":\"WebSite\",\"@id\":\"https:\/\/publimar.mx\/#website\",\"url\":\"https:\/\/publimar.mx\/\",\"name\":\"PubliMar\",\"description\":\"Informaci\\u00f3n de la Costa Oaxaque\\u00f1a\",\"publisher\":{\"@id\":\"https:\/\/publimar.mx\/#\/schema\/person\/42ad4d315580276616a11863a241f558\"},\"potentialAction\":[{\"@type\":\"SearchAction\",\"target\":{\"@type\":\"EntryPoint\",\"urlTemplate\":\"https:\/\/publimar.mx\/?s={search_term_string}\"},\"query-input\":\"required name=search_term_string\"}],\"inLanguage\":\"es\"},{\"@type\":\"ImageObject\",\"@id\":\"https:\/\/publimar.mx\/index.php\/2023\/05\/10\/publimar-373\/#primaryimage\",\"inLanguage\":\"es\",\"url\":\"https:\/\/publimar.mx\/wp-content\/uploads\/2023\/05\/incendio-pastizal.jpg\",\"contentUrl\":\"https:\/\/publimar.mx\/wp-content\/uploads\/2023\/05\/incendio-pastizal.jpg\",\"width\":742,\"height\":367},{\"@type\":\"WebPage\",\"@id\":\"https:\/\/publimar.mx\/index.php\/2023\/05\/10\/publimar-373\/#webpage\",\"url\":\"https:\/\/publimar.mx\/index.php\/2023\/05\/10\/publimar-373\/\",\"name\":\"Muere al quedar atrapado en quema de pastizal en Santos Reyes Nopala - PubliMar\",\"isPartOf\":{\"@id\":\"https:\/\/publimar.mx\/#website\"},\"primaryImageOfPage\":{\"@id\":\"https:\/\/publimar.mx\/index.php\/2023\/05\/10\/publimar-373\/#primaryimage\"},\"datePublished\":\"2023-05-10T13:54:00+00:00\",\"dateModified\":\"2023-05-10T13:57:06+00:00\",\"description\":\"El campesino Alejo Z. V. de 50 a\\u00f1os de edad, muri\\u00f3 a consecuencia de las quemaduras que sufri\\u00f3 en el cuerpo al quemar pastizal de su ...\",\"breadcrumb\":{\"@id\":\"https:\/\/publimar.mx\/index.php\/2023\/05\/10\/publimar-373\/#breadcrumb\"},\"inLanguage\":\"es\",\"potentialAction\":[{\"@type\":\"ReadAction\",\"target\":[\"https:\/\/publimar.mx\/index.php\/2023\/05\/10\/publimar-373\/\"]}]},{\"@type\":\"BreadcrumbList\",\"@id\":\"https:\/\/publimar.mx\/index.php\/2023\/05\/10\/publimar-373\/#breadcrumb\",\"itemListElement\":[{\"@type\":\"ListItem\",\"position\":1,\"name\":\"Portada\",\"item\":\"https:\/\/publimar.mx\/\"},{\"@type\":\"ListItem\",\"position\":2,\"name\":\"Muere al quedar atrapado en quema de pastizal en Santos Reyes Nopala\"}]},{\"@type\":[\"Article\",\"NewsArticle\"],\"@id\":\"https:\/\/publimar.mx\/index.php\/2023\/05\/10\/publimar-373\/#article\",\"isPartOf\":{\"@id\":\"https:\/\/publimar.mx\/index.php\/2023\/05\/10\/publimar-373\/#webpage\"},\"author\":{\"@id\":\"https:\/\/publimar.mx\/#\/schema\/person\/42ad4d315580276616a11863a241f558\"},\"headline\":\"Muere al quedar atrapado en quema de pastizal en Santos Reyes Nopala\",\"datePublished\":\"2023-05-10T13:54:00+00:00\",\"dateModified\":\"2023-05-10T13:57:06+00:00\",\"mainEntityOfPage\":{\"@id\":\"https:\/\/publimar.mx\/index.php\/2023\/05\/10\/publimar-373\/#webpage\"},\"wordCount\":196,\"commentCount\":0,\"publisher\":{\"@id\":\"https:\/\/publimar.mx\/#\/schema\/person\/42ad4d315580276616a11863a241f558\"},\"image\":{\"@id\":\"https:\/\/publimar.mx\/index.php\/2023\/05\/10\/publimar-373\/#primaryimage\"},\"thumbnailUrl\":\"https:\/\/publimar.mx\/wp-content\/uploads\/2023\/05\/incendio-pastizal.jpg\",\"articleSection\":[\"policiaca\"],\"inLanguage\":\"es\",\"potentialAction\":[{\"@type\":\"CommentAction\",\"name\":\"Comment\",\"target\":[\"https:\/\/publimar.mx\/index.php\/2023\/05\/10\/publimar-373\/#respond\"]}]},{\"@type\":[\"Person\",\"Organization\"],\"@id\":\"https:\/\/publimar.mx\/#\/schema\/person\/42ad4d315580276616a11863a241f558\",\"name\":\"admin\",\"image\":{\"@type\":\"ImageObject\",\"@id\":\"https:\/\/publimar.mx\/#personlogo\",\"inLanguage\":\"es\",\"url\":\"https:\/\/publimar.mx\/wp-content\/uploads\/2021\/08\/logo.png\",\"contentUrl\":\"https:\/\/publimar.mx\/wp-content\/uploads\/2021\/08\/logo.png\",\"width\":454,\"height\":108,\"caption\":\"admin\"},\"logo\":{\"@id\":\"https:\/\/publimar.mx\/#personlogo\"},\"sameAs\":[\"https:\/\/publimar.mx\"],\"url\":\"https:\/\/publimar.mx\/index.php\/author\/admin\/\"}]}<\/script>\n<!-- \/ Yoast SEO plugin. -->","yoast_head_json":{"title":"Muere al quedar atrapado en quema de pastizal en Santos Reyes Nopala - PubliMar","description":"El campesino Alejo Z. V. de 50 a\u00f1os de edad, muri\u00f3 a consecuencia de las quemaduras que sufri\u00f3 en el cuerpo al quemar pastizal de su ...","robots":{"index":"index","follow":"follow","max-snippet":"max-snippet:-1","max-image-preview":"max-image-preview:large","max-video-preview":"max-video-preview:-1"},"canonical":"https:\/\/publimar.mx\/index.php\/2023\/05\/10\/publimar-373\/","og_locale":"es_ES","og_type":"article","og_title":"Muere al quedar atrapado en quema de pastizal en Santos Reyes Nopala - PubliMar","og_description":"El campesino Alejo Z. V. de 50 a\u00f1os de edad, muri\u00f3 a consecuencia de las quemaduras que sufri\u00f3 en el cuerpo al quemar pastizal de su ...","og_url":"https:\/\/publimar.mx\/index.php\/2023\/05\/10\/publimar-373\/","og_site_name":"PubliMar","article_published_time":"2023-05-10T13:54:00+00:00","article_modified_time":"2023-05-10T13:57:06+00:00","og_image":[{"width":742,"height":367,"url":"https:\/\/publimar.mx\/wp-content\/uploads\/2023\/05\/incendio-pastizal.jpg","path":"\/home\/u358712125\/domains\/publimar.mx\/public_html\/wp-content\/uploads\/2023\/05\/incendio-pastizal.jpg","size":"full","id":6953,"alt":"","pixels":272314,"type":"image\/jpeg"}],"twitter_card":"summary_large_image","twitter_misc":{"Escrito por":"admin","Tiempo de lectura":"1 minuto"},"schema":{"@context":"https:\/\/schema.org","@graph":[{"@type":"WebSite","@id":"https:\/\/publimar.mx\/#website","url":"https:\/\/publimar.mx\/","name":"PubliMar","description":"Informaci\u00f3n de la Costa Oaxaque\u00f1a","publisher":{"@id":"https:\/\/publimar.mx\/#\/schema\/person\/42ad4d315580276616a11863a241f558"},"potentialAction":[{"@type":"SearchAction","target":{"@type":"EntryPoint","urlTemplate":"https:\/\/publimar.mx\/?s={search_term_string}"},"query-input":"required name=search_term_string"}],"inLanguage":"es"},{"@type":"ImageObject","@id":"https:\/\/publimar.mx\/index.php\/2023\/05\/10\/publimar-373\/#primaryimage","inLanguage":"es","url":"https:\/\/publimar.mx\/wp-content\/uploads\/2023\/05\/incendio-pastizal.jpg","contentUrl":"https:\/\/publimar.mx\/wp-content\/uploads\/2023\/05\/incendio-pastizal.jpg","width":742,"height":367},{"@type":"WebPage","@id":"https:\/\/publimar.mx\/index.php\/2023\/05\/10\/publimar-373\/#webpage","url":"https:\/\/publimar.mx\/index.php\/2023\/05\/10\/publimar-373\/","name":"Muere al quedar atrapado en quema de pastizal en Santos Reyes Nopala - PubliMar","isPartOf":{"@id":"https:\/\/publimar.mx\/#website"},"primaryImageOfPage":{"@id":"https:\/\/publimar.mx\/index.php\/2023\/05\/10\/publimar-373\/#primaryimage"},"datePublished":"2023-05-10T13:54:00+00:00","dateModified":"2023-05-10T13:57:06+00:00","description":"El campesino Alejo Z. V. de 50 a\u00f1os de edad, muri\u00f3 a consecuencia de las quemaduras que sufri\u00f3 en el cuerpo al quemar pastizal de su ...","breadcrumb":{"@id":"https:\/\/publimar.mx\/index.php\/2023\/05\/10\/publimar-373\/#breadcrumb"},"inLanguage":"es","potentialAction":[{"@type":"ReadAction","target":["https:\/\/publimar.mx\/index.php\/2023\/05\/10\/publimar-373\/"]}]},{"@type":"BreadcrumbList","@id":"https:\/\/publimar.mx\/index.php\/2023\/05\/10\/publimar-373\/#breadcrumb","itemListElement":[{"@type":"ListItem","position":1,"name":"Portada","item":"https:\/\/publimar.mx\/"},{"@type":"ListItem","position":2,"name":"Muere al quedar atrapado en quema de pastizal en Santos Reyes Nopala"}]},{"@type":["Article","NewsArticle"],"@id":"https:\/\/publimar.mx\/index.php\/2023\/05\/10\/publimar-373\/#article","isPartOf":{"@id":"https:\/\/publimar.mx\/index.php\/2023\/05\/10\/publimar-373\/#webpage"},"author":{"@id":"https:\/\/publimar.mx\/#\/schema\/person\/42ad4d315580276616a11863a241f558"},"headline":"Muere al quedar atrapado en quema de pastizal en Santos Reyes Nopala","datePublished":"2023-05-10T13:54:00+00:00","dateModified":"2023-05-10T13:57:06+00:00","mainEntityOfPage":{"@id":"https:\/\/publimar.mx\/index.php\/2023\/05\/10\/publimar-373\/#webpage"},"wordCount":196,"commentCount":0,"publisher":{"@id":"https:\/\/publimar.mx\/#\/schema\/person\/42ad4d315580276616a11863a241f558"},"image":{"@id":"https:\/\/publimar.mx\/index.php\/2023\/05\/10\/publimar-373\/#primaryimage"},"thumbnailUrl":"https:\/\/publimar.mx\/wp-content\/uploads\/2023\/05\/incendio-pastizal.jpg","articleSection":["policiaca"],"inLanguage":"es","potentialAction":[{"@type":"CommentAction","name":"Comment","target":["https:\/\/publimar.mx\/index.php\/2023\/05\/10\/publimar-373\/#respond"]}]},{"@type":["Person","Organization"],"@id":"https:\/\/publimar.mx\/#\/schema\/person\/42ad4d315580276616a11863a241f558","name":"admin","image":{"@type":"ImageObject","@id":"https:\/\/publimar.mx\/#personlogo","inLanguage":"es","url":"https:\/\/publimar.mx\/wp-content\/uploads\/2021\/08\/logo.png","contentUrl":"https:\/\/publimar.mx\/wp-content\/uploads\/2021\/08\/logo.png","width":454,"height":108,"caption":"admin"},"logo":{"@id":"https:\/\/publimar.mx\/#personlogo"},"sameAs":["https:\/\/publimar.mx"],"url":"https:\/\/publimar.mx\/index.php\/author\/admin\/"}]}},"_links":{"self":[{"href":"https:\/\/publimar.mx\/index.php\/wp-json\/wp\/v2\/posts\/6952"}],"collection":[{"href":"https:\/\/publimar.mx\/index.php\/wp-json\/wp\/v2\/posts"}],"about":[{"href":"https:\/\/publimar.mx\/index.php\/wp-json\/wp\/v2\/types\/post"}],"author":[{"embeddable":true,"href":"https:\/\/publimar.mx\/index.php\/wp-json\/wp\/v2\/users\/1"}],"replies":[{"embeddable":true,"href":"https:\/\/publimar.mx\/index.php\/wp-json\/wp\/v2\/comments?post=6952"}],"version-history":[{"count":3,"href":"https:\/\/publimar.mx\/index.php\/wp-json\/wp\/v2\/posts\/6952\/revisions"}],"predecessor-version":[{"id":6956,"href":"https:\/\/publimar.mx\/index.php\/wp-json\/wp\/v2\/posts\/6952\/revisions\/6956"}],"wp:featuredmedia":[{"embeddable":true,"href":"https:\/\/publimar.mx\/index.php\/wp-json\/wp\/v2\/media\/6953"}],"wp:attachment":[{"href":"https:\/\/publimar.mx\/index.php\/wp-json\/wp\/v2\/media?parent=6952"}],"wp:term":[{"taxonomy":"category","embeddable":true,"href":"https:\/\/publimar.mx\/index.php\/wp-json\/wp\/v2\/categories?post=6952"},{"taxonomy":"post_tag","embeddable":true,"href":"https:\/\/publimar.mx\/index.php\/wp-json\/wp\/v2\/tags?post=6952"}],"curies":[{"name":"wp","href":"https:\/\/api.w.org\/{rel}","templated":true}]}}