{"id":6167,"date":"2023-02-21T19:15:13","date_gmt":"2023-02-22T01:15:13","guid":{"rendered":"https:\/\/publimar.mx\/?p=6167"},"modified":"2023-02-21T19:15:15","modified_gmt":"2023-02-22T01:15:15","slug":"politica-de-movilidad-inclusiva-y-sustentable-para-saldar-la-deuda-historica-con-sectores-desprotegidos","status":"publish","type":"post","link":"https:\/\/publimar.mx\/index.php\/2023\/02\/21\/politica-de-movilidad-inclusiva-y-sustentable-para-saldar-la-deuda-historica-con-sectores-desprotegidos\/","title":{"rendered":"Pol\u00edtica de movilidad inclusiva y sustentable para saldar la deuda hist\u00f3rica con sectores desprotegidos"},"content":{"rendered":"\n<p>\u2022 La Semovi realiz\u00f3 el Foro tem\u00e1tico en materia de Movilidad y Seguridad Vial para incluirlo en el Plan Estatal de Desarrollo<\/p>\n\n\n\n<p>Oaxaca de Ju\u00e1rez, Oax. 21 de febrero de 2023.- La titular de la Semovi, Claudina de Gyves Mendoza, inform\u00f3 que este Gobierno abordar\u00e1 la movilidad con una perspectiva diferente, inclusiva y sustentable, que ponga en el centro a las personas, para saldar la deuda hist\u00f3rica con los sectores m\u00e1s desprotegidos de Oaxaca.<\/p>\n\n\n\n<p>Al encabezar el Foro tem\u00e1tico en materia de Movilidad y Seguridad Vial, para la elaboraci\u00f3n del Plan Estatal de Desarrollo (PED) 2022-2028, la secretaria de Movilidad, dijo que la participaci\u00f3n de los sectores y la ciudadan\u00eda definir\u00e1 la pol\u00edtica p\u00fablica para resolver la problem\u00e1tica de traslados, regulaci\u00f3n del transporte y seguridad vial.<\/p>\n\n\n\n<p>De Gyves Mendoza celebr\u00f3 la asistencia de profesionales del urbanismo y la arquitectura, activistas, transportistas, servidores y servidoras p\u00fablicas, personas con alguna discapacidad y de la sociedad civil en este encuentro.<\/p>\n\n\n\n<p>En este foro se discutieron los retos, oportunidades y perspectivas de las pol\u00edticas en materia de movilidad, con el objetivo de generar ejes rectores para que la ciudadan\u00eda pueda moverse de forma segura en las calles y espacios p\u00fablicos, en condiciones de equidad, igualdad y accesibilidad para todas las personas.<\/p>\n\n\n\n<p>Con la reciente aprobaci\u00f3n de La Ley General de Movilidad y Seguridad Vial, expuso, \u201ctoda persona tiene derecho a la movilidad en condiciones de seguridad vial, accesibilidad, eficiencia, sostenibilidad, calidad, inclusi\u00f3n e igualdad.<\/p>\n\n\n\n<p>Adem\u00e1s, anunci\u00f3 que el Gobierno del Estado busca impulsar una movilidad activa y, junto a las y los transportistas, dignificar el transporte p\u00fablico para dar un servicio digno a la sociedad oaxaque\u00f1a\u201d.<\/p>\n\n\n\n<p>En este foro coordinado por la Direcci\u00f3n General de Planeaci\u00f3n para el Bienestar y su titular, Juanita Cruz Cruz, se abordaron cinco mesas tem\u00e1ticas en la materia: Movilidad Activa, Integraci\u00f3n y mejoramiento del transporte p\u00fablico, Transporte y distribuci\u00f3n de carga, Competencias y atribuciones de los municipios en materia de movilidad y Ley de movilidad y seguridad vial del Estado de Oaxaca.<\/p>\n\n\n\n<p>El foro fue realizado en la Escuela de Bellas Artes de la Universidad Aut\u00f3noma Benito Ju\u00e1rez de Oaxaca (UABJO), y participaron instituciones de gobierno, autoridades municipales, representantes de empresas de transporte, especialistas, activistas y ciudadan\u00eda interesada en el tema.<\/p>\n\n\n\n<p>En la inauguraci\u00f3n del foro estuvieron presentes Cristian Eder Carren\u0303o Lo\u0301pez, rector de la Universidad Aut\u00f3noma \u201cBenito Ju\u00e1rez\u201d de Oaxaca; Juanita Cruz Cruz, Directora General del Instituto de Planeaci\u00f3n para el Bienestar; Netzahualco\u0301yotl Salvatierra Lo\u0301pez, secretario de las Infraestructuras y Comunicaciones, y Carolina Santos del R\u00edo de la Agencia de Cooperaci\u00f3n Alemana.<\/p>\n\n\n\n<figure class=\"wp-block-gallery columns-3 is-cropped\"><ul class=\"blocks-gallery-grid\"><li class=\"blocks-gallery-item\"><figure><img loading=\"lazy\" width=\"1024\" height=\"683\" src=\"https:\/\/publimar.mx\/wp-content\/uploads\/2023\/02\/IMG-20230221-WA0123-1024x683.jpg\" alt=\"\" data-id=\"6168\" data-full-url=\"https:\/\/publimar.mx\/wp-content\/uploads\/2023\/02\/IMG-20230221-WA0123.jpg\" data-link=\"https:\/\/publimar.mx\/?attachment_id=6168\" class=\"wp-image-6168\" srcset=\"https:\/\/publimar.mx\/wp-content\/uploads\/2023\/02\/IMG-20230221-WA0123-1024x683.jpg 1024w, https:\/\/publimar.mx\/wp-content\/uploads\/2023\/02\/IMG-20230221-WA0123-300x200.jpg 300w, https:\/\/publimar.mx\/wp-content\/uploads\/2023\/02\/IMG-20230221-WA0123-768x512.jpg 768w, https:\/\/publimar.mx\/wp-content\/uploads\/2023\/02\/IMG-20230221-WA0123.jpg 1296w\" sizes=\"(max-width: 1024px) 100vw, 1024px\" \/><\/figure><\/li><li class=\"blocks-gallery-item\"><figure><img loading=\"lazy\" width=\"1024\" height=\"683\" src=\"https:\/\/publimar.mx\/wp-content\/uploads\/2023\/02\/IMG-20230221-WA0122-1024x683.jpg\" alt=\"\" data-id=\"6169\" data-full-url=\"https:\/\/publimar.mx\/wp-content\/uploads\/2023\/02\/IMG-20230221-WA0122.jpg\" data-link=\"https:\/\/publimar.mx\/?attachment_id=6169\" class=\"wp-image-6169\" srcset=\"https:\/\/publimar.mx\/wp-content\/uploads\/2023\/02\/IMG-20230221-WA0122-1024x683.jpg 1024w, https:\/\/publimar.mx\/wp-content\/uploads\/2023\/02\/IMG-20230221-WA0122-300x200.jpg 300w, https:\/\/publimar.mx\/wp-content\/uploads\/2023\/02\/IMG-20230221-WA0122-768x512.jpg 768w, https:\/\/publimar.mx\/wp-content\/uploads\/2023\/02\/IMG-20230221-WA0122.jpg 1296w\" sizes=\"(max-width: 1024px) 100vw, 1024px\" \/><\/figure><\/li><li class=\"blocks-gallery-item\"><figure><img loading=\"lazy\" width=\"1024\" height=\"683\" src=\"https:\/\/publimar.mx\/wp-content\/uploads\/2023\/02\/IMG-20230221-WA0124-1024x683.jpg\" alt=\"\" data-id=\"6170\" data-full-url=\"https:\/\/publimar.mx\/wp-content\/uploads\/2023\/02\/IMG-20230221-WA0124.jpg\" data-link=\"https:\/\/publimar.mx\/?attachment_id=6170\" class=\"wp-image-6170\" srcset=\"https:\/\/publimar.mx\/wp-content\/uploads\/2023\/02\/IMG-20230221-WA0124-1024x683.jpg 1024w, https:\/\/publimar.mx\/wp-content\/uploads\/2023\/02\/IMG-20230221-WA0124-300x200.jpg 300w, https:\/\/publimar.mx\/wp-content\/uploads\/2023\/02\/IMG-20230221-WA0124-768x512.jpg 768w, https:\/\/publimar.mx\/wp-content\/uploads\/2023\/02\/IMG-20230221-WA0124.jpg 1280w\" sizes=\"(max-width: 1024px) 100vw, 1024px\" \/><\/figure><\/li><li class=\"blocks-gallery-item\"><figure><img loading=\"lazy\" width=\"1024\" height=\"683\" src=\"https:\/\/publimar.mx\/wp-content\/uploads\/2023\/02\/IMG-20230221-WA0125-1024x683.jpg\" alt=\"\" data-id=\"6171\" data-full-url=\"https:\/\/publimar.mx\/wp-content\/uploads\/2023\/02\/IMG-20230221-WA0125.jpg\" data-link=\"https:\/\/publimar.mx\/?attachment_id=6171\" class=\"wp-image-6171\" srcset=\"https:\/\/publimar.mx\/wp-content\/uploads\/2023\/02\/IMG-20230221-WA0125-1024x683.jpg 1024w, https:\/\/publimar.mx\/wp-content\/uploads\/2023\/02\/IMG-20230221-WA0125-300x200.jpg 300w, https:\/\/publimar.mx\/wp-content\/uploads\/2023\/02\/IMG-20230221-WA0125-768x512.jpg 768w, https:\/\/publimar.mx\/wp-content\/uploads\/2023\/02\/IMG-20230221-WA0125.jpg 1296w\" sizes=\"(max-width: 1024px) 100vw, 1024px\" \/><\/figure><\/li><li class=\"blocks-gallery-item\"><figure><img loading=\"lazy\" width=\"1024\" height=\"683\" src=\"https:\/\/publimar.mx\/wp-content\/uploads\/2023\/02\/IMG-20230221-WA0121-1024x683.jpg\" alt=\"\" data-id=\"6172\" data-full-url=\"https:\/\/publimar.mx\/wp-content\/uploads\/2023\/02\/IMG-20230221-WA0121.jpg\" data-link=\"https:\/\/publimar.mx\/?attachment_id=6172\" class=\"wp-image-6172\" srcset=\"https:\/\/publimar.mx\/wp-content\/uploads\/2023\/02\/IMG-20230221-WA0121-1024x683.jpg 1024w, https:\/\/publimar.mx\/wp-content\/uploads\/2023\/02\/IMG-20230221-WA0121-300x200.jpg 300w, https:\/\/publimar.mx\/wp-content\/uploads\/2023\/02\/IMG-20230221-WA0121-768x512.jpg 768w, https:\/\/publimar.mx\/wp-content\/uploads\/2023\/02\/IMG-20230221-WA0121.jpg 1280w\" sizes=\"(max-width: 1024px) 100vw, 1024px\" \/><\/figure><\/li><li class=\"blocks-gallery-item\"><figure><img loading=\"lazy\" width=\"1024\" height=\"682\" src=\"https:\/\/publimar.mx\/wp-content\/uploads\/2023\/02\/IMG-20230221-WA0120-1024x682.jpg\" alt=\"\" data-id=\"6173\" data-full-url=\"https:\/\/publimar.mx\/wp-content\/uploads\/2023\/02\/IMG-20230221-WA0120.jpg\" data-link=\"https:\/\/publimar.mx\/?attachment_id=6173\" class=\"wp-image-6173\" srcset=\"https:\/\/publimar.mx\/wp-content\/uploads\/2023\/02\/IMG-20230221-WA0120-1024x682.jpg 1024w, https:\/\/publimar.mx\/wp-content\/uploads\/2023\/02\/IMG-20230221-WA0120-300x200.jpg 300w, https:\/\/publimar.mx\/wp-content\/uploads\/2023\/02\/IMG-20230221-WA0120-768x512.jpg 768w, https:\/\/publimar.mx\/wp-content\/uploads\/2023\/02\/IMG-20230221-WA0120-1536x1023.jpg 1536w, https:\/\/publimar.mx\/wp-content\/uploads\/2023\/02\/IMG-20230221-WA0120.jpg 1600w\" sizes=\"(max-width: 1024px) 100vw, 1024px\" \/><\/figure><\/li><li class=\"blocks-gallery-item\"><figure><img loading=\"lazy\" width=\"1024\" height=\"683\" src=\"https:\/\/publimar.mx\/wp-content\/uploads\/2023\/02\/IMG-20230221-WA0119-1024x683.jpg\" alt=\"\" data-id=\"6174\" data-full-url=\"https:\/\/publimar.mx\/wp-content\/uploads\/2023\/02\/IMG-20230221-WA0119.jpg\" data-link=\"https:\/\/publimar.mx\/?attachment_id=6174\" class=\"wp-image-6174\" srcset=\"https:\/\/publimar.mx\/wp-content\/uploads\/2023\/02\/IMG-20230221-WA0119-1024x683.jpg 1024w, https:\/\/publimar.mx\/wp-content\/uploads\/2023\/02\/IMG-20230221-WA0119-300x200.jpg 300w, https:\/\/publimar.mx\/wp-content\/uploads\/2023\/02\/IMG-20230221-WA0119-768x512.jpg 768w, https:\/\/publimar.mx\/wp-content\/uploads\/2023\/02\/IMG-20230221-WA0119.jpg 1280w\" sizes=\"(max-width: 1024px) 100vw, 1024px\" \/><\/figure><\/li><\/ul><\/figure>\n","protected":false},"excerpt":{"rendered":"<p>\u2022 La Semovi realiz\u00f3 el Foro tem\u00e1tico en materia de Movilidad y Seguridad Vial para incluirlo en el Plan Estatal de Desarrollo Oaxaca de Ju\u00e1rez, Oax. 21 de febrero de&hellip; <\/p>\n","protected":false},"author":1,"featured_media":6172,"comment_status":"open","ping_status":"open","sticky":false,"template":"","format":"standard","meta":{"_monsterinsights_skip_tracking":false,"_monsterinsights_sitenote_active":false,"_monsterinsights_sitenote_note":"","_monsterinsights_sitenote_category":0},"categories":[6],"tags":[],"yoast_head":"<!-- This site is optimized with the Yoast SEO plugin v17.0 - https:\/\/yoast.com\/wordpress\/plugins\/seo\/ -->\n<title>Pol\u00edtica de movilidad inclusiva y sustentable para saldar la deuda hist\u00f3rica con sectores desprotegidos - PubliMar<\/title>\n<meta name=\"robots\" content=\"index, follow, max-snippet:-1, max-image-preview:large, max-video-preview:-1\" \/>\n<link rel=\"canonical\" href=\"https:\/\/publimar.mx\/index.php\/2023\/02\/21\/politica-de-movilidad-inclusiva-y-sustentable-para-saldar-la-deuda-historica-con-sectores-desprotegidos\/\" \/>\n<meta property=\"og:locale\" content=\"es_ES\" \/>\n<meta property=\"og:type\" content=\"article\" \/>\n<meta property=\"og:title\" content=\"Pol\u00edtica de movilidad inclusiva y sustentable para saldar la deuda hist\u00f3rica con sectores desprotegidos - PubliMar\" \/>\n<meta property=\"og:description\" content=\"\u2022 La Semovi realiz\u00f3 el Foro tem\u00e1tico en materia de Movilidad y Seguridad Vial para incluirlo en el Plan Estatal de Desarrollo Oaxaca de Ju\u00e1rez, Oax. 21 de febrero de&hellip;\" \/>\n<meta property=\"og:url\" content=\"https:\/\/publimar.mx\/index.php\/2023\/02\/21\/politica-de-movilidad-inclusiva-y-sustentable-para-saldar-la-deuda-historica-con-sectores-desprotegidos\/\" \/>\n<meta property=\"og:site_name\" content=\"PubliMar\" \/>\n<meta property=\"article:published_time\" content=\"2023-02-22T01:15:13+00:00\" \/>\n<meta property=\"article:modified_time\" content=\"2023-02-22T01:15:15+00:00\" \/>\n<meta property=\"og:image\" content=\"https:\/\/publimar.mx\/wp-content\/uploads\/2023\/02\/IMG-20230221-WA0121.jpg\" \/>\n\t<meta property=\"og:image:width\" content=\"1280\" \/>\n\t<meta property=\"og:image:height\" content=\"854\" \/>\n<meta name=\"twitter:card\" content=\"summary_large_image\" \/>\n<meta name=\"twitter:label1\" content=\"Escrito por\" \/>\n\t<meta name=\"twitter:data1\" content=\"admin\" \/>\n\t<meta name=\"twitter:label2\" content=\"Tiempo de lectura\" \/>\n\t<meta name=\"twitter:data2\" content=\"4 minutos\" \/>\n<script type=\"application\/ld+json\" class=\"yoast-schema-graph\">{\"@context\":\"https:\/\/schema.org\",\"@graph\":[{\"@type\":\"WebSite\",\"@id\":\"https:\/\/publimar.mx\/#website\",\"url\":\"https:\/\/publimar.mx\/\",\"name\":\"PubliMar\",\"description\":\"Informaci\\u00f3n de la Costa Oaxaque\\u00f1a\",\"publisher\":{\"@id\":\"https:\/\/publimar.mx\/#\/schema\/person\/42ad4d315580276616a11863a241f558\"},\"potentialAction\":[{\"@type\":\"SearchAction\",\"target\":{\"@type\":\"EntryPoint\",\"urlTemplate\":\"https:\/\/publimar.mx\/?s={search_term_string}\"},\"query-input\":\"required name=search_term_string\"}],\"inLanguage\":\"es\"},{\"@type\":\"ImageObject\",\"@id\":\"https:\/\/publimar.mx\/index.php\/2023\/02\/21\/politica-de-movilidad-inclusiva-y-sustentable-para-saldar-la-deuda-historica-con-sectores-desprotegidos\/#primaryimage\",\"inLanguage\":\"es\",\"url\":\"https:\/\/publimar.mx\/wp-content\/uploads\/2023\/02\/IMG-20230221-WA0121.jpg\",\"contentUrl\":\"https:\/\/publimar.mx\/wp-content\/uploads\/2023\/02\/IMG-20230221-WA0121.jpg\",\"width\":1280,\"height\":854},{\"@type\":\"WebPage\",\"@id\":\"https:\/\/publimar.mx\/index.php\/2023\/02\/21\/politica-de-movilidad-inclusiva-y-sustentable-para-saldar-la-deuda-historica-con-sectores-desprotegidos\/#webpage\",\"url\":\"https:\/\/publimar.mx\/index.php\/2023\/02\/21\/politica-de-movilidad-inclusiva-y-sustentable-para-saldar-la-deuda-historica-con-sectores-desprotegidos\/\",\"name\":\"Pol\\u00edtica de movilidad inclusiva y sustentable para saldar la deuda hist\\u00f3rica con sectores desprotegidos - PubliMar\",\"isPartOf\":{\"@id\":\"https:\/\/publimar.mx\/#website\"},\"primaryImageOfPage\":{\"@id\":\"https:\/\/publimar.mx\/index.php\/2023\/02\/21\/politica-de-movilidad-inclusiva-y-sustentable-para-saldar-la-deuda-historica-con-sectores-desprotegidos\/#primaryimage\"},\"datePublished\":\"2023-02-22T01:15:13+00:00\",\"dateModified\":\"2023-02-22T01:15:15+00:00\",\"breadcrumb\":{\"@id\":\"https:\/\/publimar.mx\/index.php\/2023\/02\/21\/politica-de-movilidad-inclusiva-y-sustentable-para-saldar-la-deuda-historica-con-sectores-desprotegidos\/#breadcrumb\"},\"inLanguage\":\"es\",\"potentialAction\":[{\"@type\":\"ReadAction\",\"target\":[\"https:\/\/publimar.mx\/index.php\/2023\/02\/21\/politica-de-movilidad-inclusiva-y-sustentable-para-saldar-la-deuda-historica-con-sectores-desprotegidos\/\"]}]},{\"@type\":\"BreadcrumbList\",\"@id\":\"https:\/\/publimar.mx\/index.php\/2023\/02\/21\/politica-de-movilidad-inclusiva-y-sustentable-para-saldar-la-deuda-historica-con-sectores-desprotegidos\/#breadcrumb\",\"itemListElement\":[{\"@type\":\"ListItem\",\"position\":1,\"name\":\"Portada\",\"item\":\"https:\/\/publimar.mx\/\"},{\"@type\":\"ListItem\",\"position\":2,\"name\":\"Pol\\u00edtica de movilidad inclusiva y sustentable para saldar la deuda hist\\u00f3rica con sectores desprotegidos\"}]},{\"@type\":[\"Article\",\"NewsArticle\"],\"@id\":\"https:\/\/publimar.mx\/index.php\/2023\/02\/21\/politica-de-movilidad-inclusiva-y-sustentable-para-saldar-la-deuda-historica-con-sectores-desprotegidos\/#article\",\"isPartOf\":{\"@id\":\"https:\/\/publimar.mx\/index.php\/2023\/02\/21\/politica-de-movilidad-inclusiva-y-sustentable-para-saldar-la-deuda-historica-con-sectores-desprotegidos\/#webpage\"},\"author\":{\"@id\":\"https:\/\/publimar.mx\/#\/schema\/person\/42ad4d315580276616a11863a241f558\"},\"headline\":\"Pol\\u00edtica de movilidad inclusiva y sustentable para saldar la deuda hist\\u00f3rica con sectores desprotegidos\",\"datePublished\":\"2023-02-22T01:15:13+00:00\",\"dateModified\":\"2023-02-22T01:15:15+00:00\",\"mainEntityOfPage\":{\"@id\":\"https:\/\/publimar.mx\/index.php\/2023\/02\/21\/politica-de-movilidad-inclusiva-y-sustentable-para-saldar-la-deuda-historica-con-sectores-desprotegidos\/#webpage\"},\"wordCount\":478,\"commentCount\":0,\"publisher\":{\"@id\":\"https:\/\/publimar.mx\/#\/schema\/person\/42ad4d315580276616a11863a241f558\"},\"image\":{\"@id\":\"https:\/\/publimar.mx\/index.php\/2023\/02\/21\/politica-de-movilidad-inclusiva-y-sustentable-para-saldar-la-deuda-historica-con-sectores-desprotegidos\/#primaryimage\"},\"thumbnailUrl\":\"https:\/\/publimar.mx\/wp-content\/uploads\/2023\/02\/IMG-20230221-WA0121.jpg\",\"articleSection\":[\"Estatal\"],\"inLanguage\":\"es\",\"potentialAction\":[{\"@type\":\"CommentAction\",\"name\":\"Comment\",\"target\":[\"https:\/\/publimar.mx\/index.php\/2023\/02\/21\/politica-de-movilidad-inclusiva-y-sustentable-para-saldar-la-deuda-historica-con-sectores-desprotegidos\/#respond\"]}]},{\"@type\":[\"Person\",\"Organization\"],\"@id\":\"https:\/\/publimar.mx\/#\/schema\/person\/42ad4d315580276616a11863a241f558\",\"name\":\"admin\",\"image\":{\"@type\":\"ImageObject\",\"@id\":\"https:\/\/publimar.mx\/#personlogo\",\"inLanguage\":\"es\",\"url\":\"https:\/\/publimar.mx\/wp-content\/uploads\/2021\/08\/logo.png\",\"contentUrl\":\"https:\/\/publimar.mx\/wp-content\/uploads\/2021\/08\/logo.png\",\"width\":454,\"height\":108,\"caption\":\"admin\"},\"logo\":{\"@id\":\"https:\/\/publimar.mx\/#personlogo\"},\"sameAs\":[\"https:\/\/publimar.mx\"],\"url\":\"https:\/\/publimar.mx\/index.php\/author\/admin\/\"}]}<\/script>\n<!-- \/ Yoast SEO plugin. -->","yoast_head_json":{"title":"Pol\u00edtica de movilidad inclusiva y sustentable para saldar la deuda hist\u00f3rica con sectores desprotegidos - PubliMar","robots":{"index":"index","follow":"follow","max-snippet":"max-snippet:-1","max-image-preview":"max-image-preview:large","max-video-preview":"max-video-preview:-1"},"canonical":"https:\/\/publimar.mx\/index.php\/2023\/02\/21\/politica-de-movilidad-inclusiva-y-sustentable-para-saldar-la-deuda-historica-con-sectores-desprotegidos\/","og_locale":"es_ES","og_type":"article","og_title":"Pol\u00edtica de movilidad inclusiva y sustentable para saldar la deuda hist\u00f3rica con sectores desprotegidos - PubliMar","og_description":"\u2022 La Semovi realiz\u00f3 el Foro tem\u00e1tico en materia de Movilidad y Seguridad Vial para incluirlo en el Plan Estatal de Desarrollo Oaxaca de Ju\u00e1rez, Oax. 21 de febrero de&hellip;","og_url":"https:\/\/publimar.mx\/index.php\/2023\/02\/21\/politica-de-movilidad-inclusiva-y-sustentable-para-saldar-la-deuda-historica-con-sectores-desprotegidos\/","og_site_name":"PubliMar","article_published_time":"2023-02-22T01:15:13+00:00","article_modified_time":"2023-02-22T01:15:15+00:00","og_image":[{"width":1280,"height":854,"url":"https:\/\/publimar.mx\/wp-content\/uploads\/2023\/02\/IMG-20230221-WA0121.jpg","path":"\/home\/u358712125\/domains\/publimar.mx\/public_html\/wp-content\/uploads\/2023\/02\/IMG-20230221-WA0121.jpg","size":"full","id":6172,"alt":"","pixels":1093120,"type":"image\/jpeg"}],"twitter_card":"summary_large_image","twitter_misc":{"Escrito por":"admin","Tiempo de lectura":"4 minutos"},"schema":{"@context":"https:\/\/schema.org","@graph":[{"@type":"WebSite","@id":"https:\/\/publimar.mx\/#website","url":"https:\/\/publimar.mx\/","name":"PubliMar","description":"Informaci\u00f3n de la Costa Oaxaque\u00f1a","publisher":{"@id":"https:\/\/publimar.mx\/#\/schema\/person\/42ad4d315580276616a11863a241f558"},"potentialAction":[{"@type":"SearchAction","target":{"@type":"EntryPoint","urlTemplate":"https:\/\/publimar.mx\/?s={search_term_string}"},"query-input":"required name=search_term_string"}],"inLanguage":"es"},{"@type":"ImageObject","@id":"https:\/\/publimar.mx\/index.php\/2023\/02\/21\/politica-de-movilidad-inclusiva-y-sustentable-para-saldar-la-deuda-historica-con-sectores-desprotegidos\/#primaryimage","inLanguage":"es","url":"https:\/\/publimar.mx\/wp-content\/uploads\/2023\/02\/IMG-20230221-WA0121.jpg","contentUrl":"https:\/\/publimar.mx\/wp-content\/uploads\/2023\/02\/IMG-20230221-WA0121.jpg","width":1280,"height":854},{"@type":"WebPage","@id":"https:\/\/publimar.mx\/index.php\/2023\/02\/21\/politica-de-movilidad-inclusiva-y-sustentable-para-saldar-la-deuda-historica-con-sectores-desprotegidos\/#webpage","url":"https:\/\/publimar.mx\/index.php\/2023\/02\/21\/politica-de-movilidad-inclusiva-y-sustentable-para-saldar-la-deuda-historica-con-sectores-desprotegidos\/","name":"Pol\u00edtica de movilidad inclusiva y sustentable para saldar la deuda hist\u00f3rica con sectores desprotegidos - PubliMar","isPartOf":{"@id":"https:\/\/publimar.mx\/#website"},"primaryImageOfPage":{"@id":"https:\/\/publimar.mx\/index.php\/2023\/02\/21\/politica-de-movilidad-inclusiva-y-sustentable-para-saldar-la-deuda-historica-con-sectores-desprotegidos\/#primaryimage"},"datePublished":"2023-02-22T01:15:13+00:00","dateModified":"2023-02-22T01:15:15+00:00","breadcrumb":{"@id":"https:\/\/publimar.mx\/index.php\/2023\/02\/21\/politica-de-movilidad-inclusiva-y-sustentable-para-saldar-la-deuda-historica-con-sectores-desprotegidos\/#breadcrumb"},"inLanguage":"es","potentialAction":[{"@type":"ReadAction","target":["https:\/\/publimar.mx\/index.php\/2023\/02\/21\/politica-de-movilidad-inclusiva-y-sustentable-para-saldar-la-deuda-historica-con-sectores-desprotegidos\/"]}]},{"@type":"BreadcrumbList","@id":"https:\/\/publimar.mx\/index.php\/2023\/02\/21\/politica-de-movilidad-inclusiva-y-sustentable-para-saldar-la-deuda-historica-con-sectores-desprotegidos\/#breadcrumb","itemListElement":[{"@type":"ListItem","position":1,"name":"Portada","item":"https:\/\/publimar.mx\/"},{"@type":"ListItem","position":2,"name":"Pol\u00edtica de movilidad inclusiva y sustentable para saldar la deuda hist\u00f3rica con sectores desprotegidos"}]},{"@type":["Article","NewsArticle"],"@id":"https:\/\/publimar.mx\/index.php\/2023\/02\/21\/politica-de-movilidad-inclusiva-y-sustentable-para-saldar-la-deuda-historica-con-sectores-desprotegidos\/#article","isPartOf":{"@id":"https:\/\/publimar.mx\/index.php\/2023\/02\/21\/politica-de-movilidad-inclusiva-y-sustentable-para-saldar-la-deuda-historica-con-sectores-desprotegidos\/#webpage"},"author":{"@id":"https:\/\/publimar.mx\/#\/schema\/person\/42ad4d315580276616a11863a241f558"},"headline":"Pol\u00edtica de movilidad inclusiva y sustentable para saldar la deuda hist\u00f3rica con sectores desprotegidos","datePublished":"2023-02-22T01:15:13+00:00","dateModified":"2023-02-22T01:15:15+00:00","mainEntityOfPage":{"@id":"https:\/\/publimar.mx\/index.php\/2023\/02\/21\/politica-de-movilidad-inclusiva-y-sustentable-para-saldar-la-deuda-historica-con-sectores-desprotegidos\/#webpage"},"wordCount":478,"commentCount":0,"publisher":{"@id":"https:\/\/publimar.mx\/#\/schema\/person\/42ad4d315580276616a11863a241f558"},"image":{"@id":"https:\/\/publimar.mx\/index.php\/2023\/02\/21\/politica-de-movilidad-inclusiva-y-sustentable-para-saldar-la-deuda-historica-con-sectores-desprotegidos\/#primaryimage"},"thumbnailUrl":"https:\/\/publimar.mx\/wp-content\/uploads\/2023\/02\/IMG-20230221-WA0121.jpg","articleSection":["Estatal"],"inLanguage":"es","potentialAction":[{"@type":"CommentAction","name":"Comment","target":["https:\/\/publimar.mx\/index.php\/2023\/02\/21\/politica-de-movilidad-inclusiva-y-sustentable-para-saldar-la-deuda-historica-con-sectores-desprotegidos\/#respond"]}]},{"@type":["Person","Organization"],"@id":"https:\/\/publimar.mx\/#\/schema\/person\/42ad4d315580276616a11863a241f558","name":"admin","image":{"@type":"ImageObject","@id":"https:\/\/publimar.mx\/#personlogo","inLanguage":"es","url":"https:\/\/publimar.mx\/wp-content\/uploads\/2021\/08\/logo.png","contentUrl":"https:\/\/publimar.mx\/wp-content\/uploads\/2021\/08\/logo.png","width":454,"height":108,"caption":"admin"},"logo":{"@id":"https:\/\/publimar.mx\/#personlogo"},"sameAs":["https:\/\/publimar.mx"],"url":"https:\/\/publimar.mx\/index.php\/author\/admin\/"}]}},"_links":{"self":[{"href":"https:\/\/publimar.mx\/index.php\/wp-json\/wp\/v2\/posts\/6167"}],"collection":[{"href":"https:\/\/publimar.mx\/index.php\/wp-json\/wp\/v2\/posts"}],"about":[{"href":"https:\/\/publimar.mx\/index.php\/wp-json\/wp\/v2\/types\/post"}],"author":[{"embeddable":true,"href":"https:\/\/publimar.mx\/index.php\/wp-json\/wp\/v2\/users\/1"}],"replies":[{"embeddable":true,"href":"https:\/\/publimar.mx\/index.php\/wp-json\/wp\/v2\/comments?post=6167"}],"version-history":[{"count":2,"href":"https:\/\/publimar.mx\/index.php\/wp-json\/wp\/v2\/posts\/6167\/revisions"}],"predecessor-version":[{"id":6176,"href":"https:\/\/publimar.mx\/index.php\/wp-json\/wp\/v2\/posts\/6167\/revisions\/6176"}],"wp:featuredmedia":[{"embeddable":true,"href":"https:\/\/publimar.mx\/index.php\/wp-json\/wp\/v2\/media\/6172"}],"wp:attachment":[{"href":"https:\/\/publimar.mx\/index.php\/wp-json\/wp\/v2\/media?parent=6167"}],"wp:term":[{"taxonomy":"category","embeddable":true,"href":"https:\/\/publimar.mx\/index.php\/wp-json\/wp\/v2\/categories?post=6167"},{"taxonomy":"post_tag","embeddable":true,"href":"https:\/\/publimar.mx\/index.php\/wp-json\/wp\/v2\/tags?post=6167"}],"curies":[{"name":"wp","href":"https:\/\/api.w.org\/{rel}","templated":true}]}}