{"id":5876,"date":"2023-02-08T20:34:08","date_gmt":"2023-02-09T02:34:08","guid":{"rendered":"https:\/\/publimar.mx\/?p=5876"},"modified":"2023-02-08T20:34:12","modified_gmt":"2023-02-09T02:34:12","slug":"llega-la-tercera-feria-del-ostion-en-boca-vieja","status":"publish","type":"post","link":"https:\/\/publimar.mx\/index.php\/2023\/02\/08\/llega-la-tercera-feria-del-ostion-en-boca-vieja\/","title":{"rendered":"\u00a1LLEGA LA TERCERA FERIA DEL OSTI\u00d3N EN BOCA VIEJA!"},"content":{"rendered":"\n<ul><li>Listos prestadores de servicios para presentar la Feria del Osti\u00f3n para el 25 y 26 de febrero<\/li><\/ul>\n\n\n\n<p>Ra\u00fal Laguna<\/p>\n\n\n\n<p>BAJOS DE COYULA, HUATULCO. &#8211; Preparan lugare\u00f1os y prestadores de servicios de Bajos de Coyula y Boca Vieja, Huatulco la Tercera Feria del Osti\u00f3n, en la que pretenden diversas actividades recreativas familiares a realizarse los d\u00edas 25 y 26 de febrero en ese destino tur\u00edstico perteneciente al municipio de Santa Mar\u00eda Huatulco.<\/p>\n\n\n\n<p>Despu\u00e9s de dos a\u00f1os que fue suspendida por consecuencia de la pandemia por Covid-19, llega la Tercera Feria del Osti\u00f3n en Boca Vieja, la playa que pertenece a la agencia municipal de Bajos de Coyula, Huatulco que tiene la finalidad de incentivar la econom\u00eda local y atraer al turismo para \u00e9ste destino vacacional.<\/p>\n\n\n\n<p>El comit\u00e9 organizador prepara para los d\u00edas 25 y 26 de febrero diversas actividades como torneo de pesca, concurso del osti\u00f3n m\u00e1s grande, degustaciones de ostiones, eventos deportivos y hasta deslizamiento de lanchas con la finalidad de hacer de un evento de lo mejor y incentivar la econom\u00eda local.<\/p>\n\n\n\n<p>Los organizadores en coordinaci\u00f3n con la autoridad municipal que encabeza Jos\u00e9 Hern\u00e1ndez C\u00e1rdenas, con la Tercera edici\u00f3n de la Feria del Osti\u00f3n buscan atraer al turismo a la playa semi virgen de Boca Vieja y darle un realce; ya que cuenta con una playa abierta, cuenta con una laguna que desemboca al mar formando una boca barra.<\/p>\n\n\n\n<p>Han padecido pandemia y marea roja<\/p>\n\n\n\n<p>Hace unos a\u00f1os, en Boca Vieja, los prestadores de servicios y lugare\u00f1os padecieron de econom\u00eda al enfrentarse a una pandemia y que adem\u00e1s una \u201cMarea Roja\u201d, que les impidi\u00f3 la extracci\u00f3n del molusco por la prohibici\u00f3n sanitaria, por lo que fue suspendida la Feria del Osti\u00f3n.<\/p>\n\n\n\n<p>En \u00e9sta tercera edici\u00f3n de la Feria del Osti\u00f3n, la que esperan sea concurrida y exitosa como las dos anteriores, los lugare\u00f1os esperan un aliciente para las decenas de familias que viven de esa econom\u00eda; as\u00ed como buzos, pescadores y restauranteros.<\/p>\n\n\n\n<p>Autoridades apoyan a la Feria del Osti\u00f3n<\/p>\n\n\n\n<p>La actividad es respaldada por autoridades municipales y auxiliares, la Feria del Osti\u00f3n atrae a cientos de visitantes, en su mayor\u00eda de localidades vecinas como Pochutla, Santa Mar\u00eda Huatulco, Tonameca y Puerto Escondido, quienes disfrutan de ostiones frescos y mariscos diversos, adem\u00e1s de participar en actividades para toda la familia, como el torneo de pesca infantil, torneo de voleibol, concursos del osti\u00f3n m\u00e1s grande, platillo con osti\u00f3n y muestra gastron\u00f3mica.<\/p>\n\n\n\n<p>Teniendo como principal aliciente los frescos y apetitosos ostiones que rebosan de las conchas extra\u00eddas apenas unas horas antes de la celebraci\u00f3n, decenas de familias abarrotan restaurantes, enramadas y espacios como la laguna y playa.<\/p>\n\n\n\n<p>Las ediciones anteriores, las expectativas han sido rebasadas, organizadores y de prestadores de servicios que no se dan abasto para atender la demanda de los comensales, quienes r\u00e1pidamente arrasan con los ostiones que se expenden por docenas en las palapas.<\/p>\n\n\n\n<p>Feria del Osti\u00f3n, aliciente para buzos y pescadores<\/p>\n\n\n\n<p>En Boca Vieja y comunidades aleda\u00f1as habitan un aproximado de 30 buzos, se dedican a la extracci\u00f3n del molusco bivalvo y a la venta de productos del mar que son la base de su subsistencia<\/p>\n\n\n\n<p>Jorge Rojas Cort\u00e9s, buzo de la localidad considera que eventos como la Feria del Osti\u00f3n atraen la atenci\u00f3n de visitantes locales y turistas de otros lugares a una playa que hasta hace unos ocho o diez a\u00f1os no figuraba en el mapa de opciones tur\u00edsticas, y que ahora, debido principalmente a su gastronom\u00eda, excelentes precios y bellos paisajes, repunta a la par de las conocidas bah\u00edas de Huatulco.<\/p>\n\n\n\n<figure class=\"wp-block-gallery columns-3 is-cropped\"><ul class=\"blocks-gallery-grid\"><li class=\"blocks-gallery-item\"><figure><img loading=\"lazy\" width=\"600\" height=\"315\" src=\"https:\/\/publimar.mx\/wp-content\/uploads\/2023\/02\/IMG-20230208-WA0181.jpg\" alt=\"\" data-id=\"5877\" data-full-url=\"https:\/\/publimar.mx\/wp-content\/uploads\/2023\/02\/IMG-20230208-WA0181.jpg\" data-link=\"https:\/\/publimar.mx\/?attachment_id=5877\" class=\"wp-image-5877\" srcset=\"https:\/\/publimar.mx\/wp-content\/uploads\/2023\/02\/IMG-20230208-WA0181.jpg 600w, https:\/\/publimar.mx\/wp-content\/uploads\/2023\/02\/IMG-20230208-WA0181-300x158.jpg 300w\" sizes=\"(max-width: 600px) 100vw, 600px\" \/><\/figure><\/li><li class=\"blocks-gallery-item\"><figure><img loading=\"lazy\" width=\"301\" height=\"167\" src=\"https:\/\/publimar.mx\/wp-content\/uploads\/2023\/02\/IMG-20230208-WA0178.jpg\" alt=\"\" data-id=\"5878\" data-full-url=\"https:\/\/publimar.mx\/wp-content\/uploads\/2023\/02\/IMG-20230208-WA0178.jpg\" data-link=\"https:\/\/publimar.mx\/?attachment_id=5878\" class=\"wp-image-5878\"\/><\/figure><\/li><li class=\"blocks-gallery-item\"><figure><img loading=\"lazy\" width=\"800\" height=\"600\" src=\"https:\/\/publimar.mx\/wp-content\/uploads\/2023\/02\/IMG-20230208-WA0180.jpg\" alt=\"\" data-id=\"5879\" data-full-url=\"https:\/\/publimar.mx\/wp-content\/uploads\/2023\/02\/IMG-20230208-WA0180.jpg\" data-link=\"https:\/\/publimar.mx\/?attachment_id=5879\" class=\"wp-image-5879\" srcset=\"https:\/\/publimar.mx\/wp-content\/uploads\/2023\/02\/IMG-20230208-WA0180.jpg 800w, https:\/\/publimar.mx\/wp-content\/uploads\/2023\/02\/IMG-20230208-WA0180-300x225.jpg 300w, https:\/\/publimar.mx\/wp-content\/uploads\/2023\/02\/IMG-20230208-WA0180-768x576.jpg 768w\" sizes=\"(max-width: 800px) 100vw, 800px\" \/><\/figure><\/li><li class=\"blocks-gallery-item\"><figure><img loading=\"lazy\" width=\"1000\" height=\"600\" src=\"https:\/\/publimar.mx\/wp-content\/uploads\/2023\/02\/IMG-20230208-WA0179.jpg\" alt=\"\" data-id=\"5880\" data-full-url=\"https:\/\/publimar.mx\/wp-content\/uploads\/2023\/02\/IMG-20230208-WA0179.jpg\" data-link=\"https:\/\/publimar.mx\/?attachment_id=5880\" class=\"wp-image-5880\" srcset=\"https:\/\/publimar.mx\/wp-content\/uploads\/2023\/02\/IMG-20230208-WA0179.jpg 1000w, https:\/\/publimar.mx\/wp-content\/uploads\/2023\/02\/IMG-20230208-WA0179-300x180.jpg 300w, https:\/\/publimar.mx\/wp-content\/uploads\/2023\/02\/IMG-20230208-WA0179-768x461.jpg 768w\" sizes=\"(max-width: 1000px) 100vw, 1000px\" \/><\/figure><\/li><li class=\"blocks-gallery-item\"><figure><img loading=\"lazy\" width=\"662\" height=\"1024\" src=\"https:\/\/publimar.mx\/wp-content\/uploads\/2023\/02\/IMG-20230208-WA0182-662x1024.jpg\" alt=\"\" data-id=\"5881\" data-full-url=\"https:\/\/publimar.mx\/wp-content\/uploads\/2023\/02\/IMG-20230208-WA0182.jpg\" data-link=\"https:\/\/publimar.mx\/?attachment_id=5881\" class=\"wp-image-5881\" srcset=\"https:\/\/publimar.mx\/wp-content\/uploads\/2023\/02\/IMG-20230208-WA0182-662x1024.jpg 662w, https:\/\/publimar.mx\/wp-content\/uploads\/2023\/02\/IMG-20230208-WA0182-194x300.jpg 194w, https:\/\/publimar.mx\/wp-content\/uploads\/2023\/02\/IMG-20230208-WA0182-768x1187.jpg 768w, https:\/\/publimar.mx\/wp-content\/uploads\/2023\/02\/IMG-20230208-WA0182.jpg 828w\" sizes=\"(max-width: 662px) 100vw, 662px\" \/><\/figure><\/li><\/ul><\/figure>\n","protected":false},"excerpt":{"rendered":"<p>Listos prestadores de servicios para presentar la Feria del Osti\u00f3n para el 25 y 26 de febrero Ra\u00fal Laguna BAJOS DE COYULA, HUATULCO. &#8211; Preparan lugare\u00f1os y prestadores de servicios&hellip; <\/p>\n","protected":false},"author":1,"featured_media":5878,"comment_status":"open","ping_status":"open","sticky":false,"template":"","format":"standard","meta":{"_monsterinsights_skip_tracking":false,"_monsterinsights_sitenote_active":false,"_monsterinsights_sitenote_note":"","_monsterinsights_sitenote_category":0},"categories":[14,17],"tags":[],"yoast_head":"<!-- This site is optimized with the Yoast SEO plugin v17.0 - https:\/\/yoast.com\/wordpress\/plugins\/seo\/ -->\n<title>\u00a1LLEGA LA TERCERA FERIA DEL OSTI\u00d3N EN BOCA VIEJA! - PubliMar<\/title>\n<meta name=\"robots\" content=\"index, follow, max-snippet:-1, max-image-preview:large, max-video-preview:-1\" \/>\n<link rel=\"canonical\" href=\"https:\/\/publimar.mx\/index.php\/2023\/02\/08\/llega-la-tercera-feria-del-ostion-en-boca-vieja\/\" \/>\n<meta property=\"og:locale\" content=\"es_ES\" \/>\n<meta property=\"og:type\" content=\"article\" \/>\n<meta property=\"og:title\" content=\"\u00a1LLEGA LA TERCERA FERIA DEL OSTI\u00d3N EN BOCA VIEJA! - PubliMar\" \/>\n<meta property=\"og:description\" content=\"Listos prestadores de servicios para presentar la Feria del Osti\u00f3n para el 25 y 26 de febrero Ra\u00fal Laguna BAJOS DE COYULA, HUATULCO. &#8211; Preparan lugare\u00f1os y prestadores de servicios&hellip;\" \/>\n<meta property=\"og:url\" content=\"https:\/\/publimar.mx\/index.php\/2023\/02\/08\/llega-la-tercera-feria-del-ostion-en-boca-vieja\/\" \/>\n<meta property=\"og:site_name\" content=\"PubliMar\" \/>\n<meta property=\"article:published_time\" content=\"2023-02-09T02:34:08+00:00\" \/>\n<meta property=\"article:modified_time\" content=\"2023-02-09T02:34:12+00:00\" \/>\n<meta property=\"og:image\" content=\"https:\/\/publimar.mx\/wp-content\/uploads\/2023\/02\/IMG-20230208-WA0178.jpg\" \/>\n\t<meta property=\"og:image:width\" content=\"301\" \/>\n\t<meta property=\"og:image:height\" content=\"167\" \/>\n<meta name=\"twitter:card\" content=\"summary_large_image\" \/>\n<meta name=\"twitter:label1\" content=\"Escrito por\" \/>\n\t<meta name=\"twitter:data1\" content=\"admin\" \/>\n\t<meta name=\"twitter:label2\" content=\"Tiempo de lectura\" \/>\n\t<meta name=\"twitter:data2\" content=\"4 minutos\" \/>\n<script type=\"application\/ld+json\" class=\"yoast-schema-graph\">{\"@context\":\"https:\/\/schema.org\",\"@graph\":[{\"@type\":\"WebSite\",\"@id\":\"https:\/\/publimar.mx\/#website\",\"url\":\"https:\/\/publimar.mx\/\",\"name\":\"PubliMar\",\"description\":\"Informaci\\u00f3n de la Costa Oaxaque\\u00f1a\",\"publisher\":{\"@id\":\"https:\/\/publimar.mx\/#\/schema\/person\/42ad4d315580276616a11863a241f558\"},\"potentialAction\":[{\"@type\":\"SearchAction\",\"target\":{\"@type\":\"EntryPoint\",\"urlTemplate\":\"https:\/\/publimar.mx\/?s={search_term_string}\"},\"query-input\":\"required name=search_term_string\"}],\"inLanguage\":\"es\"},{\"@type\":\"ImageObject\",\"@id\":\"https:\/\/publimar.mx\/index.php\/2023\/02\/08\/llega-la-tercera-feria-del-ostion-en-boca-vieja\/#primaryimage\",\"inLanguage\":\"es\",\"url\":\"https:\/\/publimar.mx\/wp-content\/uploads\/2023\/02\/IMG-20230208-WA0178.jpg\",\"contentUrl\":\"https:\/\/publimar.mx\/wp-content\/uploads\/2023\/02\/IMG-20230208-WA0178.jpg\",\"width\":301,\"height\":167},{\"@type\":\"WebPage\",\"@id\":\"https:\/\/publimar.mx\/index.php\/2023\/02\/08\/llega-la-tercera-feria-del-ostion-en-boca-vieja\/#webpage\",\"url\":\"https:\/\/publimar.mx\/index.php\/2023\/02\/08\/llega-la-tercera-feria-del-ostion-en-boca-vieja\/\",\"name\":\"\\u00a1LLEGA LA TERCERA FERIA DEL OSTI\\u00d3N EN BOCA VIEJA! - PubliMar\",\"isPartOf\":{\"@id\":\"https:\/\/publimar.mx\/#website\"},\"primaryImageOfPage\":{\"@id\":\"https:\/\/publimar.mx\/index.php\/2023\/02\/08\/llega-la-tercera-feria-del-ostion-en-boca-vieja\/#primaryimage\"},\"datePublished\":\"2023-02-09T02:34:08+00:00\",\"dateModified\":\"2023-02-09T02:34:12+00:00\",\"breadcrumb\":{\"@id\":\"https:\/\/publimar.mx\/index.php\/2023\/02\/08\/llega-la-tercera-feria-del-ostion-en-boca-vieja\/#breadcrumb\"},\"inLanguage\":\"es\",\"potentialAction\":[{\"@type\":\"ReadAction\",\"target\":[\"https:\/\/publimar.mx\/index.php\/2023\/02\/08\/llega-la-tercera-feria-del-ostion-en-boca-vieja\/\"]}]},{\"@type\":\"BreadcrumbList\",\"@id\":\"https:\/\/publimar.mx\/index.php\/2023\/02\/08\/llega-la-tercera-feria-del-ostion-en-boca-vieja\/#breadcrumb\",\"itemListElement\":[{\"@type\":\"ListItem\",\"position\":1,\"name\":\"Portada\",\"item\":\"https:\/\/publimar.mx\/\"},{\"@type\":\"ListItem\",\"position\":2,\"name\":\"\\u00a1LLEGA LA TERCERA FERIA DEL OSTI\\u00d3N EN BOCA VIEJA!\"}]},{\"@type\":[\"Article\",\"NewsArticle\"],\"@id\":\"https:\/\/publimar.mx\/index.php\/2023\/02\/08\/llega-la-tercera-feria-del-ostion-en-boca-vieja\/#article\",\"isPartOf\":{\"@id\":\"https:\/\/publimar.mx\/index.php\/2023\/02\/08\/llega-la-tercera-feria-del-ostion-en-boca-vieja\/#webpage\"},\"author\":{\"@id\":\"https:\/\/publimar.mx\/#\/schema\/person\/42ad4d315580276616a11863a241f558\"},\"headline\":\"\\u00a1LLEGA LA TERCERA FERIA DEL OSTI\\u00d3N EN BOCA VIEJA!\",\"datePublished\":\"2023-02-09T02:34:08+00:00\",\"dateModified\":\"2023-02-09T02:34:12+00:00\",\"mainEntityOfPage\":{\"@id\":\"https:\/\/publimar.mx\/index.php\/2023\/02\/08\/llega-la-tercera-feria-del-ostion-en-boca-vieja\/#webpage\"},\"wordCount\":642,\"commentCount\":0,\"publisher\":{\"@id\":\"https:\/\/publimar.mx\/#\/schema\/person\/42ad4d315580276616a11863a241f558\"},\"image\":{\"@id\":\"https:\/\/publimar.mx\/index.php\/2023\/02\/08\/llega-la-tercera-feria-del-ostion-en-boca-vieja\/#primaryimage\"},\"thumbnailUrl\":\"https:\/\/publimar.mx\/wp-content\/uploads\/2023\/02\/IMG-20230208-WA0178.jpg\",\"articleSection\":[\"Regional\",\"Turismo\"],\"inLanguage\":\"es\",\"potentialAction\":[{\"@type\":\"CommentAction\",\"name\":\"Comment\",\"target\":[\"https:\/\/publimar.mx\/index.php\/2023\/02\/08\/llega-la-tercera-feria-del-ostion-en-boca-vieja\/#respond\"]}]},{\"@type\":[\"Person\",\"Organization\"],\"@id\":\"https:\/\/publimar.mx\/#\/schema\/person\/42ad4d315580276616a11863a241f558\",\"name\":\"admin\",\"image\":{\"@type\":\"ImageObject\",\"@id\":\"https:\/\/publimar.mx\/#personlogo\",\"inLanguage\":\"es\",\"url\":\"https:\/\/publimar.mx\/wp-content\/uploads\/2021\/08\/logo.png\",\"contentUrl\":\"https:\/\/publimar.mx\/wp-content\/uploads\/2021\/08\/logo.png\",\"width\":454,\"height\":108,\"caption\":\"admin\"},\"logo\":{\"@id\":\"https:\/\/publimar.mx\/#personlogo\"},\"sameAs\":[\"https:\/\/publimar.mx\"],\"url\":\"https:\/\/publimar.mx\/index.php\/author\/admin\/\"}]}<\/script>\n<!-- \/ Yoast SEO plugin. -->","yoast_head_json":{"title":"\u00a1LLEGA LA TERCERA FERIA DEL OSTI\u00d3N EN BOCA VIEJA! - PubliMar","robots":{"index":"index","follow":"follow","max-snippet":"max-snippet:-1","max-image-preview":"max-image-preview:large","max-video-preview":"max-video-preview:-1"},"canonical":"https:\/\/publimar.mx\/index.php\/2023\/02\/08\/llega-la-tercera-feria-del-ostion-en-boca-vieja\/","og_locale":"es_ES","og_type":"article","og_title":"\u00a1LLEGA LA TERCERA FERIA DEL OSTI\u00d3N EN BOCA VIEJA! - PubliMar","og_description":"Listos prestadores de servicios para presentar la Feria del Osti\u00f3n para el 25 y 26 de febrero Ra\u00fal Laguna BAJOS DE COYULA, HUATULCO. &#8211; Preparan lugare\u00f1os y prestadores de servicios&hellip;","og_url":"https:\/\/publimar.mx\/index.php\/2023\/02\/08\/llega-la-tercera-feria-del-ostion-en-boca-vieja\/","og_site_name":"PubliMar","article_published_time":"2023-02-09T02:34:08+00:00","article_modified_time":"2023-02-09T02:34:12+00:00","og_image":[{"width":301,"height":167,"url":"https:\/\/publimar.mx\/wp-content\/uploads\/2023\/02\/IMG-20230208-WA0178.jpg","path":"\/home\/u358712125\/domains\/publimar.mx\/public_html\/wp-content\/uploads\/2023\/02\/IMG-20230208-WA0178.jpg","size":"full","id":5878,"alt":"","pixels":50267,"type":"image\/jpeg"}],"twitter_card":"summary_large_image","twitter_misc":{"Escrito por":"admin","Tiempo de lectura":"4 minutos"},"schema":{"@context":"https:\/\/schema.org","@graph":[{"@type":"WebSite","@id":"https:\/\/publimar.mx\/#website","url":"https:\/\/publimar.mx\/","name":"PubliMar","description":"Informaci\u00f3n de la Costa Oaxaque\u00f1a","publisher":{"@id":"https:\/\/publimar.mx\/#\/schema\/person\/42ad4d315580276616a11863a241f558"},"potentialAction":[{"@type":"SearchAction","target":{"@type":"EntryPoint","urlTemplate":"https:\/\/publimar.mx\/?s={search_term_string}"},"query-input":"required name=search_term_string"}],"inLanguage":"es"},{"@type":"ImageObject","@id":"https:\/\/publimar.mx\/index.php\/2023\/02\/08\/llega-la-tercera-feria-del-ostion-en-boca-vieja\/#primaryimage","inLanguage":"es","url":"https:\/\/publimar.mx\/wp-content\/uploads\/2023\/02\/IMG-20230208-WA0178.jpg","contentUrl":"https:\/\/publimar.mx\/wp-content\/uploads\/2023\/02\/IMG-20230208-WA0178.jpg","width":301,"height":167},{"@type":"WebPage","@id":"https:\/\/publimar.mx\/index.php\/2023\/02\/08\/llega-la-tercera-feria-del-ostion-en-boca-vieja\/#webpage","url":"https:\/\/publimar.mx\/index.php\/2023\/02\/08\/llega-la-tercera-feria-del-ostion-en-boca-vieja\/","name":"\u00a1LLEGA LA TERCERA FERIA DEL OSTI\u00d3N EN BOCA VIEJA! - PubliMar","isPartOf":{"@id":"https:\/\/publimar.mx\/#website"},"primaryImageOfPage":{"@id":"https:\/\/publimar.mx\/index.php\/2023\/02\/08\/llega-la-tercera-feria-del-ostion-en-boca-vieja\/#primaryimage"},"datePublished":"2023-02-09T02:34:08+00:00","dateModified":"2023-02-09T02:34:12+00:00","breadcrumb":{"@id":"https:\/\/publimar.mx\/index.php\/2023\/02\/08\/llega-la-tercera-feria-del-ostion-en-boca-vieja\/#breadcrumb"},"inLanguage":"es","potentialAction":[{"@type":"ReadAction","target":["https:\/\/publimar.mx\/index.php\/2023\/02\/08\/llega-la-tercera-feria-del-ostion-en-boca-vieja\/"]}]},{"@type":"BreadcrumbList","@id":"https:\/\/publimar.mx\/index.php\/2023\/02\/08\/llega-la-tercera-feria-del-ostion-en-boca-vieja\/#breadcrumb","itemListElement":[{"@type":"ListItem","position":1,"name":"Portada","item":"https:\/\/publimar.mx\/"},{"@type":"ListItem","position":2,"name":"\u00a1LLEGA LA TERCERA FERIA DEL OSTI\u00d3N EN BOCA VIEJA!"}]},{"@type":["Article","NewsArticle"],"@id":"https:\/\/publimar.mx\/index.php\/2023\/02\/08\/llega-la-tercera-feria-del-ostion-en-boca-vieja\/#article","isPartOf":{"@id":"https:\/\/publimar.mx\/index.php\/2023\/02\/08\/llega-la-tercera-feria-del-ostion-en-boca-vieja\/#webpage"},"author":{"@id":"https:\/\/publimar.mx\/#\/schema\/person\/42ad4d315580276616a11863a241f558"},"headline":"\u00a1LLEGA LA TERCERA FERIA DEL OSTI\u00d3N EN BOCA VIEJA!","datePublished":"2023-02-09T02:34:08+00:00","dateModified":"2023-02-09T02:34:12+00:00","mainEntityOfPage":{"@id":"https:\/\/publimar.mx\/index.php\/2023\/02\/08\/llega-la-tercera-feria-del-ostion-en-boca-vieja\/#webpage"},"wordCount":642,"commentCount":0,"publisher":{"@id":"https:\/\/publimar.mx\/#\/schema\/person\/42ad4d315580276616a11863a241f558"},"image":{"@id":"https:\/\/publimar.mx\/index.php\/2023\/02\/08\/llega-la-tercera-feria-del-ostion-en-boca-vieja\/#primaryimage"},"thumbnailUrl":"https:\/\/publimar.mx\/wp-content\/uploads\/2023\/02\/IMG-20230208-WA0178.jpg","articleSection":["Regional","Turismo"],"inLanguage":"es","potentialAction":[{"@type":"CommentAction","name":"Comment","target":["https:\/\/publimar.mx\/index.php\/2023\/02\/08\/llega-la-tercera-feria-del-ostion-en-boca-vieja\/#respond"]}]},{"@type":["Person","Organization"],"@id":"https:\/\/publimar.mx\/#\/schema\/person\/42ad4d315580276616a11863a241f558","name":"admin","image":{"@type":"ImageObject","@id":"https:\/\/publimar.mx\/#personlogo","inLanguage":"es","url":"https:\/\/publimar.mx\/wp-content\/uploads\/2021\/08\/logo.png","contentUrl":"https:\/\/publimar.mx\/wp-content\/uploads\/2021\/08\/logo.png","width":454,"height":108,"caption":"admin"},"logo":{"@id":"https:\/\/publimar.mx\/#personlogo"},"sameAs":["https:\/\/publimar.mx"],"url":"https:\/\/publimar.mx\/index.php\/author\/admin\/"}]}},"_links":{"self":[{"href":"https:\/\/publimar.mx\/index.php\/wp-json\/wp\/v2\/posts\/5876"}],"collection":[{"href":"https:\/\/publimar.mx\/index.php\/wp-json\/wp\/v2\/posts"}],"about":[{"href":"https:\/\/publimar.mx\/index.php\/wp-json\/wp\/v2\/types\/post"}],"author":[{"embeddable":true,"href":"https:\/\/publimar.mx\/index.php\/wp-json\/wp\/v2\/users\/1"}],"replies":[{"embeddable":true,"href":"https:\/\/publimar.mx\/index.php\/wp-json\/wp\/v2\/comments?post=5876"}],"version-history":[{"count":1,"href":"https:\/\/publimar.mx\/index.php\/wp-json\/wp\/v2\/posts\/5876\/revisions"}],"predecessor-version":[{"id":5882,"href":"https:\/\/publimar.mx\/index.php\/wp-json\/wp\/v2\/posts\/5876\/revisions\/5882"}],"wp:featuredmedia":[{"embeddable":true,"href":"https:\/\/publimar.mx\/index.php\/wp-json\/wp\/v2\/media\/5878"}],"wp:attachment":[{"href":"https:\/\/publimar.mx\/index.php\/wp-json\/wp\/v2\/media?parent=5876"}],"wp:term":[{"taxonomy":"category","embeddable":true,"href":"https:\/\/publimar.mx\/index.php\/wp-json\/wp\/v2\/categories?post=5876"},{"taxonomy":"post_tag","embeddable":true,"href":"https:\/\/publimar.mx\/index.php\/wp-json\/wp\/v2\/tags?post=5876"}],"curies":[{"name":"wp","href":"https:\/\/api.w.org\/{rel}","templated":true}]}}