{"id":3645,"date":"2021-12-15T08:42:30","date_gmt":"2021-12-15T14:42:30","guid":{"rendered":"https:\/\/publimar.mx\/?p=3645"},"modified":"2021-12-15T08:42:33","modified_gmt":"2021-12-15T14:42:33","slug":"septuagenario-se-ahogo-en-cascada-de-la-reforma-mixtepec","status":"publish","type":"post","link":"https:\/\/publimar.mx\/index.php\/2021\/12\/15\/septuagenario-se-ahogo-en-cascada-de-la-reforma-mixtepec\/","title":{"rendered":"Septuagenario se ahog\u00f3 en cascada de La Reforma, Mixtepec"},"content":{"rendered":"\n<ul><li><strong>Era profesor jubilado del estado de Puebla<\/strong><\/li><\/ul>\n\n\n\n<p><strong>Miguel G. G.<\/strong><\/p>\n\n\n\n<div class=\"wp-block-image\"><figure class=\"alignright size-full\"><img loading=\"lazy\" width=\"495\" height=\"373\" src=\"https:\/\/publimar.mx\/wp-content\/uploads\/2021\/12\/ahogado-puerto.jpg\" alt=\"\" class=\"wp-image-3646\" srcset=\"https:\/\/publimar.mx\/wp-content\/uploads\/2021\/12\/ahogado-puerto.jpg 495w, https:\/\/publimar.mx\/wp-content\/uploads\/2021\/12\/ahogado-puerto-300x226.jpg 300w\" sizes=\"(max-width: 495px) 100vw, 495px\" \/><\/figure><\/div>\n\n\n\n<p>PUERTO ESCONDIDO.- La tarde noche de este domingo un profesor jubilado, de aproximadamente 70 a\u00f1os de edad, muri\u00f3 ahogado en una de las pozas en el r\u00edo de La Reforma Mixtepec. El hombre se introdujo al agua y ya no sali\u00f3, despu\u00e9s de varias horas de b\u00fasqueda localizaron su cad\u00e1ver.<\/p>\n\n\n\n<p>Jorge Alberto arrib\u00f3 al afluente para disfrutar un momento ameno nadando, as\u00ed que se meti\u00f3 a una de las conocida Pozas de La Cascada, pero que ya sali\u00f3, algunas personas que estaban en lugar trataron de localizar al profesor jubilado y otras de inmediato dieron aviso al personal de Protecci\u00f3n Civil Municipal, el cual al arribar inici\u00f3 con las b\u00fasqueda del adulto mayor, sin tener \u00e9xito, y dado que la noche lleg\u00f3 y la b\u00fasqueda se torn\u00f3 dif\u00edcil, la suspendieron.<\/p>\n\n\n\n<p>Fue hasta el d\u00eda de ayer, alrededor de las 10:00 horas, que los socorristas de Protecci\u00f3n Civil, en conjunto con algunos voluntarios de esa poblaci\u00f3n, localizaron el cad\u00e1ver del septuagenario desaparecido.<\/p>\n\n\n\n<p>En entrevista con Jos\u00e9 Antonio Ram\u00edrez, director de protecci\u00f3n civil municipal de San Pedro Mixtepec, coment\u00f3 que el hombre hallado habr\u00eda fallecido por ahogamiento y respondi\u00f3 al nombre de Jorge Alberto, de ocupaci\u00f3n profesor jubilado, originario del estado de Puebla, quien hab\u00eda viajado a la zona acompa\u00f1ado de una f\u00e9mina y se encontraba en el lugar en calidad de turista.<\/p>\n\n\n\n<p>Una vez que se confirm\u00f3 lo anterior, el personal de la Agencia Estatal de Investigaciones, (A.E.I.) acudi\u00f3 a La Reforma Mixtepec con la finalidad de procesar el lugar del hallazgo, en el momento que se dieron por concluidas las diligencias de ley, se orden\u00f3 el levantamiento del cuerpo, para que fuera trasladado al descanso municipal, donde se le practicar\u00eda la necropsia de ley, y as\u00ed saber las verdaderas causas de la muerte del profesor jubilado del estado de puebla.<\/p>\n","protected":false},"excerpt":{"rendered":"<p>Era profesor jubilado del estado de Puebla Miguel G. G. PUERTO ESCONDIDO.- La tarde noche de este domingo un profesor jubilado, de aproximadamente 70 a\u00f1os de edad, muri\u00f3 ahogado en&hellip; <\/p>\n","protected":false},"author":1,"featured_media":3646,"comment_status":"open","ping_status":"open","sticky":false,"template":"","format":"standard","meta":{"_monsterinsights_skip_tracking":false,"_monsterinsights_sitenote_active":false,"_monsterinsights_sitenote_note":"","_monsterinsights_sitenote_category":0},"categories":[12],"tags":[],"yoast_head":"<!-- This site is optimized with the Yoast SEO plugin v17.0 - https:\/\/yoast.com\/wordpress\/plugins\/seo\/ -->\n<title>Septuagenario se ahog\u00f3 en cascada de La Reforma, Mixtepec - PubliMar<\/title>\n<meta name=\"robots\" content=\"index, follow, max-snippet:-1, max-image-preview:large, max-video-preview:-1\" \/>\n<link rel=\"canonical\" href=\"https:\/\/publimar.mx\/index.php\/2021\/12\/15\/septuagenario-se-ahogo-en-cascada-de-la-reforma-mixtepec\/\" \/>\n<meta property=\"og:locale\" content=\"es_ES\" \/>\n<meta property=\"og:type\" content=\"article\" \/>\n<meta property=\"og:title\" content=\"Septuagenario se ahog\u00f3 en cascada de La Reforma, Mixtepec - PubliMar\" \/>\n<meta property=\"og:description\" content=\"Era profesor jubilado del estado de Puebla Miguel G. G. PUERTO ESCONDIDO.- La tarde noche de este domingo un profesor jubilado, de aproximadamente 70 a\u00f1os de edad, muri\u00f3 ahogado en&hellip;\" \/>\n<meta property=\"og:url\" content=\"https:\/\/publimar.mx\/index.php\/2021\/12\/15\/septuagenario-se-ahogo-en-cascada-de-la-reforma-mixtepec\/\" \/>\n<meta property=\"og:site_name\" content=\"PubliMar\" \/>\n<meta property=\"article:published_time\" content=\"2021-12-15T14:42:30+00:00\" \/>\n<meta property=\"article:modified_time\" content=\"2021-12-15T14:42:33+00:00\" \/>\n<meta property=\"og:image\" content=\"https:\/\/publimar.mx\/wp-content\/uploads\/2021\/12\/ahogado-puerto.jpg\" \/>\n\t<meta property=\"og:image:width\" content=\"495\" \/>\n\t<meta property=\"og:image:height\" content=\"373\" \/>\n<meta name=\"twitter:card\" content=\"summary_large_image\" \/>\n<meta name=\"twitter:label1\" content=\"Escrito por\" \/>\n\t<meta name=\"twitter:data1\" content=\"admin\" \/>\n\t<meta name=\"twitter:label2\" content=\"Tiempo de lectura\" \/>\n\t<meta name=\"twitter:data2\" content=\"2 minutos\" \/>\n<script type=\"application\/ld+json\" class=\"yoast-schema-graph\">{\"@context\":\"https:\/\/schema.org\",\"@graph\":[{\"@type\":\"WebSite\",\"@id\":\"https:\/\/publimar.mx\/#website\",\"url\":\"https:\/\/publimar.mx\/\",\"name\":\"PubliMar\",\"description\":\"Informaci\\u00f3n de la Costa Oaxaque\\u00f1a\",\"publisher\":{\"@id\":\"https:\/\/publimar.mx\/#\/schema\/person\/42ad4d315580276616a11863a241f558\"},\"potentialAction\":[{\"@type\":\"SearchAction\",\"target\":{\"@type\":\"EntryPoint\",\"urlTemplate\":\"https:\/\/publimar.mx\/?s={search_term_string}\"},\"query-input\":\"required name=search_term_string\"}],\"inLanguage\":\"es\"},{\"@type\":\"ImageObject\",\"@id\":\"https:\/\/publimar.mx\/index.php\/2021\/12\/15\/septuagenario-se-ahogo-en-cascada-de-la-reforma-mixtepec\/#primaryimage\",\"inLanguage\":\"es\",\"url\":\"https:\/\/publimar.mx\/wp-content\/uploads\/2021\/12\/ahogado-puerto.jpg\",\"contentUrl\":\"https:\/\/publimar.mx\/wp-content\/uploads\/2021\/12\/ahogado-puerto.jpg\",\"width\":495,\"height\":373},{\"@type\":\"WebPage\",\"@id\":\"https:\/\/publimar.mx\/index.php\/2021\/12\/15\/septuagenario-se-ahogo-en-cascada-de-la-reforma-mixtepec\/#webpage\",\"url\":\"https:\/\/publimar.mx\/index.php\/2021\/12\/15\/septuagenario-se-ahogo-en-cascada-de-la-reforma-mixtepec\/\",\"name\":\"Septuagenario se ahog\\u00f3 en cascada de La Reforma, Mixtepec - PubliMar\",\"isPartOf\":{\"@id\":\"https:\/\/publimar.mx\/#website\"},\"primaryImageOfPage\":{\"@id\":\"https:\/\/publimar.mx\/index.php\/2021\/12\/15\/septuagenario-se-ahogo-en-cascada-de-la-reforma-mixtepec\/#primaryimage\"},\"datePublished\":\"2021-12-15T14:42:30+00:00\",\"dateModified\":\"2021-12-15T14:42:33+00:00\",\"breadcrumb\":{\"@id\":\"https:\/\/publimar.mx\/index.php\/2021\/12\/15\/septuagenario-se-ahogo-en-cascada-de-la-reforma-mixtepec\/#breadcrumb\"},\"inLanguage\":\"es\",\"potentialAction\":[{\"@type\":\"ReadAction\",\"target\":[\"https:\/\/publimar.mx\/index.php\/2021\/12\/15\/septuagenario-se-ahogo-en-cascada-de-la-reforma-mixtepec\/\"]}]},{\"@type\":\"BreadcrumbList\",\"@id\":\"https:\/\/publimar.mx\/index.php\/2021\/12\/15\/septuagenario-se-ahogo-en-cascada-de-la-reforma-mixtepec\/#breadcrumb\",\"itemListElement\":[{\"@type\":\"ListItem\",\"position\":1,\"name\":\"Portada\",\"item\":\"https:\/\/publimar.mx\/\"},{\"@type\":\"ListItem\",\"position\":2,\"name\":\"Septuagenario se ahog\\u00f3 en cascada de La Reforma, Mixtepec\"}]},{\"@type\":[\"Article\",\"NewsArticle\"],\"@id\":\"https:\/\/publimar.mx\/index.php\/2021\/12\/15\/septuagenario-se-ahogo-en-cascada-de-la-reforma-mixtepec\/#article\",\"isPartOf\":{\"@id\":\"https:\/\/publimar.mx\/index.php\/2021\/12\/15\/septuagenario-se-ahogo-en-cascada-de-la-reforma-mixtepec\/#webpage\"},\"author\":{\"@id\":\"https:\/\/publimar.mx\/#\/schema\/person\/42ad4d315580276616a11863a241f558\"},\"headline\":\"Septuagenario se ahog\\u00f3 en cascada de La Reforma, Mixtepec\",\"datePublished\":\"2021-12-15T14:42:30+00:00\",\"dateModified\":\"2021-12-15T14:42:33+00:00\",\"mainEntityOfPage\":{\"@id\":\"https:\/\/publimar.mx\/index.php\/2021\/12\/15\/septuagenario-se-ahogo-en-cascada-de-la-reforma-mixtepec\/#webpage\"},\"wordCount\":341,\"commentCount\":0,\"publisher\":{\"@id\":\"https:\/\/publimar.mx\/#\/schema\/person\/42ad4d315580276616a11863a241f558\"},\"image\":{\"@id\":\"https:\/\/publimar.mx\/index.php\/2021\/12\/15\/septuagenario-se-ahogo-en-cascada-de-la-reforma-mixtepec\/#primaryimage\"},\"thumbnailUrl\":\"https:\/\/publimar.mx\/wp-content\/uploads\/2021\/12\/ahogado-puerto.jpg\",\"articleSection\":[\"Polic\\u00edaca..\"],\"inLanguage\":\"es\",\"potentialAction\":[{\"@type\":\"CommentAction\",\"name\":\"Comment\",\"target\":[\"https:\/\/publimar.mx\/index.php\/2021\/12\/15\/septuagenario-se-ahogo-en-cascada-de-la-reforma-mixtepec\/#respond\"]}]},{\"@type\":[\"Person\",\"Organization\"],\"@id\":\"https:\/\/publimar.mx\/#\/schema\/person\/42ad4d315580276616a11863a241f558\",\"name\":\"admin\",\"image\":{\"@type\":\"ImageObject\",\"@id\":\"https:\/\/publimar.mx\/#personlogo\",\"inLanguage\":\"es\",\"url\":\"https:\/\/publimar.mx\/wp-content\/uploads\/2021\/08\/logo.png\",\"contentUrl\":\"https:\/\/publimar.mx\/wp-content\/uploads\/2021\/08\/logo.png\",\"width\":454,\"height\":108,\"caption\":\"admin\"},\"logo\":{\"@id\":\"https:\/\/publimar.mx\/#personlogo\"},\"sameAs\":[\"https:\/\/publimar.mx\"],\"url\":\"https:\/\/publimar.mx\/index.php\/author\/admin\/\"}]}<\/script>\n<!-- \/ Yoast SEO plugin. -->","yoast_head_json":{"title":"Septuagenario se ahog\u00f3 en cascada de La Reforma, Mixtepec - PubliMar","robots":{"index":"index","follow":"follow","max-snippet":"max-snippet:-1","max-image-preview":"max-image-preview:large","max-video-preview":"max-video-preview:-1"},"canonical":"https:\/\/publimar.mx\/index.php\/2021\/12\/15\/septuagenario-se-ahogo-en-cascada-de-la-reforma-mixtepec\/","og_locale":"es_ES","og_type":"article","og_title":"Septuagenario se ahog\u00f3 en cascada de La Reforma, Mixtepec - PubliMar","og_description":"Era profesor jubilado del estado de Puebla Miguel G. G. PUERTO ESCONDIDO.- La tarde noche de este domingo un profesor jubilado, de aproximadamente 70 a\u00f1os de edad, muri\u00f3 ahogado en&hellip;","og_url":"https:\/\/publimar.mx\/index.php\/2021\/12\/15\/septuagenario-se-ahogo-en-cascada-de-la-reforma-mixtepec\/","og_site_name":"PubliMar","article_published_time":"2021-12-15T14:42:30+00:00","article_modified_time":"2021-12-15T14:42:33+00:00","og_image":[{"width":495,"height":373,"url":"https:\/\/publimar.mx\/wp-content\/uploads\/2021\/12\/ahogado-puerto.jpg","path":"\/home\/u358712125\/domains\/publimar.mx\/public_html\/wp-content\/uploads\/2021\/12\/ahogado-puerto.jpg","size":"full","id":3646,"alt":"","pixels":184635,"type":"image\/jpeg"}],"twitter_card":"summary_large_image","twitter_misc":{"Escrito por":"admin","Tiempo de lectura":"2 minutos"},"schema":{"@context":"https:\/\/schema.org","@graph":[{"@type":"WebSite","@id":"https:\/\/publimar.mx\/#website","url":"https:\/\/publimar.mx\/","name":"PubliMar","description":"Informaci\u00f3n de la Costa Oaxaque\u00f1a","publisher":{"@id":"https:\/\/publimar.mx\/#\/schema\/person\/42ad4d315580276616a11863a241f558"},"potentialAction":[{"@type":"SearchAction","target":{"@type":"EntryPoint","urlTemplate":"https:\/\/publimar.mx\/?s={search_term_string}"},"query-input":"required name=search_term_string"}],"inLanguage":"es"},{"@type":"ImageObject","@id":"https:\/\/publimar.mx\/index.php\/2021\/12\/15\/septuagenario-se-ahogo-en-cascada-de-la-reforma-mixtepec\/#primaryimage","inLanguage":"es","url":"https:\/\/publimar.mx\/wp-content\/uploads\/2021\/12\/ahogado-puerto.jpg","contentUrl":"https:\/\/publimar.mx\/wp-content\/uploads\/2021\/12\/ahogado-puerto.jpg","width":495,"height":373},{"@type":"WebPage","@id":"https:\/\/publimar.mx\/index.php\/2021\/12\/15\/septuagenario-se-ahogo-en-cascada-de-la-reforma-mixtepec\/#webpage","url":"https:\/\/publimar.mx\/index.php\/2021\/12\/15\/septuagenario-se-ahogo-en-cascada-de-la-reforma-mixtepec\/","name":"Septuagenario se ahog\u00f3 en cascada de La Reforma, Mixtepec - PubliMar","isPartOf":{"@id":"https:\/\/publimar.mx\/#website"},"primaryImageOfPage":{"@id":"https:\/\/publimar.mx\/index.php\/2021\/12\/15\/septuagenario-se-ahogo-en-cascada-de-la-reforma-mixtepec\/#primaryimage"},"datePublished":"2021-12-15T14:42:30+00:00","dateModified":"2021-12-15T14:42:33+00:00","breadcrumb":{"@id":"https:\/\/publimar.mx\/index.php\/2021\/12\/15\/septuagenario-se-ahogo-en-cascada-de-la-reforma-mixtepec\/#breadcrumb"},"inLanguage":"es","potentialAction":[{"@type":"ReadAction","target":["https:\/\/publimar.mx\/index.php\/2021\/12\/15\/septuagenario-se-ahogo-en-cascada-de-la-reforma-mixtepec\/"]}]},{"@type":"BreadcrumbList","@id":"https:\/\/publimar.mx\/index.php\/2021\/12\/15\/septuagenario-se-ahogo-en-cascada-de-la-reforma-mixtepec\/#breadcrumb","itemListElement":[{"@type":"ListItem","position":1,"name":"Portada","item":"https:\/\/publimar.mx\/"},{"@type":"ListItem","position":2,"name":"Septuagenario se ahog\u00f3 en cascada de La Reforma, Mixtepec"}]},{"@type":["Article","NewsArticle"],"@id":"https:\/\/publimar.mx\/index.php\/2021\/12\/15\/septuagenario-se-ahogo-en-cascada-de-la-reforma-mixtepec\/#article","isPartOf":{"@id":"https:\/\/publimar.mx\/index.php\/2021\/12\/15\/septuagenario-se-ahogo-en-cascada-de-la-reforma-mixtepec\/#webpage"},"author":{"@id":"https:\/\/publimar.mx\/#\/schema\/person\/42ad4d315580276616a11863a241f558"},"headline":"Septuagenario se ahog\u00f3 en cascada de La Reforma, Mixtepec","datePublished":"2021-12-15T14:42:30+00:00","dateModified":"2021-12-15T14:42:33+00:00","mainEntityOfPage":{"@id":"https:\/\/publimar.mx\/index.php\/2021\/12\/15\/septuagenario-se-ahogo-en-cascada-de-la-reforma-mixtepec\/#webpage"},"wordCount":341,"commentCount":0,"publisher":{"@id":"https:\/\/publimar.mx\/#\/schema\/person\/42ad4d315580276616a11863a241f558"},"image":{"@id":"https:\/\/publimar.mx\/index.php\/2021\/12\/15\/septuagenario-se-ahogo-en-cascada-de-la-reforma-mixtepec\/#primaryimage"},"thumbnailUrl":"https:\/\/publimar.mx\/wp-content\/uploads\/2021\/12\/ahogado-puerto.jpg","articleSection":["Polic\u00edaca.."],"inLanguage":"es","potentialAction":[{"@type":"CommentAction","name":"Comment","target":["https:\/\/publimar.mx\/index.php\/2021\/12\/15\/septuagenario-se-ahogo-en-cascada-de-la-reforma-mixtepec\/#respond"]}]},{"@type":["Person","Organization"],"@id":"https:\/\/publimar.mx\/#\/schema\/person\/42ad4d315580276616a11863a241f558","name":"admin","image":{"@type":"ImageObject","@id":"https:\/\/publimar.mx\/#personlogo","inLanguage":"es","url":"https:\/\/publimar.mx\/wp-content\/uploads\/2021\/08\/logo.png","contentUrl":"https:\/\/publimar.mx\/wp-content\/uploads\/2021\/08\/logo.png","width":454,"height":108,"caption":"admin"},"logo":{"@id":"https:\/\/publimar.mx\/#personlogo"},"sameAs":["https:\/\/publimar.mx"],"url":"https:\/\/publimar.mx\/index.php\/author\/admin\/"}]}},"_links":{"self":[{"href":"https:\/\/publimar.mx\/index.php\/wp-json\/wp\/v2\/posts\/3645"}],"collection":[{"href":"https:\/\/publimar.mx\/index.php\/wp-json\/wp\/v2\/posts"}],"about":[{"href":"https:\/\/publimar.mx\/index.php\/wp-json\/wp\/v2\/types\/post"}],"author":[{"embeddable":true,"href":"https:\/\/publimar.mx\/index.php\/wp-json\/wp\/v2\/users\/1"}],"replies":[{"embeddable":true,"href":"https:\/\/publimar.mx\/index.php\/wp-json\/wp\/v2\/comments?post=3645"}],"version-history":[{"count":1,"href":"https:\/\/publimar.mx\/index.php\/wp-json\/wp\/v2\/posts\/3645\/revisions"}],"predecessor-version":[{"id":3647,"href":"https:\/\/publimar.mx\/index.php\/wp-json\/wp\/v2\/posts\/3645\/revisions\/3647"}],"wp:featuredmedia":[{"embeddable":true,"href":"https:\/\/publimar.mx\/index.php\/wp-json\/wp\/v2\/media\/3646"}],"wp:attachment":[{"href":"https:\/\/publimar.mx\/index.php\/wp-json\/wp\/v2\/media?parent=3645"}],"wp:term":[{"taxonomy":"category","embeddable":true,"href":"https:\/\/publimar.mx\/index.php\/wp-json\/wp\/v2\/categories?post=3645"},{"taxonomy":"post_tag","embeddable":true,"href":"https:\/\/publimar.mx\/index.php\/wp-json\/wp\/v2\/tags?post=3645"}],"curies":[{"name":"wp","href":"https:\/\/api.w.org\/{rel}","templated":true}]}}