{"id":18818,"date":"2026-09-05T08:00:56","date_gmt":"2026-09-05T14:00:56","guid":{"rendered":"https:\/\/publimar.mx\/?p=18818"},"modified":"2026-09-05T08:00:58","modified_gmt":"2026-09-05T14:00:58","slug":"liberan-supercarretera-oaxaca-costa-tras-mas-de-tres-dias-de-bloqueo","status":"publish","type":"post","link":"https:\/\/publimar.mx\/index.php\/2026\/09\/05\/liberan-supercarretera-oaxaca-costa-tras-mas-de-tres-dias-de-bloqueo\/","title":{"rendered":"LIBERAN SUPERCARRETERA OAXACA\u2013COSTA TRAS M\u00c1S DE TRES D\u00cdAS DE BLOQUEO"},"content":{"rendered":"\n<ul><li><strong>Pobladores de Los Coatlanes retiraron la protesta que manten\u00edan en el kil\u00f3metro 30; el cierre provoc\u00f3 afectaciones a pasajeros, transportistas, comerciantes y turistas<\/strong><\/li><\/ul>\n\n\n\n<p>Ra\u00fal Laguna<\/p>\n\n\n\n<div class=\"wp-block-image\"><figure class=\"alignright size-large is-resized\"><img loading=\"lazy\" src=\"https:\/\/publimar.mx\/wp-content\/uploads\/2026\/09\/liberan-carretera-a-la-costa-1024x1024.png\" alt=\"\" class=\"wp-image-18820\" width=\"512\" height=\"512\" srcset=\"https:\/\/publimar.mx\/wp-content\/uploads\/2026\/09\/liberan-carretera-a-la-costa-1024x1024.png 1024w, https:\/\/publimar.mx\/wp-content\/uploads\/2026\/09\/liberan-carretera-a-la-costa-300x300.png 300w, https:\/\/publimar.mx\/wp-content\/uploads\/2026\/09\/liberan-carretera-a-la-costa-150x150.png 150w, https:\/\/publimar.mx\/wp-content\/uploads\/2026\/09\/liberan-carretera-a-la-costa-768x768.png 768w, https:\/\/publimar.mx\/wp-content\/uploads\/2026\/09\/liberan-carretera-a-la-costa.png 1254w\" sizes=\"(max-width: 512px) 100vw, 512px\" \/><\/figure><\/div>\n\n\n\n<p>PUERTO ESCONDIDO.- Despu\u00e9s de m\u00e1s de tres d\u00edas de bloqueo, este s\u00e1bado 5 de septiembre fue restablecida la circulaci\u00f3n en la supercarretera Barranca Larga\u2013Ventanilla, principal v\u00eda de comunicaci\u00f3n entre los Valles Centrales y la regi\u00f3n de la Costa de Oaxaca.<\/p>\n\n\n\n<p>La protesta comenz\u00f3 la ma\u00f1ana del mi\u00e9rcoles 2 de septiembre en el kil\u00f3metro 30, en inmediaciones de Santa Catarina Coatl\u00e1n, donde pobladores colocaron veh\u00edculos y montones de tierra sobre la carpeta asf\u00e1ltica, impidiendo completamente el paso en ambos sentidos.<\/p>\n\n\n\n<p>Los inconformes demandaron a los gobiernos federal y estatal el cumplimiento de compromisos asumidos durante la construcci\u00f3n de la autopista. Entre sus principales exigencias se encontraban la construcci\u00f3n de un entronque de acceso a sus comunidades, la conclusi\u00f3n de obras pendientes y garant\u00edas para que los habitantes de la zona puedan transitar sin pagar peaje.<\/p>\n\n\n\n<p>Durante los d\u00edas que permaneci\u00f3 cerrada la v\u00eda, cientos de automovilistas, pasajeros y transportistas tuvieron que modificar sus recorridos y utilizar las carreteras federales 175, por Miahuatl\u00e1n y San Pedro Pochutla, o 131, por Sola de Vega, lo que increment\u00f3 considerablemente los tiempos de traslado.<\/p>\n\n\n\n<p>La prolongaci\u00f3n del cierre tambi\u00e9n gener\u00f3 inconformidad entre empresas transportistas y sectores econ\u00f3micos de la Costa. El viernes se realizaron movilizaciones en Santa Mar\u00eda Colotepec y la ciudad de Oaxaca para exigir una soluci\u00f3n al conflicto y la reapertura de la carretera.<\/p>\n\n\n\n<p>Durante la madrugada del viernes circul\u00f3 la versi\u00f3n de un posible operativo para retirar a los manifestantes; sin embargo, el desalojo no ocurri\u00f3. Habitantes de otras comunidades de Los Coatlanes advirtieron que podr\u00edan sumarse y cerrar m\u00e1s puntos de la autopista si se utilizaba la fuerza p\u00fablica.<\/p>\n\n\n\n<p>Ante el riesgo de que la protesta se extendiera, representantes del Gobierno de Oaxaca mantuvieron comunicaci\u00f3n con las autoridades comunitarias y dependencias federales. La noche del viernes se reportaron avances en las negociaciones y comenz\u00f3 a permitirse el paso de veh\u00edculos de manera intermitente, durante aproximadamente 15 minutos por cada hora.<\/p>\n\n\n\n<p>Posteriormente, el bloqueo fue retirado y la circulaci\u00f3n qued\u00f3 restablecida. Hasta el cierre de esta edici\u00f3n, las autoridades no hab\u00edan difundido p\u00fablicamente los t\u00e9rminos completos de los acuerdos alcanzados ni el calendario para atender las obras reclamadas.<\/p>\n\n\n\n<p>La liberaci\u00f3n de la autopista permiti\u00f3 reactivar los traslados entre Oaxaca y Puerto Escondido; sin embargo, se recomend\u00f3 a los conductores circular con precauci\u00f3n debido a la acumulaci\u00f3n de veh\u00edculos y al movimiento de unidades que permanecieron detenidas durante el cierre.<\/p>\n\n\n\n<p>La autopista Barranca Larga\u2013Ventanilla fue inaugurada en febrero de 2024 y redujo a aproximadamente dos horas y media el traslado entre la capital oaxaque\u00f1a y Puerto Escondido. Desde su apertura ha registrado diferentes protestas de comunidades que reclaman obras complementarias, reparaci\u00f3n de afectaciones y facilidades de tr\u00e1nsito para quienes habitan en las localidades atravesadas por el proyecto.<\/p>\n","protected":false},"excerpt":{"rendered":"<p>Pobladores de Los Coatlanes retiraron la protesta que manten\u00edan en el kil\u00f3metro 30; el cierre provoc\u00f3 afectaciones a pasajeros, transportistas, comerciantes y turistas Ra\u00fal Laguna PUERTO ESCONDIDO.- Despu\u00e9s de m\u00e1s&hellip; <\/p>\n","protected":false},"author":1,"featured_media":18821,"comment_status":"open","ping_status":"open","sticky":false,"template":"","format":"standard","meta":{"_monsterinsights_skip_tracking":false,"_monsterinsights_sitenote_active":false,"_monsterinsights_sitenote_note":"","_monsterinsights_sitenote_category":0},"categories":[14],"tags":[92,33,130,42],"yoast_head":"<!-- This site is optimized with the Yoast SEO plugin v17.0 - https:\/\/yoast.com\/wordpress\/plugins\/seo\/ -->\n<title>LIBERAN SUPERCARRETERA OAXACA\u2013COSTA TRAS M\u00c1S DE TRES D\u00cdAS DE BLOQUEO - PubliMar<\/title>\n<meta name=\"description\" content=\"Pobladores de Los Coatlanes retiraron la protesta que manten\u00edan en el kil\u00f3metro 30; el cierre provoc\u00f3 afectaciones a pasajeros, transpor...\" \/>\n<meta name=\"robots\" content=\"index, follow, max-snippet:-1, max-image-preview:large, max-video-preview:-1\" \/>\n<link rel=\"canonical\" href=\"https:\/\/publimar.mx\/index.php\/2026\/09\/05\/liberan-supercarretera-oaxaca-costa-tras-mas-de-tres-dias-de-bloqueo\/\" \/>\n<meta property=\"og:locale\" content=\"es_ES\" \/>\n<meta property=\"og:type\" content=\"article\" \/>\n<meta property=\"og:title\" content=\"LIBERAN SUPERCARRETERA OAXACA\u2013COSTA TRAS M\u00c1S DE TRES D\u00cdAS DE BLOQUEO - PubliMar\" \/>\n<meta property=\"og:description\" content=\"Pobladores de Los Coatlanes retiraron la protesta que manten\u00edan en el kil\u00f3metro 30; el cierre provoc\u00f3 afectaciones a pasajeros, transpor...\" \/>\n<meta property=\"og:url\" content=\"https:\/\/publimar.mx\/index.php\/2026\/09\/05\/liberan-supercarretera-oaxaca-costa-tras-mas-de-tres-dias-de-bloqueo\/\" \/>\n<meta property=\"og:site_name\" content=\"PubliMar\" \/>\n<meta property=\"article:published_time\" content=\"2026-09-05T14:00:56+00:00\" \/>\n<meta property=\"article:modified_time\" content=\"2026-09-05T14:00:58+00:00\" \/>\n<meta property=\"og:image\" content=\"https:\/\/publimar.mx\/wp-content\/uploads\/2026\/09\/liberan-carretera-a-la-costa-1-1024x1024.png\" \/>\n\t<meta property=\"og:image:width\" content=\"1024\" \/>\n\t<meta property=\"og:image:height\" content=\"1024\" \/>\n<meta name=\"twitter:card\" content=\"summary_large_image\" \/>\n<meta name=\"twitter:label1\" content=\"Escrito por\" \/>\n\t<meta name=\"twitter:data1\" content=\"admin\" \/>\n\t<meta name=\"twitter:label2\" content=\"Tiempo de lectura\" \/>\n\t<meta name=\"twitter:data2\" content=\"3 minutos\" \/>\n<script type=\"application\/ld+json\" class=\"yoast-schema-graph\">{\"@context\":\"https:\/\/schema.org\",\"@graph\":[{\"@type\":\"WebSite\",\"@id\":\"https:\/\/publimar.mx\/#website\",\"url\":\"https:\/\/publimar.mx\/\",\"name\":\"PubliMar\",\"description\":\"Informaci\\u00f3n de la Costa Oaxaque\\u00f1a\",\"publisher\":{\"@id\":\"https:\/\/publimar.mx\/#\/schema\/person\/42ad4d315580276616a11863a241f558\"},\"potentialAction\":[{\"@type\":\"SearchAction\",\"target\":{\"@type\":\"EntryPoint\",\"urlTemplate\":\"https:\/\/publimar.mx\/?s={search_term_string}\"},\"query-input\":\"required name=search_term_string\"}],\"inLanguage\":\"es\"},{\"@type\":\"ImageObject\",\"@id\":\"https:\/\/publimar.mx\/index.php\/2026\/09\/05\/liberan-supercarretera-oaxaca-costa-tras-mas-de-tres-dias-de-bloqueo\/#primaryimage\",\"inLanguage\":\"es\",\"url\":\"https:\/\/publimar.mx\/wp-content\/uploads\/2026\/09\/liberan-carretera-a-la-costa-1.png\",\"contentUrl\":\"https:\/\/publimar.mx\/wp-content\/uploads\/2026\/09\/liberan-carretera-a-la-costa-1.png\",\"width\":1254,\"height\":1254},{\"@type\":\"WebPage\",\"@id\":\"https:\/\/publimar.mx\/index.php\/2026\/09\/05\/liberan-supercarretera-oaxaca-costa-tras-mas-de-tres-dias-de-bloqueo\/#webpage\",\"url\":\"https:\/\/publimar.mx\/index.php\/2026\/09\/05\/liberan-supercarretera-oaxaca-costa-tras-mas-de-tres-dias-de-bloqueo\/\",\"name\":\"LIBERAN SUPERCARRETERA OAXACA\\u2013COSTA TRAS M\\u00c1S DE TRES D\\u00cdAS DE BLOQUEO - PubliMar\",\"isPartOf\":{\"@id\":\"https:\/\/publimar.mx\/#website\"},\"primaryImageOfPage\":{\"@id\":\"https:\/\/publimar.mx\/index.php\/2026\/09\/05\/liberan-supercarretera-oaxaca-costa-tras-mas-de-tres-dias-de-bloqueo\/#primaryimage\"},\"datePublished\":\"2026-09-05T14:00:56+00:00\",\"dateModified\":\"2026-09-05T14:00:58+00:00\",\"description\":\"Pobladores de Los Coatlanes retiraron la protesta que manten\\u00edan en el kil\\u00f3metro 30; el cierre provoc\\u00f3 afectaciones a pasajeros, transpor...\",\"breadcrumb\":{\"@id\":\"https:\/\/publimar.mx\/index.php\/2026\/09\/05\/liberan-supercarretera-oaxaca-costa-tras-mas-de-tres-dias-de-bloqueo\/#breadcrumb\"},\"inLanguage\":\"es\",\"potentialAction\":[{\"@type\":\"ReadAction\",\"target\":[\"https:\/\/publimar.mx\/index.php\/2026\/09\/05\/liberan-supercarretera-oaxaca-costa-tras-mas-de-tres-dias-de-bloqueo\/\"]}]},{\"@type\":\"BreadcrumbList\",\"@id\":\"https:\/\/publimar.mx\/index.php\/2026\/09\/05\/liberan-supercarretera-oaxaca-costa-tras-mas-de-tres-dias-de-bloqueo\/#breadcrumb\",\"itemListElement\":[{\"@type\":\"ListItem\",\"position\":1,\"name\":\"Portada\",\"item\":\"https:\/\/publimar.mx\/\"},{\"@type\":\"ListItem\",\"position\":2,\"name\":\"LIBERAN SUPERCARRETERA OAXACA\\u2013COSTA TRAS M\\u00c1S DE TRES D\\u00cdAS DE BLOQUEO\"}]},{\"@type\":[\"Article\",\"NewsArticle\"],\"@id\":\"https:\/\/publimar.mx\/index.php\/2026\/09\/05\/liberan-supercarretera-oaxaca-costa-tras-mas-de-tres-dias-de-bloqueo\/#article\",\"isPartOf\":{\"@id\":\"https:\/\/publimar.mx\/index.php\/2026\/09\/05\/liberan-supercarretera-oaxaca-costa-tras-mas-de-tres-dias-de-bloqueo\/#webpage\"},\"author\":{\"@id\":\"https:\/\/publimar.mx\/#\/schema\/person\/42ad4d315580276616a11863a241f558\"},\"headline\":\"LIBERAN SUPERCARRETERA OAXACA\\u2013COSTA TRAS M\\u00c1S DE TRES D\\u00cdAS DE BLOQUEO\",\"datePublished\":\"2026-09-05T14:00:56+00:00\",\"dateModified\":\"2026-09-05T14:00:58+00:00\",\"mainEntityOfPage\":{\"@id\":\"https:\/\/publimar.mx\/index.php\/2026\/09\/05\/liberan-supercarretera-oaxaca-costa-tras-mas-de-tres-dias-de-bloqueo\/#webpage\"},\"wordCount\":534,\"commentCount\":0,\"publisher\":{\"@id\":\"https:\/\/publimar.mx\/#\/schema\/person\/42ad4d315580276616a11863a241f558\"},\"image\":{\"@id\":\"https:\/\/publimar.mx\/index.php\/2026\/09\/05\/liberan-supercarretera-oaxaca-costa-tras-mas-de-tres-dias-de-bloqueo\/#primaryimage\"},\"thumbnailUrl\":\"https:\/\/publimar.mx\/wp-content\/uploads\/2026\/09\/liberan-carretera-a-la-costa-1.png\",\"keywords\":[\"huatulco\",\"oaxaca\",\"pochutla\",\"Protecci\\u00f3n Civil\"],\"articleSection\":[\"Regional\"],\"inLanguage\":\"es\",\"potentialAction\":[{\"@type\":\"CommentAction\",\"name\":\"Comment\",\"target\":[\"https:\/\/publimar.mx\/index.php\/2026\/09\/05\/liberan-supercarretera-oaxaca-costa-tras-mas-de-tres-dias-de-bloqueo\/#respond\"]}]},{\"@type\":[\"Person\",\"Organization\"],\"@id\":\"https:\/\/publimar.mx\/#\/schema\/person\/42ad4d315580276616a11863a241f558\",\"name\":\"admin\",\"image\":{\"@type\":\"ImageObject\",\"@id\":\"https:\/\/publimar.mx\/#personlogo\",\"inLanguage\":\"es\",\"url\":\"https:\/\/publimar.mx\/wp-content\/uploads\/2021\/08\/logo.png\",\"contentUrl\":\"https:\/\/publimar.mx\/wp-content\/uploads\/2021\/08\/logo.png\",\"width\":454,\"height\":108,\"caption\":\"admin\"},\"logo\":{\"@id\":\"https:\/\/publimar.mx\/#personlogo\"},\"sameAs\":[\"https:\/\/publimar.mx\"],\"url\":\"https:\/\/publimar.mx\/index.php\/author\/admin\/\"}]}<\/script>\n<!-- \/ Yoast SEO plugin. -->","yoast_head_json":{"title":"LIBERAN SUPERCARRETERA OAXACA\u2013COSTA TRAS M\u00c1S DE TRES D\u00cdAS DE BLOQUEO - PubliMar","description":"Pobladores de Los Coatlanes retiraron la protesta que manten\u00edan en el kil\u00f3metro 30; el cierre provoc\u00f3 afectaciones a pasajeros, transpor...","robots":{"index":"index","follow":"follow","max-snippet":"max-snippet:-1","max-image-preview":"max-image-preview:large","max-video-preview":"max-video-preview:-1"},"canonical":"https:\/\/publimar.mx\/index.php\/2026\/09\/05\/liberan-supercarretera-oaxaca-costa-tras-mas-de-tres-dias-de-bloqueo\/","og_locale":"es_ES","og_type":"article","og_title":"LIBERAN SUPERCARRETERA OAXACA\u2013COSTA TRAS M\u00c1S DE TRES D\u00cdAS DE BLOQUEO - PubliMar","og_description":"Pobladores de Los Coatlanes retiraron la protesta que manten\u00edan en el kil\u00f3metro 30; el cierre provoc\u00f3 afectaciones a pasajeros, transpor...","og_url":"https:\/\/publimar.mx\/index.php\/2026\/09\/05\/liberan-supercarretera-oaxaca-costa-tras-mas-de-tres-dias-de-bloqueo\/","og_site_name":"PubliMar","article_published_time":"2026-09-05T14:00:56+00:00","article_modified_time":"2026-09-05T14:00:58+00:00","og_image":[{"width":1024,"height":1024,"path":"2026\/09\/liberan-carretera-a-la-costa-1-1024x1024.png","url":"https:\/\/publimar.mx\/wp-content\/uploads\/2026\/09\/liberan-carretera-a-la-costa-1-1024x1024.png","size":"large","id":18821,"alt":"","pixels":1048576,"type":"image\/png"}],"twitter_card":"summary_large_image","twitter_misc":{"Escrito por":"admin","Tiempo de lectura":"3 minutos"},"schema":{"@context":"https:\/\/schema.org","@graph":[{"@type":"WebSite","@id":"https:\/\/publimar.mx\/#website","url":"https:\/\/publimar.mx\/","name":"PubliMar","description":"Informaci\u00f3n de la Costa Oaxaque\u00f1a","publisher":{"@id":"https:\/\/publimar.mx\/#\/schema\/person\/42ad4d315580276616a11863a241f558"},"potentialAction":[{"@type":"SearchAction","target":{"@type":"EntryPoint","urlTemplate":"https:\/\/publimar.mx\/?s={search_term_string}"},"query-input":"required name=search_term_string"}],"inLanguage":"es"},{"@type":"ImageObject","@id":"https:\/\/publimar.mx\/index.php\/2026\/09\/05\/liberan-supercarretera-oaxaca-costa-tras-mas-de-tres-dias-de-bloqueo\/#primaryimage","inLanguage":"es","url":"https:\/\/publimar.mx\/wp-content\/uploads\/2026\/09\/liberan-carretera-a-la-costa-1.png","contentUrl":"https:\/\/publimar.mx\/wp-content\/uploads\/2026\/09\/liberan-carretera-a-la-costa-1.png","width":1254,"height":1254},{"@type":"WebPage","@id":"https:\/\/publimar.mx\/index.php\/2026\/09\/05\/liberan-supercarretera-oaxaca-costa-tras-mas-de-tres-dias-de-bloqueo\/#webpage","url":"https:\/\/publimar.mx\/index.php\/2026\/09\/05\/liberan-supercarretera-oaxaca-costa-tras-mas-de-tres-dias-de-bloqueo\/","name":"LIBERAN SUPERCARRETERA OAXACA\u2013COSTA TRAS M\u00c1S DE TRES D\u00cdAS DE BLOQUEO - PubliMar","isPartOf":{"@id":"https:\/\/publimar.mx\/#website"},"primaryImageOfPage":{"@id":"https:\/\/publimar.mx\/index.php\/2026\/09\/05\/liberan-supercarretera-oaxaca-costa-tras-mas-de-tres-dias-de-bloqueo\/#primaryimage"},"datePublished":"2026-09-05T14:00:56+00:00","dateModified":"2026-09-05T14:00:58+00:00","description":"Pobladores de Los Coatlanes retiraron la protesta que manten\u00edan en el kil\u00f3metro 30; el cierre provoc\u00f3 afectaciones a pasajeros, transpor...","breadcrumb":{"@id":"https:\/\/publimar.mx\/index.php\/2026\/09\/05\/liberan-supercarretera-oaxaca-costa-tras-mas-de-tres-dias-de-bloqueo\/#breadcrumb"},"inLanguage":"es","potentialAction":[{"@type":"ReadAction","target":["https:\/\/publimar.mx\/index.php\/2026\/09\/05\/liberan-supercarretera-oaxaca-costa-tras-mas-de-tres-dias-de-bloqueo\/"]}]},{"@type":"BreadcrumbList","@id":"https:\/\/publimar.mx\/index.php\/2026\/09\/05\/liberan-supercarretera-oaxaca-costa-tras-mas-de-tres-dias-de-bloqueo\/#breadcrumb","itemListElement":[{"@type":"ListItem","position":1,"name":"Portada","item":"https:\/\/publimar.mx\/"},{"@type":"ListItem","position":2,"name":"LIBERAN SUPERCARRETERA OAXACA\u2013COSTA TRAS M\u00c1S DE TRES D\u00cdAS DE BLOQUEO"}]},{"@type":["Article","NewsArticle"],"@id":"https:\/\/publimar.mx\/index.php\/2026\/09\/05\/liberan-supercarretera-oaxaca-costa-tras-mas-de-tres-dias-de-bloqueo\/#article","isPartOf":{"@id":"https:\/\/publimar.mx\/index.php\/2026\/09\/05\/liberan-supercarretera-oaxaca-costa-tras-mas-de-tres-dias-de-bloqueo\/#webpage"},"author":{"@id":"https:\/\/publimar.mx\/#\/schema\/person\/42ad4d315580276616a11863a241f558"},"headline":"LIBERAN SUPERCARRETERA OAXACA\u2013COSTA TRAS M\u00c1S DE TRES D\u00cdAS DE BLOQUEO","datePublished":"2026-09-05T14:00:56+00:00","dateModified":"2026-09-05T14:00:58+00:00","mainEntityOfPage":{"@id":"https:\/\/publimar.mx\/index.php\/2026\/09\/05\/liberan-supercarretera-oaxaca-costa-tras-mas-de-tres-dias-de-bloqueo\/#webpage"},"wordCount":534,"commentCount":0,"publisher":{"@id":"https:\/\/publimar.mx\/#\/schema\/person\/42ad4d315580276616a11863a241f558"},"image":{"@id":"https:\/\/publimar.mx\/index.php\/2026\/09\/05\/liberan-supercarretera-oaxaca-costa-tras-mas-de-tres-dias-de-bloqueo\/#primaryimage"},"thumbnailUrl":"https:\/\/publimar.mx\/wp-content\/uploads\/2026\/09\/liberan-carretera-a-la-costa-1.png","keywords":["huatulco","oaxaca","pochutla","Protecci\u00f3n Civil"],"articleSection":["Regional"],"inLanguage":"es","potentialAction":[{"@type":"CommentAction","name":"Comment","target":["https:\/\/publimar.mx\/index.php\/2026\/09\/05\/liberan-supercarretera-oaxaca-costa-tras-mas-de-tres-dias-de-bloqueo\/#respond"]}]},{"@type":["Person","Organization"],"@id":"https:\/\/publimar.mx\/#\/schema\/person\/42ad4d315580276616a11863a241f558","name":"admin","image":{"@type":"ImageObject","@id":"https:\/\/publimar.mx\/#personlogo","inLanguage":"es","url":"https:\/\/publimar.mx\/wp-content\/uploads\/2021\/08\/logo.png","contentUrl":"https:\/\/publimar.mx\/wp-content\/uploads\/2021\/08\/logo.png","width":454,"height":108,"caption":"admin"},"logo":{"@id":"https:\/\/publimar.mx\/#personlogo"},"sameAs":["https:\/\/publimar.mx"],"url":"https:\/\/publimar.mx\/index.php\/author\/admin\/"}]}},"_links":{"self":[{"href":"https:\/\/publimar.mx\/index.php\/wp-json\/wp\/v2\/posts\/18818"}],"collection":[{"href":"https:\/\/publimar.mx\/index.php\/wp-json\/wp\/v2\/posts"}],"about":[{"href":"https:\/\/publimar.mx\/index.php\/wp-json\/wp\/v2\/types\/post"}],"author":[{"embeddable":true,"href":"https:\/\/publimar.mx\/index.php\/wp-json\/wp\/v2\/users\/1"}],"replies":[{"embeddable":true,"href":"https:\/\/publimar.mx\/index.php\/wp-json\/wp\/v2\/comments?post=18818"}],"version-history":[{"count":1,"href":"https:\/\/publimar.mx\/index.php\/wp-json\/wp\/v2\/posts\/18818\/revisions"}],"predecessor-version":[{"id":18824,"href":"https:\/\/publimar.mx\/index.php\/wp-json\/wp\/v2\/posts\/18818\/revisions\/18824"}],"wp:featuredmedia":[{"embeddable":true,"href":"https:\/\/publimar.mx\/index.php\/wp-json\/wp\/v2\/media\/18821"}],"wp:attachment":[{"href":"https:\/\/publimar.mx\/index.php\/wp-json\/wp\/v2\/media?parent=18818"}],"wp:term":[{"taxonomy":"category","embeddable":true,"href":"https:\/\/publimar.mx\/index.php\/wp-json\/wp\/v2\/categories?post=18818"},{"taxonomy":"post_tag","embeddable":true,"href":"https:\/\/publimar.mx\/index.php\/wp-json\/wp\/v2\/tags?post=18818"}],"curies":[{"name":"wp","href":"https:\/\/api.w.org\/{rel}","templated":true}]}}