{"id":18575,"date":"2026-04-29T07:22:24","date_gmt":"2026-04-29T13:22:24","guid":{"rendered":"https:\/\/publimar.mx\/?p=18575"},"modified":"2026-04-29T07:22:25","modified_gmt":"2026-04-29T13:22:25","slug":"publimar-1185","status":"publish","type":"post","link":"https:\/\/publimar.mx\/index.php\/2026\/04\/29\/publimar-1185\/","title":{"rendered":"Detienen a presunto responsable de pederastia contra menor en la Costa de Oaxaca"},"content":{"rendered":"\n<div class=\"wp-block-image\"><figure class=\"alignright size-full\"><img loading=\"lazy\" width=\"382\" height=\"452\" src=\"https:\/\/publimar.mx\/wp-content\/uploads\/2026\/04\/pederasta.jpg\" alt=\"\" class=\"wp-image-18576\" srcset=\"https:\/\/publimar.mx\/wp-content\/uploads\/2026\/04\/pederasta.jpg 382w, https:\/\/publimar.mx\/wp-content\/uploads\/2026\/04\/pederasta-254x300.jpg 254w\" sizes=\"(max-width: 382px) 100vw, 382px\" \/><\/figure><\/div>\n\n\n\n<p>La Fiscal\u00eda General del Estado de Oaxaca inform\u00f3 sobre la detenci\u00f3n de un hombre identificado como V.G.H., se\u00f1alado como probable responsable del delito de pederastia en agravio de una ni\u00f1a de 5 a\u00f1os en la regi\u00f3n Costa.<\/p>\n\n\n\n<p>De acuerdo con el reporte oficial, los hechos ocurrieron en octubre de 2025 en la localidad de Benito Ju\u00e1rez, cuando la menor se encontraba en la vivienda de sus abuelos.<\/p>\n\n\n\n<h3>\u2696\ufe0f <strong>Investigaci\u00f3n y orden de aprehensi\u00f3n<\/strong><\/h3>\n\n\n\n<p>Las investigaciones se\u00f1alan que el imputado habr\u00eda aprovechado la cercan\u00eda y relaci\u00f3n de confianza con la v\u00edctima para cometer la agresi\u00f3n.<\/p>\n\n\n\n<p>Tras la denuncia, la Vicefiscal\u00eda Regional de la Costa llev\u00f3 a cabo las indagatorias correspondientes, logrando obtener una orden de aprehensi\u00f3n en contra del presunto responsable.<\/p>\n\n\n\n<h3>\ud83d\udc6e <strong>Puesto a disposici\u00f3n judicial<\/strong><\/h3>\n\n\n\n<p>El detenido fue puesto a disposici\u00f3n de la autoridad judicial, que determinar\u00e1 su situaci\u00f3n jur\u00eddica conforme al proceso legal correspondiente.<\/p>\n\n\n\n<h3>\u26a0\ufe0f <strong>Llamado a la denuncia<\/strong><\/h3>\n\n\n\n<p>Las autoridades reiteraron la importancia de denunciar este tipo de delitos para garantizar el acceso a la justicia y la protecci\u00f3n de ni\u00f1as, ni\u00f1os y adolescentes.<\/p>\n","protected":false},"excerpt":{"rendered":"<p>La Fiscal\u00eda General del Estado de Oaxaca inform\u00f3 sobre la detenci\u00f3n de un hombre identificado como V.G.H., se\u00f1alado como probable responsable del delito de pederastia en agravio de una ni\u00f1a&hellip; <\/p>\n","protected":false},"author":1,"featured_media":18576,"comment_status":"open","ping_status":"open","sticky":false,"template":"","format":"standard","meta":{"_monsterinsights_skip_tracking":false,"_monsterinsights_sitenote_active":false,"_monsterinsights_sitenote_note":"","_monsterinsights_sitenote_category":0},"categories":[10],"tags":[5828,5829,5831,5832,3403,5830,906,5827],"yoast_head":"<!-- This site is optimized with the Yoast SEO plugin v17.0 - https:\/\/yoast.com\/wordpress\/plugins\/seo\/ -->\n<title>Detienen a presunto responsable de pederastia contra menor en la Costa de Oaxaca - PubliMar<\/title>\n<meta name=\"description\" content=\"Fiscal\u00eda de Oaxaca detiene a un hombre acusado de pederastia contra una menor en la regi\u00f3n Costa; ya fue puesto a disposici\u00f3n judicial...\" \/>\n<meta name=\"robots\" content=\"index, follow, max-snippet:-1, max-image-preview:large, max-video-preview:-1\" \/>\n<link rel=\"canonical\" href=\"https:\/\/publimar.mx\/index.php\/2026\/04\/29\/publimar-1185\/\" \/>\n<meta property=\"og:locale\" content=\"es_ES\" \/>\n<meta property=\"og:type\" content=\"article\" \/>\n<meta property=\"og:title\" content=\"Detienen a presunto responsable de pederastia contra menor en la Costa de Oaxaca - PubliMar\" \/>\n<meta property=\"og:description\" content=\"Fiscal\u00eda de Oaxaca detiene a un hombre acusado de pederastia contra una menor en la regi\u00f3n Costa; ya fue puesto a disposici\u00f3n judicial...\" \/>\n<meta property=\"og:url\" content=\"https:\/\/publimar.mx\/index.php\/2026\/04\/29\/publimar-1185\/\" \/>\n<meta property=\"og:site_name\" content=\"PubliMar\" \/>\n<meta property=\"article:published_time\" content=\"2026-04-29T13:22:24+00:00\" \/>\n<meta property=\"article:modified_time\" content=\"2026-04-29T13:22:25+00:00\" \/>\n<meta property=\"og:image\" content=\"https:\/\/publimar.mx\/wp-content\/uploads\/2026\/04\/pederasta.jpg\" \/>\n\t<meta property=\"og:image:width\" content=\"382\" \/>\n\t<meta property=\"og:image:height\" content=\"452\" \/>\n<meta name=\"twitter:card\" content=\"summary_large_image\" \/>\n<meta name=\"twitter:label1\" content=\"Escrito por\" \/>\n\t<meta name=\"twitter:data1\" content=\"admin\" \/>\n\t<meta name=\"twitter:label2\" content=\"Tiempo de lectura\" \/>\n\t<meta name=\"twitter:data2\" content=\"1 minuto\" \/>\n<script type=\"application\/ld+json\" class=\"yoast-schema-graph\">{\"@context\":\"https:\/\/schema.org\",\"@graph\":[{\"@type\":\"WebSite\",\"@id\":\"https:\/\/publimar.mx\/#website\",\"url\":\"https:\/\/publimar.mx\/\",\"name\":\"PubliMar\",\"description\":\"Informaci\\u00f3n de la Costa Oaxaque\\u00f1a\",\"publisher\":{\"@id\":\"https:\/\/publimar.mx\/#\/schema\/person\/42ad4d315580276616a11863a241f558\"},\"potentialAction\":[{\"@type\":\"SearchAction\",\"target\":{\"@type\":\"EntryPoint\",\"urlTemplate\":\"https:\/\/publimar.mx\/?s={search_term_string}\"},\"query-input\":\"required name=search_term_string\"}],\"inLanguage\":\"es\"},{\"@type\":\"ImageObject\",\"@id\":\"https:\/\/publimar.mx\/index.php\/2026\/04\/29\/publimar-1185\/#primaryimage\",\"inLanguage\":\"es\",\"url\":\"https:\/\/publimar.mx\/wp-content\/uploads\/2026\/04\/pederasta.jpg\",\"contentUrl\":\"https:\/\/publimar.mx\/wp-content\/uploads\/2026\/04\/pederasta.jpg\",\"width\":382,\"height\":452},{\"@type\":\"WebPage\",\"@id\":\"https:\/\/publimar.mx\/index.php\/2026\/04\/29\/publimar-1185\/#webpage\",\"url\":\"https:\/\/publimar.mx\/index.php\/2026\/04\/29\/publimar-1185\/\",\"name\":\"Detienen a presunto responsable de pederastia contra menor en la Costa de Oaxaca - PubliMar\",\"isPartOf\":{\"@id\":\"https:\/\/publimar.mx\/#website\"},\"primaryImageOfPage\":{\"@id\":\"https:\/\/publimar.mx\/index.php\/2026\/04\/29\/publimar-1185\/#primaryimage\"},\"datePublished\":\"2026-04-29T13:22:24+00:00\",\"dateModified\":\"2026-04-29T13:22:25+00:00\",\"description\":\"Fiscal\\u00eda de Oaxaca detiene a un hombre acusado de pederastia contra una menor en la regi\\u00f3n Costa; ya fue puesto a disposici\\u00f3n judicial...\",\"breadcrumb\":{\"@id\":\"https:\/\/publimar.mx\/index.php\/2026\/04\/29\/publimar-1185\/#breadcrumb\"},\"inLanguage\":\"es\",\"potentialAction\":[{\"@type\":\"ReadAction\",\"target\":[\"https:\/\/publimar.mx\/index.php\/2026\/04\/29\/publimar-1185\/\"]}]},{\"@type\":\"BreadcrumbList\",\"@id\":\"https:\/\/publimar.mx\/index.php\/2026\/04\/29\/publimar-1185\/#breadcrumb\",\"itemListElement\":[{\"@type\":\"ListItem\",\"position\":1,\"name\":\"Portada\",\"item\":\"https:\/\/publimar.mx\/\"},{\"@type\":\"ListItem\",\"position\":2,\"name\":\"Detienen a presunto responsable de pederastia contra menor en la Costa de Oaxaca\"}]},{\"@type\":[\"Article\",\"NewsArticle\"],\"@id\":\"https:\/\/publimar.mx\/index.php\/2026\/04\/29\/publimar-1185\/#article\",\"isPartOf\":{\"@id\":\"https:\/\/publimar.mx\/index.php\/2026\/04\/29\/publimar-1185\/#webpage\"},\"author\":{\"@id\":\"https:\/\/publimar.mx\/#\/schema\/person\/42ad4d315580276616a11863a241f558\"},\"headline\":\"Detienen a presunto responsable de pederastia contra menor en la Costa de Oaxaca\",\"datePublished\":\"2026-04-29T13:22:24+00:00\",\"dateModified\":\"2026-04-29T13:22:25+00:00\",\"mainEntityOfPage\":{\"@id\":\"https:\/\/publimar.mx\/index.php\/2026\/04\/29\/publimar-1185\/#webpage\"},\"wordCount\":210,\"commentCount\":0,\"publisher\":{\"@id\":\"https:\/\/publimar.mx\/#\/schema\/person\/42ad4d315580276616a11863a241f558\"},\"image\":{\"@id\":\"https:\/\/publimar.mx\/index.php\/2026\/04\/29\/publimar-1185\/#primaryimage\"},\"thumbnailUrl\":\"https:\/\/publimar.mx\/wp-content\/uploads\/2026\/04\/pederasta.jpg\",\"keywords\":[\"abuso infantil Oaxaca\",\"delito contra menor Oaxaca\",\"detenido Benito Ju\\u00e1rez Oaxaca\",\"Fiscal\\u00eda Oaxaca Costa\",\"justicia Oaxaca\",\"pederastia Oaxaca detenido\",\"Seguridad Oaxaca\",\"Vicefiscal\\u00eda Costa Oaxaca\"],\"articleSection\":[\"policiaca\"],\"inLanguage\":\"es\",\"potentialAction\":[{\"@type\":\"CommentAction\",\"name\":\"Comment\",\"target\":[\"https:\/\/publimar.mx\/index.php\/2026\/04\/29\/publimar-1185\/#respond\"]}]},{\"@type\":[\"Person\",\"Organization\"],\"@id\":\"https:\/\/publimar.mx\/#\/schema\/person\/42ad4d315580276616a11863a241f558\",\"name\":\"admin\",\"image\":{\"@type\":\"ImageObject\",\"@id\":\"https:\/\/publimar.mx\/#personlogo\",\"inLanguage\":\"es\",\"url\":\"https:\/\/publimar.mx\/wp-content\/uploads\/2021\/08\/logo.png\",\"contentUrl\":\"https:\/\/publimar.mx\/wp-content\/uploads\/2021\/08\/logo.png\",\"width\":454,\"height\":108,\"caption\":\"admin\"},\"logo\":{\"@id\":\"https:\/\/publimar.mx\/#personlogo\"},\"sameAs\":[\"https:\/\/publimar.mx\"],\"url\":\"https:\/\/publimar.mx\/index.php\/author\/admin\/\"}]}<\/script>\n<!-- \/ Yoast SEO plugin. -->","yoast_head_json":{"title":"Detienen a presunto responsable de pederastia contra menor en la Costa de Oaxaca - PubliMar","description":"Fiscal\u00eda de Oaxaca detiene a un hombre acusado de pederastia contra una menor en la regi\u00f3n Costa; ya fue puesto a disposici\u00f3n judicial...","robots":{"index":"index","follow":"follow","max-snippet":"max-snippet:-1","max-image-preview":"max-image-preview:large","max-video-preview":"max-video-preview:-1"},"canonical":"https:\/\/publimar.mx\/index.php\/2026\/04\/29\/publimar-1185\/","og_locale":"es_ES","og_type":"article","og_title":"Detienen a presunto responsable de pederastia contra menor en la Costa de Oaxaca - PubliMar","og_description":"Fiscal\u00eda de Oaxaca detiene a un hombre acusado de pederastia contra una menor en la regi\u00f3n Costa; ya fue puesto a disposici\u00f3n judicial...","og_url":"https:\/\/publimar.mx\/index.php\/2026\/04\/29\/publimar-1185\/","og_site_name":"PubliMar","article_published_time":"2026-04-29T13:22:24+00:00","article_modified_time":"2026-04-29T13:22:25+00:00","og_image":[{"width":382,"height":452,"url":"https:\/\/publimar.mx\/wp-content\/uploads\/2026\/04\/pederasta.jpg","path":"\/home\/u358712125\/domains\/publimar.mx\/public_html\/wp-content\/uploads\/2026\/04\/pederasta.jpg","size":"full","id":18576,"alt":"","pixels":172664,"type":"image\/jpeg"}],"twitter_card":"summary_large_image","twitter_misc":{"Escrito por":"admin","Tiempo de lectura":"1 minuto"},"schema":{"@context":"https:\/\/schema.org","@graph":[{"@type":"WebSite","@id":"https:\/\/publimar.mx\/#website","url":"https:\/\/publimar.mx\/","name":"PubliMar","description":"Informaci\u00f3n de la Costa Oaxaque\u00f1a","publisher":{"@id":"https:\/\/publimar.mx\/#\/schema\/person\/42ad4d315580276616a11863a241f558"},"potentialAction":[{"@type":"SearchAction","target":{"@type":"EntryPoint","urlTemplate":"https:\/\/publimar.mx\/?s={search_term_string}"},"query-input":"required name=search_term_string"}],"inLanguage":"es"},{"@type":"ImageObject","@id":"https:\/\/publimar.mx\/index.php\/2026\/04\/29\/publimar-1185\/#primaryimage","inLanguage":"es","url":"https:\/\/publimar.mx\/wp-content\/uploads\/2026\/04\/pederasta.jpg","contentUrl":"https:\/\/publimar.mx\/wp-content\/uploads\/2026\/04\/pederasta.jpg","width":382,"height":452},{"@type":"WebPage","@id":"https:\/\/publimar.mx\/index.php\/2026\/04\/29\/publimar-1185\/#webpage","url":"https:\/\/publimar.mx\/index.php\/2026\/04\/29\/publimar-1185\/","name":"Detienen a presunto responsable de pederastia contra menor en la Costa de Oaxaca - PubliMar","isPartOf":{"@id":"https:\/\/publimar.mx\/#website"},"primaryImageOfPage":{"@id":"https:\/\/publimar.mx\/index.php\/2026\/04\/29\/publimar-1185\/#primaryimage"},"datePublished":"2026-04-29T13:22:24+00:00","dateModified":"2026-04-29T13:22:25+00:00","description":"Fiscal\u00eda de Oaxaca detiene a un hombre acusado de pederastia contra una menor en la regi\u00f3n Costa; ya fue puesto a disposici\u00f3n judicial...","breadcrumb":{"@id":"https:\/\/publimar.mx\/index.php\/2026\/04\/29\/publimar-1185\/#breadcrumb"},"inLanguage":"es","potentialAction":[{"@type":"ReadAction","target":["https:\/\/publimar.mx\/index.php\/2026\/04\/29\/publimar-1185\/"]}]},{"@type":"BreadcrumbList","@id":"https:\/\/publimar.mx\/index.php\/2026\/04\/29\/publimar-1185\/#breadcrumb","itemListElement":[{"@type":"ListItem","position":1,"name":"Portada","item":"https:\/\/publimar.mx\/"},{"@type":"ListItem","position":2,"name":"Detienen a presunto responsable de pederastia contra menor en la Costa de Oaxaca"}]},{"@type":["Article","NewsArticle"],"@id":"https:\/\/publimar.mx\/index.php\/2026\/04\/29\/publimar-1185\/#article","isPartOf":{"@id":"https:\/\/publimar.mx\/index.php\/2026\/04\/29\/publimar-1185\/#webpage"},"author":{"@id":"https:\/\/publimar.mx\/#\/schema\/person\/42ad4d315580276616a11863a241f558"},"headline":"Detienen a presunto responsable de pederastia contra menor en la Costa de Oaxaca","datePublished":"2026-04-29T13:22:24+00:00","dateModified":"2026-04-29T13:22:25+00:00","mainEntityOfPage":{"@id":"https:\/\/publimar.mx\/index.php\/2026\/04\/29\/publimar-1185\/#webpage"},"wordCount":210,"commentCount":0,"publisher":{"@id":"https:\/\/publimar.mx\/#\/schema\/person\/42ad4d315580276616a11863a241f558"},"image":{"@id":"https:\/\/publimar.mx\/index.php\/2026\/04\/29\/publimar-1185\/#primaryimage"},"thumbnailUrl":"https:\/\/publimar.mx\/wp-content\/uploads\/2026\/04\/pederasta.jpg","keywords":["abuso infantil Oaxaca","delito contra menor Oaxaca","detenido Benito Ju\u00e1rez Oaxaca","Fiscal\u00eda Oaxaca Costa","justicia Oaxaca","pederastia Oaxaca detenido","Seguridad Oaxaca","Vicefiscal\u00eda Costa Oaxaca"],"articleSection":["policiaca"],"inLanguage":"es","potentialAction":[{"@type":"CommentAction","name":"Comment","target":["https:\/\/publimar.mx\/index.php\/2026\/04\/29\/publimar-1185\/#respond"]}]},{"@type":["Person","Organization"],"@id":"https:\/\/publimar.mx\/#\/schema\/person\/42ad4d315580276616a11863a241f558","name":"admin","image":{"@type":"ImageObject","@id":"https:\/\/publimar.mx\/#personlogo","inLanguage":"es","url":"https:\/\/publimar.mx\/wp-content\/uploads\/2021\/08\/logo.png","contentUrl":"https:\/\/publimar.mx\/wp-content\/uploads\/2021\/08\/logo.png","width":454,"height":108,"caption":"admin"},"logo":{"@id":"https:\/\/publimar.mx\/#personlogo"},"sameAs":["https:\/\/publimar.mx"],"url":"https:\/\/publimar.mx\/index.php\/author\/admin\/"}]}},"_links":{"self":[{"href":"https:\/\/publimar.mx\/index.php\/wp-json\/wp\/v2\/posts\/18575"}],"collection":[{"href":"https:\/\/publimar.mx\/index.php\/wp-json\/wp\/v2\/posts"}],"about":[{"href":"https:\/\/publimar.mx\/index.php\/wp-json\/wp\/v2\/types\/post"}],"author":[{"embeddable":true,"href":"https:\/\/publimar.mx\/index.php\/wp-json\/wp\/v2\/users\/1"}],"replies":[{"embeddable":true,"href":"https:\/\/publimar.mx\/index.php\/wp-json\/wp\/v2\/comments?post=18575"}],"version-history":[{"count":1,"href":"https:\/\/publimar.mx\/index.php\/wp-json\/wp\/v2\/posts\/18575\/revisions"}],"predecessor-version":[{"id":18577,"href":"https:\/\/publimar.mx\/index.php\/wp-json\/wp\/v2\/posts\/18575\/revisions\/18577"}],"wp:featuredmedia":[{"embeddable":true,"href":"https:\/\/publimar.mx\/index.php\/wp-json\/wp\/v2\/media\/18576"}],"wp:attachment":[{"href":"https:\/\/publimar.mx\/index.php\/wp-json\/wp\/v2\/media?parent=18575"}],"wp:term":[{"taxonomy":"category","embeddable":true,"href":"https:\/\/publimar.mx\/index.php\/wp-json\/wp\/v2\/categories?post=18575"},{"taxonomy":"post_tag","embeddable":true,"href":"https:\/\/publimar.mx\/index.php\/wp-json\/wp\/v2\/tags?post=18575"}],"curies":[{"name":"wp","href":"https:\/\/api.w.org\/{rel}","templated":true}]}}