{"id":18558,"date":"2026-04-28T08:35:46","date_gmt":"2026-04-28T14:35:46","guid":{"rendered":"https:\/\/publimar.mx\/?p=18558"},"modified":"2026-04-28T08:35:48","modified_gmt":"2026-04-28T14:35:48","slug":"publimar-1181","status":"publish","type":"post","link":"https:\/\/publimar.mx\/index.php\/2026\/04\/28\/publimar-1181\/","title":{"rendered":"Firman convenio DIF Oaxaca con 539 municipios para fortalecer alimentaci\u00f3n y apoyo a grupos vulnerables"},"content":{"rendered":"\n<div class=\"wp-block-image\"><figure class=\"alignright size-large is-resized\"><img loading=\"lazy\" src=\"https:\/\/publimar.mx\/wp-content\/uploads\/2026\/04\/Fortalece-Oaxaca-atencion-a-grupos-prioritarios-con-firma-de-convenio-entre-DIF-estatal-y-municipios-1-1024x683.jpeg\" alt=\"\" class=\"wp-image-18559\" width=\"512\" height=\"342\" srcset=\"https:\/\/publimar.mx\/wp-content\/uploads\/2026\/04\/Fortalece-Oaxaca-atencion-a-grupos-prioritarios-con-firma-de-convenio-entre-DIF-estatal-y-municipios-1-1024x683.jpeg 1024w, https:\/\/publimar.mx\/wp-content\/uploads\/2026\/04\/Fortalece-Oaxaca-atencion-a-grupos-prioritarios-con-firma-de-convenio-entre-DIF-estatal-y-municipios-1-300x200.jpeg 300w, https:\/\/publimar.mx\/wp-content\/uploads\/2026\/04\/Fortalece-Oaxaca-atencion-a-grupos-prioritarios-con-firma-de-convenio-entre-DIF-estatal-y-municipios-1-768x512.jpeg 768w, https:\/\/publimar.mx\/wp-content\/uploads\/2026\/04\/Fortalece-Oaxaca-atencion-a-grupos-prioritarios-con-firma-de-convenio-entre-DIF-estatal-y-municipios-1.jpeg 1280w\" sizes=\"(max-width: 512px) 100vw, 512px\" \/><\/figure><\/div>\n\n\n\n<p>El Gobierno del Estado, a trav\u00e9s del Sistema Estatal para el Desarrollo Integral de la Familia, firm\u00f3 un convenio de colaboraci\u00f3n con <strong>539 municipios<\/strong> para fortalecer la atenci\u00f3n a grupos prioritarios en materia de alimentaci\u00f3n y desarrollo comunitario.<\/p>\n\n\n\n<p>El acuerdo fue atestiguado por el gobernador Salom\u00f3n Jara Cruz, la titular del Sistema Nacional DIF, Mar\u00eda del Roc\u00edo Garc\u00eda P\u00e9rez, y la presidenta honoraria del DIF Oaxaca, Irma Bola\u00f1os Quijano.<\/p>\n\n\n\n<h3>\ud83d\udcb0 <strong>Inversi\u00f3n hist\u00f3rica para asistencia social<\/strong><\/h3>\n\n\n\n<p>Esta alianza contempla una inversi\u00f3n total de <strong>1,310 millones de pesos<\/strong>, de los cuales <strong>1,099 millones corresponden a recursos federales<\/strong> y <strong>210 millones a inversi\u00f3n estatal<\/strong>, con el objetivo de ampliar la cobertura de programas sociales en todo el estado.<\/p>\n\n\n\n<p>El mandatario estatal destac\u00f3 que esta acci\u00f3n forma parte de la Estrategia Integral de Asistencia Social, Alimentaci\u00f3n y Desarrollo Comunitario (EIASADC), enfocada en atender a sectores hist\u00f3ricamente vulnerables.<\/p>\n\n\n\n<p>\u201cHoy damos un paso adelante en la construcci\u00f3n de un estado m\u00e1s solidario y humano\u201d, expres\u00f3.<\/p>\n\n\n\n<h3>\ud83e\udd57 <strong>Programas para fortalecer la alimentaci\u00f3n<\/strong><\/h3>\n\n\n\n<div class=\"wp-block-image\"><figure class=\"alignright size-large is-resized\"><img loading=\"lazy\" src=\"https:\/\/publimar.mx\/wp-content\/uploads\/2026\/04\/Fortalece-Oaxaca-atencion-a-grupos-prioritarios-con-firma-de-convenio-entre-DIF-estatal-y-municipios-4-1024x683.jpeg\" alt=\"\" class=\"wp-image-18560\" width=\"512\" height=\"342\" srcset=\"https:\/\/publimar.mx\/wp-content\/uploads\/2026\/04\/Fortalece-Oaxaca-atencion-a-grupos-prioritarios-con-firma-de-convenio-entre-DIF-estatal-y-municipios-4-1024x683.jpeg 1024w, https:\/\/publimar.mx\/wp-content\/uploads\/2026\/04\/Fortalece-Oaxaca-atencion-a-grupos-prioritarios-con-firma-de-convenio-entre-DIF-estatal-y-municipios-4-300x200.jpeg 300w, https:\/\/publimar.mx\/wp-content\/uploads\/2026\/04\/Fortalece-Oaxaca-atencion-a-grupos-prioritarios-con-firma-de-convenio-entre-DIF-estatal-y-municipios-4-768x512.jpeg 768w, https:\/\/publimar.mx\/wp-content\/uploads\/2026\/04\/Fortalece-Oaxaca-atencion-a-grupos-prioritarios-con-firma-de-convenio-entre-DIF-estatal-y-municipios-4.jpeg 1280w\" sizes=\"(max-width: 512px) 100vw, 512px\" \/><\/figure><\/div>\n\n\n\n<p>A trav\u00e9s de este convenio, se implementar\u00e1n diversos programas dirigidos a mejorar la nutrici\u00f3n y bienestar de la poblaci\u00f3n, entre ellos:<\/p>\n\n\n\n<ul><li>Desayuno de Letritas<\/li><li>Itacate de mi Coraz\u00f3n<\/li><li>Latido Nutritivo<\/li><li>Alimentaci\u00f3n Solidaria<\/li><li>Salud y Bienestar Comunitario<\/li><li>Subprograma Guisos de mi Pueblo<\/li><\/ul>\n\n\n\n<p>Estos apoyos estar\u00e1n enfocados en ni\u00f1as y ni\u00f1os, personas con discapacidad, adultos mayores y familias en situaci\u00f3n de vulnerabilidad.<\/p>\n\n\n\n<h3>\ud83d\udc68\u200d\ud83d\udc69\u200d\ud83d\udc67\u200d\ud83d\udc66 <strong>Atenci\u00f3n a sectores prioritarios<\/strong><\/h3>\n\n\n\n<p>La titular del Sistema Nacional DIF reconoci\u00f3 el compromiso del Gobierno de Oaxaca, destacando que los recursos destinados representan uno de los mayores esfuerzos a nivel nacional en materia de alimentaci\u00f3n y bienestar social.<\/p>\n\n\n\n<p>Los beneficios incluyen atenci\u00f3n a la primera infancia, desayunos escolares, apoyo en situaciones de emergencia y acciones para garantizar la seguridad alimentaria en comunidades.<\/p>\n\n\n\n<h3>\ud83e\udd1d <strong>Compromiso con el bienestar social<\/strong><\/h3>\n\n\n\n<p>Por su parte, la presidenta honoraria del DIF Oaxaca subray\u00f3 que este convenio consolida una pol\u00edtica social centrada en las familias y comunidades, promoviendo condiciones dignas de vida.<\/p>\n\n\n\n<p>\u201cHoy sembramos posibilidades que se convierten en oportunidades\u201d, destac\u00f3.<\/p>\n\n\n\n<figure class=\"wp-block-gallery columns-2 is-cropped\"><ul class=\"blocks-gallery-grid\"><li class=\"blocks-gallery-item\"><figure><img loading=\"lazy\" width=\"1024\" height=\"684\" src=\"https:\/\/publimar.mx\/wp-content\/uploads\/2026\/04\/Fortalece-Oaxaca-atencion-a-grupos-prioritarios-con-firma-de-convenio-entre-DIF-estatal-y-municipios-2-1024x684.jpeg\" alt=\"\" data-id=\"18561\" data-full-url=\"https:\/\/publimar.mx\/wp-content\/uploads\/2026\/04\/Fortalece-Oaxaca-atencion-a-grupos-prioritarios-con-firma-de-convenio-entre-DIF-estatal-y-municipios-2.jpeg\" data-link=\"https:\/\/publimar.mx\/?attachment_id=18561\" class=\"wp-image-18561\" srcset=\"https:\/\/publimar.mx\/wp-content\/uploads\/2026\/04\/Fortalece-Oaxaca-atencion-a-grupos-prioritarios-con-firma-de-convenio-entre-DIF-estatal-y-municipios-2-1024x684.jpeg 1024w, https:\/\/publimar.mx\/wp-content\/uploads\/2026\/04\/Fortalece-Oaxaca-atencion-a-grupos-prioritarios-con-firma-de-convenio-entre-DIF-estatal-y-municipios-2-300x200.jpeg 300w, https:\/\/publimar.mx\/wp-content\/uploads\/2026\/04\/Fortalece-Oaxaca-atencion-a-grupos-prioritarios-con-firma-de-convenio-entre-DIF-estatal-y-municipios-2-768x513.jpeg 768w, https:\/\/publimar.mx\/wp-content\/uploads\/2026\/04\/Fortalece-Oaxaca-atencion-a-grupos-prioritarios-con-firma-de-convenio-entre-DIF-estatal-y-municipios-2.jpeg 1075w\" sizes=\"(max-width: 1024px) 100vw, 1024px\" \/><\/figure><\/li><li class=\"blocks-gallery-item\"><figure><img loading=\"lazy\" width=\"1024\" height=\"683\" src=\"https:\/\/publimar.mx\/wp-content\/uploads\/2026\/04\/Fortalece-Oaxaca-atencion-a-grupos-prioritarios-con-firma-de-convenio-entre-DIF-estatal-y-municipios-3-1024x683.jpeg\" alt=\"\" data-id=\"18562\" data-full-url=\"https:\/\/publimar.mx\/wp-content\/uploads\/2026\/04\/Fortalece-Oaxaca-atencion-a-grupos-prioritarios-con-firma-de-convenio-entre-DIF-estatal-y-municipios-3.jpeg\" data-link=\"https:\/\/publimar.mx\/?attachment_id=18562\" class=\"wp-image-18562\" srcset=\"https:\/\/publimar.mx\/wp-content\/uploads\/2026\/04\/Fortalece-Oaxaca-atencion-a-grupos-prioritarios-con-firma-de-convenio-entre-DIF-estatal-y-municipios-3-1024x683.jpeg 1024w, https:\/\/publimar.mx\/wp-content\/uploads\/2026\/04\/Fortalece-Oaxaca-atencion-a-grupos-prioritarios-con-firma-de-convenio-entre-DIF-estatal-y-municipios-3-300x200.jpeg 300w, https:\/\/publimar.mx\/wp-content\/uploads\/2026\/04\/Fortalece-Oaxaca-atencion-a-grupos-prioritarios-con-firma-de-convenio-entre-DIF-estatal-y-municipios-3-768x512.jpeg 768w, https:\/\/publimar.mx\/wp-content\/uploads\/2026\/04\/Fortalece-Oaxaca-atencion-a-grupos-prioritarios-con-firma-de-convenio-entre-DIF-estatal-y-municipios-3.jpeg 1280w\" sizes=\"(max-width: 1024px) 100vw, 1024px\" \/><\/figure><\/li><\/ul><\/figure>\n","protected":false},"excerpt":{"rendered":"<p>El Gobierno del Estado, a trav\u00e9s del Sistema Estatal para el Desarrollo Integral de la Familia, firm\u00f3 un convenio de colaboraci\u00f3n con 539 municipios para fortalecer la atenci\u00f3n a grupos&hellip; <\/p>\n","protected":false},"author":1,"featured_media":18560,"comment_status":"open","ping_status":"open","sticky":false,"template":"","format":"standard","meta":{"_monsterinsights_skip_tracking":false,"_monsterinsights_sitenote_active":false,"_monsterinsights_sitenote_note":"","_monsterinsights_sitenote_category":0},"categories":[6],"tags":[5801,5805,5803,5798,5800,5804,5263,5802,5799],"yoast_head":"<!-- This site is optimized with the Yoast SEO plugin v17.0 - https:\/\/yoast.com\/wordpress\/plugins\/seo\/ -->\n<title>Firman convenio DIF Oaxaca con 539 municipios para fortalecer alimentaci\u00f3n y apoyo a grupos vulnerables - PubliMar<\/title>\n<meta name=\"description\" content=\"DIF Oaxaca firma convenio con 539 municipios con inversi\u00f3n de 1,310 mdp para fortalecer alimentaci\u00f3n y apoyo a grupos vulnerables.\" \/>\n<meta name=\"robots\" content=\"index, follow, max-snippet:-1, max-image-preview:large, max-video-preview:-1\" \/>\n<link rel=\"canonical\" href=\"https:\/\/publimar.mx\/index.php\/2026\/04\/28\/publimar-1181\/\" \/>\n<meta property=\"og:locale\" content=\"es_ES\" \/>\n<meta property=\"og:type\" content=\"article\" \/>\n<meta property=\"og:title\" content=\"Firman convenio DIF Oaxaca con 539 municipios para fortalecer alimentaci\u00f3n y apoyo a grupos vulnerables - PubliMar\" \/>\n<meta property=\"og:description\" content=\"DIF Oaxaca firma convenio con 539 municipios con inversi\u00f3n de 1,310 mdp para fortalecer alimentaci\u00f3n y apoyo a grupos vulnerables.\" \/>\n<meta property=\"og:url\" content=\"https:\/\/publimar.mx\/index.php\/2026\/04\/28\/publimar-1181\/\" \/>\n<meta property=\"og:site_name\" content=\"PubliMar\" \/>\n<meta property=\"article:published_time\" content=\"2026-04-28T14:35:46+00:00\" \/>\n<meta property=\"article:modified_time\" content=\"2026-04-28T14:35:48+00:00\" \/>\n<meta property=\"og:image\" content=\"https:\/\/publimar.mx\/wp-content\/uploads\/2026\/04\/Fortalece-Oaxaca-atencion-a-grupos-prioritarios-con-firma-de-convenio-entre-DIF-estatal-y-municipios-4.jpeg\" \/>\n\t<meta property=\"og:image:width\" content=\"1280\" \/>\n\t<meta property=\"og:image:height\" content=\"854\" \/>\n<meta name=\"twitter:card\" content=\"summary_large_image\" \/>\n<meta name=\"twitter:label1\" content=\"Escrito por\" \/>\n\t<meta name=\"twitter:data1\" content=\"admin\" \/>\n\t<meta name=\"twitter:label2\" content=\"Tiempo de lectura\" \/>\n\t<meta name=\"twitter:data2\" content=\"3 minutos\" \/>\n<script type=\"application\/ld+json\" class=\"yoast-schema-graph\">{\"@context\":\"https:\/\/schema.org\",\"@graph\":[{\"@type\":\"WebSite\",\"@id\":\"https:\/\/publimar.mx\/#website\",\"url\":\"https:\/\/publimar.mx\/\",\"name\":\"PubliMar\",\"description\":\"Informaci\\u00f3n de la Costa Oaxaque\\u00f1a\",\"publisher\":{\"@id\":\"https:\/\/publimar.mx\/#\/schema\/person\/42ad4d315580276616a11863a241f558\"},\"potentialAction\":[{\"@type\":\"SearchAction\",\"target\":{\"@type\":\"EntryPoint\",\"urlTemplate\":\"https:\/\/publimar.mx\/?s={search_term_string}\"},\"query-input\":\"required name=search_term_string\"}],\"inLanguage\":\"es\"},{\"@type\":\"ImageObject\",\"@id\":\"https:\/\/publimar.mx\/index.php\/2026\/04\/28\/publimar-1181\/#primaryimage\",\"inLanguage\":\"es\",\"url\":\"https:\/\/publimar.mx\/wp-content\/uploads\/2026\/04\/Fortalece-Oaxaca-atencion-a-grupos-prioritarios-con-firma-de-convenio-entre-DIF-estatal-y-municipios-4.jpeg\",\"contentUrl\":\"https:\/\/publimar.mx\/wp-content\/uploads\/2026\/04\/Fortalece-Oaxaca-atencion-a-grupos-prioritarios-con-firma-de-convenio-entre-DIF-estatal-y-municipios-4.jpeg\",\"width\":1280,\"height\":854},{\"@type\":\"WebPage\",\"@id\":\"https:\/\/publimar.mx\/index.php\/2026\/04\/28\/publimar-1181\/#webpage\",\"url\":\"https:\/\/publimar.mx\/index.php\/2026\/04\/28\/publimar-1181\/\",\"name\":\"Firman convenio DIF Oaxaca con 539 municipios para fortalecer alimentaci\\u00f3n y apoyo a grupos vulnerables - PubliMar\",\"isPartOf\":{\"@id\":\"https:\/\/publimar.mx\/#website\"},\"primaryImageOfPage\":{\"@id\":\"https:\/\/publimar.mx\/index.php\/2026\/04\/28\/publimar-1181\/#primaryimage\"},\"datePublished\":\"2026-04-28T14:35:46+00:00\",\"dateModified\":\"2026-04-28T14:35:48+00:00\",\"description\":\"DIF Oaxaca firma convenio con 539 municipios con inversi\\u00f3n de 1,310 mdp para fortalecer alimentaci\\u00f3n y apoyo a grupos vulnerables.\",\"breadcrumb\":{\"@id\":\"https:\/\/publimar.mx\/index.php\/2026\/04\/28\/publimar-1181\/#breadcrumb\"},\"inLanguage\":\"es\",\"potentialAction\":[{\"@type\":\"ReadAction\",\"target\":[\"https:\/\/publimar.mx\/index.php\/2026\/04\/28\/publimar-1181\/\"]}]},{\"@type\":\"BreadcrumbList\",\"@id\":\"https:\/\/publimar.mx\/index.php\/2026\/04\/28\/publimar-1181\/#breadcrumb\",\"itemListElement\":[{\"@type\":\"ListItem\",\"position\":1,\"name\":\"Portada\",\"item\":\"https:\/\/publimar.mx\/\"},{\"@type\":\"ListItem\",\"position\":2,\"name\":\"Firman convenio DIF Oaxaca con 539 municipios para fortalecer alimentaci\\u00f3n y apoyo a grupos vulnerables\"}]},{\"@type\":[\"Article\",\"NewsArticle\"],\"@id\":\"https:\/\/publimar.mx\/index.php\/2026\/04\/28\/publimar-1181\/#article\",\"isPartOf\":{\"@id\":\"https:\/\/publimar.mx\/index.php\/2026\/04\/28\/publimar-1181\/#webpage\"},\"author\":{\"@id\":\"https:\/\/publimar.mx\/#\/schema\/person\/42ad4d315580276616a11863a241f558\"},\"headline\":\"Firman convenio DIF Oaxaca con 539 municipios para fortalecer alimentaci\\u00f3n y apoyo a grupos vulnerables\",\"datePublished\":\"2026-04-28T14:35:46+00:00\",\"dateModified\":\"2026-04-28T14:35:48+00:00\",\"mainEntityOfPage\":{\"@id\":\"https:\/\/publimar.mx\/index.php\/2026\/04\/28\/publimar-1181\/#webpage\"},\"wordCount\":367,\"commentCount\":0,\"publisher\":{\"@id\":\"https:\/\/publimar.mx\/#\/schema\/person\/42ad4d315580276616a11863a241f558\"},\"image\":{\"@id\":\"https:\/\/publimar.mx\/index.php\/2026\/04\/28\/publimar-1181\/#primaryimage\"},\"thumbnailUrl\":\"https:\/\/publimar.mx\/wp-content\/uploads\/2026\/04\/Fortalece-Oaxaca-atencion-a-grupos-prioritarios-con-firma-de-convenio-entre-DIF-estatal-y-municipios-4.jpeg\",\"keywords\":[\"apoyo alimentario Oaxaca\",\"asistencia social Oaxaca\",\"desayunos escolares Oaxaca\",\"DIF Oaxaca convenio municipios\",\"EIASADC M\\u00e9xico\",\"grupos vulnerables Oaxaca\",\"programas alimentarios Oaxaca\",\"Salom\\u00f3n Jara Cruz DIF\",\"Sistema Nacional DIF\"],\"articleSection\":[\"Estatal\"],\"inLanguage\":\"es\",\"potentialAction\":[{\"@type\":\"CommentAction\",\"name\":\"Comment\",\"target\":[\"https:\/\/publimar.mx\/index.php\/2026\/04\/28\/publimar-1181\/#respond\"]}]},{\"@type\":[\"Person\",\"Organization\"],\"@id\":\"https:\/\/publimar.mx\/#\/schema\/person\/42ad4d315580276616a11863a241f558\",\"name\":\"admin\",\"image\":{\"@type\":\"ImageObject\",\"@id\":\"https:\/\/publimar.mx\/#personlogo\",\"inLanguage\":\"es\",\"url\":\"https:\/\/publimar.mx\/wp-content\/uploads\/2021\/08\/logo.png\",\"contentUrl\":\"https:\/\/publimar.mx\/wp-content\/uploads\/2021\/08\/logo.png\",\"width\":454,\"height\":108,\"caption\":\"admin\"},\"logo\":{\"@id\":\"https:\/\/publimar.mx\/#personlogo\"},\"sameAs\":[\"https:\/\/publimar.mx\"],\"url\":\"https:\/\/publimar.mx\/index.php\/author\/admin\/\"}]}<\/script>\n<!-- \/ Yoast SEO plugin. -->","yoast_head_json":{"title":"Firman convenio DIF Oaxaca con 539 municipios para fortalecer alimentaci\u00f3n y apoyo a grupos vulnerables - PubliMar","description":"DIF Oaxaca firma convenio con 539 municipios con inversi\u00f3n de 1,310 mdp para fortalecer alimentaci\u00f3n y apoyo a grupos vulnerables.","robots":{"index":"index","follow":"follow","max-snippet":"max-snippet:-1","max-image-preview":"max-image-preview:large","max-video-preview":"max-video-preview:-1"},"canonical":"https:\/\/publimar.mx\/index.php\/2026\/04\/28\/publimar-1181\/","og_locale":"es_ES","og_type":"article","og_title":"Firman convenio DIF Oaxaca con 539 municipios para fortalecer alimentaci\u00f3n y apoyo a grupos vulnerables - PubliMar","og_description":"DIF Oaxaca firma convenio con 539 municipios con inversi\u00f3n de 1,310 mdp para fortalecer alimentaci\u00f3n y apoyo a grupos vulnerables.","og_url":"https:\/\/publimar.mx\/index.php\/2026\/04\/28\/publimar-1181\/","og_site_name":"PubliMar","article_published_time":"2026-04-28T14:35:46+00:00","article_modified_time":"2026-04-28T14:35:48+00:00","og_image":[{"width":1280,"height":854,"url":"https:\/\/publimar.mx\/wp-content\/uploads\/2026\/04\/Fortalece-Oaxaca-atencion-a-grupos-prioritarios-con-firma-de-convenio-entre-DIF-estatal-y-municipios-4.jpeg","path":"\/home\/u358712125\/domains\/publimar.mx\/public_html\/wp-content\/uploads\/2026\/04\/Fortalece-Oaxaca-atencion-a-grupos-prioritarios-con-firma-de-convenio-entre-DIF-estatal-y-municipios-4.jpeg","size":"full","id":18560,"alt":"","pixels":1093120,"type":"image\/jpeg"}],"twitter_card":"summary_large_image","twitter_misc":{"Escrito por":"admin","Tiempo de lectura":"3 minutos"},"schema":{"@context":"https:\/\/schema.org","@graph":[{"@type":"WebSite","@id":"https:\/\/publimar.mx\/#website","url":"https:\/\/publimar.mx\/","name":"PubliMar","description":"Informaci\u00f3n de la Costa Oaxaque\u00f1a","publisher":{"@id":"https:\/\/publimar.mx\/#\/schema\/person\/42ad4d315580276616a11863a241f558"},"potentialAction":[{"@type":"SearchAction","target":{"@type":"EntryPoint","urlTemplate":"https:\/\/publimar.mx\/?s={search_term_string}"},"query-input":"required name=search_term_string"}],"inLanguage":"es"},{"@type":"ImageObject","@id":"https:\/\/publimar.mx\/index.php\/2026\/04\/28\/publimar-1181\/#primaryimage","inLanguage":"es","url":"https:\/\/publimar.mx\/wp-content\/uploads\/2026\/04\/Fortalece-Oaxaca-atencion-a-grupos-prioritarios-con-firma-de-convenio-entre-DIF-estatal-y-municipios-4.jpeg","contentUrl":"https:\/\/publimar.mx\/wp-content\/uploads\/2026\/04\/Fortalece-Oaxaca-atencion-a-grupos-prioritarios-con-firma-de-convenio-entre-DIF-estatal-y-municipios-4.jpeg","width":1280,"height":854},{"@type":"WebPage","@id":"https:\/\/publimar.mx\/index.php\/2026\/04\/28\/publimar-1181\/#webpage","url":"https:\/\/publimar.mx\/index.php\/2026\/04\/28\/publimar-1181\/","name":"Firman convenio DIF Oaxaca con 539 municipios para fortalecer alimentaci\u00f3n y apoyo a grupos vulnerables - PubliMar","isPartOf":{"@id":"https:\/\/publimar.mx\/#website"},"primaryImageOfPage":{"@id":"https:\/\/publimar.mx\/index.php\/2026\/04\/28\/publimar-1181\/#primaryimage"},"datePublished":"2026-04-28T14:35:46+00:00","dateModified":"2026-04-28T14:35:48+00:00","description":"DIF Oaxaca firma convenio con 539 municipios con inversi\u00f3n de 1,310 mdp para fortalecer alimentaci\u00f3n y apoyo a grupos vulnerables.","breadcrumb":{"@id":"https:\/\/publimar.mx\/index.php\/2026\/04\/28\/publimar-1181\/#breadcrumb"},"inLanguage":"es","potentialAction":[{"@type":"ReadAction","target":["https:\/\/publimar.mx\/index.php\/2026\/04\/28\/publimar-1181\/"]}]},{"@type":"BreadcrumbList","@id":"https:\/\/publimar.mx\/index.php\/2026\/04\/28\/publimar-1181\/#breadcrumb","itemListElement":[{"@type":"ListItem","position":1,"name":"Portada","item":"https:\/\/publimar.mx\/"},{"@type":"ListItem","position":2,"name":"Firman convenio DIF Oaxaca con 539 municipios para fortalecer alimentaci\u00f3n y apoyo a grupos vulnerables"}]},{"@type":["Article","NewsArticle"],"@id":"https:\/\/publimar.mx\/index.php\/2026\/04\/28\/publimar-1181\/#article","isPartOf":{"@id":"https:\/\/publimar.mx\/index.php\/2026\/04\/28\/publimar-1181\/#webpage"},"author":{"@id":"https:\/\/publimar.mx\/#\/schema\/person\/42ad4d315580276616a11863a241f558"},"headline":"Firman convenio DIF Oaxaca con 539 municipios para fortalecer alimentaci\u00f3n y apoyo a grupos vulnerables","datePublished":"2026-04-28T14:35:46+00:00","dateModified":"2026-04-28T14:35:48+00:00","mainEntityOfPage":{"@id":"https:\/\/publimar.mx\/index.php\/2026\/04\/28\/publimar-1181\/#webpage"},"wordCount":367,"commentCount":0,"publisher":{"@id":"https:\/\/publimar.mx\/#\/schema\/person\/42ad4d315580276616a11863a241f558"},"image":{"@id":"https:\/\/publimar.mx\/index.php\/2026\/04\/28\/publimar-1181\/#primaryimage"},"thumbnailUrl":"https:\/\/publimar.mx\/wp-content\/uploads\/2026\/04\/Fortalece-Oaxaca-atencion-a-grupos-prioritarios-con-firma-de-convenio-entre-DIF-estatal-y-municipios-4.jpeg","keywords":["apoyo alimentario Oaxaca","asistencia social Oaxaca","desayunos escolares Oaxaca","DIF Oaxaca convenio municipios","EIASADC M\u00e9xico","grupos vulnerables Oaxaca","programas alimentarios Oaxaca","Salom\u00f3n Jara Cruz DIF","Sistema Nacional DIF"],"articleSection":["Estatal"],"inLanguage":"es","potentialAction":[{"@type":"CommentAction","name":"Comment","target":["https:\/\/publimar.mx\/index.php\/2026\/04\/28\/publimar-1181\/#respond"]}]},{"@type":["Person","Organization"],"@id":"https:\/\/publimar.mx\/#\/schema\/person\/42ad4d315580276616a11863a241f558","name":"admin","image":{"@type":"ImageObject","@id":"https:\/\/publimar.mx\/#personlogo","inLanguage":"es","url":"https:\/\/publimar.mx\/wp-content\/uploads\/2021\/08\/logo.png","contentUrl":"https:\/\/publimar.mx\/wp-content\/uploads\/2021\/08\/logo.png","width":454,"height":108,"caption":"admin"},"logo":{"@id":"https:\/\/publimar.mx\/#personlogo"},"sameAs":["https:\/\/publimar.mx"],"url":"https:\/\/publimar.mx\/index.php\/author\/admin\/"}]}},"_links":{"self":[{"href":"https:\/\/publimar.mx\/index.php\/wp-json\/wp\/v2\/posts\/18558"}],"collection":[{"href":"https:\/\/publimar.mx\/index.php\/wp-json\/wp\/v2\/posts"}],"about":[{"href":"https:\/\/publimar.mx\/index.php\/wp-json\/wp\/v2\/types\/post"}],"author":[{"embeddable":true,"href":"https:\/\/publimar.mx\/index.php\/wp-json\/wp\/v2\/users\/1"}],"replies":[{"embeddable":true,"href":"https:\/\/publimar.mx\/index.php\/wp-json\/wp\/v2\/comments?post=18558"}],"version-history":[{"count":1,"href":"https:\/\/publimar.mx\/index.php\/wp-json\/wp\/v2\/posts\/18558\/revisions"}],"predecessor-version":[{"id":18563,"href":"https:\/\/publimar.mx\/index.php\/wp-json\/wp\/v2\/posts\/18558\/revisions\/18563"}],"wp:featuredmedia":[{"embeddable":true,"href":"https:\/\/publimar.mx\/index.php\/wp-json\/wp\/v2\/media\/18560"}],"wp:attachment":[{"href":"https:\/\/publimar.mx\/index.php\/wp-json\/wp\/v2\/media?parent=18558"}],"wp:term":[{"taxonomy":"category","embeddable":true,"href":"https:\/\/publimar.mx\/index.php\/wp-json\/wp\/v2\/categories?post=18558"},{"taxonomy":"post_tag","embeddable":true,"href":"https:\/\/publimar.mx\/index.php\/wp-json\/wp\/v2\/tags?post=18558"}],"curies":[{"name":"wp","href":"https:\/\/api.w.org\/{rel}","templated":true}]}}