{"id":18535,"date":"2026-04-27T08:42:22","date_gmt":"2026-04-27T14:42:22","guid":{"rendered":"https:\/\/publimar.mx\/?p=18535"},"modified":"2026-04-27T08:42:24","modified_gmt":"2026-04-27T14:42:24","slug":"publimar-1177","status":"publish","type":"post","link":"https:\/\/publimar.mx\/index.php\/2026\/04\/27\/publimar-1177\/","title":{"rendered":"Vuelca tr\u00e1iler cargado de az\u00facar en la Costera 200; rapi\u00f1a y caos vial en el tramo Salina Cruz\u2013Huatulco"},"content":{"rendered":"\n<div class=\"wp-block-image\"><figure class=\"alignright size-large is-resized\"><img loading=\"lazy\" src=\"https:\/\/publimar.mx\/wp-content\/uploads\/2026\/04\/679846498_1373452998135177_3423872276574307580_n-1024x1024.jpg\" alt=\"\" class=\"wp-image-18538\" width=\"512\" height=\"512\" srcset=\"https:\/\/publimar.mx\/wp-content\/uploads\/2026\/04\/679846498_1373452998135177_3423872276574307580_n-1024x1024.jpg 1024w, https:\/\/publimar.mx\/wp-content\/uploads\/2026\/04\/679846498_1373452998135177_3423872276574307580_n-300x300.jpg 300w, https:\/\/publimar.mx\/wp-content\/uploads\/2026\/04\/679846498_1373452998135177_3423872276574307580_n-150x150.jpg 150w, https:\/\/publimar.mx\/wp-content\/uploads\/2026\/04\/679846498_1373452998135177_3423872276574307580_n-768x768.jpg 768w, https:\/\/publimar.mx\/wp-content\/uploads\/2026\/04\/679846498_1373452998135177_3423872276574307580_n.jpg 1500w\" sizes=\"(max-width: 512px) 100vw, 512px\" \/><\/figure><\/div>\n\n\n\n<p>Un tr\u00e1iler que transportaba sacos de az\u00facar volc\u00f3 sobre la <strong>carretera federal 200<\/strong>, a la altura del poblado Garrapatero, en el tramo que conecta Salina Cruz con Huatulco, generando caos vial y actos de rapi\u00f1a en la zona.<\/p>\n\n\n\n<p>El accidente ocurri\u00f3 en la jurisdicci\u00f3n de Garrapatero, donde la pesada unidad qued\u00f3 recostada sobre la cinta asf\u00e1ltica, obstruyendo parcialmente la circulaci\u00f3n en ambos sentidos.<\/p>\n\n\n\n<h3>\u26a0\ufe0f <strong>Rapi\u00f1a tras el accidente<\/strong><\/h3>\n\n\n\n<p>Tras la volcadura, pobladores de comunidades cercanas como Concepci\u00f3n Bamba y Zanj\u00f3n arribaron al sitio y comenzaron a llevarse los sacos de az\u00facar, de aproximadamente 50 kilogramos cada uno.<\/p>\n\n\n\n<p>Los productos fueron retirados en motocicletas, al hombro, as\u00ed como en mototaxis, veh\u00edculos particulares y camionetas, en un hecho que se repite con frecuencia en este tipo de incidentes carreteros.<\/p>\n\n\n\n<h3>\ud83d\ude93 <strong>Presencia de autoridades sin control de la situaci\u00f3n<\/strong><\/h3>\n\n\n\n<p>Elementos de la Guardia Nacional acudieron al lugar del accidente; sin embargo, no lograron impedir la rapi\u00f1a, limit\u00e1ndose a coordinar el tr\u00e1nsito vehicular de manera intermitente para evitar mayores afectaciones.<\/p>\n\n\n\n<h3>\ud83d\udea7 <strong>Caos vial y unidades varadas<\/strong><\/h3>\n\n\n\n<p>La volcadura provoc\u00f3 la interrupci\u00f3n del flujo vehicular durante varias horas, obligando a conductores a realizar maniobras para poder continuar su camino.<\/p>\n\n\n\n<p>Hasta las 14:30 horas, las gr\u00faas a\u00fan no arribaban al lugar para retirar la unidad siniestrada, lo que ocasion\u00f3 largas filas de veh\u00edculos varados en ambos sentidos de la carretera.<\/p>\n","protected":false},"excerpt":{"rendered":"<p>Un tr\u00e1iler que transportaba sacos de az\u00facar volc\u00f3 sobre la carretera federal 200, a la altura del poblado Garrapatero, en el tramo que conecta Salina Cruz con Huatulco, generando caos&hellip; <\/p>\n","protected":false},"author":1,"featured_media":18538,"comment_status":"open","ping_status":"open","sticky":false,"template":"","format":"standard","meta":{"_monsterinsights_skip_tracking":false,"_monsterinsights_sitenote_active":false,"_monsterinsights_sitenote_note":"","_monsterinsights_sitenote_category":0},"categories":[10],"tags":[5780],"yoast_head":"<!-- This site is optimized with the Yoast SEO plugin v17.0 - https:\/\/yoast.com\/wordpress\/plugins\/seo\/ -->\n<title>Vuelca tr\u00e1iler cargado de az\u00facar en la Costera 200; rapi\u00f1a y caos vial en el tramo Salina Cruz\u2013Huatulco - PubliMar<\/title>\n<meta name=\"description\" content=\"Un tr\u00e1iler cargado de az\u00facar volc\u00f3 en la Costera 200; pobladores realizaron rapi\u00f1a y se gener\u00f3 caos vial en el tramo Salina Cruz\u2013Huatulco...\" \/>\n<meta name=\"robots\" content=\"index, follow, max-snippet:-1, max-image-preview:large, max-video-preview:-1\" \/>\n<link rel=\"canonical\" href=\"https:\/\/publimar.mx\/index.php\/2026\/04\/27\/publimar-1177\/\" \/>\n<meta property=\"og:locale\" content=\"es_ES\" \/>\n<meta property=\"og:type\" content=\"article\" \/>\n<meta property=\"og:title\" content=\"Vuelca tr\u00e1iler cargado de az\u00facar en la Costera 200; rapi\u00f1a y caos vial en el tramo Salina Cruz\u2013Huatulco - PubliMar\" \/>\n<meta property=\"og:description\" content=\"Un tr\u00e1iler cargado de az\u00facar volc\u00f3 en la Costera 200; pobladores realizaron rapi\u00f1a y se gener\u00f3 caos vial en el tramo Salina Cruz\u2013Huatulco...\" \/>\n<meta property=\"og:url\" content=\"https:\/\/publimar.mx\/index.php\/2026\/04\/27\/publimar-1177\/\" \/>\n<meta property=\"og:site_name\" content=\"PubliMar\" \/>\n<meta property=\"article:published_time\" content=\"2026-04-27T14:42:22+00:00\" \/>\n<meta property=\"article:modified_time\" content=\"2026-04-27T14:42:24+00:00\" \/>\n<meta property=\"og:image\" content=\"https:\/\/publimar.mx\/wp-content\/uploads\/2026\/04\/679846498_1373452998135177_3423872276574307580_n.jpg\" \/>\n\t<meta property=\"og:image:width\" content=\"1500\" \/>\n\t<meta property=\"og:image:height\" content=\"1500\" \/>\n<meta name=\"twitter:card\" content=\"summary_large_image\" \/>\n<meta name=\"twitter:label1\" content=\"Escrito por\" \/>\n\t<meta name=\"twitter:data1\" content=\"admin\" \/>\n\t<meta name=\"twitter:label2\" content=\"Tiempo de lectura\" \/>\n\t<meta name=\"twitter:data2\" content=\"2 minutos\" \/>\n<script type=\"application\/ld+json\" class=\"yoast-schema-graph\">{\"@context\":\"https:\/\/schema.org\",\"@graph\":[{\"@type\":\"WebSite\",\"@id\":\"https:\/\/publimar.mx\/#website\",\"url\":\"https:\/\/publimar.mx\/\",\"name\":\"PubliMar\",\"description\":\"Informaci\\u00f3n de la Costa Oaxaque\\u00f1a\",\"publisher\":{\"@id\":\"https:\/\/publimar.mx\/#\/schema\/person\/42ad4d315580276616a11863a241f558\"},\"potentialAction\":[{\"@type\":\"SearchAction\",\"target\":{\"@type\":\"EntryPoint\",\"urlTemplate\":\"https:\/\/publimar.mx\/?s={search_term_string}\"},\"query-input\":\"required name=search_term_string\"}],\"inLanguage\":\"es\"},{\"@type\":\"ImageObject\",\"@id\":\"https:\/\/publimar.mx\/index.php\/2026\/04\/27\/publimar-1177\/#primaryimage\",\"inLanguage\":\"es\",\"url\":\"https:\/\/publimar.mx\/wp-content\/uploads\/2026\/04\/679846498_1373452998135177_3423872276574307580_n.jpg\",\"contentUrl\":\"https:\/\/publimar.mx\/wp-content\/uploads\/2026\/04\/679846498_1373452998135177_3423872276574307580_n.jpg\",\"width\":1500,\"height\":1500},{\"@type\":\"WebPage\",\"@id\":\"https:\/\/publimar.mx\/index.php\/2026\/04\/27\/publimar-1177\/#webpage\",\"url\":\"https:\/\/publimar.mx\/index.php\/2026\/04\/27\/publimar-1177\/\",\"name\":\"Vuelca tr\\u00e1iler cargado de az\\u00facar en la Costera 200; rapi\\u00f1a y caos vial en el tramo Salina Cruz\\u2013Huatulco - PubliMar\",\"isPartOf\":{\"@id\":\"https:\/\/publimar.mx\/#website\"},\"primaryImageOfPage\":{\"@id\":\"https:\/\/publimar.mx\/index.php\/2026\/04\/27\/publimar-1177\/#primaryimage\"},\"datePublished\":\"2026-04-27T14:42:22+00:00\",\"dateModified\":\"2026-04-27T14:42:24+00:00\",\"description\":\"Un tr\\u00e1iler cargado de az\\u00facar volc\\u00f3 en la Costera 200; pobladores realizaron rapi\\u00f1a y se gener\\u00f3 caos vial en el tramo Salina Cruz\\u2013Huatulco...\",\"breadcrumb\":{\"@id\":\"https:\/\/publimar.mx\/index.php\/2026\/04\/27\/publimar-1177\/#breadcrumb\"},\"inLanguage\":\"es\",\"potentialAction\":[{\"@type\":\"ReadAction\",\"target\":[\"https:\/\/publimar.mx\/index.php\/2026\/04\/27\/publimar-1177\/\"]}]},{\"@type\":\"BreadcrumbList\",\"@id\":\"https:\/\/publimar.mx\/index.php\/2026\/04\/27\/publimar-1177\/#breadcrumb\",\"itemListElement\":[{\"@type\":\"ListItem\",\"position\":1,\"name\":\"Portada\",\"item\":\"https:\/\/publimar.mx\/\"},{\"@type\":\"ListItem\",\"position\":2,\"name\":\"Vuelca tr\\u00e1iler cargado de az\\u00facar en la Costera 200; rapi\\u00f1a y caos vial en el tramo Salina Cruz\\u2013Huatulco\"}]},{\"@type\":[\"Article\",\"NewsArticle\"],\"@id\":\"https:\/\/publimar.mx\/index.php\/2026\/04\/27\/publimar-1177\/#article\",\"isPartOf\":{\"@id\":\"https:\/\/publimar.mx\/index.php\/2026\/04\/27\/publimar-1177\/#webpage\"},\"author\":{\"@id\":\"https:\/\/publimar.mx\/#\/schema\/person\/42ad4d315580276616a11863a241f558\"},\"headline\":\"Vuelca tr\\u00e1iler cargado de az\\u00facar en la Costera 200; rapi\\u00f1a y caos vial en el tramo Salina Cruz\\u2013Huatulco\",\"datePublished\":\"2026-04-27T14:42:22+00:00\",\"dateModified\":\"2026-04-27T14:42:24+00:00\",\"mainEntityOfPage\":{\"@id\":\"https:\/\/publimar.mx\/index.php\/2026\/04\/27\/publimar-1177\/#webpage\"},\"wordCount\":258,\"commentCount\":0,\"publisher\":{\"@id\":\"https:\/\/publimar.mx\/#\/schema\/person\/42ad4d315580276616a11863a241f558\"},\"image\":{\"@id\":\"https:\/\/publimar.mx\/index.php\/2026\/04\/27\/publimar-1177\/#primaryimage\"},\"thumbnailUrl\":\"https:\/\/publimar.mx\/wp-content\/uploads\/2026\/04\/679846498_1373452998135177_3423872276574307580_n.jpg\",\"keywords\":[\"GN accidente carretera\"],\"articleSection\":[\"policiaca\"],\"inLanguage\":\"es\",\"potentialAction\":[{\"@type\":\"CommentAction\",\"name\":\"Comment\",\"target\":[\"https:\/\/publimar.mx\/index.php\/2026\/04\/27\/publimar-1177\/#respond\"]}]},{\"@type\":[\"Person\",\"Organization\"],\"@id\":\"https:\/\/publimar.mx\/#\/schema\/person\/42ad4d315580276616a11863a241f558\",\"name\":\"admin\",\"image\":{\"@type\":\"ImageObject\",\"@id\":\"https:\/\/publimar.mx\/#personlogo\",\"inLanguage\":\"es\",\"url\":\"https:\/\/publimar.mx\/wp-content\/uploads\/2021\/08\/logo.png\",\"contentUrl\":\"https:\/\/publimar.mx\/wp-content\/uploads\/2021\/08\/logo.png\",\"width\":454,\"height\":108,\"caption\":\"admin\"},\"logo\":{\"@id\":\"https:\/\/publimar.mx\/#personlogo\"},\"sameAs\":[\"https:\/\/publimar.mx\"],\"url\":\"https:\/\/publimar.mx\/index.php\/author\/admin\/\"}]}<\/script>\n<!-- \/ Yoast SEO plugin. -->","yoast_head_json":{"title":"Vuelca tr\u00e1iler cargado de az\u00facar en la Costera 200; rapi\u00f1a y caos vial en el tramo Salina Cruz\u2013Huatulco - PubliMar","description":"Un tr\u00e1iler cargado de az\u00facar volc\u00f3 en la Costera 200; pobladores realizaron rapi\u00f1a y se gener\u00f3 caos vial en el tramo Salina Cruz\u2013Huatulco...","robots":{"index":"index","follow":"follow","max-snippet":"max-snippet:-1","max-image-preview":"max-image-preview:large","max-video-preview":"max-video-preview:-1"},"canonical":"https:\/\/publimar.mx\/index.php\/2026\/04\/27\/publimar-1177\/","og_locale":"es_ES","og_type":"article","og_title":"Vuelca tr\u00e1iler cargado de az\u00facar en la Costera 200; rapi\u00f1a y caos vial en el tramo Salina Cruz\u2013Huatulco - PubliMar","og_description":"Un tr\u00e1iler cargado de az\u00facar volc\u00f3 en la Costera 200; pobladores realizaron rapi\u00f1a y se gener\u00f3 caos vial en el tramo Salina Cruz\u2013Huatulco...","og_url":"https:\/\/publimar.mx\/index.php\/2026\/04\/27\/publimar-1177\/","og_site_name":"PubliMar","article_published_time":"2026-04-27T14:42:22+00:00","article_modified_time":"2026-04-27T14:42:24+00:00","og_image":[{"width":1500,"height":1500,"url":"https:\/\/publimar.mx\/wp-content\/uploads\/2026\/04\/679846498_1373452998135177_3423872276574307580_n.jpg","path":"\/home\/u358712125\/domains\/publimar.mx\/public_html\/wp-content\/uploads\/2026\/04\/679846498_1373452998135177_3423872276574307580_n.jpg","size":"full","id":18538,"alt":"","pixels":2250000,"type":"image\/jpeg"}],"twitter_card":"summary_large_image","twitter_misc":{"Escrito por":"admin","Tiempo de lectura":"2 minutos"},"schema":{"@context":"https:\/\/schema.org","@graph":[{"@type":"WebSite","@id":"https:\/\/publimar.mx\/#website","url":"https:\/\/publimar.mx\/","name":"PubliMar","description":"Informaci\u00f3n de la Costa Oaxaque\u00f1a","publisher":{"@id":"https:\/\/publimar.mx\/#\/schema\/person\/42ad4d315580276616a11863a241f558"},"potentialAction":[{"@type":"SearchAction","target":{"@type":"EntryPoint","urlTemplate":"https:\/\/publimar.mx\/?s={search_term_string}"},"query-input":"required name=search_term_string"}],"inLanguage":"es"},{"@type":"ImageObject","@id":"https:\/\/publimar.mx\/index.php\/2026\/04\/27\/publimar-1177\/#primaryimage","inLanguage":"es","url":"https:\/\/publimar.mx\/wp-content\/uploads\/2026\/04\/679846498_1373452998135177_3423872276574307580_n.jpg","contentUrl":"https:\/\/publimar.mx\/wp-content\/uploads\/2026\/04\/679846498_1373452998135177_3423872276574307580_n.jpg","width":1500,"height":1500},{"@type":"WebPage","@id":"https:\/\/publimar.mx\/index.php\/2026\/04\/27\/publimar-1177\/#webpage","url":"https:\/\/publimar.mx\/index.php\/2026\/04\/27\/publimar-1177\/","name":"Vuelca tr\u00e1iler cargado de az\u00facar en la Costera 200; rapi\u00f1a y caos vial en el tramo Salina Cruz\u2013Huatulco - PubliMar","isPartOf":{"@id":"https:\/\/publimar.mx\/#website"},"primaryImageOfPage":{"@id":"https:\/\/publimar.mx\/index.php\/2026\/04\/27\/publimar-1177\/#primaryimage"},"datePublished":"2026-04-27T14:42:22+00:00","dateModified":"2026-04-27T14:42:24+00:00","description":"Un tr\u00e1iler cargado de az\u00facar volc\u00f3 en la Costera 200; pobladores realizaron rapi\u00f1a y se gener\u00f3 caos vial en el tramo Salina Cruz\u2013Huatulco...","breadcrumb":{"@id":"https:\/\/publimar.mx\/index.php\/2026\/04\/27\/publimar-1177\/#breadcrumb"},"inLanguage":"es","potentialAction":[{"@type":"ReadAction","target":["https:\/\/publimar.mx\/index.php\/2026\/04\/27\/publimar-1177\/"]}]},{"@type":"BreadcrumbList","@id":"https:\/\/publimar.mx\/index.php\/2026\/04\/27\/publimar-1177\/#breadcrumb","itemListElement":[{"@type":"ListItem","position":1,"name":"Portada","item":"https:\/\/publimar.mx\/"},{"@type":"ListItem","position":2,"name":"Vuelca tr\u00e1iler cargado de az\u00facar en la Costera 200; rapi\u00f1a y caos vial en el tramo Salina Cruz\u2013Huatulco"}]},{"@type":["Article","NewsArticle"],"@id":"https:\/\/publimar.mx\/index.php\/2026\/04\/27\/publimar-1177\/#article","isPartOf":{"@id":"https:\/\/publimar.mx\/index.php\/2026\/04\/27\/publimar-1177\/#webpage"},"author":{"@id":"https:\/\/publimar.mx\/#\/schema\/person\/42ad4d315580276616a11863a241f558"},"headline":"Vuelca tr\u00e1iler cargado de az\u00facar en la Costera 200; rapi\u00f1a y caos vial en el tramo Salina Cruz\u2013Huatulco","datePublished":"2026-04-27T14:42:22+00:00","dateModified":"2026-04-27T14:42:24+00:00","mainEntityOfPage":{"@id":"https:\/\/publimar.mx\/index.php\/2026\/04\/27\/publimar-1177\/#webpage"},"wordCount":258,"commentCount":0,"publisher":{"@id":"https:\/\/publimar.mx\/#\/schema\/person\/42ad4d315580276616a11863a241f558"},"image":{"@id":"https:\/\/publimar.mx\/index.php\/2026\/04\/27\/publimar-1177\/#primaryimage"},"thumbnailUrl":"https:\/\/publimar.mx\/wp-content\/uploads\/2026\/04\/679846498_1373452998135177_3423872276574307580_n.jpg","keywords":["GN accidente carretera"],"articleSection":["policiaca"],"inLanguage":"es","potentialAction":[{"@type":"CommentAction","name":"Comment","target":["https:\/\/publimar.mx\/index.php\/2026\/04\/27\/publimar-1177\/#respond"]}]},{"@type":["Person","Organization"],"@id":"https:\/\/publimar.mx\/#\/schema\/person\/42ad4d315580276616a11863a241f558","name":"admin","image":{"@type":"ImageObject","@id":"https:\/\/publimar.mx\/#personlogo","inLanguage":"es","url":"https:\/\/publimar.mx\/wp-content\/uploads\/2021\/08\/logo.png","contentUrl":"https:\/\/publimar.mx\/wp-content\/uploads\/2021\/08\/logo.png","width":454,"height":108,"caption":"admin"},"logo":{"@id":"https:\/\/publimar.mx\/#personlogo"},"sameAs":["https:\/\/publimar.mx"],"url":"https:\/\/publimar.mx\/index.php\/author\/admin\/"}]}},"_links":{"self":[{"href":"https:\/\/publimar.mx\/index.php\/wp-json\/wp\/v2\/posts\/18535"}],"collection":[{"href":"https:\/\/publimar.mx\/index.php\/wp-json\/wp\/v2\/posts"}],"about":[{"href":"https:\/\/publimar.mx\/index.php\/wp-json\/wp\/v2\/types\/post"}],"author":[{"embeddable":true,"href":"https:\/\/publimar.mx\/index.php\/wp-json\/wp\/v2\/users\/1"}],"replies":[{"embeddable":true,"href":"https:\/\/publimar.mx\/index.php\/wp-json\/wp\/v2\/comments?post=18535"}],"version-history":[{"count":1,"href":"https:\/\/publimar.mx\/index.php\/wp-json\/wp\/v2\/posts\/18535\/revisions"}],"predecessor-version":[{"id":18540,"href":"https:\/\/publimar.mx\/index.php\/wp-json\/wp\/v2\/posts\/18535\/revisions\/18540"}],"wp:featuredmedia":[{"embeddable":true,"href":"https:\/\/publimar.mx\/index.php\/wp-json\/wp\/v2\/media\/18538"}],"wp:attachment":[{"href":"https:\/\/publimar.mx\/index.php\/wp-json\/wp\/v2\/media?parent=18535"}],"wp:term":[{"taxonomy":"category","embeddable":true,"href":"https:\/\/publimar.mx\/index.php\/wp-json\/wp\/v2\/categories?post=18535"},{"taxonomy":"post_tag","embeddable":true,"href":"https:\/\/publimar.mx\/index.php\/wp-json\/wp\/v2\/tags?post=18535"}],"curies":[{"name":"wp","href":"https:\/\/api.w.org\/{rel}","templated":true}]}}