{"id":18532,"date":"2026-04-27T08:24:43","date_gmt":"2026-04-27T14:24:43","guid":{"rendered":"https:\/\/publimar.mx\/?p=18532"},"modified":"2026-04-27T08:24:45","modified_gmt":"2026-04-27T14:24:45","slug":"publimar-1176","status":"publish","type":"post","link":"https:\/\/publimar.mx\/index.php\/2026\/04\/27\/publimar-1176\/","title":{"rendered":"Alerta en Oaxaca por ola de calor de hasta 45 grados y lluvias con tormentas el\u00e9ctricas"},"content":{"rendered":"\n<div class=\"wp-block-image\"><figure class=\"alignright size-large is-resized\"><img loading=\"lazy\" src=\"https:\/\/publimar.mx\/wp-content\/uploads\/2026\/04\/WhatsApp-Image-2026-04-27-at-8.08.45-AM-1024x768.jpeg\" alt=\"\" class=\"wp-image-18533\" width=\"512\" height=\"384\" srcset=\"https:\/\/publimar.mx\/wp-content\/uploads\/2026\/04\/WhatsApp-Image-2026-04-27-at-8.08.45-AM-1024x768.jpeg 1024w, https:\/\/publimar.mx\/wp-content\/uploads\/2026\/04\/WhatsApp-Image-2026-04-27-at-8.08.45-AM-300x225.jpeg 300w, https:\/\/publimar.mx\/wp-content\/uploads\/2026\/04\/WhatsApp-Image-2026-04-27-at-8.08.45-AM-768x576.jpeg 768w, https:\/\/publimar.mx\/wp-content\/uploads\/2026\/04\/WhatsApp-Image-2026-04-27-at-8.08.45-AM-1536x1152.jpeg 1536w, https:\/\/publimar.mx\/wp-content\/uploads\/2026\/04\/WhatsApp-Image-2026-04-27-at-8.08.45-AM.jpeg 1600w\" sizes=\"(max-width: 512px) 100vw, 512px\" \/><\/figure><\/div>\n\n\n\n<p>La Coordinaci\u00f3n Estatal de Protecci\u00f3n Civil y Gesti\u00f3n de Riesgos inform\u00f3 que un anticicl\u00f3n en niveles medios de la atm\u00f3sfera mantendr\u00e1 una <strong>intensa ola de calor en el centro y sur del estado<\/strong>, con temperaturas extremas que podr\u00edan alcanzar entre <strong>40 y 45 grados<\/strong>, adem\u00e1s de sensaci\u00f3n de bochorno en la zona costera.<\/p>\n\n\n\n<h3>\ud83c\udf27\ufe0f <strong>Lluvias y tormentas por la tarde<\/strong><\/h3>\n\n\n\n<p>De acuerdo con el pron\u00f3stico emitido por la Comisi\u00f3n Nacional del Agua, un canal de baja presi\u00f3n extendido desde el centro hasta el sureste del pa\u00eds, combinado con el calentamiento diurno y la orograf\u00eda, favorecer\u00e1 <strong>lluvias con chubascos aislados y tormentas el\u00e9ctricas durante la tarde<\/strong>.<\/p>\n\n\n\n<p>Estas condiciones podr\u00edan generar mayores acumulados de lluvia en regiones como la Sierra Sur y la Mixteca.<\/p>\n\n\n\n<h3>\ud83c\udf21\ufe0f <strong>Temperaturas por regi\u00f3n<\/strong><\/h3>\n\n\n\n<p>Para este d\u00eda se prev\u00e9n las siguientes temperaturas:<\/p>\n\n\n\n<ul><li>Valles Centrales: m\u00ednima de 15 y m\u00e1xima de 33 \u00b0C<\/li><li>Istmo de Tehuantepec: m\u00ednima de 23 y m\u00e1xima de 36 \u00b0C<\/li><li>Cuenca del Papaloapan: m\u00ednima de 19 y m\u00e1xima de 34 \u00b0C<\/li><li>Costa: m\u00ednima de 22 y m\u00e1xima de 35 \u00b0C<\/li><li>Mixteca: m\u00ednima de 14 y m\u00e1xima de 33 \u00b0C<\/li><li>Sierra de Flores Mag\u00f3n: m\u00ednima de 16 y m\u00e1xima de 33 \u00b0C<\/li><li>Sierra de Ju\u00e1rez: m\u00ednima de 11 y m\u00e1xima de 28 \u00b0C<\/li><li>Sierra Sur: m\u00ednima de 12 y m\u00e1xima de 33 \u00b0C<\/li><\/ul>\n\n\n\n<h3>\u26a0\ufe0f <strong>Recomendaciones a la poblaci\u00f3n<\/strong><\/h3>\n\n\n\n<p>Las autoridades exhortaron a la poblaci\u00f3n a seguir las indicaciones de Protecci\u00f3n Civil y Capitan\u00edas de Puerto, as\u00ed como mantenerse informada a trav\u00e9s de los canales oficiales ante cualquier cambio en las condiciones meteorol\u00f3gicas.<\/p>\n","protected":false},"excerpt":{"rendered":"<p>La Coordinaci\u00f3n Estatal de Protecci\u00f3n Civil y Gesti\u00f3n de Riesgos inform\u00f3 que un anticicl\u00f3n en niveles medios de la atm\u00f3sfera mantendr\u00e1 una intensa ola de calor en el centro y&hellip; <\/p>\n","protected":false},"author":1,"featured_media":18533,"comment_status":"open","ping_status":"open","sticky":false,"template":"","format":"standard","meta":{"_monsterinsights_skip_tracking":false,"_monsterinsights_sitenote_active":false,"_monsterinsights_sitenote_note":"","_monsterinsights_sitenote_category":0},"categories":[26],"tags":[5759,5772,5769,5755,2984,5771,5770,3283,5773],"yoast_head":"<!-- This site is optimized with the Yoast SEO plugin v17.0 - https:\/\/yoast.com\/wordpress\/plugins\/seo\/ -->\n<title>Alerta en Oaxaca por ola de calor de hasta 45 grados y lluvias con tormentas el\u00e9ctricas - PubliMar<\/title>\n<meta name=\"description\" content=\"Protecci\u00f3n Civil alerta por ola de calor de hasta 45 grados en Oaxaca, con lluvias y tormentas el\u00e9ctricas por la tarde en varias regiones.\" \/>\n<meta name=\"robots\" content=\"index, follow, max-snippet:-1, max-image-preview:large, max-video-preview:-1\" \/>\n<link rel=\"canonical\" href=\"https:\/\/publimar.mx\/index.php\/2026\/04\/27\/publimar-1176\/\" \/>\n<meta property=\"og:locale\" content=\"es_ES\" \/>\n<meta property=\"og:type\" content=\"article\" \/>\n<meta property=\"og:title\" content=\"Alerta en Oaxaca por ola de calor de hasta 45 grados y lluvias con tormentas el\u00e9ctricas - PubliMar\" \/>\n<meta property=\"og:description\" content=\"Protecci\u00f3n Civil alerta por ola de calor de hasta 45 grados en Oaxaca, con lluvias y tormentas el\u00e9ctricas por la tarde en varias regiones.\" \/>\n<meta property=\"og:url\" content=\"https:\/\/publimar.mx\/index.php\/2026\/04\/27\/publimar-1176\/\" \/>\n<meta property=\"og:site_name\" content=\"PubliMar\" \/>\n<meta property=\"article:published_time\" content=\"2026-04-27T14:24:43+00:00\" \/>\n<meta property=\"article:modified_time\" content=\"2026-04-27T14:24:45+00:00\" \/>\n<meta property=\"og:image\" content=\"https:\/\/publimar.mx\/wp-content\/uploads\/2026\/04\/WhatsApp-Image-2026-04-27-at-8.08.45-AM.jpeg\" \/>\n\t<meta property=\"og:image:width\" content=\"1600\" \/>\n\t<meta property=\"og:image:height\" content=\"1200\" \/>\n<meta name=\"twitter:card\" content=\"summary_large_image\" \/>\n<meta name=\"twitter:label1\" content=\"Escrito por\" \/>\n\t<meta name=\"twitter:data1\" content=\"admin\" \/>\n\t<meta name=\"twitter:label2\" content=\"Tiempo de lectura\" \/>\n\t<meta name=\"twitter:data2\" content=\"2 minutos\" \/>\n<script type=\"application\/ld+json\" class=\"yoast-schema-graph\">{\"@context\":\"https:\/\/schema.org\",\"@graph\":[{\"@type\":\"WebSite\",\"@id\":\"https:\/\/publimar.mx\/#website\",\"url\":\"https:\/\/publimar.mx\/\",\"name\":\"PubliMar\",\"description\":\"Informaci\\u00f3n de la Costa Oaxaque\\u00f1a\",\"publisher\":{\"@id\":\"https:\/\/publimar.mx\/#\/schema\/person\/42ad4d315580276616a11863a241f558\"},\"potentialAction\":[{\"@type\":\"SearchAction\",\"target\":{\"@type\":\"EntryPoint\",\"urlTemplate\":\"https:\/\/publimar.mx\/?s={search_term_string}\"},\"query-input\":\"required name=search_term_string\"}],\"inLanguage\":\"es\"},{\"@type\":\"ImageObject\",\"@id\":\"https:\/\/publimar.mx\/index.php\/2026\/04\/27\/publimar-1176\/#primaryimage\",\"inLanguage\":\"es\",\"url\":\"https:\/\/publimar.mx\/wp-content\/uploads\/2026\/04\/WhatsApp-Image-2026-04-27-at-8.08.45-AM.jpeg\",\"contentUrl\":\"https:\/\/publimar.mx\/wp-content\/uploads\/2026\/04\/WhatsApp-Image-2026-04-27-at-8.08.45-AM.jpeg\",\"width\":1600,\"height\":1200},{\"@type\":\"WebPage\",\"@id\":\"https:\/\/publimar.mx\/index.php\/2026\/04\/27\/publimar-1176\/#webpage\",\"url\":\"https:\/\/publimar.mx\/index.php\/2026\/04\/27\/publimar-1176\/\",\"name\":\"Alerta en Oaxaca por ola de calor de hasta 45 grados y lluvias con tormentas el\\u00e9ctricas - PubliMar\",\"isPartOf\":{\"@id\":\"https:\/\/publimar.mx\/#website\"},\"primaryImageOfPage\":{\"@id\":\"https:\/\/publimar.mx\/index.php\/2026\/04\/27\/publimar-1176\/#primaryimage\"},\"datePublished\":\"2026-04-27T14:24:43+00:00\",\"dateModified\":\"2026-04-27T14:24:45+00:00\",\"description\":\"Protecci\\u00f3n Civil alerta por ola de calor de hasta 45 grados en Oaxaca, con lluvias y tormentas el\\u00e9ctricas por la tarde en varias regiones.\",\"breadcrumb\":{\"@id\":\"https:\/\/publimar.mx\/index.php\/2026\/04\/27\/publimar-1176\/#breadcrumb\"},\"inLanguage\":\"es\",\"potentialAction\":[{\"@type\":\"ReadAction\",\"target\":[\"https:\/\/publimar.mx\/index.php\/2026\/04\/27\/publimar-1176\/\"]}]},{\"@type\":\"BreadcrumbList\",\"@id\":\"https:\/\/publimar.mx\/index.php\/2026\/04\/27\/publimar-1176\/#breadcrumb\",\"itemListElement\":[{\"@type\":\"ListItem\",\"position\":1,\"name\":\"Portada\",\"item\":\"https:\/\/publimar.mx\/\"},{\"@type\":\"ListItem\",\"position\":2,\"name\":\"Alerta en Oaxaca por ola de calor de hasta 45 grados y lluvias con tormentas el\\u00e9ctricas\"}]},{\"@type\":[\"Article\",\"NewsArticle\"],\"@id\":\"https:\/\/publimar.mx\/index.php\/2026\/04\/27\/publimar-1176\/#article\",\"isPartOf\":{\"@id\":\"https:\/\/publimar.mx\/index.php\/2026\/04\/27\/publimar-1176\/#webpage\"},\"author\":{\"@id\":\"https:\/\/publimar.mx\/#\/schema\/person\/42ad4d315580276616a11863a241f558\"},\"headline\":\"Alerta en Oaxaca por ola de calor de hasta 45 grados y lluvias con tormentas el\\u00e9ctricas\",\"datePublished\":\"2026-04-27T14:24:43+00:00\",\"dateModified\":\"2026-04-27T14:24:45+00:00\",\"mainEntityOfPage\":{\"@id\":\"https:\/\/publimar.mx\/index.php\/2026\/04\/27\/publimar-1176\/#webpage\"},\"wordCount\":286,\"commentCount\":0,\"publisher\":{\"@id\":\"https:\/\/publimar.mx\/#\/schema\/person\/42ad4d315580276616a11863a241f558\"},\"image\":{\"@id\":\"https:\/\/publimar.mx\/index.php\/2026\/04\/27\/publimar-1176\/#primaryimage\"},\"thumbnailUrl\":\"https:\/\/publimar.mx\/wp-content\/uploads\/2026\/04\/WhatsApp-Image-2026-04-27-at-8.08.45-AM.jpeg\",\"keywords\":[\"alerta clima Oaxaca\",\"bochorno Oaxaca\",\"calor extremo Costa Oaxaca\",\"CEPCyGR pron\\u00f3stico\",\"clima Oaxaca hoy\",\"Conagua Oaxaca clima\",\"lluvias tormentas Oaxaca\",\"ola de calor Oaxaca\",\"temperaturas Oaxaca regiones\"],\"articleSection\":[\"Seguridad\"],\"inLanguage\":\"es\",\"potentialAction\":[{\"@type\":\"CommentAction\",\"name\":\"Comment\",\"target\":[\"https:\/\/publimar.mx\/index.php\/2026\/04\/27\/publimar-1176\/#respond\"]}]},{\"@type\":[\"Person\",\"Organization\"],\"@id\":\"https:\/\/publimar.mx\/#\/schema\/person\/42ad4d315580276616a11863a241f558\",\"name\":\"admin\",\"image\":{\"@type\":\"ImageObject\",\"@id\":\"https:\/\/publimar.mx\/#personlogo\",\"inLanguage\":\"es\",\"url\":\"https:\/\/publimar.mx\/wp-content\/uploads\/2021\/08\/logo.png\",\"contentUrl\":\"https:\/\/publimar.mx\/wp-content\/uploads\/2021\/08\/logo.png\",\"width\":454,\"height\":108,\"caption\":\"admin\"},\"logo\":{\"@id\":\"https:\/\/publimar.mx\/#personlogo\"},\"sameAs\":[\"https:\/\/publimar.mx\"],\"url\":\"https:\/\/publimar.mx\/index.php\/author\/admin\/\"}]}<\/script>\n<!-- \/ Yoast SEO plugin. -->","yoast_head_json":{"title":"Alerta en Oaxaca por ola de calor de hasta 45 grados y lluvias con tormentas el\u00e9ctricas - PubliMar","description":"Protecci\u00f3n Civil alerta por ola de calor de hasta 45 grados en Oaxaca, con lluvias y tormentas el\u00e9ctricas por la tarde en varias regiones.","robots":{"index":"index","follow":"follow","max-snippet":"max-snippet:-1","max-image-preview":"max-image-preview:large","max-video-preview":"max-video-preview:-1"},"canonical":"https:\/\/publimar.mx\/index.php\/2026\/04\/27\/publimar-1176\/","og_locale":"es_ES","og_type":"article","og_title":"Alerta en Oaxaca por ola de calor de hasta 45 grados y lluvias con tormentas el\u00e9ctricas - PubliMar","og_description":"Protecci\u00f3n Civil alerta por ola de calor de hasta 45 grados en Oaxaca, con lluvias y tormentas el\u00e9ctricas por la tarde en varias regiones.","og_url":"https:\/\/publimar.mx\/index.php\/2026\/04\/27\/publimar-1176\/","og_site_name":"PubliMar","article_published_time":"2026-04-27T14:24:43+00:00","article_modified_time":"2026-04-27T14:24:45+00:00","og_image":[{"width":1600,"height":1200,"url":"https:\/\/publimar.mx\/wp-content\/uploads\/2026\/04\/WhatsApp-Image-2026-04-27-at-8.08.45-AM.jpeg","path":"\/home\/u358712125\/domains\/publimar.mx\/public_html\/wp-content\/uploads\/2026\/04\/WhatsApp-Image-2026-04-27-at-8.08.45-AM.jpeg","size":"full","id":18533,"alt":"","pixels":1920000,"type":"image\/jpeg"}],"twitter_card":"summary_large_image","twitter_misc":{"Escrito por":"admin","Tiempo de lectura":"2 minutos"},"schema":{"@context":"https:\/\/schema.org","@graph":[{"@type":"WebSite","@id":"https:\/\/publimar.mx\/#website","url":"https:\/\/publimar.mx\/","name":"PubliMar","description":"Informaci\u00f3n de la Costa Oaxaque\u00f1a","publisher":{"@id":"https:\/\/publimar.mx\/#\/schema\/person\/42ad4d315580276616a11863a241f558"},"potentialAction":[{"@type":"SearchAction","target":{"@type":"EntryPoint","urlTemplate":"https:\/\/publimar.mx\/?s={search_term_string}"},"query-input":"required name=search_term_string"}],"inLanguage":"es"},{"@type":"ImageObject","@id":"https:\/\/publimar.mx\/index.php\/2026\/04\/27\/publimar-1176\/#primaryimage","inLanguage":"es","url":"https:\/\/publimar.mx\/wp-content\/uploads\/2026\/04\/WhatsApp-Image-2026-04-27-at-8.08.45-AM.jpeg","contentUrl":"https:\/\/publimar.mx\/wp-content\/uploads\/2026\/04\/WhatsApp-Image-2026-04-27-at-8.08.45-AM.jpeg","width":1600,"height":1200},{"@type":"WebPage","@id":"https:\/\/publimar.mx\/index.php\/2026\/04\/27\/publimar-1176\/#webpage","url":"https:\/\/publimar.mx\/index.php\/2026\/04\/27\/publimar-1176\/","name":"Alerta en Oaxaca por ola de calor de hasta 45 grados y lluvias con tormentas el\u00e9ctricas - PubliMar","isPartOf":{"@id":"https:\/\/publimar.mx\/#website"},"primaryImageOfPage":{"@id":"https:\/\/publimar.mx\/index.php\/2026\/04\/27\/publimar-1176\/#primaryimage"},"datePublished":"2026-04-27T14:24:43+00:00","dateModified":"2026-04-27T14:24:45+00:00","description":"Protecci\u00f3n Civil alerta por ola de calor de hasta 45 grados en Oaxaca, con lluvias y tormentas el\u00e9ctricas por la tarde en varias regiones.","breadcrumb":{"@id":"https:\/\/publimar.mx\/index.php\/2026\/04\/27\/publimar-1176\/#breadcrumb"},"inLanguage":"es","potentialAction":[{"@type":"ReadAction","target":["https:\/\/publimar.mx\/index.php\/2026\/04\/27\/publimar-1176\/"]}]},{"@type":"BreadcrumbList","@id":"https:\/\/publimar.mx\/index.php\/2026\/04\/27\/publimar-1176\/#breadcrumb","itemListElement":[{"@type":"ListItem","position":1,"name":"Portada","item":"https:\/\/publimar.mx\/"},{"@type":"ListItem","position":2,"name":"Alerta en Oaxaca por ola de calor de hasta 45 grados y lluvias con tormentas el\u00e9ctricas"}]},{"@type":["Article","NewsArticle"],"@id":"https:\/\/publimar.mx\/index.php\/2026\/04\/27\/publimar-1176\/#article","isPartOf":{"@id":"https:\/\/publimar.mx\/index.php\/2026\/04\/27\/publimar-1176\/#webpage"},"author":{"@id":"https:\/\/publimar.mx\/#\/schema\/person\/42ad4d315580276616a11863a241f558"},"headline":"Alerta en Oaxaca por ola de calor de hasta 45 grados y lluvias con tormentas el\u00e9ctricas","datePublished":"2026-04-27T14:24:43+00:00","dateModified":"2026-04-27T14:24:45+00:00","mainEntityOfPage":{"@id":"https:\/\/publimar.mx\/index.php\/2026\/04\/27\/publimar-1176\/#webpage"},"wordCount":286,"commentCount":0,"publisher":{"@id":"https:\/\/publimar.mx\/#\/schema\/person\/42ad4d315580276616a11863a241f558"},"image":{"@id":"https:\/\/publimar.mx\/index.php\/2026\/04\/27\/publimar-1176\/#primaryimage"},"thumbnailUrl":"https:\/\/publimar.mx\/wp-content\/uploads\/2026\/04\/WhatsApp-Image-2026-04-27-at-8.08.45-AM.jpeg","keywords":["alerta clima Oaxaca","bochorno Oaxaca","calor extremo Costa Oaxaca","CEPCyGR pron\u00f3stico","clima Oaxaca hoy","Conagua Oaxaca clima","lluvias tormentas Oaxaca","ola de calor Oaxaca","temperaturas Oaxaca regiones"],"articleSection":["Seguridad"],"inLanguage":"es","potentialAction":[{"@type":"CommentAction","name":"Comment","target":["https:\/\/publimar.mx\/index.php\/2026\/04\/27\/publimar-1176\/#respond"]}]},{"@type":["Person","Organization"],"@id":"https:\/\/publimar.mx\/#\/schema\/person\/42ad4d315580276616a11863a241f558","name":"admin","image":{"@type":"ImageObject","@id":"https:\/\/publimar.mx\/#personlogo","inLanguage":"es","url":"https:\/\/publimar.mx\/wp-content\/uploads\/2021\/08\/logo.png","contentUrl":"https:\/\/publimar.mx\/wp-content\/uploads\/2021\/08\/logo.png","width":454,"height":108,"caption":"admin"},"logo":{"@id":"https:\/\/publimar.mx\/#personlogo"},"sameAs":["https:\/\/publimar.mx"],"url":"https:\/\/publimar.mx\/index.php\/author\/admin\/"}]}},"_links":{"self":[{"href":"https:\/\/publimar.mx\/index.php\/wp-json\/wp\/v2\/posts\/18532"}],"collection":[{"href":"https:\/\/publimar.mx\/index.php\/wp-json\/wp\/v2\/posts"}],"about":[{"href":"https:\/\/publimar.mx\/index.php\/wp-json\/wp\/v2\/types\/post"}],"author":[{"embeddable":true,"href":"https:\/\/publimar.mx\/index.php\/wp-json\/wp\/v2\/users\/1"}],"replies":[{"embeddable":true,"href":"https:\/\/publimar.mx\/index.php\/wp-json\/wp\/v2\/comments?post=18532"}],"version-history":[{"count":1,"href":"https:\/\/publimar.mx\/index.php\/wp-json\/wp\/v2\/posts\/18532\/revisions"}],"predecessor-version":[{"id":18534,"href":"https:\/\/publimar.mx\/index.php\/wp-json\/wp\/v2\/posts\/18532\/revisions\/18534"}],"wp:featuredmedia":[{"embeddable":true,"href":"https:\/\/publimar.mx\/index.php\/wp-json\/wp\/v2\/media\/18533"}],"wp:attachment":[{"href":"https:\/\/publimar.mx\/index.php\/wp-json\/wp\/v2\/media?parent=18532"}],"wp:term":[{"taxonomy":"category","embeddable":true,"href":"https:\/\/publimar.mx\/index.php\/wp-json\/wp\/v2\/categories?post=18532"},{"taxonomy":"post_tag","embeddable":true,"href":"https:\/\/publimar.mx\/index.php\/wp-json\/wp\/v2\/tags?post=18532"}],"curies":[{"name":"wp","href":"https:\/\/api.w.org\/{rel}","templated":true}]}}