{"id":18384,"date":"2025-12-11T07:13:04","date_gmt":"2025-12-11T13:13:04","guid":{"rendered":"https:\/\/publimar.mx\/?p=18384"},"modified":"2025-12-11T07:13:06","modified_gmt":"2025-12-11T13:13:06","slug":"muy-festivo-santo-domingo-tehuantepec-aqui-el-arte-se-vive-hasta-en-los-espacios-publicos","status":"publish","type":"post","link":"https:\/\/publimar.mx\/index.php\/2025\/12\/11\/muy-festivo-santo-domingo-tehuantepec-aqui-el-arte-se-vive-hasta-en-los-espacios-publicos\/","title":{"rendered":"Muy festivo Santo Domingo Tehuantepec: aqu\u00ed el arte se vive hasta en los espacios p\u00fablicos"},"content":{"rendered":"\n<ul><li><strong><em>Una presencia destacada tuvo M\u00e9xico en Valpara\u00edso, Chile, gracias a la participaci\u00f3n de un nutrido grupo de artistas pl\u00e1sticos encabezados por el oaxaque\u00f1o Carlos Fuentes \u201cCaf\u00fan\u201d, Embajador Cultural de M\u00e9xico.<\/em><\/strong><\/li><\/ul>\n\n\n\n<p><strong>Por: Lucio Gopar<br>Fotos: Omar Maya Calvo<\/strong><\/p>\n\n\n\n<div class=\"wp-block-image\"><figure class=\"alignright size-large is-resized\"><img loading=\"lazy\" src=\"https:\/\/publimar.mx\/wp-content\/uploads\/2025\/12\/Los-callejones-en-Tehuantepec-son-de-lo-mas-hermosos-1024x768.jpg\" alt=\"\" class=\"wp-image-18385\" width=\"512\" height=\"384\" srcset=\"https:\/\/publimar.mx\/wp-content\/uploads\/2025\/12\/Los-callejones-en-Tehuantepec-son-de-lo-mas-hermosos-1024x768.jpg 1024w, https:\/\/publimar.mx\/wp-content\/uploads\/2025\/12\/Los-callejones-en-Tehuantepec-son-de-lo-mas-hermosos-300x225.jpg 300w, https:\/\/publimar.mx\/wp-content\/uploads\/2025\/12\/Los-callejones-en-Tehuantepec-son-de-lo-mas-hermosos-768x576.jpg 768w, https:\/\/publimar.mx\/wp-content\/uploads\/2025\/12\/Los-callejones-en-Tehuantepec-son-de-lo-mas-hermosos.jpg 1440w\" sizes=\"(max-width: 512px) 100vw, 512px\" \/><\/figure><\/div>\n\n\n\n<p>Para quienes se encuentran en la ciudad de Oaxaca y desean vivir de cerca nuestras tradiciones m\u00e1s arraigadas, una excelente opci\u00f3n es tomar la nueva supercarretera Oaxaca\u2013Tehuantepec. El trayecto, de aproximadamente dos horas y media, permite realizar un viaje de ida y vuelta en el mismo d\u00eda.<\/p>\n\n\n\n<p>Llegar a Tehuantepec es sin\u00f3nimo de cultura, hospitalidad y gastronom\u00eda. Si la suerte acompa\u00f1a, podr\u00e1s disfrutar alguna de sus fiestas tradicionales y vivir la alegr\u00eda tehuana en todo su esplendor. Adem\u00e1s, encontrar\u00e1s espacios ideales para fotograf\u00edas memorables, como el <strong>Monumento a la Tehuana<\/strong> o la <strong>Iguana M\u00e1s Grande del Mundo<\/strong>. Una recomendaci\u00f3n imperdible de Lucio Gopar, promotor de lugares tur\u00edsticos de Oaxaca.<\/p>\n\n\n\n<hr class=\"wp-block-separator\"\/>\n\n\n\n<h2><strong>Carlos Fuentes Garc\u00eda lidera representaci\u00f3n art\u00edstica en Valpara\u00edso, Chile<\/strong><\/h2>\n\n\n\n<div class=\"wp-block-image\"><figure class=\"alignright size-large is-resized\"><img loading=\"lazy\" src=\"https:\/\/publimar.mx\/wp-content\/uploads\/2025\/12\/Participaron-diversos-artistas-plasticos-de-Mexico-al-extremo-derecho-Carlos-Fuentes-es-el-Embajador-Cultural-un-oaxaqueno-muy-talentoso-819x1024.jpg\" alt=\"\" class=\"wp-image-18386\" width=\"410\" height=\"512\" srcset=\"https:\/\/publimar.mx\/wp-content\/uploads\/2025\/12\/Participaron-diversos-artistas-plasticos-de-Mexico-al-extremo-derecho-Carlos-Fuentes-es-el-Embajador-Cultural-un-oaxaqueno-muy-talentoso-819x1024.jpg 819w, https:\/\/publimar.mx\/wp-content\/uploads\/2025\/12\/Participaron-diversos-artistas-plasticos-de-Mexico-al-extremo-derecho-Carlos-Fuentes-es-el-Embajador-Cultural-un-oaxaqueno-muy-talentoso-240x300.jpg 240w, https:\/\/publimar.mx\/wp-content\/uploads\/2025\/12\/Participaron-diversos-artistas-plasticos-de-Mexico-al-extremo-derecho-Carlos-Fuentes-es-el-Embajador-Cultural-un-oaxaqueno-muy-talentoso-768x960.jpg 768w, https:\/\/publimar.mx\/wp-content\/uploads\/2025\/12\/Participaron-diversos-artistas-plasticos-de-Mexico-al-extremo-derecho-Carlos-Fuentes-es-el-Embajador-Cultural-un-oaxaqueno-muy-talentoso.jpg 1024w\" sizes=\"(max-width: 410px) 100vw, 410px\" \/><\/figure><\/div>\n\n\n\n<p>El artista oaxaque\u00f1o <strong>Carlos Fuentes<\/strong> ha participado en innumerables eventos culturales a nivel estatal, nacional e internacional, dejando siempre en alto el nombre de M\u00e9xico. Su capacidad de gesti\u00f3n, convocatoria y coordinaci\u00f3n ha permitido llevar proyectos culturales a diversos pa\u00edses, integrando a creadoras y creadores de Oaxaca y de otras partes del pa\u00eds.<\/p>\n\n\n\n<p>Hace unas semanas, Valpara\u00edso se convirti\u00f3 en sede de la exposici\u00f3n <strong>\u201cExquenda: El Esp\u00edritu del Arte Oaxaque\u00f1o\u201d<\/strong>, un encuentro que reuni\u00f3 a universitarios, artistas locales, empresarios y amantes del arte en general. Esta muestra fue un reflejo del talento y la riqueza art\u00edstica de M\u00e9xico, motivo de orgullo para la comunidad cultural.<\/p>\n\n\n\n<hr class=\"wp-block-separator\"\/>\n\n\n\n<h2><strong>Artistas participantes<\/strong><\/h2>\n\n\n\n<p>Entre los exponentes que llevaron sus obras a Chile se encuentran:<\/p>\n\n\n\n<p><strong>Richa Arnauda, Jos\u00e9 Luis Feliciano, Jorge Vidals, Francisco Merino, Carlos Fuentes, Wen Castro, David L\u00f3pez, Marle\u00f3n, Santiago S\u00e1nchez, Beto Blanco, Ricardo Santiago, Raya, Manuel Miguel, Ariana Hern\u00e1ndez, Vladimir Palomec, Miguel Alvarado, Alejandra Pineda y Anayd Bautista.<\/strong><\/p>\n\n\n\n<p>La exposici\u00f3n estar\u00e1 abierta del <strong>21 de noviembre al 21 de diciembre<\/strong> en el Sal\u00f3n <em>El Peral<\/em> en Valpara\u00edso. Durante la inauguraci\u00f3n, los artistas se tomaron fotograf\u00edas con sus obras, mientras Carlos Fuentes pos\u00f3 orgulloso con la bandera de M\u00e9xico, simbolizando un logro m\u00e1s en su destacada trayectoria.<\/p>\n\n\n\n<hr class=\"wp-block-separator\"\/>\n\n\n\n<h2><strong>Caf\u00fan, un embajador que rompe fronteras<\/strong><\/h2>\n\n\n\n<p>Carlos Fuentes contin\u00faa impulsando proyectos que integran a artistas de todo el pa\u00eds y participa activamente en colaboraciones internacionales. Su compromiso con el arte lo motiva a generar intercambios culturales, abrir espacios en galer\u00edas y museos de distintas ciudades del mundo y promover el talento mexicano sin l\u00edmites.<\/p>\n\n\n\n<p>Para Caf\u00fan, el arte no conoce fronteras; y si existen, \u00e9l trabaja incansablemente para cruzarlas y llevar el esp\u00edritu creativo de M\u00e9xico hasta donde haya un p\u00fablico dispuesto a apreciarlo.<\/p>\n\n\n\n<figure class=\"wp-block-gallery columns-2 is-cropped\"><ul class=\"blocks-gallery-grid\"><li class=\"blocks-gallery-item\"><figure><img loading=\"lazy\" width=\"1024\" height=\"768\" src=\"https:\/\/publimar.mx\/wp-content\/uploads\/2025\/12\/Grupo-de-Artistas-Plasticos-Liderados-por-el-Oaxaqueno-Carlos-Fuentes-Cafun-representante-cultural-de-Mexico-1024x768.jpg\" alt=\"\" data-id=\"18387\" data-full-url=\"https:\/\/publimar.mx\/wp-content\/uploads\/2025\/12\/Grupo-de-Artistas-Plasticos-Liderados-por-el-Oaxaqueno-Carlos-Fuentes-Cafun-representante-cultural-de-Mexico.jpg\" data-link=\"https:\/\/publimar.mx\/?attachment_id=18387\" class=\"wp-image-18387\" srcset=\"https:\/\/publimar.mx\/wp-content\/uploads\/2025\/12\/Grupo-de-Artistas-Plasticos-Liderados-por-el-Oaxaqueno-Carlos-Fuentes-Cafun-representante-cultural-de-Mexico-1024x768.jpg 1024w, https:\/\/publimar.mx\/wp-content\/uploads\/2025\/12\/Grupo-de-Artistas-Plasticos-Liderados-por-el-Oaxaqueno-Carlos-Fuentes-Cafun-representante-cultural-de-Mexico-300x225.jpg 300w, https:\/\/publimar.mx\/wp-content\/uploads\/2025\/12\/Grupo-de-Artistas-Plasticos-Liderados-por-el-Oaxaqueno-Carlos-Fuentes-Cafun-representante-cultural-de-Mexico-768x576.jpg 768w, https:\/\/publimar.mx\/wp-content\/uploads\/2025\/12\/Grupo-de-Artistas-Plasticos-Liderados-por-el-Oaxaqueno-Carlos-Fuentes-Cafun-representante-cultural-de-Mexico.jpg 1280w\" sizes=\"(max-width: 1024px) 100vw, 1024px\" \/><\/figure><\/li><li class=\"blocks-gallery-item\"><figure><img loading=\"lazy\" width=\"768\" height=\"1024\" src=\"https:\/\/publimar.mx\/wp-content\/uploads\/2025\/12\/El-Oaxaqueno-Artista-Plastico-representante-cultural-de-Mexico-llevo-a-un-grupo-de-artistas-a-Valparaiso-Chile-768x1024.jpg\" alt=\"\" data-id=\"18388\" data-full-url=\"https:\/\/publimar.mx\/wp-content\/uploads\/2025\/12\/El-Oaxaqueno-Artista-Plastico-representante-cultural-de-Mexico-llevo-a-un-grupo-de-artistas-a-Valparaiso-Chile.jpg\" data-link=\"https:\/\/publimar.mx\/?attachment_id=18388\" class=\"wp-image-18388\" srcset=\"https:\/\/publimar.mx\/wp-content\/uploads\/2025\/12\/El-Oaxaqueno-Artista-Plastico-representante-cultural-de-Mexico-llevo-a-un-grupo-de-artistas-a-Valparaiso-Chile-768x1024.jpg 768w, https:\/\/publimar.mx\/wp-content\/uploads\/2025\/12\/El-Oaxaqueno-Artista-Plastico-representante-cultural-de-Mexico-llevo-a-un-grupo-de-artistas-a-Valparaiso-Chile-225x300.jpg 225w, https:\/\/publimar.mx\/wp-content\/uploads\/2025\/12\/El-Oaxaqueno-Artista-Plastico-representante-cultural-de-Mexico-llevo-a-un-grupo-de-artistas-a-Valparaiso-Chile.jpg 960w\" sizes=\"(max-width: 768px) 100vw, 768px\" \/><\/figure><\/li><\/ul><\/figure>\n","protected":false},"excerpt":{"rendered":"<p>Una presencia destacada tuvo M\u00e9xico en Valpara\u00edso, Chile, gracias a la participaci\u00f3n de un nutrido grupo de artistas pl\u00e1sticos encabezados por el oaxaque\u00f1o Carlos Fuentes \u201cCaf\u00fan\u201d, Embajador Cultural de M\u00e9xico.&hellip; <\/p>\n","protected":false},"author":1,"featured_media":0,"comment_status":"open","ping_status":"open","sticky":false,"template":"","format":"standard","meta":{"_monsterinsights_skip_tracking":false,"_monsterinsights_sitenote_active":false,"_monsterinsights_sitenote_note":"","_monsterinsights_sitenote_category":0},"categories":[1],"tags":[],"yoast_head":"<!-- This site is optimized with the Yoast SEO plugin v17.0 - https:\/\/yoast.com\/wordpress\/plugins\/seo\/ -->\n<title>Muy festivo Santo Domingo Tehuantepec: aqu\u00ed el arte se vive hasta en los espacios p\u00fablicos - PubliMar<\/title>\n<meta name=\"description\" content=\"Una presencia destacada tuvo M\u00e9xico en Valpara\u00edso, Chile, a la participaci\u00f3n de artistas pl\u00e1sticos encabezados por el oaxaque\u00f1o Carlos Fu...\" \/>\n<meta name=\"robots\" content=\"index, follow, max-snippet:-1, max-image-preview:large, max-video-preview:-1\" \/>\n<link rel=\"canonical\" href=\"https:\/\/publimar.mx\/index.php\/2025\/12\/11\/muy-festivo-santo-domingo-tehuantepec-aqui-el-arte-se-vive-hasta-en-los-espacios-publicos\/\" \/>\n<meta property=\"og:locale\" content=\"es_ES\" \/>\n<meta property=\"og:type\" content=\"article\" \/>\n<meta property=\"og:title\" content=\"Muy festivo Santo Domingo Tehuantepec: aqu\u00ed el arte se vive hasta en los espacios p\u00fablicos - PubliMar\" \/>\n<meta property=\"og:description\" content=\"Una presencia destacada tuvo M\u00e9xico en Valpara\u00edso, Chile, a la participaci\u00f3n de artistas pl\u00e1sticos encabezados por el oaxaque\u00f1o Carlos Fu...\" \/>\n<meta property=\"og:url\" content=\"https:\/\/publimar.mx\/index.php\/2025\/12\/11\/muy-festivo-santo-domingo-tehuantepec-aqui-el-arte-se-vive-hasta-en-los-espacios-publicos\/\" \/>\n<meta property=\"og:site_name\" content=\"PubliMar\" \/>\n<meta property=\"article:published_time\" content=\"2025-12-11T13:13:04+00:00\" \/>\n<meta property=\"article:modified_time\" content=\"2025-12-11T13:13:06+00:00\" \/>\n<meta property=\"og:image\" content=\"https:\/\/publimar.mx\/wp-content\/uploads\/2025\/12\/Los-callejones-en-Tehuantepec-son-de-lo-mas-hermosos-1024x768.jpg\" \/>\n<meta name=\"twitter:card\" content=\"summary_large_image\" \/>\n<meta name=\"twitter:label1\" content=\"Escrito por\" \/>\n\t<meta name=\"twitter:data1\" content=\"admin\" \/>\n\t<meta name=\"twitter:label2\" content=\"Tiempo de lectura\" \/>\n\t<meta name=\"twitter:data2\" content=\"3 minutos\" \/>\n<script type=\"application\/ld+json\" class=\"yoast-schema-graph\">{\"@context\":\"https:\/\/schema.org\",\"@graph\":[{\"@type\":\"WebSite\",\"@id\":\"https:\/\/publimar.mx\/#website\",\"url\":\"https:\/\/publimar.mx\/\",\"name\":\"PubliMar\",\"description\":\"Informaci\\u00f3n de la Costa Oaxaque\\u00f1a\",\"publisher\":{\"@id\":\"https:\/\/publimar.mx\/#\/schema\/person\/42ad4d315580276616a11863a241f558\"},\"potentialAction\":[{\"@type\":\"SearchAction\",\"target\":{\"@type\":\"EntryPoint\",\"urlTemplate\":\"https:\/\/publimar.mx\/?s={search_term_string}\"},\"query-input\":\"required name=search_term_string\"}],\"inLanguage\":\"es\"},{\"@type\":\"ImageObject\",\"@id\":\"https:\/\/publimar.mx\/index.php\/2025\/12\/11\/muy-festivo-santo-domingo-tehuantepec-aqui-el-arte-se-vive-hasta-en-los-espacios-publicos\/#primaryimage\",\"inLanguage\":\"es\",\"url\":\"https:\/\/publimar.mx\/wp-content\/uploads\/2025\/12\/Los-callejones-en-Tehuantepec-son-de-lo-mas-hermosos.jpg\",\"contentUrl\":\"https:\/\/publimar.mx\/wp-content\/uploads\/2025\/12\/Los-callejones-en-Tehuantepec-son-de-lo-mas-hermosos.jpg\",\"width\":1440,\"height\":1080},{\"@type\":\"WebPage\",\"@id\":\"https:\/\/publimar.mx\/index.php\/2025\/12\/11\/muy-festivo-santo-domingo-tehuantepec-aqui-el-arte-se-vive-hasta-en-los-espacios-publicos\/#webpage\",\"url\":\"https:\/\/publimar.mx\/index.php\/2025\/12\/11\/muy-festivo-santo-domingo-tehuantepec-aqui-el-arte-se-vive-hasta-en-los-espacios-publicos\/\",\"name\":\"Muy festivo Santo Domingo Tehuantepec: aqu\\u00ed el arte se vive hasta en los espacios p\\u00fablicos - PubliMar\",\"isPartOf\":{\"@id\":\"https:\/\/publimar.mx\/#website\"},\"primaryImageOfPage\":{\"@id\":\"https:\/\/publimar.mx\/index.php\/2025\/12\/11\/muy-festivo-santo-domingo-tehuantepec-aqui-el-arte-se-vive-hasta-en-los-espacios-publicos\/#primaryimage\"},\"datePublished\":\"2025-12-11T13:13:04+00:00\",\"dateModified\":\"2025-12-11T13:13:06+00:00\",\"description\":\"Una presencia destacada tuvo M\\u00e9xico en Valpara\\u00edso, Chile, a la participaci\\u00f3n de artistas pl\\u00e1sticos encabezados por el oaxaque\\u00f1o Carlos Fu...\",\"breadcrumb\":{\"@id\":\"https:\/\/publimar.mx\/index.php\/2025\/12\/11\/muy-festivo-santo-domingo-tehuantepec-aqui-el-arte-se-vive-hasta-en-los-espacios-publicos\/#breadcrumb\"},\"inLanguage\":\"es\",\"potentialAction\":[{\"@type\":\"ReadAction\",\"target\":[\"https:\/\/publimar.mx\/index.php\/2025\/12\/11\/muy-festivo-santo-domingo-tehuantepec-aqui-el-arte-se-vive-hasta-en-los-espacios-publicos\/\"]}]},{\"@type\":\"BreadcrumbList\",\"@id\":\"https:\/\/publimar.mx\/index.php\/2025\/12\/11\/muy-festivo-santo-domingo-tehuantepec-aqui-el-arte-se-vive-hasta-en-los-espacios-publicos\/#breadcrumb\",\"itemListElement\":[{\"@type\":\"ListItem\",\"position\":1,\"name\":\"Portada\",\"item\":\"https:\/\/publimar.mx\/\"},{\"@type\":\"ListItem\",\"position\":2,\"name\":\"Muy festivo Santo Domingo Tehuantepec: aqu\\u00ed el arte se vive hasta en los espacios p\\u00fablicos\"}]},{\"@type\":[\"Article\",\"NewsArticle\"],\"@id\":\"https:\/\/publimar.mx\/index.php\/2025\/12\/11\/muy-festivo-santo-domingo-tehuantepec-aqui-el-arte-se-vive-hasta-en-los-espacios-publicos\/#article\",\"isPartOf\":{\"@id\":\"https:\/\/publimar.mx\/index.php\/2025\/12\/11\/muy-festivo-santo-domingo-tehuantepec-aqui-el-arte-se-vive-hasta-en-los-espacios-publicos\/#webpage\"},\"author\":{\"@id\":\"https:\/\/publimar.mx\/#\/schema\/person\/42ad4d315580276616a11863a241f558\"},\"headline\":\"Muy festivo Santo Domingo Tehuantepec: aqu\\u00ed el arte se vive hasta en los espacios p\\u00fablicos\",\"datePublished\":\"2025-12-11T13:13:04+00:00\",\"dateModified\":\"2025-12-11T13:13:06+00:00\",\"mainEntityOfPage\":{\"@id\":\"https:\/\/publimar.mx\/index.php\/2025\/12\/11\/muy-festivo-santo-domingo-tehuantepec-aqui-el-arte-se-vive-hasta-en-los-espacios-publicos\/#webpage\"},\"wordCount\":512,\"commentCount\":0,\"publisher\":{\"@id\":\"https:\/\/publimar.mx\/#\/schema\/person\/42ad4d315580276616a11863a241f558\"},\"image\":{\"@id\":\"https:\/\/publimar.mx\/index.php\/2025\/12\/11\/muy-festivo-santo-domingo-tehuantepec-aqui-el-arte-se-vive-hasta-en-los-espacios-publicos\/#primaryimage\"},\"thumbnailUrl\":\"https:\/\/publimar.mx\/wp-content\/uploads\/2025\/12\/Los-callejones-en-Tehuantepec-son-de-lo-mas-hermosos-1024x768.jpg\",\"inLanguage\":\"es\",\"potentialAction\":[{\"@type\":\"CommentAction\",\"name\":\"Comment\",\"target\":[\"https:\/\/publimar.mx\/index.php\/2025\/12\/11\/muy-festivo-santo-domingo-tehuantepec-aqui-el-arte-se-vive-hasta-en-los-espacios-publicos\/#respond\"]}]},{\"@type\":[\"Person\",\"Organization\"],\"@id\":\"https:\/\/publimar.mx\/#\/schema\/person\/42ad4d315580276616a11863a241f558\",\"name\":\"admin\",\"image\":{\"@type\":\"ImageObject\",\"@id\":\"https:\/\/publimar.mx\/#personlogo\",\"inLanguage\":\"es\",\"url\":\"https:\/\/publimar.mx\/wp-content\/uploads\/2021\/08\/logo.png\",\"contentUrl\":\"https:\/\/publimar.mx\/wp-content\/uploads\/2021\/08\/logo.png\",\"width\":454,\"height\":108,\"caption\":\"admin\"},\"logo\":{\"@id\":\"https:\/\/publimar.mx\/#personlogo\"},\"sameAs\":[\"https:\/\/publimar.mx\"],\"url\":\"https:\/\/publimar.mx\/index.php\/author\/admin\/\"}]}<\/script>\n<!-- \/ Yoast SEO plugin. -->","yoast_head_json":{"title":"Muy festivo Santo Domingo Tehuantepec: aqu\u00ed el arte se vive hasta en los espacios p\u00fablicos - PubliMar","description":"Una presencia destacada tuvo M\u00e9xico en Valpara\u00edso, Chile, a la participaci\u00f3n de artistas pl\u00e1sticos encabezados por el oaxaque\u00f1o Carlos Fu...","robots":{"index":"index","follow":"follow","max-snippet":"max-snippet:-1","max-image-preview":"max-image-preview:large","max-video-preview":"max-video-preview:-1"},"canonical":"https:\/\/publimar.mx\/index.php\/2025\/12\/11\/muy-festivo-santo-domingo-tehuantepec-aqui-el-arte-se-vive-hasta-en-los-espacios-publicos\/","og_locale":"es_ES","og_type":"article","og_title":"Muy festivo Santo Domingo Tehuantepec: aqu\u00ed el arte se vive hasta en los espacios p\u00fablicos - PubliMar","og_description":"Una presencia destacada tuvo M\u00e9xico en Valpara\u00edso, Chile, a la participaci\u00f3n de artistas pl\u00e1sticos encabezados por el oaxaque\u00f1o Carlos Fu...","og_url":"https:\/\/publimar.mx\/index.php\/2025\/12\/11\/muy-festivo-santo-domingo-tehuantepec-aqui-el-arte-se-vive-hasta-en-los-espacios-publicos\/","og_site_name":"PubliMar","article_published_time":"2025-12-11T13:13:04+00:00","article_modified_time":"2025-12-11T13:13:06+00:00","og_image":[{"url":"https:\/\/publimar.mx\/wp-content\/uploads\/2025\/12\/Los-callejones-en-Tehuantepec-son-de-lo-mas-hermosos-1024x768.jpg"}],"twitter_card":"summary_large_image","twitter_misc":{"Escrito por":"admin","Tiempo de lectura":"3 minutos"},"schema":{"@context":"https:\/\/schema.org","@graph":[{"@type":"WebSite","@id":"https:\/\/publimar.mx\/#website","url":"https:\/\/publimar.mx\/","name":"PubliMar","description":"Informaci\u00f3n de la Costa Oaxaque\u00f1a","publisher":{"@id":"https:\/\/publimar.mx\/#\/schema\/person\/42ad4d315580276616a11863a241f558"},"potentialAction":[{"@type":"SearchAction","target":{"@type":"EntryPoint","urlTemplate":"https:\/\/publimar.mx\/?s={search_term_string}"},"query-input":"required name=search_term_string"}],"inLanguage":"es"},{"@type":"ImageObject","@id":"https:\/\/publimar.mx\/index.php\/2025\/12\/11\/muy-festivo-santo-domingo-tehuantepec-aqui-el-arte-se-vive-hasta-en-los-espacios-publicos\/#primaryimage","inLanguage":"es","url":"https:\/\/publimar.mx\/wp-content\/uploads\/2025\/12\/Los-callejones-en-Tehuantepec-son-de-lo-mas-hermosos.jpg","contentUrl":"https:\/\/publimar.mx\/wp-content\/uploads\/2025\/12\/Los-callejones-en-Tehuantepec-son-de-lo-mas-hermosos.jpg","width":1440,"height":1080},{"@type":"WebPage","@id":"https:\/\/publimar.mx\/index.php\/2025\/12\/11\/muy-festivo-santo-domingo-tehuantepec-aqui-el-arte-se-vive-hasta-en-los-espacios-publicos\/#webpage","url":"https:\/\/publimar.mx\/index.php\/2025\/12\/11\/muy-festivo-santo-domingo-tehuantepec-aqui-el-arte-se-vive-hasta-en-los-espacios-publicos\/","name":"Muy festivo Santo Domingo Tehuantepec: aqu\u00ed el arte se vive hasta en los espacios p\u00fablicos - PubliMar","isPartOf":{"@id":"https:\/\/publimar.mx\/#website"},"primaryImageOfPage":{"@id":"https:\/\/publimar.mx\/index.php\/2025\/12\/11\/muy-festivo-santo-domingo-tehuantepec-aqui-el-arte-se-vive-hasta-en-los-espacios-publicos\/#primaryimage"},"datePublished":"2025-12-11T13:13:04+00:00","dateModified":"2025-12-11T13:13:06+00:00","description":"Una presencia destacada tuvo M\u00e9xico en Valpara\u00edso, Chile, a la participaci\u00f3n de artistas pl\u00e1sticos encabezados por el oaxaque\u00f1o Carlos Fu...","breadcrumb":{"@id":"https:\/\/publimar.mx\/index.php\/2025\/12\/11\/muy-festivo-santo-domingo-tehuantepec-aqui-el-arte-se-vive-hasta-en-los-espacios-publicos\/#breadcrumb"},"inLanguage":"es","potentialAction":[{"@type":"ReadAction","target":["https:\/\/publimar.mx\/index.php\/2025\/12\/11\/muy-festivo-santo-domingo-tehuantepec-aqui-el-arte-se-vive-hasta-en-los-espacios-publicos\/"]}]},{"@type":"BreadcrumbList","@id":"https:\/\/publimar.mx\/index.php\/2025\/12\/11\/muy-festivo-santo-domingo-tehuantepec-aqui-el-arte-se-vive-hasta-en-los-espacios-publicos\/#breadcrumb","itemListElement":[{"@type":"ListItem","position":1,"name":"Portada","item":"https:\/\/publimar.mx\/"},{"@type":"ListItem","position":2,"name":"Muy festivo Santo Domingo Tehuantepec: aqu\u00ed el arte se vive hasta en los espacios p\u00fablicos"}]},{"@type":["Article","NewsArticle"],"@id":"https:\/\/publimar.mx\/index.php\/2025\/12\/11\/muy-festivo-santo-domingo-tehuantepec-aqui-el-arte-se-vive-hasta-en-los-espacios-publicos\/#article","isPartOf":{"@id":"https:\/\/publimar.mx\/index.php\/2025\/12\/11\/muy-festivo-santo-domingo-tehuantepec-aqui-el-arte-se-vive-hasta-en-los-espacios-publicos\/#webpage"},"author":{"@id":"https:\/\/publimar.mx\/#\/schema\/person\/42ad4d315580276616a11863a241f558"},"headline":"Muy festivo Santo Domingo Tehuantepec: aqu\u00ed el arte se vive hasta en los espacios p\u00fablicos","datePublished":"2025-12-11T13:13:04+00:00","dateModified":"2025-12-11T13:13:06+00:00","mainEntityOfPage":{"@id":"https:\/\/publimar.mx\/index.php\/2025\/12\/11\/muy-festivo-santo-domingo-tehuantepec-aqui-el-arte-se-vive-hasta-en-los-espacios-publicos\/#webpage"},"wordCount":512,"commentCount":0,"publisher":{"@id":"https:\/\/publimar.mx\/#\/schema\/person\/42ad4d315580276616a11863a241f558"},"image":{"@id":"https:\/\/publimar.mx\/index.php\/2025\/12\/11\/muy-festivo-santo-domingo-tehuantepec-aqui-el-arte-se-vive-hasta-en-los-espacios-publicos\/#primaryimage"},"thumbnailUrl":"https:\/\/publimar.mx\/wp-content\/uploads\/2025\/12\/Los-callejones-en-Tehuantepec-son-de-lo-mas-hermosos-1024x768.jpg","inLanguage":"es","potentialAction":[{"@type":"CommentAction","name":"Comment","target":["https:\/\/publimar.mx\/index.php\/2025\/12\/11\/muy-festivo-santo-domingo-tehuantepec-aqui-el-arte-se-vive-hasta-en-los-espacios-publicos\/#respond"]}]},{"@type":["Person","Organization"],"@id":"https:\/\/publimar.mx\/#\/schema\/person\/42ad4d315580276616a11863a241f558","name":"admin","image":{"@type":"ImageObject","@id":"https:\/\/publimar.mx\/#personlogo","inLanguage":"es","url":"https:\/\/publimar.mx\/wp-content\/uploads\/2021\/08\/logo.png","contentUrl":"https:\/\/publimar.mx\/wp-content\/uploads\/2021\/08\/logo.png","width":454,"height":108,"caption":"admin"},"logo":{"@id":"https:\/\/publimar.mx\/#personlogo"},"sameAs":["https:\/\/publimar.mx"],"url":"https:\/\/publimar.mx\/index.php\/author\/admin\/"}]}},"_links":{"self":[{"href":"https:\/\/publimar.mx\/index.php\/wp-json\/wp\/v2\/posts\/18384"}],"collection":[{"href":"https:\/\/publimar.mx\/index.php\/wp-json\/wp\/v2\/posts"}],"about":[{"href":"https:\/\/publimar.mx\/index.php\/wp-json\/wp\/v2\/types\/post"}],"author":[{"embeddable":true,"href":"https:\/\/publimar.mx\/index.php\/wp-json\/wp\/v2\/users\/1"}],"replies":[{"embeddable":true,"href":"https:\/\/publimar.mx\/index.php\/wp-json\/wp\/v2\/comments?post=18384"}],"version-history":[{"count":1,"href":"https:\/\/publimar.mx\/index.php\/wp-json\/wp\/v2\/posts\/18384\/revisions"}],"predecessor-version":[{"id":18389,"href":"https:\/\/publimar.mx\/index.php\/wp-json\/wp\/v2\/posts\/18384\/revisions\/18389"}],"wp:attachment":[{"href":"https:\/\/publimar.mx\/index.php\/wp-json\/wp\/v2\/media?parent=18384"}],"wp:term":[{"taxonomy":"category","embeddable":true,"href":"https:\/\/publimar.mx\/index.php\/wp-json\/wp\/v2\/categories?post=18384"},{"taxonomy":"post_tag","embeddable":true,"href":"https:\/\/publimar.mx\/index.php\/wp-json\/wp\/v2\/tags?post=18384"}],"curies":[{"name":"wp","href":"https:\/\/api.w.org\/{rel}","templated":true}]}}