{"id":18022,"date":"2025-10-10T08:10:56","date_gmt":"2025-10-10T14:10:56","guid":{"rendered":"https:\/\/publimar.mx\/?p=18022"},"modified":"2025-10-10T08:10:59","modified_gmt":"2025-10-10T14:10:59","slug":"publimar-1106","status":"publish","type":"post","link":"https:\/\/publimar.mx\/index.php\/2025\/10\/10\/publimar-1106\/","title":{"rendered":"La Guelaguetza de la Fe fortalece el turismo comunitario en Juquila"},"content":{"rendered":"\n<div class=\"wp-block-image\"><figure class=\"alignright size-large is-resized\"><img loading=\"lazy\" src=\"https:\/\/publimar.mx\/wp-content\/uploads\/2025\/10\/SECTUR-1-7-1024x683.jpeg\" alt=\"\" class=\"wp-image-18023\" width=\"512\" height=\"342\" srcset=\"https:\/\/publimar.mx\/wp-content\/uploads\/2025\/10\/SECTUR-1-7-1024x683.jpeg 1024w, https:\/\/publimar.mx\/wp-content\/uploads\/2025\/10\/SECTUR-1-7-300x200.jpeg 300w, https:\/\/publimar.mx\/wp-content\/uploads\/2025\/10\/SECTUR-1-7-768x512.jpeg 768w, https:\/\/publimar.mx\/wp-content\/uploads\/2025\/10\/SECTUR-1-7.jpeg 1280w\" sizes=\"(max-width: 512px) 100vw, 512px\" \/><\/figure><\/div>\n\n\n\n<p>La <strong>promoci\u00f3n del turismo comunitario en Oaxaca<\/strong> se fortaleci\u00f3 con la <strong>Guelaguetza de la Fe<\/strong>, realizada en el municipio de <strong>Santa Catarina Juquila<\/strong>, en la regi\u00f3n de la <strong>Costa oaxaque\u00f1a<\/strong>, que alberga el <strong>cuarto santuario religioso m\u00e1s visitado de M\u00e9xico<\/strong>, inform\u00f3 la <strong>Secretar\u00eda de Turismo (Sectur Oaxaca)<\/strong>.<\/p>\n\n\n\n<p>Esta <strong>fiesta de hermandad<\/strong> se vivi\u00f3 en <strong>El Pedimento<\/strong>, con la participaci\u00f3n de diversas delegaciones culturales encabezadas por la <strong>representante de la Diosa Cent\u00e9otl 2025<\/strong>, <strong>Patricia Casiano Zaragoza<\/strong>, en presencia de cientos de habitantes y visitantes nacionales e internacionales.<\/p>\n\n\n\n<p>En representaci\u00f3n del gobernador <strong>Salom\u00f3n Jara Cruz<\/strong>, la titular de la <strong>Sectur Oaxaca<\/strong>, <strong>Saymi Pineda Velasco<\/strong>, destac\u00f3 que la Guelaguetza de la Fe es una celebraci\u00f3n que <strong>une la espiritualidad, la cultura y la identidad de los pueblos de Oaxaca<\/strong>, fortaleciendo los <strong>lazos de hermandad<\/strong> entre comunidades.<\/p>\n\n\n\n<div class=\"wp-block-image\"><figure class=\"alignright size-large is-resized\"><img loading=\"lazy\" src=\"https:\/\/publimar.mx\/wp-content\/uploads\/2025\/10\/SECTUR-5-2-1024x683.jpg\" alt=\"\" class=\"wp-image-18024\" width=\"512\" height=\"342\" srcset=\"https:\/\/publimar.mx\/wp-content\/uploads\/2025\/10\/SECTUR-5-2-1024x683.jpg 1024w, https:\/\/publimar.mx\/wp-content\/uploads\/2025\/10\/SECTUR-5-2-300x200.jpg 300w, https:\/\/publimar.mx\/wp-content\/uploads\/2025\/10\/SECTUR-5-2-768x512.jpg 768w, https:\/\/publimar.mx\/wp-content\/uploads\/2025\/10\/SECTUR-5-2.jpg 1032w\" sizes=\"(max-width: 512px) 100vw, 512px\" \/><\/figure><\/div>\n\n\n\n<p>Juquila, reconocido como <strong>Pueblo M\u00e1gico desde diciembre de 2020<\/strong>, se consolida como un <strong>centro de peregrinaci\u00f3n<\/strong> y un referente del <strong>turismo espiritual en M\u00e9xico<\/strong>, gracias a su riqueza cultural, tradiciones y fiestas populares.<\/p>\n\n\n\n<p>Acompa\u00f1ada por el presidente municipal <strong>Marco Antonio Garc\u00eda Palacios<\/strong>, la funcionaria invit\u00f3 a participar en las <strong>Fiestas de la Fe 2025<\/strong>, que se celebrar\u00e1n hasta el <strong>15 de octubre<\/strong>, con actividades como <strong>peregrinaciones, calendas, bailes, exposiciones, cabalgatas, expoferias gastron\u00f3micas y eventos deportivos<\/strong>.<\/p>\n\n\n\n<p>Adem\u00e1s, record\u00f3 que el pr\u00f3ximo <strong>8 de diciembre<\/strong> se llevar\u00e1 a cabo la <strong>celebraci\u00f3n de la Virgen de Juquila<\/strong>, una de las festividades m\u00e1s importantes del pa\u00eds, que impulsa el flujo tur\u00edstico y la econom\u00eda local.<\/p>\n\n\n\n<p>Durante la Guelaguetza de la Fe participaron delegaciones de <strong>las Chinas Oaxaque\u00f1as de Genoveva Medina<\/strong>, <strong>Miahuatl\u00e1n de Porfirio D\u00edaz<\/strong>, <strong>San Antonino Castillo Velasco<\/strong>, <strong>Villa de Zaachila<\/strong>, <strong>Huajuapan de Le\u00f3n<\/strong>, <strong>Santo Domingo Tehuantepec<\/strong>, <strong>San Pedro Pochutla<\/strong>, <strong>Santiago Pinotepa Nacional<\/strong>, <strong>San Juan Bautista Tuxtepec<\/strong>, <strong>Putla Villa de Guerrero<\/strong>, y la <strong>comunidad anfitriona Santa Catarina Juquila<\/strong>.<\/p>\n\n\n\n<figure class=\"wp-block-gallery columns-3 is-cropped\"><ul class=\"blocks-gallery-grid\"><li class=\"blocks-gallery-item\"><figure><img loading=\"lazy\" width=\"1024\" height=\"682\" src=\"https:\/\/publimar.mx\/wp-content\/uploads\/2025\/10\/SECTUR-3-7-1024x682.jpeg\" alt=\"\" data-id=\"18025\" data-full-url=\"https:\/\/publimar.mx\/wp-content\/uploads\/2025\/10\/SECTUR-3-7.jpeg\" data-link=\"https:\/\/publimar.mx\/?attachment_id=18025\" class=\"wp-image-18025\" srcset=\"https:\/\/publimar.mx\/wp-content\/uploads\/2025\/10\/SECTUR-3-7-1024x682.jpeg 1024w, https:\/\/publimar.mx\/wp-content\/uploads\/2025\/10\/SECTUR-3-7-300x200.jpeg 300w, https:\/\/publimar.mx\/wp-content\/uploads\/2025\/10\/SECTUR-3-7-768x512.jpeg 768w, https:\/\/publimar.mx\/wp-content\/uploads\/2025\/10\/SECTUR-3-7.jpeg 1280w\" sizes=\"(max-width: 1024px) 100vw, 1024px\" \/><\/figure><\/li><li class=\"blocks-gallery-item\"><figure><img loading=\"lazy\" width=\"750\" height=\"500\" src=\"https:\/\/publimar.mx\/wp-content\/uploads\/2025\/10\/SECTUR-4-2.jpg\" alt=\"\" data-id=\"18026\" data-full-url=\"https:\/\/publimar.mx\/wp-content\/uploads\/2025\/10\/SECTUR-4-2.jpg\" data-link=\"https:\/\/publimar.mx\/?attachment_id=18026\" class=\"wp-image-18026\" srcset=\"https:\/\/publimar.mx\/wp-content\/uploads\/2025\/10\/SECTUR-4-2.jpg 750w, https:\/\/publimar.mx\/wp-content\/uploads\/2025\/10\/SECTUR-4-2-300x200.jpg 300w\" sizes=\"(max-width: 750px) 100vw, 750px\" \/><\/figure><\/li><li class=\"blocks-gallery-item\"><figure><img loading=\"lazy\" width=\"750\" height=\"499\" src=\"https:\/\/publimar.mx\/wp-content\/uploads\/2025\/10\/SECTUR-2-2.jpg\" alt=\"\" data-id=\"18027\" data-full-url=\"https:\/\/publimar.mx\/wp-content\/uploads\/2025\/10\/SECTUR-2-2.jpg\" data-link=\"https:\/\/publimar.mx\/?attachment_id=18027\" class=\"wp-image-18027\" srcset=\"https:\/\/publimar.mx\/wp-content\/uploads\/2025\/10\/SECTUR-2-2.jpg 750w, https:\/\/publimar.mx\/wp-content\/uploads\/2025\/10\/SECTUR-2-2-300x200.jpg 300w\" sizes=\"(max-width: 750px) 100vw, 750px\" \/><\/figure><\/li><\/ul><\/figure>\n","protected":false},"excerpt":{"rendered":"<p>La promoci\u00f3n del turismo comunitario en Oaxaca se fortaleci\u00f3 con la Guelaguetza de la Fe, realizada en el municipio de Santa Catarina Juquila, en la regi\u00f3n de la Costa oaxaque\u00f1a,&hellip; <\/p>\n","protected":false},"author":1,"featured_media":18026,"comment_status":"open","ping_status":"open","sticky":false,"template":"","format":"standard","meta":{"_monsterinsights_skip_tracking":false,"_monsterinsights_sitenote_active":false,"_monsterinsights_sitenote_note":"","_monsterinsights_sitenote_category":0},"categories":[3,22,14,17],"tags":[5364,5361,5363,5362,772,244,312,3438,2156],"yoast_head":"<!-- This site is optimized with the Yoast SEO plugin v17.0 - https:\/\/yoast.com\/wordpress\/plugins\/seo\/ -->\n<title>La Guelaguetza de la Fe fortalece el turismo comunitario en Juquila - PubliMar<\/title>\n<meta name=\"description\" content=\"La Guelaguetza de la Fe en Juquila fortalece el turismo comunitario y la espiritualidad en Oaxaca, destacando al Pueblo M\u00e1gico como uno de ...\" \/>\n<meta name=\"robots\" content=\"index, follow, max-snippet:-1, max-image-preview:large, max-video-preview:-1\" \/>\n<link rel=\"canonical\" href=\"https:\/\/publimar.mx\/index.php\/2025\/10\/10\/publimar-1106\/\" \/>\n<meta property=\"og:locale\" content=\"es_ES\" \/>\n<meta property=\"og:type\" content=\"article\" \/>\n<meta property=\"og:title\" content=\"La Guelaguetza de la Fe fortalece el turismo comunitario en Juquila - PubliMar\" \/>\n<meta property=\"og:description\" content=\"La Guelaguetza de la Fe en Juquila fortalece el turismo comunitario y la espiritualidad en Oaxaca, destacando al Pueblo M\u00e1gico como uno de ...\" \/>\n<meta property=\"og:url\" content=\"https:\/\/publimar.mx\/index.php\/2025\/10\/10\/publimar-1106\/\" \/>\n<meta property=\"og:site_name\" content=\"PubliMar\" \/>\n<meta property=\"article:published_time\" content=\"2025-10-10T14:10:56+00:00\" \/>\n<meta property=\"article:modified_time\" content=\"2025-10-10T14:10:59+00:00\" \/>\n<meta property=\"og:image\" content=\"https:\/\/publimar.mx\/wp-content\/uploads\/2025\/10\/SECTUR-4-2.jpg\" \/>\n\t<meta property=\"og:image:width\" content=\"750\" \/>\n\t<meta property=\"og:image:height\" content=\"500\" \/>\n<meta name=\"twitter:card\" content=\"summary_large_image\" \/>\n<meta name=\"twitter:label1\" content=\"Escrito por\" \/>\n\t<meta name=\"twitter:data1\" content=\"admin\" \/>\n\t<meta name=\"twitter:label2\" content=\"Tiempo de lectura\" \/>\n\t<meta name=\"twitter:data2\" content=\"3 minutos\" \/>\n<script type=\"application\/ld+json\" class=\"yoast-schema-graph\">{\"@context\":\"https:\/\/schema.org\",\"@graph\":[{\"@type\":\"WebSite\",\"@id\":\"https:\/\/publimar.mx\/#website\",\"url\":\"https:\/\/publimar.mx\/\",\"name\":\"PubliMar\",\"description\":\"Informaci\\u00f3n de la Costa Oaxaque\\u00f1a\",\"publisher\":{\"@id\":\"https:\/\/publimar.mx\/#\/schema\/person\/42ad4d315580276616a11863a241f558\"},\"potentialAction\":[{\"@type\":\"SearchAction\",\"target\":{\"@type\":\"EntryPoint\",\"urlTemplate\":\"https:\/\/publimar.mx\/?s={search_term_string}\"},\"query-input\":\"required name=search_term_string\"}],\"inLanguage\":\"es\"},{\"@type\":\"ImageObject\",\"@id\":\"https:\/\/publimar.mx\/index.php\/2025\/10\/10\/publimar-1106\/#primaryimage\",\"inLanguage\":\"es\",\"url\":\"https:\/\/publimar.mx\/wp-content\/uploads\/2025\/10\/SECTUR-4-2.jpg\",\"contentUrl\":\"https:\/\/publimar.mx\/wp-content\/uploads\/2025\/10\/SECTUR-4-2.jpg\",\"width\":750,\"height\":500},{\"@type\":\"WebPage\",\"@id\":\"https:\/\/publimar.mx\/index.php\/2025\/10\/10\/publimar-1106\/#webpage\",\"url\":\"https:\/\/publimar.mx\/index.php\/2025\/10\/10\/publimar-1106\/\",\"name\":\"La Guelaguetza de la Fe fortalece el turismo comunitario en Juquila - PubliMar\",\"isPartOf\":{\"@id\":\"https:\/\/publimar.mx\/#website\"},\"primaryImageOfPage\":{\"@id\":\"https:\/\/publimar.mx\/index.php\/2025\/10\/10\/publimar-1106\/#primaryimage\"},\"datePublished\":\"2025-10-10T14:10:56+00:00\",\"dateModified\":\"2025-10-10T14:10:59+00:00\",\"description\":\"La Guelaguetza de la Fe en Juquila fortalece el turismo comunitario y la espiritualidad en Oaxaca, destacando al Pueblo M\\u00e1gico como uno de ...\",\"breadcrumb\":{\"@id\":\"https:\/\/publimar.mx\/index.php\/2025\/10\/10\/publimar-1106\/#breadcrumb\"},\"inLanguage\":\"es\",\"potentialAction\":[{\"@type\":\"ReadAction\",\"target\":[\"https:\/\/publimar.mx\/index.php\/2025\/10\/10\/publimar-1106\/\"]}]},{\"@type\":\"BreadcrumbList\",\"@id\":\"https:\/\/publimar.mx\/index.php\/2025\/10\/10\/publimar-1106\/#breadcrumb\",\"itemListElement\":[{\"@type\":\"ListItem\",\"position\":1,\"name\":\"Portada\",\"item\":\"https:\/\/publimar.mx\/\"},{\"@type\":\"ListItem\",\"position\":2,\"name\":\"La Guelaguetza de la Fe fortalece el turismo comunitario en Juquila\"}]},{\"@type\":[\"Article\",\"NewsArticle\"],\"@id\":\"https:\/\/publimar.mx\/index.php\/2025\/10\/10\/publimar-1106\/#article\",\"isPartOf\":{\"@id\":\"https:\/\/publimar.mx\/index.php\/2025\/10\/10\/publimar-1106\/#webpage\"},\"author\":{\"@id\":\"https:\/\/publimar.mx\/#\/schema\/person\/42ad4d315580276616a11863a241f558\"},\"headline\":\"La Guelaguetza de la Fe fortalece el turismo comunitario en Juquila\",\"datePublished\":\"2025-10-10T14:10:56+00:00\",\"dateModified\":\"2025-10-10T14:10:59+00:00\",\"mainEntityOfPage\":{\"@id\":\"https:\/\/publimar.mx\/index.php\/2025\/10\/10\/publimar-1106\/#webpage\"},\"wordCount\":332,\"commentCount\":0,\"publisher\":{\"@id\":\"https:\/\/publimar.mx\/#\/schema\/person\/42ad4d315580276616a11863a241f558\"},\"image\":{\"@id\":\"https:\/\/publimar.mx\/index.php\/2025\/10\/10\/publimar-1106\/#primaryimage\"},\"thumbnailUrl\":\"https:\/\/publimar.mx\/wp-content\/uploads\/2025\/10\/SECTUR-4-2.jpg\",\"keywords\":[\"fiestas religiosas\",\"Guelaguetza de la Fe\",\"Juquila Pueblo M\\u00e1gico\",\"peregrinaciones Oaxaca\",\"Salom\\u00f3n Jara Cruz\",\"Saymi Pineda Velasco\",\"Sectur Oaxaca\",\"turismo comunitario Oaxaca\",\"Virgen de Juquila\"],\"articleSection\":[\"cultura\",\"Econom\\u00eda\",\"Regional\",\"Turismo\"],\"inLanguage\":\"es\",\"potentialAction\":[{\"@type\":\"CommentAction\",\"name\":\"Comment\",\"target\":[\"https:\/\/publimar.mx\/index.php\/2025\/10\/10\/publimar-1106\/#respond\"]}]},{\"@type\":[\"Person\",\"Organization\"],\"@id\":\"https:\/\/publimar.mx\/#\/schema\/person\/42ad4d315580276616a11863a241f558\",\"name\":\"admin\",\"image\":{\"@type\":\"ImageObject\",\"@id\":\"https:\/\/publimar.mx\/#personlogo\",\"inLanguage\":\"es\",\"url\":\"https:\/\/publimar.mx\/wp-content\/uploads\/2021\/08\/logo.png\",\"contentUrl\":\"https:\/\/publimar.mx\/wp-content\/uploads\/2021\/08\/logo.png\",\"width\":454,\"height\":108,\"caption\":\"admin\"},\"logo\":{\"@id\":\"https:\/\/publimar.mx\/#personlogo\"},\"sameAs\":[\"https:\/\/publimar.mx\"],\"url\":\"https:\/\/publimar.mx\/index.php\/author\/admin\/\"}]}<\/script>\n<!-- \/ Yoast SEO plugin. -->","yoast_head_json":{"title":"La Guelaguetza de la Fe fortalece el turismo comunitario en Juquila - PubliMar","description":"La Guelaguetza de la Fe en Juquila fortalece el turismo comunitario y la espiritualidad en Oaxaca, destacando al Pueblo M\u00e1gico como uno de ...","robots":{"index":"index","follow":"follow","max-snippet":"max-snippet:-1","max-image-preview":"max-image-preview:large","max-video-preview":"max-video-preview:-1"},"canonical":"https:\/\/publimar.mx\/index.php\/2025\/10\/10\/publimar-1106\/","og_locale":"es_ES","og_type":"article","og_title":"La Guelaguetza de la Fe fortalece el turismo comunitario en Juquila - PubliMar","og_description":"La Guelaguetza de la Fe en Juquila fortalece el turismo comunitario y la espiritualidad en Oaxaca, destacando al Pueblo M\u00e1gico como uno de ...","og_url":"https:\/\/publimar.mx\/index.php\/2025\/10\/10\/publimar-1106\/","og_site_name":"PubliMar","article_published_time":"2025-10-10T14:10:56+00:00","article_modified_time":"2025-10-10T14:10:59+00:00","og_image":[{"width":750,"height":500,"url":"https:\/\/publimar.mx\/wp-content\/uploads\/2025\/10\/SECTUR-4-2.jpg","path":"\/home\/u358712125\/domains\/publimar.mx\/public_html\/wp-content\/uploads\/2025\/10\/SECTUR-4-2.jpg","size":"full","id":18026,"alt":"","pixels":375000,"type":"image\/jpeg"}],"twitter_card":"summary_large_image","twitter_misc":{"Escrito por":"admin","Tiempo de lectura":"3 minutos"},"schema":{"@context":"https:\/\/schema.org","@graph":[{"@type":"WebSite","@id":"https:\/\/publimar.mx\/#website","url":"https:\/\/publimar.mx\/","name":"PubliMar","description":"Informaci\u00f3n de la Costa Oaxaque\u00f1a","publisher":{"@id":"https:\/\/publimar.mx\/#\/schema\/person\/42ad4d315580276616a11863a241f558"},"potentialAction":[{"@type":"SearchAction","target":{"@type":"EntryPoint","urlTemplate":"https:\/\/publimar.mx\/?s={search_term_string}"},"query-input":"required name=search_term_string"}],"inLanguage":"es"},{"@type":"ImageObject","@id":"https:\/\/publimar.mx\/index.php\/2025\/10\/10\/publimar-1106\/#primaryimage","inLanguage":"es","url":"https:\/\/publimar.mx\/wp-content\/uploads\/2025\/10\/SECTUR-4-2.jpg","contentUrl":"https:\/\/publimar.mx\/wp-content\/uploads\/2025\/10\/SECTUR-4-2.jpg","width":750,"height":500},{"@type":"WebPage","@id":"https:\/\/publimar.mx\/index.php\/2025\/10\/10\/publimar-1106\/#webpage","url":"https:\/\/publimar.mx\/index.php\/2025\/10\/10\/publimar-1106\/","name":"La Guelaguetza de la Fe fortalece el turismo comunitario en Juquila - PubliMar","isPartOf":{"@id":"https:\/\/publimar.mx\/#website"},"primaryImageOfPage":{"@id":"https:\/\/publimar.mx\/index.php\/2025\/10\/10\/publimar-1106\/#primaryimage"},"datePublished":"2025-10-10T14:10:56+00:00","dateModified":"2025-10-10T14:10:59+00:00","description":"La Guelaguetza de la Fe en Juquila fortalece el turismo comunitario y la espiritualidad en Oaxaca, destacando al Pueblo M\u00e1gico como uno de ...","breadcrumb":{"@id":"https:\/\/publimar.mx\/index.php\/2025\/10\/10\/publimar-1106\/#breadcrumb"},"inLanguage":"es","potentialAction":[{"@type":"ReadAction","target":["https:\/\/publimar.mx\/index.php\/2025\/10\/10\/publimar-1106\/"]}]},{"@type":"BreadcrumbList","@id":"https:\/\/publimar.mx\/index.php\/2025\/10\/10\/publimar-1106\/#breadcrumb","itemListElement":[{"@type":"ListItem","position":1,"name":"Portada","item":"https:\/\/publimar.mx\/"},{"@type":"ListItem","position":2,"name":"La Guelaguetza de la Fe fortalece el turismo comunitario en Juquila"}]},{"@type":["Article","NewsArticle"],"@id":"https:\/\/publimar.mx\/index.php\/2025\/10\/10\/publimar-1106\/#article","isPartOf":{"@id":"https:\/\/publimar.mx\/index.php\/2025\/10\/10\/publimar-1106\/#webpage"},"author":{"@id":"https:\/\/publimar.mx\/#\/schema\/person\/42ad4d315580276616a11863a241f558"},"headline":"La Guelaguetza de la Fe fortalece el turismo comunitario en Juquila","datePublished":"2025-10-10T14:10:56+00:00","dateModified":"2025-10-10T14:10:59+00:00","mainEntityOfPage":{"@id":"https:\/\/publimar.mx\/index.php\/2025\/10\/10\/publimar-1106\/#webpage"},"wordCount":332,"commentCount":0,"publisher":{"@id":"https:\/\/publimar.mx\/#\/schema\/person\/42ad4d315580276616a11863a241f558"},"image":{"@id":"https:\/\/publimar.mx\/index.php\/2025\/10\/10\/publimar-1106\/#primaryimage"},"thumbnailUrl":"https:\/\/publimar.mx\/wp-content\/uploads\/2025\/10\/SECTUR-4-2.jpg","keywords":["fiestas religiosas","Guelaguetza de la Fe","Juquila Pueblo M\u00e1gico","peregrinaciones Oaxaca","Salom\u00f3n Jara Cruz","Saymi Pineda Velasco","Sectur Oaxaca","turismo comunitario Oaxaca","Virgen de Juquila"],"articleSection":["cultura","Econom\u00eda","Regional","Turismo"],"inLanguage":"es","potentialAction":[{"@type":"CommentAction","name":"Comment","target":["https:\/\/publimar.mx\/index.php\/2025\/10\/10\/publimar-1106\/#respond"]}]},{"@type":["Person","Organization"],"@id":"https:\/\/publimar.mx\/#\/schema\/person\/42ad4d315580276616a11863a241f558","name":"admin","image":{"@type":"ImageObject","@id":"https:\/\/publimar.mx\/#personlogo","inLanguage":"es","url":"https:\/\/publimar.mx\/wp-content\/uploads\/2021\/08\/logo.png","contentUrl":"https:\/\/publimar.mx\/wp-content\/uploads\/2021\/08\/logo.png","width":454,"height":108,"caption":"admin"},"logo":{"@id":"https:\/\/publimar.mx\/#personlogo"},"sameAs":["https:\/\/publimar.mx"],"url":"https:\/\/publimar.mx\/index.php\/author\/admin\/"}]}},"_links":{"self":[{"href":"https:\/\/publimar.mx\/index.php\/wp-json\/wp\/v2\/posts\/18022"}],"collection":[{"href":"https:\/\/publimar.mx\/index.php\/wp-json\/wp\/v2\/posts"}],"about":[{"href":"https:\/\/publimar.mx\/index.php\/wp-json\/wp\/v2\/types\/post"}],"author":[{"embeddable":true,"href":"https:\/\/publimar.mx\/index.php\/wp-json\/wp\/v2\/users\/1"}],"replies":[{"embeddable":true,"href":"https:\/\/publimar.mx\/index.php\/wp-json\/wp\/v2\/comments?post=18022"}],"version-history":[{"count":1,"href":"https:\/\/publimar.mx\/index.php\/wp-json\/wp\/v2\/posts\/18022\/revisions"}],"predecessor-version":[{"id":18028,"href":"https:\/\/publimar.mx\/index.php\/wp-json\/wp\/v2\/posts\/18022\/revisions\/18028"}],"wp:featuredmedia":[{"embeddable":true,"href":"https:\/\/publimar.mx\/index.php\/wp-json\/wp\/v2\/media\/18026"}],"wp:attachment":[{"href":"https:\/\/publimar.mx\/index.php\/wp-json\/wp\/v2\/media?parent=18022"}],"wp:term":[{"taxonomy":"category","embeddable":true,"href":"https:\/\/publimar.mx\/index.php\/wp-json\/wp\/v2\/categories?post=18022"},{"taxonomy":"post_tag","embeddable":true,"href":"https:\/\/publimar.mx\/index.php\/wp-json\/wp\/v2\/tags?post=18022"}],"curies":[{"name":"wp","href":"https:\/\/api.w.org\/{rel}","templated":true}]}}