{"id":17609,"date":"2025-09-09T14:51:26","date_gmt":"2025-09-09T20:51:26","guid":{"rendered":"https:\/\/publimar.mx\/?p=17609"},"modified":"2025-09-09T14:51:28","modified_gmt":"2025-09-09T20:51:28","slug":"publimar-1012","status":"publish","type":"post","link":"https:\/\/publimar.mx\/index.php\/2025\/09\/09\/publimar-1012\/","title":{"rendered":"Oaxaca inaugura nueva ruta a\u00e9rea Toronto\u2013Puerto Escondido con Air Canada"},"content":{"rendered":"\n<div class=\"wp-block-image\"><figure class=\"alignright size-large is-resized\"><img loading=\"lazy\" src=\"https:\/\/publimar.mx\/wp-content\/uploads\/2025\/09\/Anuncia-Salomon-Jara-nueva-ruta-aerea-internacional-Toronto-Puerto-Escondido-que-abre-oportunidades-con-Canada-2-1024x682.jpeg\" alt=\"\" class=\"wp-image-17610\" width=\"512\" height=\"341\" srcset=\"https:\/\/publimar.mx\/wp-content\/uploads\/2025\/09\/Anuncia-Salomon-Jara-nueva-ruta-aerea-internacional-Toronto-Puerto-Escondido-que-abre-oportunidades-con-Canada-2-1024x682.jpeg 1024w, https:\/\/publimar.mx\/wp-content\/uploads\/2025\/09\/Anuncia-Salomon-Jara-nueva-ruta-aerea-internacional-Toronto-Puerto-Escondido-que-abre-oportunidades-con-Canada-2-300x200.jpeg 300w, https:\/\/publimar.mx\/wp-content\/uploads\/2025\/09\/Anuncia-Salomon-Jara-nueva-ruta-aerea-internacional-Toronto-Puerto-Escondido-que-abre-oportunidades-con-Canada-2-768x512.jpeg 768w, https:\/\/publimar.mx\/wp-content\/uploads\/2025\/09\/Anuncia-Salomon-Jara-nueva-ruta-aerea-internacional-Toronto-Puerto-Escondido-que-abre-oportunidades-con-Canada-2.jpeg 1280w\" sizes=\"(max-width: 512px) 100vw, 512px\" \/><\/figure><\/div>\n\n\n\n<p>Con el firme objetivo de posicionar a Oaxaca en el mapa tur\u00edstico global, el gobernador <strong>Salom\u00f3n Jara Cruz<\/strong> anunci\u00f3 la apertura de la <strong>nueva ruta a\u00e9rea Toronto\u2013Puerto Escondido<\/strong>, operada por <strong>Air Canada<\/strong>, que pondr\u00e1 a disposici\u00f3n <strong>182 asientos semanales<\/strong> para visitantes provenientes de Canad\u00e1.<\/p>\n\n\n\n<p>\u201cOaxaca es el Coraz\u00f3n Cultural, Ling\u00fc\u00edstico y Gastron\u00f3mico de M\u00e9xico y la puesta en operaci\u00f3n de una nueva ruta internacional va a consolidar al estado como uno de los destinos tur\u00edsticos m\u00e1s atractivos del mundo\u201d, se\u00f1al\u00f3 el mandatario durante una conferencia de prensa realizada en el aeropuerto de Puerto Escondido.<\/p>\n\n\n\n<div class=\"wp-block-image\"><figure class=\"alignright size-full is-resized\"><img loading=\"lazy\" src=\"https:\/\/publimar.mx\/wp-content\/uploads\/2025\/09\/Anuncia-Salomon-Jara-nueva-ruta-aerea-internacional-Toronto-Puerto-Escondido-que-abre-oportunidades-con-Canada-1.jpg\" alt=\"\" class=\"wp-image-17611\" width=\"450\" height=\"300\" srcset=\"https:\/\/publimar.mx\/wp-content\/uploads\/2025\/09\/Anuncia-Salomon-Jara-nueva-ruta-aerea-internacional-Toronto-Puerto-Escondido-que-abre-oportunidades-con-Canada-1.jpg 900w, https:\/\/publimar.mx\/wp-content\/uploads\/2025\/09\/Anuncia-Salomon-Jara-nueva-ruta-aerea-internacional-Toronto-Puerto-Escondido-que-abre-oportunidades-con-Canada-1-300x200.jpg 300w, https:\/\/publimar.mx\/wp-content\/uploads\/2025\/09\/Anuncia-Salomon-Jara-nueva-ruta-aerea-internacional-Toronto-Puerto-Escondido-que-abre-oportunidades-con-Canada-1-768x511.jpg 768w\" sizes=\"(max-width: 450px) 100vw, 450px\" \/><\/figure><\/div>\n\n\n\n<p>El nuevo vuelo iniciar\u00e1 el <strong>17 de diciembre de 2025<\/strong> y estar\u00e1 disponible cada mi\u00e9rcoles durante la temporada invernal, lo que representar\u00e1 <strong>m\u00e1s de 2 mil 312 asientos adicionales<\/strong> para este destino de la Costa oaxaque\u00f1a.<\/p>\n\n\n\n<p>De enero a agosto de 2025, Puerto Escondido recibi\u00f3 <strong>644 mil 510 turistas<\/strong>, lo que signific\u00f3 un crecimiento del <strong>10.58% respecto a 2024<\/strong>. Este incremento tambi\u00e9n se reflej\u00f3 en la <strong>ocupaci\u00f3n a\u00e9rea<\/strong>, que pas\u00f3 del 79% al <strong>81.18%<\/strong> en el mismo periodo.<\/p>\n\n\n\n<p>La secretaria de Turismo estatal, <strong>Saymi Pineda Velasco<\/strong>, destac\u00f3 que este es el segundo vuelo internacional con destino a Puerto Escondido y que no solo fortalecer\u00e1 la conectividad a\u00e9rea, sino que tambi\u00e9n multiplicar\u00e1 las oportunidades de <strong>desarrollo econ\u00f3mico, social y cultural<\/strong> para la regi\u00f3n.<\/p>\n\n\n\n<div class=\"wp-block-image\"><figure class=\"alignright size-large is-resized\"><img loading=\"lazy\" src=\"https:\/\/publimar.mx\/wp-content\/uploads\/2025\/09\/Anuncia-Salomon-Jara-nueva-ruta-aerea-internacional-Toronto-Puerto-Escondido-que-abre-oportunidades-con-Canada-3-1024x682.jpeg\" alt=\"\" class=\"wp-image-17612\" width=\"512\" height=\"341\" srcset=\"https:\/\/publimar.mx\/wp-content\/uploads\/2025\/09\/Anuncia-Salomon-Jara-nueva-ruta-aerea-internacional-Toronto-Puerto-Escondido-que-abre-oportunidades-con-Canada-3-1024x682.jpeg 1024w, https:\/\/publimar.mx\/wp-content\/uploads\/2025\/09\/Anuncia-Salomon-Jara-nueva-ruta-aerea-internacional-Toronto-Puerto-Escondido-que-abre-oportunidades-con-Canada-3-300x200.jpeg 300w, https:\/\/publimar.mx\/wp-content\/uploads\/2025\/09\/Anuncia-Salomon-Jara-nueva-ruta-aerea-internacional-Toronto-Puerto-Escondido-que-abre-oportunidades-con-Canada-3-768x512.jpeg 768w, https:\/\/publimar.mx\/wp-content\/uploads\/2025\/09\/Anuncia-Salomon-Jara-nueva-ruta-aerea-internacional-Toronto-Puerto-Escondido-que-abre-oportunidades-con-Canada-3.jpeg 1280w\" sizes=\"(max-width: 512px) 100vw, 512px\" \/><\/figure><\/div>\n\n\n\n<p>Por su parte, la subsecretaria de la Sectur federal, <strong>Nathalie Desplas Puel<\/strong>, en representaci\u00f3n de Josefina Rodr\u00edguez Zamora, subray\u00f3 que esta conexi\u00f3n es estrat\u00e9gica porque <strong>fortalece los lazos con el mercado tur\u00edstico canadiense<\/strong> y ampl\u00eda el intercambio cultural, de negocios e inversi\u00f3n.<\/p>\n\n\n\n<p>\u201cEste vuelo marca un hito para el aeropuerto y la Costa oaxaque\u00f1a. No se trata solo de inaugurar vuelos, sino de conectar personas, familias y comunidades con m\u00e1s oportunidades\u201d, afirm\u00f3.<\/p>\n\n\n\n<p>Puerto Escondido, reconocido como la <strong>capital mexicana del surf<\/strong>, despierta gran inter\u00e9s en mercados internacionales como <strong>Estados Unidos, Canad\u00e1, Francia, Alemania y Espa\u00f1a<\/strong>, as\u00ed como en estados de M\u00e9xico como <strong>Jalisco, Puebla, Nuevo Le\u00f3n y Ciudad de M\u00e9xico<\/strong>.<\/p>\n","protected":false},"excerpt":{"rendered":"<p>Con el firme objetivo de posicionar a Oaxaca en el mapa tur\u00edstico global, el gobernador Salom\u00f3n Jara Cruz anunci\u00f3 la apertura de la nueva ruta a\u00e9rea Toronto\u2013Puerto Escondido, operada por&hellip; <\/p>\n","protected":false},"author":1,"featured_media":17612,"comment_status":"open","ping_status":"open","sticky":false,"template":"","format":"standard","meta":{"_monsterinsights_skip_tracking":false,"_monsterinsights_sitenote_active":false,"_monsterinsights_sitenote_note":"","_monsterinsights_sitenote_category":0},"categories":[14,17],"tags":[5059,5060,5058,3427],"yoast_head":"<!-- This site is optimized with the Yoast SEO plugin v17.0 - https:\/\/yoast.com\/wordpress\/plugins\/seo\/ -->\n<title>Oaxaca inaugura nueva ruta a\u00e9rea Toronto\u2013Puerto Escondido con Air Canada - PubliMar<\/title>\n<meta name=\"description\" content=\"El gobernador Salom\u00f3n Jara anunci\u00f3 la apertura de la nueva ruta a\u00e9rea Toronto\u2013Puerto Escondido con Air Canada a partir del 17 de diciembre ...\" \/>\n<meta name=\"robots\" content=\"index, follow, max-snippet:-1, max-image-preview:large, max-video-preview:-1\" \/>\n<link rel=\"canonical\" href=\"https:\/\/publimar.mx\/index.php\/2025\/09\/09\/publimar-1012\/\" \/>\n<meta property=\"og:locale\" content=\"es_ES\" \/>\n<meta property=\"og:type\" content=\"article\" \/>\n<meta property=\"og:title\" content=\"Oaxaca inaugura nueva ruta a\u00e9rea Toronto\u2013Puerto Escondido con Air Canada - PubliMar\" \/>\n<meta property=\"og:description\" content=\"El gobernador Salom\u00f3n Jara anunci\u00f3 la apertura de la nueva ruta a\u00e9rea Toronto\u2013Puerto Escondido con Air Canada a partir del 17 de diciembre ...\" \/>\n<meta property=\"og:url\" content=\"https:\/\/publimar.mx\/index.php\/2025\/09\/09\/publimar-1012\/\" \/>\n<meta property=\"og:site_name\" content=\"PubliMar\" \/>\n<meta property=\"article:published_time\" content=\"2025-09-09T20:51:26+00:00\" \/>\n<meta property=\"article:modified_time\" content=\"2025-09-09T20:51:28+00:00\" \/>\n<meta property=\"og:image\" content=\"https:\/\/publimar.mx\/wp-content\/uploads\/2025\/09\/Anuncia-Salomon-Jara-nueva-ruta-aerea-internacional-Toronto-Puerto-Escondido-que-abre-oportunidades-con-Canada-3.jpeg\" \/>\n\t<meta property=\"og:image:width\" content=\"1280\" \/>\n\t<meta property=\"og:image:height\" content=\"853\" \/>\n<meta name=\"twitter:card\" content=\"summary_large_image\" \/>\n<meta name=\"twitter:label1\" content=\"Escrito por\" \/>\n\t<meta name=\"twitter:data1\" content=\"admin\" \/>\n\t<meta name=\"twitter:label2\" content=\"Tiempo de lectura\" \/>\n\t<meta name=\"twitter:data2\" content=\"3 minutos\" \/>\n<script type=\"application\/ld+json\" class=\"yoast-schema-graph\">{\"@context\":\"https:\/\/schema.org\",\"@graph\":[{\"@type\":\"WebSite\",\"@id\":\"https:\/\/publimar.mx\/#website\",\"url\":\"https:\/\/publimar.mx\/\",\"name\":\"PubliMar\",\"description\":\"Informaci\\u00f3n de la Costa Oaxaque\\u00f1a\",\"publisher\":{\"@id\":\"https:\/\/publimar.mx\/#\/schema\/person\/42ad4d315580276616a11863a241f558\"},\"potentialAction\":[{\"@type\":\"SearchAction\",\"target\":{\"@type\":\"EntryPoint\",\"urlTemplate\":\"https:\/\/publimar.mx\/?s={search_term_string}\"},\"query-input\":\"required name=search_term_string\"}],\"inLanguage\":\"es\"},{\"@type\":\"ImageObject\",\"@id\":\"https:\/\/publimar.mx\/index.php\/2025\/09\/09\/publimar-1012\/#primaryimage\",\"inLanguage\":\"es\",\"url\":\"https:\/\/publimar.mx\/wp-content\/uploads\/2025\/09\/Anuncia-Salomon-Jara-nueva-ruta-aerea-internacional-Toronto-Puerto-Escondido-que-abre-oportunidades-con-Canada-3.jpeg\",\"contentUrl\":\"https:\/\/publimar.mx\/wp-content\/uploads\/2025\/09\/Anuncia-Salomon-Jara-nueva-ruta-aerea-internacional-Toronto-Puerto-Escondido-que-abre-oportunidades-con-Canada-3.jpeg\",\"width\":1280,\"height\":853},{\"@type\":\"WebPage\",\"@id\":\"https:\/\/publimar.mx\/index.php\/2025\/09\/09\/publimar-1012\/#webpage\",\"url\":\"https:\/\/publimar.mx\/index.php\/2025\/09\/09\/publimar-1012\/\",\"name\":\"Oaxaca inaugura nueva ruta a\\u00e9rea Toronto\\u2013Puerto Escondido con Air Canada - PubliMar\",\"isPartOf\":{\"@id\":\"https:\/\/publimar.mx\/#website\"},\"primaryImageOfPage\":{\"@id\":\"https:\/\/publimar.mx\/index.php\/2025\/09\/09\/publimar-1012\/#primaryimage\"},\"datePublished\":\"2025-09-09T20:51:26+00:00\",\"dateModified\":\"2025-09-09T20:51:28+00:00\",\"description\":\"El gobernador Salom\\u00f3n Jara anunci\\u00f3 la apertura de la nueva ruta a\\u00e9rea Toronto\\u2013Puerto Escondido con Air Canada a partir del 17 de diciembre ...\",\"breadcrumb\":{\"@id\":\"https:\/\/publimar.mx\/index.php\/2025\/09\/09\/publimar-1012\/#breadcrumb\"},\"inLanguage\":\"es\",\"potentialAction\":[{\"@type\":\"ReadAction\",\"target\":[\"https:\/\/publimar.mx\/index.php\/2025\/09\/09\/publimar-1012\/\"]}]},{\"@type\":\"BreadcrumbList\",\"@id\":\"https:\/\/publimar.mx\/index.php\/2025\/09\/09\/publimar-1012\/#breadcrumb\",\"itemListElement\":[{\"@type\":\"ListItem\",\"position\":1,\"name\":\"Portada\",\"item\":\"https:\/\/publimar.mx\/\"},{\"@type\":\"ListItem\",\"position\":2,\"name\":\"Oaxaca inaugura nueva ruta a\\u00e9rea Toronto\\u2013Puerto Escondido con Air Canada\"}]},{\"@type\":[\"Article\",\"NewsArticle\"],\"@id\":\"https:\/\/publimar.mx\/index.php\/2025\/09\/09\/publimar-1012\/#article\",\"isPartOf\":{\"@id\":\"https:\/\/publimar.mx\/index.php\/2025\/09\/09\/publimar-1012\/#webpage\"},\"author\":{\"@id\":\"https:\/\/publimar.mx\/#\/schema\/person\/42ad4d315580276616a11863a241f558\"},\"headline\":\"Oaxaca inaugura nueva ruta a\\u00e9rea Toronto\\u2013Puerto Escondido con Air Canada\",\"datePublished\":\"2025-09-09T20:51:26+00:00\",\"dateModified\":\"2025-09-09T20:51:28+00:00\",\"mainEntityOfPage\":{\"@id\":\"https:\/\/publimar.mx\/index.php\/2025\/09\/09\/publimar-1012\/#webpage\"},\"wordCount\":363,\"commentCount\":0,\"publisher\":{\"@id\":\"https:\/\/publimar.mx\/#\/schema\/person\/42ad4d315580276616a11863a241f558\"},\"image\":{\"@id\":\"https:\/\/publimar.mx\/index.php\/2025\/09\/09\/publimar-1012\/#primaryimage\"},\"thumbnailUrl\":\"https:\/\/publimar.mx\/wp-content\/uploads\/2025\/09\/Anuncia-Salomon-Jara-nueva-ruta-aerea-internacional-Toronto-Puerto-Escondido-que-abre-oportunidades-con-Canada-3.jpeg\",\"keywords\":[\"Air Canada Toronto Puerto Escondido\",\"Puerto Escondido vuelos internacionales\",\"ruta a\\u00e9rea Canad\\u00e1 Oaxaca\",\"turismo Oaxaca 2025\"],\"articleSection\":[\"Regional\",\"Turismo\"],\"inLanguage\":\"es\",\"potentialAction\":[{\"@type\":\"CommentAction\",\"name\":\"Comment\",\"target\":[\"https:\/\/publimar.mx\/index.php\/2025\/09\/09\/publimar-1012\/#respond\"]}]},{\"@type\":[\"Person\",\"Organization\"],\"@id\":\"https:\/\/publimar.mx\/#\/schema\/person\/42ad4d315580276616a11863a241f558\",\"name\":\"admin\",\"image\":{\"@type\":\"ImageObject\",\"@id\":\"https:\/\/publimar.mx\/#personlogo\",\"inLanguage\":\"es\",\"url\":\"https:\/\/publimar.mx\/wp-content\/uploads\/2021\/08\/logo.png\",\"contentUrl\":\"https:\/\/publimar.mx\/wp-content\/uploads\/2021\/08\/logo.png\",\"width\":454,\"height\":108,\"caption\":\"admin\"},\"logo\":{\"@id\":\"https:\/\/publimar.mx\/#personlogo\"},\"sameAs\":[\"https:\/\/publimar.mx\"],\"url\":\"https:\/\/publimar.mx\/index.php\/author\/admin\/\"}]}<\/script>\n<!-- \/ Yoast SEO plugin. -->","yoast_head_json":{"title":"Oaxaca inaugura nueva ruta a\u00e9rea Toronto\u2013Puerto Escondido con Air Canada - PubliMar","description":"El gobernador Salom\u00f3n Jara anunci\u00f3 la apertura de la nueva ruta a\u00e9rea Toronto\u2013Puerto Escondido con Air Canada a partir del 17 de diciembre ...","robots":{"index":"index","follow":"follow","max-snippet":"max-snippet:-1","max-image-preview":"max-image-preview:large","max-video-preview":"max-video-preview:-1"},"canonical":"https:\/\/publimar.mx\/index.php\/2025\/09\/09\/publimar-1012\/","og_locale":"es_ES","og_type":"article","og_title":"Oaxaca inaugura nueva ruta a\u00e9rea Toronto\u2013Puerto Escondido con Air Canada - PubliMar","og_description":"El gobernador Salom\u00f3n Jara anunci\u00f3 la apertura de la nueva ruta a\u00e9rea Toronto\u2013Puerto Escondido con Air Canada a partir del 17 de diciembre ...","og_url":"https:\/\/publimar.mx\/index.php\/2025\/09\/09\/publimar-1012\/","og_site_name":"PubliMar","article_published_time":"2025-09-09T20:51:26+00:00","article_modified_time":"2025-09-09T20:51:28+00:00","og_image":[{"width":1280,"height":853,"url":"https:\/\/publimar.mx\/wp-content\/uploads\/2025\/09\/Anuncia-Salomon-Jara-nueva-ruta-aerea-internacional-Toronto-Puerto-Escondido-que-abre-oportunidades-con-Canada-3.jpeg","path":"\/home\/u358712125\/domains\/publimar.mx\/public_html\/wp-content\/uploads\/2025\/09\/Anuncia-Salomon-Jara-nueva-ruta-aerea-internacional-Toronto-Puerto-Escondido-que-abre-oportunidades-con-Canada-3.jpeg","size":"full","id":17612,"alt":"","pixels":1091840,"type":"image\/jpeg"}],"twitter_card":"summary_large_image","twitter_misc":{"Escrito por":"admin","Tiempo de lectura":"3 minutos"},"schema":{"@context":"https:\/\/schema.org","@graph":[{"@type":"WebSite","@id":"https:\/\/publimar.mx\/#website","url":"https:\/\/publimar.mx\/","name":"PubliMar","description":"Informaci\u00f3n de la Costa Oaxaque\u00f1a","publisher":{"@id":"https:\/\/publimar.mx\/#\/schema\/person\/42ad4d315580276616a11863a241f558"},"potentialAction":[{"@type":"SearchAction","target":{"@type":"EntryPoint","urlTemplate":"https:\/\/publimar.mx\/?s={search_term_string}"},"query-input":"required name=search_term_string"}],"inLanguage":"es"},{"@type":"ImageObject","@id":"https:\/\/publimar.mx\/index.php\/2025\/09\/09\/publimar-1012\/#primaryimage","inLanguage":"es","url":"https:\/\/publimar.mx\/wp-content\/uploads\/2025\/09\/Anuncia-Salomon-Jara-nueva-ruta-aerea-internacional-Toronto-Puerto-Escondido-que-abre-oportunidades-con-Canada-3.jpeg","contentUrl":"https:\/\/publimar.mx\/wp-content\/uploads\/2025\/09\/Anuncia-Salomon-Jara-nueva-ruta-aerea-internacional-Toronto-Puerto-Escondido-que-abre-oportunidades-con-Canada-3.jpeg","width":1280,"height":853},{"@type":"WebPage","@id":"https:\/\/publimar.mx\/index.php\/2025\/09\/09\/publimar-1012\/#webpage","url":"https:\/\/publimar.mx\/index.php\/2025\/09\/09\/publimar-1012\/","name":"Oaxaca inaugura nueva ruta a\u00e9rea Toronto\u2013Puerto Escondido con Air Canada - PubliMar","isPartOf":{"@id":"https:\/\/publimar.mx\/#website"},"primaryImageOfPage":{"@id":"https:\/\/publimar.mx\/index.php\/2025\/09\/09\/publimar-1012\/#primaryimage"},"datePublished":"2025-09-09T20:51:26+00:00","dateModified":"2025-09-09T20:51:28+00:00","description":"El gobernador Salom\u00f3n Jara anunci\u00f3 la apertura de la nueva ruta a\u00e9rea Toronto\u2013Puerto Escondido con Air Canada a partir del 17 de diciembre ...","breadcrumb":{"@id":"https:\/\/publimar.mx\/index.php\/2025\/09\/09\/publimar-1012\/#breadcrumb"},"inLanguage":"es","potentialAction":[{"@type":"ReadAction","target":["https:\/\/publimar.mx\/index.php\/2025\/09\/09\/publimar-1012\/"]}]},{"@type":"BreadcrumbList","@id":"https:\/\/publimar.mx\/index.php\/2025\/09\/09\/publimar-1012\/#breadcrumb","itemListElement":[{"@type":"ListItem","position":1,"name":"Portada","item":"https:\/\/publimar.mx\/"},{"@type":"ListItem","position":2,"name":"Oaxaca inaugura nueva ruta a\u00e9rea Toronto\u2013Puerto Escondido con Air Canada"}]},{"@type":["Article","NewsArticle"],"@id":"https:\/\/publimar.mx\/index.php\/2025\/09\/09\/publimar-1012\/#article","isPartOf":{"@id":"https:\/\/publimar.mx\/index.php\/2025\/09\/09\/publimar-1012\/#webpage"},"author":{"@id":"https:\/\/publimar.mx\/#\/schema\/person\/42ad4d315580276616a11863a241f558"},"headline":"Oaxaca inaugura nueva ruta a\u00e9rea Toronto\u2013Puerto Escondido con Air Canada","datePublished":"2025-09-09T20:51:26+00:00","dateModified":"2025-09-09T20:51:28+00:00","mainEntityOfPage":{"@id":"https:\/\/publimar.mx\/index.php\/2025\/09\/09\/publimar-1012\/#webpage"},"wordCount":363,"commentCount":0,"publisher":{"@id":"https:\/\/publimar.mx\/#\/schema\/person\/42ad4d315580276616a11863a241f558"},"image":{"@id":"https:\/\/publimar.mx\/index.php\/2025\/09\/09\/publimar-1012\/#primaryimage"},"thumbnailUrl":"https:\/\/publimar.mx\/wp-content\/uploads\/2025\/09\/Anuncia-Salomon-Jara-nueva-ruta-aerea-internacional-Toronto-Puerto-Escondido-que-abre-oportunidades-con-Canada-3.jpeg","keywords":["Air Canada Toronto Puerto Escondido","Puerto Escondido vuelos internacionales","ruta a\u00e9rea Canad\u00e1 Oaxaca","turismo Oaxaca 2025"],"articleSection":["Regional","Turismo"],"inLanguage":"es","potentialAction":[{"@type":"CommentAction","name":"Comment","target":["https:\/\/publimar.mx\/index.php\/2025\/09\/09\/publimar-1012\/#respond"]}]},{"@type":["Person","Organization"],"@id":"https:\/\/publimar.mx\/#\/schema\/person\/42ad4d315580276616a11863a241f558","name":"admin","image":{"@type":"ImageObject","@id":"https:\/\/publimar.mx\/#personlogo","inLanguage":"es","url":"https:\/\/publimar.mx\/wp-content\/uploads\/2021\/08\/logo.png","contentUrl":"https:\/\/publimar.mx\/wp-content\/uploads\/2021\/08\/logo.png","width":454,"height":108,"caption":"admin"},"logo":{"@id":"https:\/\/publimar.mx\/#personlogo"},"sameAs":["https:\/\/publimar.mx"],"url":"https:\/\/publimar.mx\/index.php\/author\/admin\/"}]}},"_links":{"self":[{"href":"https:\/\/publimar.mx\/index.php\/wp-json\/wp\/v2\/posts\/17609"}],"collection":[{"href":"https:\/\/publimar.mx\/index.php\/wp-json\/wp\/v2\/posts"}],"about":[{"href":"https:\/\/publimar.mx\/index.php\/wp-json\/wp\/v2\/types\/post"}],"author":[{"embeddable":true,"href":"https:\/\/publimar.mx\/index.php\/wp-json\/wp\/v2\/users\/1"}],"replies":[{"embeddable":true,"href":"https:\/\/publimar.mx\/index.php\/wp-json\/wp\/v2\/comments?post=17609"}],"version-history":[{"count":1,"href":"https:\/\/publimar.mx\/index.php\/wp-json\/wp\/v2\/posts\/17609\/revisions"}],"predecessor-version":[{"id":17613,"href":"https:\/\/publimar.mx\/index.php\/wp-json\/wp\/v2\/posts\/17609\/revisions\/17613"}],"wp:featuredmedia":[{"embeddable":true,"href":"https:\/\/publimar.mx\/index.php\/wp-json\/wp\/v2\/media\/17612"}],"wp:attachment":[{"href":"https:\/\/publimar.mx\/index.php\/wp-json\/wp\/v2\/media?parent=17609"}],"wp:term":[{"taxonomy":"category","embeddable":true,"href":"https:\/\/publimar.mx\/index.php\/wp-json\/wp\/v2\/categories?post=17609"},{"taxonomy":"post_tag","embeddable":true,"href":"https:\/\/publimar.mx\/index.php\/wp-json\/wp\/v2\/tags?post=17609"}],"curies":[{"name":"wp","href":"https:\/\/api.w.org\/{rel}","templated":true}]}}