{"id":17595,"date":"2025-09-09T09:02:29","date_gmt":"2025-09-09T15:02:29","guid":{"rendered":"https:\/\/publimar.mx\/?p=17595"},"modified":"2025-09-09T09:02:32","modified_gmt":"2025-09-09T15:02:32","slug":"publimar-1010","status":"publish","type":"post","link":"https:\/\/publimar.mx\/index.php\/2025\/09\/09\/publimar-1010\/","title":{"rendered":"Lluvias y tormentas continuar\u00e1n en Oaxaca; Protecci\u00f3n Civil emite recomendaciones"},"content":{"rendered":"\n<div class=\"wp-block-image\"><figure class=\"alignright size-large is-resized\"><img loading=\"lazy\" src=\"https:\/\/publimar.mx\/wp-content\/uploads\/2025\/09\/Pronostican-lluvias-y-tormentas-en-Sierra-Sur-Cuenca-del-Papaloapan-e-Istmo-de-Tehuantepec-1024x768.jpg\" alt=\"\" class=\"wp-image-17596\" width=\"512\" height=\"384\" srcset=\"https:\/\/publimar.mx\/wp-content\/uploads\/2025\/09\/Pronostican-lluvias-y-tormentas-en-Sierra-Sur-Cuenca-del-Papaloapan-e-Istmo-de-Tehuantepec-1024x768.jpg 1024w, https:\/\/publimar.mx\/wp-content\/uploads\/2025\/09\/Pronostican-lluvias-y-tormentas-en-Sierra-Sur-Cuenca-del-Papaloapan-e-Istmo-de-Tehuantepec-300x225.jpg 300w, https:\/\/publimar.mx\/wp-content\/uploads\/2025\/09\/Pronostican-lluvias-y-tormentas-en-Sierra-Sur-Cuenca-del-Papaloapan-e-Istmo-de-Tehuantepec-768x576.jpg 768w, https:\/\/publimar.mx\/wp-content\/uploads\/2025\/09\/Pronostican-lluvias-y-tormentas-en-Sierra-Sur-Cuenca-del-Papaloapan-e-Istmo-de-Tehuantepec-1536x1152.jpg 1536w, https:\/\/publimar.mx\/wp-content\/uploads\/2025\/09\/Pronostican-lluvias-y-tormentas-en-Sierra-Sur-Cuenca-del-Papaloapan-e-Istmo-de-Tehuantepec-2048x1536.jpg 2048w\" sizes=\"(max-width: 512px) 100vw, 512px\" \/><\/figure><\/div>\n\n\n\n<p>La <strong>Coordinaci\u00f3n Estatal de Protecci\u00f3n Civil y Gesti\u00f3n de Riesgos (CEPCyGR)<\/strong> inform\u00f3 que se esperan <strong>chubascos y tormentas<\/strong> en gran parte del estado de Oaxaca, con mayor intensidad en las regiones <strong>Sierra Sur, Cuenca del Papaloapan<\/strong> y sectores del <strong>Istmo de Tehuantepec<\/strong>.<\/p>\n\n\n\n<p>De acuerdo con el pron\u00f3stico de la <strong>Comisi\u00f3n Nacional del Agua (Conagua)<\/strong>, las precipitaciones podr\u00edan estar acompa\u00f1adas de <strong>actividad el\u00e9ctrica, rachas de viento<\/strong> e incluso la <strong>posible ca\u00edda de granizo<\/strong>.<\/p>\n\n\n\n<p>Estas condiciones son ocasionadas por el <strong>flujo de aire h\u00famedo<\/strong> proveniente del Oc\u00e9ano Pac\u00edfico y Golfo de M\u00e9xico, aunado a un <strong>canal de baja presi\u00f3n<\/strong> sobre el sureste del pa\u00eds y la inestabilidad t\u00e9rmica.<\/p>\n\n\n\n<p>Asimismo, la dependencia se\u00f1al\u00f3 que la <strong>onda tropical n\u00famero 31<\/strong>, asociada a una baja presi\u00f3n, se desplaza hacia el Golfo de Tehuantepec, lo que generar\u00e1 lluvias m\u00e1s intensas entre la tarde y noche de este martes y mi\u00e9rcoles. Tambi\u00e9n se prev\u00e9 <strong>mar de fondo en la franja costera<\/strong>, lo que representa riesgo para embarcaciones menores.<\/p>\n\n\n\n<p>En cuanto a las temperaturas, se mantendr\u00e1 el ambiente <strong>caluroso en las horas centrales del d\u00eda<\/strong> y fresco por las tardes:<\/p>\n\n\n\n<ul><li><strong>Valles Centrales:<\/strong> m\u00ednima de 15 \u00b0C y m\u00e1xima de 30 \u00b0C.<\/li><li><strong>Istmo de Tehuantepec:<\/strong> m\u00ednima de 23 \u00b0C y m\u00e1xima de 34 \u00b0C.<\/li><li><strong>Cuenca del Papaloapan:<\/strong> m\u00ednima de 20 \u00b0C y m\u00e1xima de 33 \u00b0C.<\/li><li><strong>Costa:<\/strong> m\u00ednima de 24 \u00b0C y m\u00e1xima de 34 \u00b0C.<\/li><li><strong>Mixteca:<\/strong> m\u00ednima de 15 \u00b0C y m\u00e1xima de 29 \u00b0C.<\/li><li><strong>Sierra de Flores Mag\u00f3n:<\/strong> m\u00ednima de 16 \u00b0C y m\u00e1xima de 32 \u00b0C.<\/li><li><strong>Sierra de Ju\u00e1rez:<\/strong> m\u00ednima de 8 \u00b0C y m\u00e1xima de 27 \u00b0C.<\/li><li><strong>Sierra Sur:<\/strong> m\u00ednima de 10 \u00b0C y m\u00e1xima de 28 \u00b0C.<\/li><\/ul>\n\n\n\n<p>La <strong>CEPCyGR exhorta a la poblaci\u00f3n<\/strong> a seguir las recomendaciones de Protecci\u00f3n Civil y Capitan\u00edas de Puerto, as\u00ed como mantenerse informada a trav\u00e9s de los canales oficiales:<br>\ud83d\udccc Facebook: <strong>@CEPCYGRGobOax<\/strong><br>\ud83d\udccc X: <strong>@CEPCyGR_GobOax<\/strong><\/p>\n","protected":false},"excerpt":{"rendered":"<p>La Coordinaci\u00f3n Estatal de Protecci\u00f3n Civil y Gesti\u00f3n de Riesgos (CEPCyGR) inform\u00f3 que se esperan chubascos y tormentas en gran parte del estado de Oaxaca, con mayor intensidad en las&hellip; <\/p>\n","protected":false},"author":1,"featured_media":17596,"comment_status":"open","ping_status":"open","sticky":false,"template":"","format":"standard","meta":{"_monsterinsights_skip_tracking":false,"_monsterinsights_sitenote_active":false,"_monsterinsights_sitenote_note":"","_monsterinsights_sitenote_category":0},"categories":[26],"tags":[2066,1495,5048,5049,1052,1003,1499],"yoast_head":"<!-- This site is optimized with the Yoast SEO plugin v17.0 - https:\/\/yoast.com\/wordpress\/plugins\/seo\/ -->\n<title>Lluvias y tormentas continuar\u00e1n en Oaxaca; Protecci\u00f3n Civil emite recomendaciones - PubliMar<\/title>\n<meta name=\"description\" content=\"Protecci\u00f3n Civil advierte sobre lluvias y tormentas en Oaxaca, con mayor intensidad en Sierra Sur, Papaloapan e Istmo; recomiendan precau...\" \/>\n<meta name=\"robots\" content=\"index, follow, max-snippet:-1, max-image-preview:large, max-video-preview:-1\" \/>\n<link rel=\"canonical\" href=\"https:\/\/publimar.mx\/index.php\/2025\/09\/09\/publimar-1010\/\" \/>\n<meta property=\"og:locale\" content=\"es_ES\" \/>\n<meta property=\"og:type\" content=\"article\" \/>\n<meta property=\"og:title\" content=\"Lluvias y tormentas continuar\u00e1n en Oaxaca; Protecci\u00f3n Civil emite recomendaciones - PubliMar\" \/>\n<meta property=\"og:description\" content=\"Protecci\u00f3n Civil advierte sobre lluvias y tormentas en Oaxaca, con mayor intensidad en Sierra Sur, Papaloapan e Istmo; recomiendan precau...\" \/>\n<meta property=\"og:url\" content=\"https:\/\/publimar.mx\/index.php\/2025\/09\/09\/publimar-1010\/\" \/>\n<meta property=\"og:site_name\" content=\"PubliMar\" \/>\n<meta property=\"article:published_time\" content=\"2025-09-09T15:02:29+00:00\" \/>\n<meta property=\"article:modified_time\" content=\"2025-09-09T15:02:32+00:00\" \/>\n<meta property=\"og:image\" content=\"https:\/\/publimar.mx\/wp-content\/uploads\/2025\/09\/Pronostican-lluvias-y-tormentas-en-Sierra-Sur-Cuenca-del-Papaloapan-e-Istmo-de-Tehuantepec.jpg\" \/>\n\t<meta property=\"og:image:width\" content=\"2268\" \/>\n\t<meta property=\"og:image:height\" content=\"1701\" \/>\n<meta name=\"twitter:card\" content=\"summary_large_image\" \/>\n<meta name=\"twitter:label1\" content=\"Escrito por\" \/>\n\t<meta name=\"twitter:data1\" content=\"admin\" \/>\n\t<meta name=\"twitter:label2\" content=\"Tiempo de lectura\" \/>\n\t<meta name=\"twitter:data2\" content=\"2 minutos\" \/>\n<script type=\"application\/ld+json\" class=\"yoast-schema-graph\">{\"@context\":\"https:\/\/schema.org\",\"@graph\":[{\"@type\":\"WebSite\",\"@id\":\"https:\/\/publimar.mx\/#website\",\"url\":\"https:\/\/publimar.mx\/\",\"name\":\"PubliMar\",\"description\":\"Informaci\\u00f3n de la Costa Oaxaque\\u00f1a\",\"publisher\":{\"@id\":\"https:\/\/publimar.mx\/#\/schema\/person\/42ad4d315580276616a11863a241f558\"},\"potentialAction\":[{\"@type\":\"SearchAction\",\"target\":{\"@type\":\"EntryPoint\",\"urlTemplate\":\"https:\/\/publimar.mx\/?s={search_term_string}\"},\"query-input\":\"required name=search_term_string\"}],\"inLanguage\":\"es\"},{\"@type\":\"ImageObject\",\"@id\":\"https:\/\/publimar.mx\/index.php\/2025\/09\/09\/publimar-1010\/#primaryimage\",\"inLanguage\":\"es\",\"url\":\"https:\/\/publimar.mx\/wp-content\/uploads\/2025\/09\/Pronostican-lluvias-y-tormentas-en-Sierra-Sur-Cuenca-del-Papaloapan-e-Istmo-de-Tehuantepec.jpg\",\"contentUrl\":\"https:\/\/publimar.mx\/wp-content\/uploads\/2025\/09\/Pronostican-lluvias-y-tormentas-en-Sierra-Sur-Cuenca-del-Papaloapan-e-Istmo-de-Tehuantepec.jpg\",\"width\":2268,\"height\":1701},{\"@type\":\"WebPage\",\"@id\":\"https:\/\/publimar.mx\/index.php\/2025\/09\/09\/publimar-1010\/#webpage\",\"url\":\"https:\/\/publimar.mx\/index.php\/2025\/09\/09\/publimar-1010\/\",\"name\":\"Lluvias y tormentas continuar\\u00e1n en Oaxaca; Protecci\\u00f3n Civil emite recomendaciones - PubliMar\",\"isPartOf\":{\"@id\":\"https:\/\/publimar.mx\/#website\"},\"primaryImageOfPage\":{\"@id\":\"https:\/\/publimar.mx\/index.php\/2025\/09\/09\/publimar-1010\/#primaryimage\"},\"datePublished\":\"2025-09-09T15:02:29+00:00\",\"dateModified\":\"2025-09-09T15:02:32+00:00\",\"description\":\"Protecci\\u00f3n Civil advierte sobre lluvias y tormentas en Oaxaca, con mayor intensidad en Sierra Sur, Papaloapan e Istmo; recomiendan precau...\",\"breadcrumb\":{\"@id\":\"https:\/\/publimar.mx\/index.php\/2025\/09\/09\/publimar-1010\/#breadcrumb\"},\"inLanguage\":\"es\",\"potentialAction\":[{\"@type\":\"ReadAction\",\"target\":[\"https:\/\/publimar.mx\/index.php\/2025\/09\/09\/publimar-1010\/\"]}]},{\"@type\":\"BreadcrumbList\",\"@id\":\"https:\/\/publimar.mx\/index.php\/2025\/09\/09\/publimar-1010\/#breadcrumb\",\"itemListElement\":[{\"@type\":\"ListItem\",\"position\":1,\"name\":\"Portada\",\"item\":\"https:\/\/publimar.mx\/\"},{\"@type\":\"ListItem\",\"position\":2,\"name\":\"Lluvias y tormentas continuar\\u00e1n en Oaxaca; Protecci\\u00f3n Civil emite recomendaciones\"}]},{\"@type\":[\"Article\",\"NewsArticle\"],\"@id\":\"https:\/\/publimar.mx\/index.php\/2025\/09\/09\/publimar-1010\/#article\",\"isPartOf\":{\"@id\":\"https:\/\/publimar.mx\/index.php\/2025\/09\/09\/publimar-1010\/#webpage\"},\"author\":{\"@id\":\"https:\/\/publimar.mx\/#\/schema\/person\/42ad4d315580276616a11863a241f558\"},\"headline\":\"Lluvias y tormentas continuar\\u00e1n en Oaxaca; Protecci\\u00f3n Civil emite recomendaciones\",\"datePublished\":\"2025-09-09T15:02:29+00:00\",\"dateModified\":\"2025-09-09T15:02:32+00:00\",\"mainEntityOfPage\":{\"@id\":\"https:\/\/publimar.mx\/index.php\/2025\/09\/09\/publimar-1010\/#webpage\"},\"wordCount\":345,\"commentCount\":0,\"publisher\":{\"@id\":\"https:\/\/publimar.mx\/#\/schema\/person\/42ad4d315580276616a11863a241f558\"},\"image\":{\"@id\":\"https:\/\/publimar.mx\/index.php\/2025\/09\/09\/publimar-1010\/#primaryimage\"},\"thumbnailUrl\":\"https:\/\/publimar.mx\/wp-content\/uploads\/2025\/09\/Pronostican-lluvias-y-tormentas-en-Sierra-Sur-Cuenca-del-Papaloapan-e-Istmo-de-Tehuantepec.jpg\",\"keywords\":[\"Conagua Oaxaca\",\"lluvias Oaxaca\",\"Oaxaca clima\",\"onda tropical 31\",\"Pron\\u00f3stico del tiempo Oaxaca\",\"Protecci\\u00f3n Civil Oaxaca\",\"tormentas Oaxaca\"],\"articleSection\":[\"Seguridad\"],\"inLanguage\":\"es\",\"potentialAction\":[{\"@type\":\"CommentAction\",\"name\":\"Comment\",\"target\":[\"https:\/\/publimar.mx\/index.php\/2025\/09\/09\/publimar-1010\/#respond\"]}]},{\"@type\":[\"Person\",\"Organization\"],\"@id\":\"https:\/\/publimar.mx\/#\/schema\/person\/42ad4d315580276616a11863a241f558\",\"name\":\"admin\",\"image\":{\"@type\":\"ImageObject\",\"@id\":\"https:\/\/publimar.mx\/#personlogo\",\"inLanguage\":\"es\",\"url\":\"https:\/\/publimar.mx\/wp-content\/uploads\/2021\/08\/logo.png\",\"contentUrl\":\"https:\/\/publimar.mx\/wp-content\/uploads\/2021\/08\/logo.png\",\"width\":454,\"height\":108,\"caption\":\"admin\"},\"logo\":{\"@id\":\"https:\/\/publimar.mx\/#personlogo\"},\"sameAs\":[\"https:\/\/publimar.mx\"],\"url\":\"https:\/\/publimar.mx\/index.php\/author\/admin\/\"}]}<\/script>\n<!-- \/ Yoast SEO plugin. -->","yoast_head_json":{"title":"Lluvias y tormentas continuar\u00e1n en Oaxaca; Protecci\u00f3n Civil emite recomendaciones - PubliMar","description":"Protecci\u00f3n Civil advierte sobre lluvias y tormentas en Oaxaca, con mayor intensidad en Sierra Sur, Papaloapan e Istmo; recomiendan precau...","robots":{"index":"index","follow":"follow","max-snippet":"max-snippet:-1","max-image-preview":"max-image-preview:large","max-video-preview":"max-video-preview:-1"},"canonical":"https:\/\/publimar.mx\/index.php\/2025\/09\/09\/publimar-1010\/","og_locale":"es_ES","og_type":"article","og_title":"Lluvias y tormentas continuar\u00e1n en Oaxaca; Protecci\u00f3n Civil emite recomendaciones - PubliMar","og_description":"Protecci\u00f3n Civil advierte sobre lluvias y tormentas en Oaxaca, con mayor intensidad en Sierra Sur, Papaloapan e Istmo; recomiendan precau...","og_url":"https:\/\/publimar.mx\/index.php\/2025\/09\/09\/publimar-1010\/","og_site_name":"PubliMar","article_published_time":"2025-09-09T15:02:29+00:00","article_modified_time":"2025-09-09T15:02:32+00:00","og_image":[{"width":2268,"height":1701,"url":"https:\/\/publimar.mx\/wp-content\/uploads\/2025\/09\/Pronostican-lluvias-y-tormentas-en-Sierra-Sur-Cuenca-del-Papaloapan-e-Istmo-de-Tehuantepec.jpg","path":"\/home\/u358712125\/domains\/publimar.mx\/public_html\/wp-content\/uploads\/2025\/09\/Pronostican-lluvias-y-tormentas-en-Sierra-Sur-Cuenca-del-Papaloapan-e-Istmo-de-Tehuantepec.jpg","size":"full","id":17596,"alt":"","pixels":3857868,"type":"image\/jpeg"}],"twitter_card":"summary_large_image","twitter_misc":{"Escrito por":"admin","Tiempo de lectura":"2 minutos"},"schema":{"@context":"https:\/\/schema.org","@graph":[{"@type":"WebSite","@id":"https:\/\/publimar.mx\/#website","url":"https:\/\/publimar.mx\/","name":"PubliMar","description":"Informaci\u00f3n de la Costa Oaxaque\u00f1a","publisher":{"@id":"https:\/\/publimar.mx\/#\/schema\/person\/42ad4d315580276616a11863a241f558"},"potentialAction":[{"@type":"SearchAction","target":{"@type":"EntryPoint","urlTemplate":"https:\/\/publimar.mx\/?s={search_term_string}"},"query-input":"required name=search_term_string"}],"inLanguage":"es"},{"@type":"ImageObject","@id":"https:\/\/publimar.mx\/index.php\/2025\/09\/09\/publimar-1010\/#primaryimage","inLanguage":"es","url":"https:\/\/publimar.mx\/wp-content\/uploads\/2025\/09\/Pronostican-lluvias-y-tormentas-en-Sierra-Sur-Cuenca-del-Papaloapan-e-Istmo-de-Tehuantepec.jpg","contentUrl":"https:\/\/publimar.mx\/wp-content\/uploads\/2025\/09\/Pronostican-lluvias-y-tormentas-en-Sierra-Sur-Cuenca-del-Papaloapan-e-Istmo-de-Tehuantepec.jpg","width":2268,"height":1701},{"@type":"WebPage","@id":"https:\/\/publimar.mx\/index.php\/2025\/09\/09\/publimar-1010\/#webpage","url":"https:\/\/publimar.mx\/index.php\/2025\/09\/09\/publimar-1010\/","name":"Lluvias y tormentas continuar\u00e1n en Oaxaca; Protecci\u00f3n Civil emite recomendaciones - PubliMar","isPartOf":{"@id":"https:\/\/publimar.mx\/#website"},"primaryImageOfPage":{"@id":"https:\/\/publimar.mx\/index.php\/2025\/09\/09\/publimar-1010\/#primaryimage"},"datePublished":"2025-09-09T15:02:29+00:00","dateModified":"2025-09-09T15:02:32+00:00","description":"Protecci\u00f3n Civil advierte sobre lluvias y tormentas en Oaxaca, con mayor intensidad en Sierra Sur, Papaloapan e Istmo; recomiendan precau...","breadcrumb":{"@id":"https:\/\/publimar.mx\/index.php\/2025\/09\/09\/publimar-1010\/#breadcrumb"},"inLanguage":"es","potentialAction":[{"@type":"ReadAction","target":["https:\/\/publimar.mx\/index.php\/2025\/09\/09\/publimar-1010\/"]}]},{"@type":"BreadcrumbList","@id":"https:\/\/publimar.mx\/index.php\/2025\/09\/09\/publimar-1010\/#breadcrumb","itemListElement":[{"@type":"ListItem","position":1,"name":"Portada","item":"https:\/\/publimar.mx\/"},{"@type":"ListItem","position":2,"name":"Lluvias y tormentas continuar\u00e1n en Oaxaca; Protecci\u00f3n Civil emite recomendaciones"}]},{"@type":["Article","NewsArticle"],"@id":"https:\/\/publimar.mx\/index.php\/2025\/09\/09\/publimar-1010\/#article","isPartOf":{"@id":"https:\/\/publimar.mx\/index.php\/2025\/09\/09\/publimar-1010\/#webpage"},"author":{"@id":"https:\/\/publimar.mx\/#\/schema\/person\/42ad4d315580276616a11863a241f558"},"headline":"Lluvias y tormentas continuar\u00e1n en Oaxaca; Protecci\u00f3n Civil emite recomendaciones","datePublished":"2025-09-09T15:02:29+00:00","dateModified":"2025-09-09T15:02:32+00:00","mainEntityOfPage":{"@id":"https:\/\/publimar.mx\/index.php\/2025\/09\/09\/publimar-1010\/#webpage"},"wordCount":345,"commentCount":0,"publisher":{"@id":"https:\/\/publimar.mx\/#\/schema\/person\/42ad4d315580276616a11863a241f558"},"image":{"@id":"https:\/\/publimar.mx\/index.php\/2025\/09\/09\/publimar-1010\/#primaryimage"},"thumbnailUrl":"https:\/\/publimar.mx\/wp-content\/uploads\/2025\/09\/Pronostican-lluvias-y-tormentas-en-Sierra-Sur-Cuenca-del-Papaloapan-e-Istmo-de-Tehuantepec.jpg","keywords":["Conagua Oaxaca","lluvias Oaxaca","Oaxaca clima","onda tropical 31","Pron\u00f3stico del tiempo Oaxaca","Protecci\u00f3n Civil Oaxaca","tormentas Oaxaca"],"articleSection":["Seguridad"],"inLanguage":"es","potentialAction":[{"@type":"CommentAction","name":"Comment","target":["https:\/\/publimar.mx\/index.php\/2025\/09\/09\/publimar-1010\/#respond"]}]},{"@type":["Person","Organization"],"@id":"https:\/\/publimar.mx\/#\/schema\/person\/42ad4d315580276616a11863a241f558","name":"admin","image":{"@type":"ImageObject","@id":"https:\/\/publimar.mx\/#personlogo","inLanguage":"es","url":"https:\/\/publimar.mx\/wp-content\/uploads\/2021\/08\/logo.png","contentUrl":"https:\/\/publimar.mx\/wp-content\/uploads\/2021\/08\/logo.png","width":454,"height":108,"caption":"admin"},"logo":{"@id":"https:\/\/publimar.mx\/#personlogo"},"sameAs":["https:\/\/publimar.mx"],"url":"https:\/\/publimar.mx\/index.php\/author\/admin\/"}]}},"_links":{"self":[{"href":"https:\/\/publimar.mx\/index.php\/wp-json\/wp\/v2\/posts\/17595"}],"collection":[{"href":"https:\/\/publimar.mx\/index.php\/wp-json\/wp\/v2\/posts"}],"about":[{"href":"https:\/\/publimar.mx\/index.php\/wp-json\/wp\/v2\/types\/post"}],"author":[{"embeddable":true,"href":"https:\/\/publimar.mx\/index.php\/wp-json\/wp\/v2\/users\/1"}],"replies":[{"embeddable":true,"href":"https:\/\/publimar.mx\/index.php\/wp-json\/wp\/v2\/comments?post=17595"}],"version-history":[{"count":1,"href":"https:\/\/publimar.mx\/index.php\/wp-json\/wp\/v2\/posts\/17595\/revisions"}],"predecessor-version":[{"id":17597,"href":"https:\/\/publimar.mx\/index.php\/wp-json\/wp\/v2\/posts\/17595\/revisions\/17597"}],"wp:featuredmedia":[{"embeddable":true,"href":"https:\/\/publimar.mx\/index.php\/wp-json\/wp\/v2\/media\/17596"}],"wp:attachment":[{"href":"https:\/\/publimar.mx\/index.php\/wp-json\/wp\/v2\/media?parent=17595"}],"wp:term":[{"taxonomy":"category","embeddable":true,"href":"https:\/\/publimar.mx\/index.php\/wp-json\/wp\/v2\/categories?post=17595"},{"taxonomy":"post_tag","embeddable":true,"href":"https:\/\/publimar.mx\/index.php\/wp-json\/wp\/v2\/tags?post=17595"}],"curies":[{"name":"wp","href":"https:\/\/api.w.org\/{rel}","templated":true}]}}