{"id":17400,"date":"2025-08-26T19:09:34","date_gmt":"2025-08-27T01:09:34","guid":{"rendered":"https:\/\/publimar.mx\/?p=17400"},"modified":"2025-08-26T19:09:37","modified_gmt":"2025-08-27T01:09:37","slug":"publimar-968","status":"publish","type":"post","link":"https:\/\/publimar.mx\/index.php\/2025\/08\/26\/publimar-968\/","title":{"rendered":"Oaxaca se fortalece en turismo comunitario y deportivo con programas nacionales"},"content":{"rendered":"\n<div class=\"wp-block-image\"><figure class=\"alignright size-full is-resized\"><img loading=\"lazy\" src=\"https:\/\/publimar.mx\/wp-content\/uploads\/2025\/08\/Anuncia-Sectur-Oaxaca-iniciativas-para-el-impulso-del-turismo-comunitario-y-deportivo-1.jpeg\" alt=\"\" class=\"wp-image-17401\" width=\"400\" height=\"267\" srcset=\"https:\/\/publimar.mx\/wp-content\/uploads\/2025\/08\/Anuncia-Sectur-Oaxaca-iniciativas-para-el-impulso-del-turismo-comunitario-y-deportivo-1.jpeg 800w, https:\/\/publimar.mx\/wp-content\/uploads\/2025\/08\/Anuncia-Sectur-Oaxaca-iniciativas-para-el-impulso-del-turismo-comunitario-y-deportivo-1-300x200.jpeg 300w, https:\/\/publimar.mx\/wp-content\/uploads\/2025\/08\/Anuncia-Sectur-Oaxaca-iniciativas-para-el-impulso-del-turismo-comunitario-y-deportivo-1-768x512.jpeg 768w\" sizes=\"(max-width: 400px) 100vw, 400px\" \/><\/figure><\/div>\n\n\n\n<p>La Secretar\u00eda de Turismo de Oaxaca (Sectur) anunci\u00f3 que el estado fue incluido en el <strong>Programa Nacional de Turismo Comunitario<\/strong> y en la iniciativa <strong>M\u00e9xico Imparable<\/strong>, impulsados por el Gobierno Federal, lo que consolida a la entidad como referente en desarrollo social, cultural, ambiental y econ\u00f3mico.<\/p>\n\n\n\n<p>La titular de la Sectur, <strong>Saymi Pineda Velasco<\/strong>, explic\u00f3 que el Programa Nacional de Turismo Comunitario busca fortalecer destinos sustentables y a quienes ofrecen servicios en la materia, mediante los distintivos <strong>\u201cSemilla\u201d<\/strong> (para emprendedores) y <strong>\u201cExcelencia\u201d<\/strong> (para proyectos consolidados).<\/p>\n\n\n\n<p>Adem\u00e1s, Oaxaca contar\u00e1 con <strong>50 espacios de promoci\u00f3n de experiencias tur\u00edsticas comunitarias<\/strong> en colaboraci\u00f3n con la <strong>Unesco<\/strong>, lo que permitir\u00e1 impulsar proyectos locales, mejorar la calidad de servicios, generar empleos y fomentar la preservaci\u00f3n del medio ambiente.<\/p>\n\n\n\n<h3>M\u00e9xico Imparable llega a Oaxaca en 2026<\/h3>\n\n\n\n<div class=\"wp-block-image\"><figure class=\"alignright size-full is-resized\"><img loading=\"lazy\" src=\"https:\/\/publimar.mx\/wp-content\/uploads\/2025\/08\/Anuncia-Sectur-Oaxaca-iniciativas-para-el-impulso-del-turismo-comunitario-y-deportivo-3.jpeg\" alt=\"\" class=\"wp-image-17402\" width=\"400\" height=\"267\" srcset=\"https:\/\/publimar.mx\/wp-content\/uploads\/2025\/08\/Anuncia-Sectur-Oaxaca-iniciativas-para-el-impulso-del-turismo-comunitario-y-deportivo-3.jpeg 800w, https:\/\/publimar.mx\/wp-content\/uploads\/2025\/08\/Anuncia-Sectur-Oaxaca-iniciativas-para-el-impulso-del-turismo-comunitario-y-deportivo-3-300x200.jpeg 300w, https:\/\/publimar.mx\/wp-content\/uploads\/2025\/08\/Anuncia-Sectur-Oaxaca-iniciativas-para-el-impulso-del-turismo-comunitario-y-deportivo-3-768x512.jpeg 768w\" sizes=\"(max-width: 400px) 100vw, 400px\" \/><\/figure><\/div>\n\n\n\n<p>En el marco de la iniciativa <strong>M\u00e9xico Imparable<\/strong>, que promueve carreras de medio marat\u00f3n para atletas ind\u00edgenas y de bajos recursos, Oaxaca ser\u00e1 sede del <strong>cap\u00edtulo Ra\u00edces de Tierra<\/strong>, el 22 de marzo de 2026, inspirado en la <strong>cultura Mixteca<\/strong>.<\/p>\n\n\n\n<p>Este evento, coordinado con <strong>Sectur federal<\/strong> y la <strong>Conade<\/strong>, busca fomentar la cohesi\u00f3n social, fortalecer a los <strong>Pueblos M\u00e1gicos<\/strong>, impulsar la econom\u00eda local y proyectar la riqueza cultural del pa\u00eds.<\/p>\n\n\n\n<p>Se estima que uno de cada 10 turistas internacionales que llegan a M\u00e9xico lo hacen por actividades deportivas, generando m\u00e1s de <strong>60 mil millones de pesos en derrama econ\u00f3mica<\/strong>.<\/p>\n\n\n\n<p>Finalmente, Pineda Velasco invit\u00f3 a corredoras, corredores y visitantes nacionales e internacionales a vivir esta experiencia en Oaxaca, donde cada kil\u00f3metro recorrido ser\u00e1 un encuentro con la historia, diversidad y fuerza comunitaria.<\/p>\n","protected":false},"excerpt":{"rendered":"<p>La Secretar\u00eda de Turismo de Oaxaca (Sectur) anunci\u00f3 que el estado fue incluido en el Programa Nacional de Turismo Comunitario y en la iniciativa M\u00e9xico Imparable, impulsados por el Gobierno&hellip; <\/p>\n","protected":false},"author":1,"featured_media":17401,"comment_status":"open","ping_status":"open","sticky":false,"template":"","format":"standard","meta":{"_monsterinsights_skip_tracking":false,"_monsterinsights_sitenote_active":false,"_monsterinsights_sitenote_note":"","_monsterinsights_sitenote_category":0},"categories":[17],"tags":[4869,4870,244,312,3091,2185],"yoast_head":"<!-- This site is optimized with the Yoast SEO plugin v17.0 - https:\/\/yoast.com\/wordpress\/plugins\/seo\/ -->\n<title>Oaxaca se fortalece en turismo comunitario y deportivo con programas nacionales - PubliMar<\/title>\n<meta name=\"description\" content=\"Oaxaca fortalece su liderazgo en turismo comunitario y deportivo con el Programa Nacional de Turismo Comunitario y la iniciativa M\u00e9xico Im...\" \/>\n<meta name=\"robots\" content=\"index, follow, max-snippet:-1, max-image-preview:large, max-video-preview:-1\" \/>\n<link rel=\"canonical\" href=\"https:\/\/publimar.mx\/index.php\/2025\/08\/26\/publimar-968\/\" \/>\n<meta property=\"og:locale\" content=\"es_ES\" \/>\n<meta property=\"og:type\" content=\"article\" \/>\n<meta property=\"og:title\" content=\"Oaxaca se fortalece en turismo comunitario y deportivo con programas nacionales - PubliMar\" \/>\n<meta property=\"og:description\" content=\"Oaxaca fortalece su liderazgo en turismo comunitario y deportivo con el Programa Nacional de Turismo Comunitario y la iniciativa M\u00e9xico Im...\" \/>\n<meta property=\"og:url\" content=\"https:\/\/publimar.mx\/index.php\/2025\/08\/26\/publimar-968\/\" \/>\n<meta property=\"og:site_name\" content=\"PubliMar\" \/>\n<meta property=\"article:published_time\" content=\"2025-08-27T01:09:34+00:00\" \/>\n<meta property=\"article:modified_time\" content=\"2025-08-27T01:09:37+00:00\" \/>\n<meta property=\"og:image\" content=\"https:\/\/publimar.mx\/wp-content\/uploads\/2025\/08\/Anuncia-Sectur-Oaxaca-iniciativas-para-el-impulso-del-turismo-comunitario-y-deportivo-1.jpeg\" \/>\n\t<meta property=\"og:image:width\" content=\"800\" \/>\n\t<meta property=\"og:image:height\" content=\"533\" \/>\n<meta name=\"twitter:card\" content=\"summary_large_image\" \/>\n<meta name=\"twitter:label1\" content=\"Escrito por\" \/>\n\t<meta name=\"twitter:data1\" content=\"admin\" \/>\n\t<meta name=\"twitter:label2\" content=\"Tiempo de lectura\" \/>\n\t<meta name=\"twitter:data2\" content=\"2 minutos\" \/>\n<script type=\"application\/ld+json\" class=\"yoast-schema-graph\">{\"@context\":\"https:\/\/schema.org\",\"@graph\":[{\"@type\":\"WebSite\",\"@id\":\"https:\/\/publimar.mx\/#website\",\"url\":\"https:\/\/publimar.mx\/\",\"name\":\"PubliMar\",\"description\":\"Informaci\\u00f3n de la Costa Oaxaque\\u00f1a\",\"publisher\":{\"@id\":\"https:\/\/publimar.mx\/#\/schema\/person\/42ad4d315580276616a11863a241f558\"},\"potentialAction\":[{\"@type\":\"SearchAction\",\"target\":{\"@type\":\"EntryPoint\",\"urlTemplate\":\"https:\/\/publimar.mx\/?s={search_term_string}\"},\"query-input\":\"required name=search_term_string\"}],\"inLanguage\":\"es\"},{\"@type\":\"ImageObject\",\"@id\":\"https:\/\/publimar.mx\/index.php\/2025\/08\/26\/publimar-968\/#primaryimage\",\"inLanguage\":\"es\",\"url\":\"https:\/\/publimar.mx\/wp-content\/uploads\/2025\/08\/Anuncia-Sectur-Oaxaca-iniciativas-para-el-impulso-del-turismo-comunitario-y-deportivo-1.jpeg\",\"contentUrl\":\"https:\/\/publimar.mx\/wp-content\/uploads\/2025\/08\/Anuncia-Sectur-Oaxaca-iniciativas-para-el-impulso-del-turismo-comunitario-y-deportivo-1.jpeg\",\"width\":800,\"height\":533},{\"@type\":\"WebPage\",\"@id\":\"https:\/\/publimar.mx\/index.php\/2025\/08\/26\/publimar-968\/#webpage\",\"url\":\"https:\/\/publimar.mx\/index.php\/2025\/08\/26\/publimar-968\/\",\"name\":\"Oaxaca se fortalece en turismo comunitario y deportivo con programas nacionales - PubliMar\",\"isPartOf\":{\"@id\":\"https:\/\/publimar.mx\/#website\"},\"primaryImageOfPage\":{\"@id\":\"https:\/\/publimar.mx\/index.php\/2025\/08\/26\/publimar-968\/#primaryimage\"},\"datePublished\":\"2025-08-27T01:09:34+00:00\",\"dateModified\":\"2025-08-27T01:09:37+00:00\",\"description\":\"Oaxaca fortalece su liderazgo en turismo comunitario y deportivo con el Programa Nacional de Turismo Comunitario y la iniciativa M\\u00e9xico Im...\",\"breadcrumb\":{\"@id\":\"https:\/\/publimar.mx\/index.php\/2025\/08\/26\/publimar-968\/#breadcrumb\"},\"inLanguage\":\"es\",\"potentialAction\":[{\"@type\":\"ReadAction\",\"target\":[\"https:\/\/publimar.mx\/index.php\/2025\/08\/26\/publimar-968\/\"]}]},{\"@type\":\"BreadcrumbList\",\"@id\":\"https:\/\/publimar.mx\/index.php\/2025\/08\/26\/publimar-968\/#breadcrumb\",\"itemListElement\":[{\"@type\":\"ListItem\",\"position\":1,\"name\":\"Portada\",\"item\":\"https:\/\/publimar.mx\/\"},{\"@type\":\"ListItem\",\"position\":2,\"name\":\"Oaxaca se fortalece en turismo comunitario y deportivo con programas nacionales\"}]},{\"@type\":[\"Article\",\"NewsArticle\"],\"@id\":\"https:\/\/publimar.mx\/index.php\/2025\/08\/26\/publimar-968\/#article\",\"isPartOf\":{\"@id\":\"https:\/\/publimar.mx\/index.php\/2025\/08\/26\/publimar-968\/#webpage\"},\"author\":{\"@id\":\"https:\/\/publimar.mx\/#\/schema\/person\/42ad4d315580276616a11863a241f558\"},\"headline\":\"Oaxaca se fortalece en turismo comunitario y deportivo con programas nacionales\",\"datePublished\":\"2025-08-27T01:09:34+00:00\",\"dateModified\":\"2025-08-27T01:09:37+00:00\",\"mainEntityOfPage\":{\"@id\":\"https:\/\/publimar.mx\/index.php\/2025\/08\/26\/publimar-968\/#webpage\"},\"wordCount\":287,\"commentCount\":0,\"publisher\":{\"@id\":\"https:\/\/publimar.mx\/#\/schema\/person\/42ad4d315580276616a11863a241f558\"},\"image\":{\"@id\":\"https:\/\/publimar.mx\/index.php\/2025\/08\/26\/publimar-968\/#primaryimage\"},\"thumbnailUrl\":\"https:\/\/publimar.mx\/wp-content\/uploads\/2025\/08\/Anuncia-Sectur-Oaxaca-iniciativas-para-el-impulso-del-turismo-comunitario-y-deportivo-1.jpeg\",\"keywords\":[\"medio marat\\u00f3n Oaxaca\",\"M\\u00e9xico Imparable Oaxaca\",\"Saymi Pineda Velasco\",\"Sectur Oaxaca\",\"turismo cultural Oaxaca\",\"Turismo Sustentable\"],\"articleSection\":[\"Turismo\"],\"inLanguage\":\"es\",\"potentialAction\":[{\"@type\":\"CommentAction\",\"name\":\"Comment\",\"target\":[\"https:\/\/publimar.mx\/index.php\/2025\/08\/26\/publimar-968\/#respond\"]}]},{\"@type\":[\"Person\",\"Organization\"],\"@id\":\"https:\/\/publimar.mx\/#\/schema\/person\/42ad4d315580276616a11863a241f558\",\"name\":\"admin\",\"image\":{\"@type\":\"ImageObject\",\"@id\":\"https:\/\/publimar.mx\/#personlogo\",\"inLanguage\":\"es\",\"url\":\"https:\/\/publimar.mx\/wp-content\/uploads\/2021\/08\/logo.png\",\"contentUrl\":\"https:\/\/publimar.mx\/wp-content\/uploads\/2021\/08\/logo.png\",\"width\":454,\"height\":108,\"caption\":\"admin\"},\"logo\":{\"@id\":\"https:\/\/publimar.mx\/#personlogo\"},\"sameAs\":[\"https:\/\/publimar.mx\"],\"url\":\"https:\/\/publimar.mx\/index.php\/author\/admin\/\"}]}<\/script>\n<!-- \/ Yoast SEO plugin. -->","yoast_head_json":{"title":"Oaxaca se fortalece en turismo comunitario y deportivo con programas nacionales - PubliMar","description":"Oaxaca fortalece su liderazgo en turismo comunitario y deportivo con el Programa Nacional de Turismo Comunitario y la iniciativa M\u00e9xico Im...","robots":{"index":"index","follow":"follow","max-snippet":"max-snippet:-1","max-image-preview":"max-image-preview:large","max-video-preview":"max-video-preview:-1"},"canonical":"https:\/\/publimar.mx\/index.php\/2025\/08\/26\/publimar-968\/","og_locale":"es_ES","og_type":"article","og_title":"Oaxaca se fortalece en turismo comunitario y deportivo con programas nacionales - PubliMar","og_description":"Oaxaca fortalece su liderazgo en turismo comunitario y deportivo con el Programa Nacional de Turismo Comunitario y la iniciativa M\u00e9xico Im...","og_url":"https:\/\/publimar.mx\/index.php\/2025\/08\/26\/publimar-968\/","og_site_name":"PubliMar","article_published_time":"2025-08-27T01:09:34+00:00","article_modified_time":"2025-08-27T01:09:37+00:00","og_image":[{"width":800,"height":533,"url":"https:\/\/publimar.mx\/wp-content\/uploads\/2025\/08\/Anuncia-Sectur-Oaxaca-iniciativas-para-el-impulso-del-turismo-comunitario-y-deportivo-1.jpeg","path":"\/home\/u358712125\/domains\/publimar.mx\/public_html\/wp-content\/uploads\/2025\/08\/Anuncia-Sectur-Oaxaca-iniciativas-para-el-impulso-del-turismo-comunitario-y-deportivo-1.jpeg","size":"full","id":17401,"alt":"","pixels":426400,"type":"image\/jpeg"}],"twitter_card":"summary_large_image","twitter_misc":{"Escrito por":"admin","Tiempo de lectura":"2 minutos"},"schema":{"@context":"https:\/\/schema.org","@graph":[{"@type":"WebSite","@id":"https:\/\/publimar.mx\/#website","url":"https:\/\/publimar.mx\/","name":"PubliMar","description":"Informaci\u00f3n de la Costa Oaxaque\u00f1a","publisher":{"@id":"https:\/\/publimar.mx\/#\/schema\/person\/42ad4d315580276616a11863a241f558"},"potentialAction":[{"@type":"SearchAction","target":{"@type":"EntryPoint","urlTemplate":"https:\/\/publimar.mx\/?s={search_term_string}"},"query-input":"required name=search_term_string"}],"inLanguage":"es"},{"@type":"ImageObject","@id":"https:\/\/publimar.mx\/index.php\/2025\/08\/26\/publimar-968\/#primaryimage","inLanguage":"es","url":"https:\/\/publimar.mx\/wp-content\/uploads\/2025\/08\/Anuncia-Sectur-Oaxaca-iniciativas-para-el-impulso-del-turismo-comunitario-y-deportivo-1.jpeg","contentUrl":"https:\/\/publimar.mx\/wp-content\/uploads\/2025\/08\/Anuncia-Sectur-Oaxaca-iniciativas-para-el-impulso-del-turismo-comunitario-y-deportivo-1.jpeg","width":800,"height":533},{"@type":"WebPage","@id":"https:\/\/publimar.mx\/index.php\/2025\/08\/26\/publimar-968\/#webpage","url":"https:\/\/publimar.mx\/index.php\/2025\/08\/26\/publimar-968\/","name":"Oaxaca se fortalece en turismo comunitario y deportivo con programas nacionales - PubliMar","isPartOf":{"@id":"https:\/\/publimar.mx\/#website"},"primaryImageOfPage":{"@id":"https:\/\/publimar.mx\/index.php\/2025\/08\/26\/publimar-968\/#primaryimage"},"datePublished":"2025-08-27T01:09:34+00:00","dateModified":"2025-08-27T01:09:37+00:00","description":"Oaxaca fortalece su liderazgo en turismo comunitario y deportivo con el Programa Nacional de Turismo Comunitario y la iniciativa M\u00e9xico Im...","breadcrumb":{"@id":"https:\/\/publimar.mx\/index.php\/2025\/08\/26\/publimar-968\/#breadcrumb"},"inLanguage":"es","potentialAction":[{"@type":"ReadAction","target":["https:\/\/publimar.mx\/index.php\/2025\/08\/26\/publimar-968\/"]}]},{"@type":"BreadcrumbList","@id":"https:\/\/publimar.mx\/index.php\/2025\/08\/26\/publimar-968\/#breadcrumb","itemListElement":[{"@type":"ListItem","position":1,"name":"Portada","item":"https:\/\/publimar.mx\/"},{"@type":"ListItem","position":2,"name":"Oaxaca se fortalece en turismo comunitario y deportivo con programas nacionales"}]},{"@type":["Article","NewsArticle"],"@id":"https:\/\/publimar.mx\/index.php\/2025\/08\/26\/publimar-968\/#article","isPartOf":{"@id":"https:\/\/publimar.mx\/index.php\/2025\/08\/26\/publimar-968\/#webpage"},"author":{"@id":"https:\/\/publimar.mx\/#\/schema\/person\/42ad4d315580276616a11863a241f558"},"headline":"Oaxaca se fortalece en turismo comunitario y deportivo con programas nacionales","datePublished":"2025-08-27T01:09:34+00:00","dateModified":"2025-08-27T01:09:37+00:00","mainEntityOfPage":{"@id":"https:\/\/publimar.mx\/index.php\/2025\/08\/26\/publimar-968\/#webpage"},"wordCount":287,"commentCount":0,"publisher":{"@id":"https:\/\/publimar.mx\/#\/schema\/person\/42ad4d315580276616a11863a241f558"},"image":{"@id":"https:\/\/publimar.mx\/index.php\/2025\/08\/26\/publimar-968\/#primaryimage"},"thumbnailUrl":"https:\/\/publimar.mx\/wp-content\/uploads\/2025\/08\/Anuncia-Sectur-Oaxaca-iniciativas-para-el-impulso-del-turismo-comunitario-y-deportivo-1.jpeg","keywords":["medio marat\u00f3n Oaxaca","M\u00e9xico Imparable Oaxaca","Saymi Pineda Velasco","Sectur Oaxaca","turismo cultural Oaxaca","Turismo Sustentable"],"articleSection":["Turismo"],"inLanguage":"es","potentialAction":[{"@type":"CommentAction","name":"Comment","target":["https:\/\/publimar.mx\/index.php\/2025\/08\/26\/publimar-968\/#respond"]}]},{"@type":["Person","Organization"],"@id":"https:\/\/publimar.mx\/#\/schema\/person\/42ad4d315580276616a11863a241f558","name":"admin","image":{"@type":"ImageObject","@id":"https:\/\/publimar.mx\/#personlogo","inLanguage":"es","url":"https:\/\/publimar.mx\/wp-content\/uploads\/2021\/08\/logo.png","contentUrl":"https:\/\/publimar.mx\/wp-content\/uploads\/2021\/08\/logo.png","width":454,"height":108,"caption":"admin"},"logo":{"@id":"https:\/\/publimar.mx\/#personlogo"},"sameAs":["https:\/\/publimar.mx"],"url":"https:\/\/publimar.mx\/index.php\/author\/admin\/"}]}},"_links":{"self":[{"href":"https:\/\/publimar.mx\/index.php\/wp-json\/wp\/v2\/posts\/17400"}],"collection":[{"href":"https:\/\/publimar.mx\/index.php\/wp-json\/wp\/v2\/posts"}],"about":[{"href":"https:\/\/publimar.mx\/index.php\/wp-json\/wp\/v2\/types\/post"}],"author":[{"embeddable":true,"href":"https:\/\/publimar.mx\/index.php\/wp-json\/wp\/v2\/users\/1"}],"replies":[{"embeddable":true,"href":"https:\/\/publimar.mx\/index.php\/wp-json\/wp\/v2\/comments?post=17400"}],"version-history":[{"count":1,"href":"https:\/\/publimar.mx\/index.php\/wp-json\/wp\/v2\/posts\/17400\/revisions"}],"predecessor-version":[{"id":17403,"href":"https:\/\/publimar.mx\/index.php\/wp-json\/wp\/v2\/posts\/17400\/revisions\/17403"}],"wp:featuredmedia":[{"embeddable":true,"href":"https:\/\/publimar.mx\/index.php\/wp-json\/wp\/v2\/media\/17401"}],"wp:attachment":[{"href":"https:\/\/publimar.mx\/index.php\/wp-json\/wp\/v2\/media?parent=17400"}],"wp:term":[{"taxonomy":"category","embeddable":true,"href":"https:\/\/publimar.mx\/index.php\/wp-json\/wp\/v2\/categories?post=17400"},{"taxonomy":"post_tag","embeddable":true,"href":"https:\/\/publimar.mx\/index.php\/wp-json\/wp\/v2\/tags?post=17400"}],"curies":[{"name":"wp","href":"https:\/\/api.w.org\/{rel}","templated":true}]}}