{"id":16741,"date":"2025-06-21T09:11:13","date_gmt":"2025-06-21T15:11:13","guid":{"rendered":"https:\/\/publimar.mx\/?p=16741"},"modified":"2025-06-21T09:11:16","modified_gmt":"2025-06-21T15:11:16","slug":"publimar-833","status":"publish","type":"post","link":"https:\/\/publimar.mx\/index.php\/2025\/06\/21\/publimar-833\/","title":{"rendered":"\ud83c\udf00Acuerdan Presidenta y Gobernador de Oaxaca censo en municipios m\u00e1s afectados por hurac\u00e1n Erick"},"content":{"rendered":"\n<div class=\"wp-block-image\"><figure class=\"alignright size-large is-resized\"><img loading=\"lazy\" src=\"https:\/\/publimar.mx\/wp-content\/uploads\/2025\/06\/GOBERNADOR-PRESIDENTA-1-1024x682.jpeg\" alt=\"\" class=\"wp-image-16742\" width=\"391\" height=\"260\" srcset=\"https:\/\/publimar.mx\/wp-content\/uploads\/2025\/06\/GOBERNADOR-PRESIDENTA-1-1024x682.jpeg 1024w, https:\/\/publimar.mx\/wp-content\/uploads\/2025\/06\/GOBERNADOR-PRESIDENTA-1-300x200.jpeg 300w, https:\/\/publimar.mx\/wp-content\/uploads\/2025\/06\/GOBERNADOR-PRESIDENTA-1-768x512.jpeg 768w, https:\/\/publimar.mx\/wp-content\/uploads\/2025\/06\/GOBERNADOR-PRESIDENTA-1.jpeg 1280w\" sizes=\"(max-width: 391px) 100vw, 391px\" \/><\/figure><\/div>\n\n\n\n<p><strong>San Pedro Mixtepec, Oax., 20 de junio de 2025.<\/strong> \u2013 Como parte de la estrategia de atenci\u00f3n inmediata tras el paso del <strong>hurac\u00e1n Erick<\/strong>, la Presidenta de M\u00e9xico, <strong>Claudia Sheinbaum Pardo<\/strong>, y el Gobernador <strong>Salom\u00f3n Jara Cruz<\/strong>, acordaron realizar un <strong>censo casa por casa en 12 municipios de la Costa de Oaxaca<\/strong> que presentan los mayores da\u00f1os por el meteoro.<\/p>\n\n\n\n<p>Este acuerdo se formaliz\u00f3 luego de un <strong>sobrevuelo de evaluaci\u00f3n<\/strong> sobre las zonas m\u00e1s impactadas, seguido de una reuni\u00f3n en el <strong>54 Batall\u00f3n de Infanter\u00eda en Puerto Escondido<\/strong>, donde se detallaron los primeros resultados y se tomaron decisiones clave para la reconstrucci\u00f3n.<\/p>\n\n\n\n<h3>\ud83d\uddfa\ufe0f Municipios que ser\u00e1n censados<\/h3>\n\n\n\n<p>Los municipios priorizados son:<\/p>\n\n\n\n<ul><li>San Jos\u00e9 Estancia Grande<\/li><li>Santa Mar\u00eda Cortijo<\/li><li>Santo Domingo Armenta<\/li><li>Santiago Tapextla<\/li><li>Santa Mar\u00eda Huazolotitl\u00e1n<\/li><li>Santiago Jamiltepec<\/li><li>Santiago Pinotepa Nacional<\/li><li>San Juan Bautista Lo de Soto<\/li><li>Santiago Llano Grande<\/li><li>Santiago Tetepec<\/li><li>Villa de Tututepec de Melchor Ocampo<\/li><li>Juchit\u00e1n de Zaragoza (Istmo)<\/li><\/ul>\n\n\n\n<h3>\ud83e\udd1d Coordinaci\u00f3n de ayuda y atenci\u00f3n directa<\/h3>\n\n\n\n<p>La presidenta Claudia Sheinbaum instruy\u00f3 que <strong>la entrega de v\u00edveres y agua<\/strong> sea coordinada por la <strong>Secretar\u00eda de la Defensa Nacional (Sedena)<\/strong> y la <strong>Secretar\u00eda de Marina (Semar)<\/strong>.<\/p>\n\n\n\n<p>Por su parte, la <strong>Secretar\u00eda de Infraestructura, Comunicaciones y Transportes (SICT)<\/strong> utilizar\u00e1 maquinaria especializada para abrir caminos y restablecer la conectividad.<\/p>\n\n\n\n<p>La <strong>coordinadora general de Asuntos Intergubernamentales<\/strong>, <strong>Leticia Ram\u00edrez Amaya<\/strong>, ser\u00e1 la encargada de articular todas las acciones en la regi\u00f3n Costa.<\/p>\n\n\n\n<div class=\"wp-block-image\"><figure class=\"aligncenter size-large is-resized\"><img loading=\"lazy\" src=\"https:\/\/publimar.mx\/wp-content\/uploads\/2025\/06\/GOBERNADOR-PRESIDENTA-2-1024x682.jpeg\" alt=\"\" class=\"wp-image-16743\" width=\"677\" height=\"450\" srcset=\"https:\/\/publimar.mx\/wp-content\/uploads\/2025\/06\/GOBERNADOR-PRESIDENTA-2-1024x682.jpeg 1024w, https:\/\/publimar.mx\/wp-content\/uploads\/2025\/06\/GOBERNADOR-PRESIDENTA-2-300x200.jpeg 300w, https:\/\/publimar.mx\/wp-content\/uploads\/2025\/06\/GOBERNADOR-PRESIDENTA-2-768x512.jpeg 768w, https:\/\/publimar.mx\/wp-content\/uploads\/2025\/06\/GOBERNADOR-PRESIDENTA-2.jpeg 1280w\" sizes=\"(max-width: 677px) 100vw, 677px\" \/><\/figure><\/div>\n","protected":false},"excerpt":{"rendered":"<p>San Pedro Mixtepec, Oax., 20 de junio de 2025. \u2013 Como parte de la estrategia de atenci\u00f3n inmediata tras el paso del hurac\u00e1n Erick, la Presidenta de M\u00e9xico, Claudia Sheinbaum&hellip; <\/p>\n","protected":false},"author":1,"featured_media":16742,"comment_status":"open","ping_status":"open","sticky":false,"template":"","format":"standard","meta":{"_monsterinsights_skip_tracking":false,"_monsterinsights_sitenote_active":false,"_monsterinsights_sitenote_note":"","_monsterinsights_sitenote_category":0},"categories":[6],"tags":[4258,578,4259,4170,4152,765],"yoast_head":"<!-- This site is optimized with the Yoast SEO plugin v17.0 - https:\/\/yoast.com\/wordpress\/plugins\/seo\/ -->\n<title>\ud83c\udf00Acuerdan Presidenta y Gobernador de Oaxaca censo en municipios m\u00e1s afectados por hurac\u00e1n Erick - PubliMar<\/title>\n<meta name=\"description\" content=\"Tras un sobrevuelo por zonas da\u00f1adas, Claudia Sheinbaum y Salom\u00f3n Jara acuerdan un censo casa por casa en 12 municipios de Oaxaca afectados..\" \/>\n<meta name=\"robots\" content=\"index, follow, max-snippet:-1, max-image-preview:large, max-video-preview:-1\" \/>\n<link rel=\"canonical\" href=\"https:\/\/publimar.mx\/index.php\/2025\/06\/21\/publimar-833\/\" \/>\n<meta property=\"og:locale\" content=\"es_ES\" \/>\n<meta property=\"og:type\" content=\"article\" \/>\n<meta property=\"og:title\" content=\"\ud83c\udf00Acuerdan Presidenta y Gobernador de Oaxaca censo en municipios m\u00e1s afectados por hurac\u00e1n Erick - PubliMar\" \/>\n<meta property=\"og:description\" content=\"Tras un sobrevuelo por zonas da\u00f1adas, Claudia Sheinbaum y Salom\u00f3n Jara acuerdan un censo casa por casa en 12 municipios de Oaxaca afectados..\" \/>\n<meta property=\"og:url\" content=\"https:\/\/publimar.mx\/index.php\/2025\/06\/21\/publimar-833\/\" \/>\n<meta property=\"og:site_name\" content=\"PubliMar\" \/>\n<meta property=\"article:published_time\" content=\"2025-06-21T15:11:13+00:00\" \/>\n<meta property=\"article:modified_time\" content=\"2025-06-21T15:11:16+00:00\" \/>\n<meta property=\"og:image\" content=\"https:\/\/publimar.mx\/wp-content\/uploads\/2025\/06\/GOBERNADOR-PRESIDENTA-1.jpeg\" \/>\n\t<meta property=\"og:image:width\" content=\"1280\" \/>\n\t<meta property=\"og:image:height\" content=\"853\" \/>\n<meta name=\"twitter:card\" content=\"summary_large_image\" \/>\n<meta name=\"twitter:label1\" content=\"Escrito por\" \/>\n\t<meta name=\"twitter:data1\" content=\"admin\" \/>\n\t<meta name=\"twitter:label2\" content=\"Tiempo de lectura\" \/>\n\t<meta name=\"twitter:data2\" content=\"2 minutos\" \/>\n<script type=\"application\/ld+json\" class=\"yoast-schema-graph\">{\"@context\":\"https:\/\/schema.org\",\"@graph\":[{\"@type\":\"WebSite\",\"@id\":\"https:\/\/publimar.mx\/#website\",\"url\":\"https:\/\/publimar.mx\/\",\"name\":\"PubliMar\",\"description\":\"Informaci\\u00f3n de la Costa Oaxaque\\u00f1a\",\"publisher\":{\"@id\":\"https:\/\/publimar.mx\/#\/schema\/person\/42ad4d315580276616a11863a241f558\"},\"potentialAction\":[{\"@type\":\"SearchAction\",\"target\":{\"@type\":\"EntryPoint\",\"urlTemplate\":\"https:\/\/publimar.mx\/?s={search_term_string}\"},\"query-input\":\"required name=search_term_string\"}],\"inLanguage\":\"es\"},{\"@type\":\"ImageObject\",\"@id\":\"https:\/\/publimar.mx\/index.php\/2025\/06\/21\/publimar-833\/#primaryimage\",\"inLanguage\":\"es\",\"url\":\"https:\/\/publimar.mx\/wp-content\/uploads\/2025\/06\/GOBERNADOR-PRESIDENTA-1.jpeg\",\"contentUrl\":\"https:\/\/publimar.mx\/wp-content\/uploads\/2025\/06\/GOBERNADOR-PRESIDENTA-1.jpeg\",\"width\":1280,\"height\":853},{\"@type\":\"WebPage\",\"@id\":\"https:\/\/publimar.mx\/index.php\/2025\/06\/21\/publimar-833\/#webpage\",\"url\":\"https:\/\/publimar.mx\/index.php\/2025\/06\/21\/publimar-833\/\",\"name\":\"\\ud83c\\udf00Acuerdan Presidenta y Gobernador de Oaxaca censo en municipios m\\u00e1s afectados por hurac\\u00e1n Erick - PubliMar\",\"isPartOf\":{\"@id\":\"https:\/\/publimar.mx\/#website\"},\"primaryImageOfPage\":{\"@id\":\"https:\/\/publimar.mx\/index.php\/2025\/06\/21\/publimar-833\/#primaryimage\"},\"datePublished\":\"2025-06-21T15:11:13+00:00\",\"dateModified\":\"2025-06-21T15:11:16+00:00\",\"description\":\"Tras un sobrevuelo por zonas da\\u00f1adas, Claudia Sheinbaum y Salom\\u00f3n Jara acuerdan un censo casa por casa en 12 municipios de Oaxaca afectados..\",\"breadcrumb\":{\"@id\":\"https:\/\/publimar.mx\/index.php\/2025\/06\/21\/publimar-833\/#breadcrumb\"},\"inLanguage\":\"es\",\"potentialAction\":[{\"@type\":\"ReadAction\",\"target\":[\"https:\/\/publimar.mx\/index.php\/2025\/06\/21\/publimar-833\/\"]}]},{\"@type\":\"BreadcrumbList\",\"@id\":\"https:\/\/publimar.mx\/index.php\/2025\/06\/21\/publimar-833\/#breadcrumb\",\"itemListElement\":[{\"@type\":\"ListItem\",\"position\":1,\"name\":\"Portada\",\"item\":\"https:\/\/publimar.mx\/\"},{\"@type\":\"ListItem\",\"position\":2,\"name\":\"\\ud83c\\udf00Acuerdan Presidenta y Gobernador de Oaxaca censo en municipios m\\u00e1s afectados por hurac\\u00e1n Erick\"}]},{\"@type\":[\"Article\",\"NewsArticle\"],\"@id\":\"https:\/\/publimar.mx\/index.php\/2025\/06\/21\/publimar-833\/#article\",\"isPartOf\":{\"@id\":\"https:\/\/publimar.mx\/index.php\/2025\/06\/21\/publimar-833\/#webpage\"},\"author\":{\"@id\":\"https:\/\/publimar.mx\/#\/schema\/person\/42ad4d315580276616a11863a241f558\"},\"headline\":\"\\ud83c\\udf00Acuerdan Presidenta y Gobernador de Oaxaca censo en municipios m\\u00e1s afectados por hurac\\u00e1n Erick\",\"datePublished\":\"2025-06-21T15:11:13+00:00\",\"dateModified\":\"2025-06-21T15:11:16+00:00\",\"mainEntityOfPage\":{\"@id\":\"https:\/\/publimar.mx\/index.php\/2025\/06\/21\/publimar-833\/#webpage\"},\"wordCount\":251,\"commentCount\":0,\"publisher\":{\"@id\":\"https:\/\/publimar.mx\/#\/schema\/person\/42ad4d315580276616a11863a241f558\"},\"image\":{\"@id\":\"https:\/\/publimar.mx\/index.php\/2025\/06\/21\/publimar-833\/#primaryimage\"},\"thumbnailUrl\":\"https:\/\/publimar.mx\/wp-content\/uploads\/2025\/06\/GOBERNADOR-PRESIDENTA-1.jpeg\",\"keywords\":[\"censo casa por casa\",\"Claudia Sheinbaum\",\"da\\u00f1os por hurac\\u00e1n\",\"Hurac\\u00e1n Erick\",\"municipios afectados Oaxaca\",\"salom\\u00f3n jara\"],\"articleSection\":[\"Estatal\"],\"inLanguage\":\"es\",\"potentialAction\":[{\"@type\":\"CommentAction\",\"name\":\"Comment\",\"target\":[\"https:\/\/publimar.mx\/index.php\/2025\/06\/21\/publimar-833\/#respond\"]}]},{\"@type\":[\"Person\",\"Organization\"],\"@id\":\"https:\/\/publimar.mx\/#\/schema\/person\/42ad4d315580276616a11863a241f558\",\"name\":\"admin\",\"image\":{\"@type\":\"ImageObject\",\"@id\":\"https:\/\/publimar.mx\/#personlogo\",\"inLanguage\":\"es\",\"url\":\"https:\/\/publimar.mx\/wp-content\/uploads\/2021\/08\/logo.png\",\"contentUrl\":\"https:\/\/publimar.mx\/wp-content\/uploads\/2021\/08\/logo.png\",\"width\":454,\"height\":108,\"caption\":\"admin\"},\"logo\":{\"@id\":\"https:\/\/publimar.mx\/#personlogo\"},\"sameAs\":[\"https:\/\/publimar.mx\"],\"url\":\"https:\/\/publimar.mx\/index.php\/author\/admin\/\"}]}<\/script>\n<!-- \/ Yoast SEO plugin. -->","yoast_head_json":{"title":"\ud83c\udf00Acuerdan Presidenta y Gobernador de Oaxaca censo en municipios m\u00e1s afectados por hurac\u00e1n Erick - PubliMar","description":"Tras un sobrevuelo por zonas da\u00f1adas, Claudia Sheinbaum y Salom\u00f3n Jara acuerdan un censo casa por casa en 12 municipios de Oaxaca afectados..","robots":{"index":"index","follow":"follow","max-snippet":"max-snippet:-1","max-image-preview":"max-image-preview:large","max-video-preview":"max-video-preview:-1"},"canonical":"https:\/\/publimar.mx\/index.php\/2025\/06\/21\/publimar-833\/","og_locale":"es_ES","og_type":"article","og_title":"\ud83c\udf00Acuerdan Presidenta y Gobernador de Oaxaca censo en municipios m\u00e1s afectados por hurac\u00e1n Erick - PubliMar","og_description":"Tras un sobrevuelo por zonas da\u00f1adas, Claudia Sheinbaum y Salom\u00f3n Jara acuerdan un censo casa por casa en 12 municipios de Oaxaca afectados..","og_url":"https:\/\/publimar.mx\/index.php\/2025\/06\/21\/publimar-833\/","og_site_name":"PubliMar","article_published_time":"2025-06-21T15:11:13+00:00","article_modified_time":"2025-06-21T15:11:16+00:00","og_image":[{"width":1280,"height":853,"url":"https:\/\/publimar.mx\/wp-content\/uploads\/2025\/06\/GOBERNADOR-PRESIDENTA-1.jpeg","path":"\/home\/u358712125\/domains\/publimar.mx\/public_html\/wp-content\/uploads\/2025\/06\/GOBERNADOR-PRESIDENTA-1.jpeg","size":"full","id":16742,"alt":"","pixels":1091840,"type":"image\/jpeg"}],"twitter_card":"summary_large_image","twitter_misc":{"Escrito por":"admin","Tiempo de lectura":"2 minutos"},"schema":{"@context":"https:\/\/schema.org","@graph":[{"@type":"WebSite","@id":"https:\/\/publimar.mx\/#website","url":"https:\/\/publimar.mx\/","name":"PubliMar","description":"Informaci\u00f3n de la Costa Oaxaque\u00f1a","publisher":{"@id":"https:\/\/publimar.mx\/#\/schema\/person\/42ad4d315580276616a11863a241f558"},"potentialAction":[{"@type":"SearchAction","target":{"@type":"EntryPoint","urlTemplate":"https:\/\/publimar.mx\/?s={search_term_string}"},"query-input":"required name=search_term_string"}],"inLanguage":"es"},{"@type":"ImageObject","@id":"https:\/\/publimar.mx\/index.php\/2025\/06\/21\/publimar-833\/#primaryimage","inLanguage":"es","url":"https:\/\/publimar.mx\/wp-content\/uploads\/2025\/06\/GOBERNADOR-PRESIDENTA-1.jpeg","contentUrl":"https:\/\/publimar.mx\/wp-content\/uploads\/2025\/06\/GOBERNADOR-PRESIDENTA-1.jpeg","width":1280,"height":853},{"@type":"WebPage","@id":"https:\/\/publimar.mx\/index.php\/2025\/06\/21\/publimar-833\/#webpage","url":"https:\/\/publimar.mx\/index.php\/2025\/06\/21\/publimar-833\/","name":"\ud83c\udf00Acuerdan Presidenta y Gobernador de Oaxaca censo en municipios m\u00e1s afectados por hurac\u00e1n Erick - PubliMar","isPartOf":{"@id":"https:\/\/publimar.mx\/#website"},"primaryImageOfPage":{"@id":"https:\/\/publimar.mx\/index.php\/2025\/06\/21\/publimar-833\/#primaryimage"},"datePublished":"2025-06-21T15:11:13+00:00","dateModified":"2025-06-21T15:11:16+00:00","description":"Tras un sobrevuelo por zonas da\u00f1adas, Claudia Sheinbaum y Salom\u00f3n Jara acuerdan un censo casa por casa en 12 municipios de Oaxaca afectados..","breadcrumb":{"@id":"https:\/\/publimar.mx\/index.php\/2025\/06\/21\/publimar-833\/#breadcrumb"},"inLanguage":"es","potentialAction":[{"@type":"ReadAction","target":["https:\/\/publimar.mx\/index.php\/2025\/06\/21\/publimar-833\/"]}]},{"@type":"BreadcrumbList","@id":"https:\/\/publimar.mx\/index.php\/2025\/06\/21\/publimar-833\/#breadcrumb","itemListElement":[{"@type":"ListItem","position":1,"name":"Portada","item":"https:\/\/publimar.mx\/"},{"@type":"ListItem","position":2,"name":"\ud83c\udf00Acuerdan Presidenta y Gobernador de Oaxaca censo en municipios m\u00e1s afectados por hurac\u00e1n Erick"}]},{"@type":["Article","NewsArticle"],"@id":"https:\/\/publimar.mx\/index.php\/2025\/06\/21\/publimar-833\/#article","isPartOf":{"@id":"https:\/\/publimar.mx\/index.php\/2025\/06\/21\/publimar-833\/#webpage"},"author":{"@id":"https:\/\/publimar.mx\/#\/schema\/person\/42ad4d315580276616a11863a241f558"},"headline":"\ud83c\udf00Acuerdan Presidenta y Gobernador de Oaxaca censo en municipios m\u00e1s afectados por hurac\u00e1n Erick","datePublished":"2025-06-21T15:11:13+00:00","dateModified":"2025-06-21T15:11:16+00:00","mainEntityOfPage":{"@id":"https:\/\/publimar.mx\/index.php\/2025\/06\/21\/publimar-833\/#webpage"},"wordCount":251,"commentCount":0,"publisher":{"@id":"https:\/\/publimar.mx\/#\/schema\/person\/42ad4d315580276616a11863a241f558"},"image":{"@id":"https:\/\/publimar.mx\/index.php\/2025\/06\/21\/publimar-833\/#primaryimage"},"thumbnailUrl":"https:\/\/publimar.mx\/wp-content\/uploads\/2025\/06\/GOBERNADOR-PRESIDENTA-1.jpeg","keywords":["censo casa por casa","Claudia Sheinbaum","da\u00f1os por hurac\u00e1n","Hurac\u00e1n Erick","municipios afectados Oaxaca","salom\u00f3n jara"],"articleSection":["Estatal"],"inLanguage":"es","potentialAction":[{"@type":"CommentAction","name":"Comment","target":["https:\/\/publimar.mx\/index.php\/2025\/06\/21\/publimar-833\/#respond"]}]},{"@type":["Person","Organization"],"@id":"https:\/\/publimar.mx\/#\/schema\/person\/42ad4d315580276616a11863a241f558","name":"admin","image":{"@type":"ImageObject","@id":"https:\/\/publimar.mx\/#personlogo","inLanguage":"es","url":"https:\/\/publimar.mx\/wp-content\/uploads\/2021\/08\/logo.png","contentUrl":"https:\/\/publimar.mx\/wp-content\/uploads\/2021\/08\/logo.png","width":454,"height":108,"caption":"admin"},"logo":{"@id":"https:\/\/publimar.mx\/#personlogo"},"sameAs":["https:\/\/publimar.mx"],"url":"https:\/\/publimar.mx\/index.php\/author\/admin\/"}]}},"_links":{"self":[{"href":"https:\/\/publimar.mx\/index.php\/wp-json\/wp\/v2\/posts\/16741"}],"collection":[{"href":"https:\/\/publimar.mx\/index.php\/wp-json\/wp\/v2\/posts"}],"about":[{"href":"https:\/\/publimar.mx\/index.php\/wp-json\/wp\/v2\/types\/post"}],"author":[{"embeddable":true,"href":"https:\/\/publimar.mx\/index.php\/wp-json\/wp\/v2\/users\/1"}],"replies":[{"embeddable":true,"href":"https:\/\/publimar.mx\/index.php\/wp-json\/wp\/v2\/comments?post=16741"}],"version-history":[{"count":1,"href":"https:\/\/publimar.mx\/index.php\/wp-json\/wp\/v2\/posts\/16741\/revisions"}],"predecessor-version":[{"id":16744,"href":"https:\/\/publimar.mx\/index.php\/wp-json\/wp\/v2\/posts\/16741\/revisions\/16744"}],"wp:featuredmedia":[{"embeddable":true,"href":"https:\/\/publimar.mx\/index.php\/wp-json\/wp\/v2\/media\/16742"}],"wp:attachment":[{"href":"https:\/\/publimar.mx\/index.php\/wp-json\/wp\/v2\/media?parent=16741"}],"wp:term":[{"taxonomy":"category","embeddable":true,"href":"https:\/\/publimar.mx\/index.php\/wp-json\/wp\/v2\/categories?post=16741"},{"taxonomy":"post_tag","embeddable":true,"href":"https:\/\/publimar.mx\/index.php\/wp-json\/wp\/v2\/tags?post=16741"}],"curies":[{"name":"wp","href":"https:\/\/api.w.org\/{rel}","templated":true}]}}