{"id":16197,"date":"2025-05-20T09:49:06","date_gmt":"2025-05-20T15:49:06","guid":{"rendered":"https:\/\/publimar.mx\/?p=16197"},"modified":"2025-05-20T09:49:08","modified_gmt":"2025-05-20T15:49:08","slug":"publimar-702","status":"publish","type":"post","link":"https:\/\/publimar.mx\/index.php\/2025\/05\/20\/publimar-702\/","title":{"rendered":"\u267b\ufe0f \u00a1Huatulco celebra el D\u00eda Mundial del Reciclaje!"},"content":{"rendered":"\n<div class=\"wp-block-image\"><figure class=\"alignright size-full is-resized\"><img loading=\"lazy\" src=\"https:\/\/publimar.mx\/wp-content\/uploads\/2025\/05\/Realiza-Gobierno-del-Estado-jornada-de-acopio-de-residuos-electricos-y-electronicos-en-Huatulco-3.jpeg\" alt=\"\" class=\"wp-image-16198\" width=\"450\" height=\"292\" srcset=\"https:\/\/publimar.mx\/wp-content\/uploads\/2025\/05\/Realiza-Gobierno-del-Estado-jornada-de-acopio-de-residuos-electricos-y-electronicos-en-Huatulco-3.jpeg 900w, https:\/\/publimar.mx\/wp-content\/uploads\/2025\/05\/Realiza-Gobierno-del-Estado-jornada-de-acopio-de-residuos-electricos-y-electronicos-en-Huatulco-3-300x195.jpeg 300w, https:\/\/publimar.mx\/wp-content\/uploads\/2025\/05\/Realiza-Gobierno-del-Estado-jornada-de-acopio-de-residuos-electricos-y-electronicos-en-Huatulco-3-768x498.jpeg 768w\" sizes=\"(max-width: 450px) 100vw, 450px\" \/><\/figure><\/div>\n\n\n\n<p><strong>Santa Mar\u00eda Huatulco, Oax.<\/strong> \u2013 Con motivo del <strong>D\u00eda Mundial del Reciclaje<\/strong>, conmemorado cada <strong>17 de mayo<\/strong>, el <strong>Gobierno del Estado de Oaxaca<\/strong> llev\u00f3 a cabo una <strong>jornada de acopio de residuos el\u00e9ctricos y electr\u00f3nicos<\/strong> en el municipio de <strong>Santa Mar\u00eda Huatulco<\/strong>.<\/p>\n\n\n\n<p>La actividad fue organizada por la <strong>Secretar\u00eda de Medio Ambiente, Biodiversidad, Energ\u00edas y Sostenibilidad<\/strong>, en coordinaci\u00f3n con la <strong>Direcci\u00f3n de Sustentabilidad<\/strong> del municipio, con el objetivo de <strong>disponer adecuadamente estos residuos<\/strong> e integrarlos a <strong>procesos de econom\u00eda circular<\/strong>, evitando la <strong>contaminaci\u00f3n del suelo y el agua<\/strong>.<\/p>\n\n\n\n<p>Seg\u00fan datos de la <strong>Asociaci\u00f3n Mexicana de Recicladores de Residuos Electr\u00f3nicos (AMRRE)<\/strong>, en M\u00e9xico solo se recicla el <strong>15% de los 1.5 millones de toneladas<\/strong> de residuos electr\u00f3nicos generados anualmente. Por ello, la colaboraci\u00f3n entre gobierno, sociedad civil y sector empresarial es vital para promover una <strong>cultura del reciclaje<\/strong>.<\/p>\n\n\n\n<p>Adem\u00e1s, el <strong>Departamento de Capacitaci\u00f3n y Cultura Ambiental<\/strong> present\u00f3 <strong>juegos did\u00e1cticos<\/strong> para educar al p\u00fablico sobre <strong>especies ex\u00f3ticas invasoras y fauna marina<\/strong>. Tambi\u00e9n se exhibi\u00f3 una <strong>muestra cient\u00edfica<\/strong> de insectos y ar\u00e1cnidos, destacando la riqueza natural de la regi\u00f3n.<\/p>\n\n\n\n<p>Como parte del evento, personal de la <strong>Comisi\u00f3n Estatal Forestal (Coesfo)<\/strong> ofreci\u00f3 informaci\u00f3n sobre la <strong>prevenci\u00f3n de incendios forestales<\/strong> y distribuy\u00f3 <strong>\u00e1rboles nativos<\/strong> entre los asistentes, reforzando el compromiso ambiental del estado.<\/p>\n","protected":false},"excerpt":{"rendered":"<p>Santa Mar\u00eda Huatulco, Oax. \u2013 Con motivo del D\u00eda Mundial del Reciclaje, conmemorado cada 17 de mayo, el Gobierno del Estado de Oaxaca llev\u00f3 a cabo una jornada de acopio&hellip; <\/p>\n","protected":false},"author":1,"featured_media":16198,"comment_status":"open","ping_status":"open","sticky":false,"template":"","format":"standard","meta":{"_monsterinsights_skip_tracking":false,"_monsterinsights_sitenote_active":false,"_monsterinsights_sitenote_note":"","_monsterinsights_sitenote_category":0},"categories":[1102,14],"tags":[3700,802,3695,3696,1569,961,92,3430,3698,3699,3697,1795],"yoast_head":"<!-- This site is optimized with the Yoast SEO plugin v17.0 - https:\/\/yoast.com\/wordpress\/plugins\/seo\/ -->\n<title>\u267b\ufe0f \u00a1Huatulco celebra el D\u00eda Mundial del Reciclaje! - PubliMar<\/title>\n<meta name=\"description\" content=\"En el marco del D\u00eda Mundial del Reciclaje, el Gobierno de Oaxaca organiz\u00f3 una jornada de recolecci\u00f3n de residuos electr\u00f3nicos en Huatulco,...\" \/>\n<meta name=\"robots\" content=\"index, follow, max-snippet:-1, max-image-preview:large, max-video-preview:-1\" \/>\n<link rel=\"canonical\" href=\"https:\/\/publimar.mx\/index.php\/2025\/05\/20\/publimar-702\/\" \/>\n<meta property=\"og:locale\" content=\"es_ES\" \/>\n<meta property=\"og:type\" content=\"article\" \/>\n<meta property=\"og:title\" content=\"\u267b\ufe0f \u00a1Huatulco celebra el D\u00eda Mundial del Reciclaje! - PubliMar\" \/>\n<meta property=\"og:description\" content=\"En el marco del D\u00eda Mundial del Reciclaje, el Gobierno de Oaxaca organiz\u00f3 una jornada de recolecci\u00f3n de residuos electr\u00f3nicos en Huatulco,...\" \/>\n<meta property=\"og:url\" content=\"https:\/\/publimar.mx\/index.php\/2025\/05\/20\/publimar-702\/\" \/>\n<meta property=\"og:site_name\" content=\"PubliMar\" \/>\n<meta property=\"article:published_time\" content=\"2025-05-20T15:49:06+00:00\" \/>\n<meta property=\"article:modified_time\" content=\"2025-05-20T15:49:08+00:00\" \/>\n<meta property=\"og:image\" content=\"https:\/\/publimar.mx\/wp-content\/uploads\/2025\/05\/Realiza-Gobierno-del-Estado-jornada-de-acopio-de-residuos-electricos-y-electronicos-en-Huatulco-3.jpeg\" \/>\n\t<meta property=\"og:image:width\" content=\"900\" \/>\n\t<meta property=\"og:image:height\" content=\"584\" \/>\n<meta name=\"twitter:card\" content=\"summary_large_image\" \/>\n<meta name=\"twitter:label1\" content=\"Escrito por\" \/>\n\t<meta name=\"twitter:data1\" content=\"admin\" \/>\n\t<meta name=\"twitter:label2\" content=\"Tiempo de lectura\" \/>\n\t<meta name=\"twitter:data2\" content=\"2 minutos\" \/>\n<script type=\"application\/ld+json\" class=\"yoast-schema-graph\">{\"@context\":\"https:\/\/schema.org\",\"@graph\":[{\"@type\":\"WebSite\",\"@id\":\"https:\/\/publimar.mx\/#website\",\"url\":\"https:\/\/publimar.mx\/\",\"name\":\"PubliMar\",\"description\":\"Informaci\\u00f3n de la Costa Oaxaque\\u00f1a\",\"publisher\":{\"@id\":\"https:\/\/publimar.mx\/#\/schema\/person\/42ad4d315580276616a11863a241f558\"},\"potentialAction\":[{\"@type\":\"SearchAction\",\"target\":{\"@type\":\"EntryPoint\",\"urlTemplate\":\"https:\/\/publimar.mx\/?s={search_term_string}\"},\"query-input\":\"required name=search_term_string\"}],\"inLanguage\":\"es\"},{\"@type\":\"ImageObject\",\"@id\":\"https:\/\/publimar.mx\/index.php\/2025\/05\/20\/publimar-702\/#primaryimage\",\"inLanguage\":\"es\",\"url\":\"https:\/\/publimar.mx\/wp-content\/uploads\/2025\/05\/Realiza-Gobierno-del-Estado-jornada-de-acopio-de-residuos-electricos-y-electronicos-en-Huatulco-3.jpeg\",\"contentUrl\":\"https:\/\/publimar.mx\/wp-content\/uploads\/2025\/05\/Realiza-Gobierno-del-Estado-jornada-de-acopio-de-residuos-electricos-y-electronicos-en-Huatulco-3.jpeg\",\"width\":900,\"height\":584},{\"@type\":\"WebPage\",\"@id\":\"https:\/\/publimar.mx\/index.php\/2025\/05\/20\/publimar-702\/#webpage\",\"url\":\"https:\/\/publimar.mx\/index.php\/2025\/05\/20\/publimar-702\/\",\"name\":\"\\u267b\\ufe0f \\u00a1Huatulco celebra el D\\u00eda Mundial del Reciclaje! - PubliMar\",\"isPartOf\":{\"@id\":\"https:\/\/publimar.mx\/#website\"},\"primaryImageOfPage\":{\"@id\":\"https:\/\/publimar.mx\/index.php\/2025\/05\/20\/publimar-702\/#primaryimage\"},\"datePublished\":\"2025-05-20T15:49:06+00:00\",\"dateModified\":\"2025-05-20T15:49:08+00:00\",\"description\":\"En el marco del D\\u00eda Mundial del Reciclaje, el Gobierno de Oaxaca organiz\\u00f3 una jornada de recolecci\\u00f3n de residuos electr\\u00f3nicos en Huatulco,...\",\"breadcrumb\":{\"@id\":\"https:\/\/publimar.mx\/index.php\/2025\/05\/20\/publimar-702\/#breadcrumb\"},\"inLanguage\":\"es\",\"potentialAction\":[{\"@type\":\"ReadAction\",\"target\":[\"https:\/\/publimar.mx\/index.php\/2025\/05\/20\/publimar-702\/\"]}]},{\"@type\":\"BreadcrumbList\",\"@id\":\"https:\/\/publimar.mx\/index.php\/2025\/05\/20\/publimar-702\/#breadcrumb\",\"itemListElement\":[{\"@type\":\"ListItem\",\"position\":1,\"name\":\"Portada\",\"item\":\"https:\/\/publimar.mx\/\"},{\"@type\":\"ListItem\",\"position\":2,\"name\":\"\\u267b\\ufe0f \\u00a1Huatulco celebra el D\\u00eda Mundial del Reciclaje!\"}]},{\"@type\":[\"Article\",\"NewsArticle\"],\"@id\":\"https:\/\/publimar.mx\/index.php\/2025\/05\/20\/publimar-702\/#article\",\"isPartOf\":{\"@id\":\"https:\/\/publimar.mx\/index.php\/2025\/05\/20\/publimar-702\/#webpage\"},\"author\":{\"@id\":\"https:\/\/publimar.mx\/#\/schema\/person\/42ad4d315580276616a11863a241f558\"},\"headline\":\"\\u267b\\ufe0f \\u00a1Huatulco celebra el D\\u00eda Mundial del Reciclaje!\",\"datePublished\":\"2025-05-20T15:49:06+00:00\",\"dateModified\":\"2025-05-20T15:49:08+00:00\",\"mainEntityOfPage\":{\"@id\":\"https:\/\/publimar.mx\/index.php\/2025\/05\/20\/publimar-702\/#webpage\"},\"wordCount\":241,\"commentCount\":0,\"publisher\":{\"@id\":\"https:\/\/publimar.mx\/#\/schema\/person\/42ad4d315580276616a11863a241f558\"},\"image\":{\"@id\":\"https:\/\/publimar.mx\/index.php\/2025\/05\/20\/publimar-702\/#primaryimage\"},\"thumbnailUrl\":\"https:\/\/publimar.mx\/wp-content\/uploads\/2025\/05\/Realiza-Gobierno-del-Estado-jornada-de-acopio-de-residuos-electricos-y-electronicos-en-Huatulco-3.jpeg\",\"keywords\":[\"AMRRE\",\"coesfo\",\"D\\u00eda Mundial del Reciclaje\",\"econom\\u00eda circular\",\"educaci\\u00f3n ambiental Oaxaca\",\"Gobierno de Oaxaca\",\"huatulco\",\"prevenci\\u00f3n incendios forestales\",\"reciclaje electr\\u00f3nico\",\"reciclaje en M\\u00e9xico\",\"residuos electr\\u00f3nicos\",\"Secretar\\u00eda de Medio Ambiente Oaxaca\"],\"articleSection\":[\"Ecolog\\u00eda\",\"Regional\"],\"inLanguage\":\"es\",\"potentialAction\":[{\"@type\":\"CommentAction\",\"name\":\"Comment\",\"target\":[\"https:\/\/publimar.mx\/index.php\/2025\/05\/20\/publimar-702\/#respond\"]}]},{\"@type\":[\"Person\",\"Organization\"],\"@id\":\"https:\/\/publimar.mx\/#\/schema\/person\/42ad4d315580276616a11863a241f558\",\"name\":\"admin\",\"image\":{\"@type\":\"ImageObject\",\"@id\":\"https:\/\/publimar.mx\/#personlogo\",\"inLanguage\":\"es\",\"url\":\"https:\/\/publimar.mx\/wp-content\/uploads\/2021\/08\/logo.png\",\"contentUrl\":\"https:\/\/publimar.mx\/wp-content\/uploads\/2021\/08\/logo.png\",\"width\":454,\"height\":108,\"caption\":\"admin\"},\"logo\":{\"@id\":\"https:\/\/publimar.mx\/#personlogo\"},\"sameAs\":[\"https:\/\/publimar.mx\"],\"url\":\"https:\/\/publimar.mx\/index.php\/author\/admin\/\"}]}<\/script>\n<!-- \/ Yoast SEO plugin. -->","yoast_head_json":{"title":"\u267b\ufe0f \u00a1Huatulco celebra el D\u00eda Mundial del Reciclaje! - PubliMar","description":"En el marco del D\u00eda Mundial del Reciclaje, el Gobierno de Oaxaca organiz\u00f3 una jornada de recolecci\u00f3n de residuos electr\u00f3nicos en Huatulco,...","robots":{"index":"index","follow":"follow","max-snippet":"max-snippet:-1","max-image-preview":"max-image-preview:large","max-video-preview":"max-video-preview:-1"},"canonical":"https:\/\/publimar.mx\/index.php\/2025\/05\/20\/publimar-702\/","og_locale":"es_ES","og_type":"article","og_title":"\u267b\ufe0f \u00a1Huatulco celebra el D\u00eda Mundial del Reciclaje! - PubliMar","og_description":"En el marco del D\u00eda Mundial del Reciclaje, el Gobierno de Oaxaca organiz\u00f3 una jornada de recolecci\u00f3n de residuos electr\u00f3nicos en Huatulco,...","og_url":"https:\/\/publimar.mx\/index.php\/2025\/05\/20\/publimar-702\/","og_site_name":"PubliMar","article_published_time":"2025-05-20T15:49:06+00:00","article_modified_time":"2025-05-20T15:49:08+00:00","og_image":[{"width":900,"height":584,"url":"https:\/\/publimar.mx\/wp-content\/uploads\/2025\/05\/Realiza-Gobierno-del-Estado-jornada-de-acopio-de-residuos-electricos-y-electronicos-en-Huatulco-3.jpeg","path":"\/home\/u358712125\/domains\/publimar.mx\/public_html\/wp-content\/uploads\/2025\/05\/Realiza-Gobierno-del-Estado-jornada-de-acopio-de-residuos-electricos-y-electronicos-en-Huatulco-3.jpeg","size":"full","id":16198,"alt":"","pixels":525600,"type":"image\/jpeg"}],"twitter_card":"summary_large_image","twitter_misc":{"Escrito por":"admin","Tiempo de lectura":"2 minutos"},"schema":{"@context":"https:\/\/schema.org","@graph":[{"@type":"WebSite","@id":"https:\/\/publimar.mx\/#website","url":"https:\/\/publimar.mx\/","name":"PubliMar","description":"Informaci\u00f3n de la Costa Oaxaque\u00f1a","publisher":{"@id":"https:\/\/publimar.mx\/#\/schema\/person\/42ad4d315580276616a11863a241f558"},"potentialAction":[{"@type":"SearchAction","target":{"@type":"EntryPoint","urlTemplate":"https:\/\/publimar.mx\/?s={search_term_string}"},"query-input":"required name=search_term_string"}],"inLanguage":"es"},{"@type":"ImageObject","@id":"https:\/\/publimar.mx\/index.php\/2025\/05\/20\/publimar-702\/#primaryimage","inLanguage":"es","url":"https:\/\/publimar.mx\/wp-content\/uploads\/2025\/05\/Realiza-Gobierno-del-Estado-jornada-de-acopio-de-residuos-electricos-y-electronicos-en-Huatulco-3.jpeg","contentUrl":"https:\/\/publimar.mx\/wp-content\/uploads\/2025\/05\/Realiza-Gobierno-del-Estado-jornada-de-acopio-de-residuos-electricos-y-electronicos-en-Huatulco-3.jpeg","width":900,"height":584},{"@type":"WebPage","@id":"https:\/\/publimar.mx\/index.php\/2025\/05\/20\/publimar-702\/#webpage","url":"https:\/\/publimar.mx\/index.php\/2025\/05\/20\/publimar-702\/","name":"\u267b\ufe0f \u00a1Huatulco celebra el D\u00eda Mundial del Reciclaje! - PubliMar","isPartOf":{"@id":"https:\/\/publimar.mx\/#website"},"primaryImageOfPage":{"@id":"https:\/\/publimar.mx\/index.php\/2025\/05\/20\/publimar-702\/#primaryimage"},"datePublished":"2025-05-20T15:49:06+00:00","dateModified":"2025-05-20T15:49:08+00:00","description":"En el marco del D\u00eda Mundial del Reciclaje, el Gobierno de Oaxaca organiz\u00f3 una jornada de recolecci\u00f3n de residuos electr\u00f3nicos en Huatulco,...","breadcrumb":{"@id":"https:\/\/publimar.mx\/index.php\/2025\/05\/20\/publimar-702\/#breadcrumb"},"inLanguage":"es","potentialAction":[{"@type":"ReadAction","target":["https:\/\/publimar.mx\/index.php\/2025\/05\/20\/publimar-702\/"]}]},{"@type":"BreadcrumbList","@id":"https:\/\/publimar.mx\/index.php\/2025\/05\/20\/publimar-702\/#breadcrumb","itemListElement":[{"@type":"ListItem","position":1,"name":"Portada","item":"https:\/\/publimar.mx\/"},{"@type":"ListItem","position":2,"name":"\u267b\ufe0f \u00a1Huatulco celebra el D\u00eda Mundial del Reciclaje!"}]},{"@type":["Article","NewsArticle"],"@id":"https:\/\/publimar.mx\/index.php\/2025\/05\/20\/publimar-702\/#article","isPartOf":{"@id":"https:\/\/publimar.mx\/index.php\/2025\/05\/20\/publimar-702\/#webpage"},"author":{"@id":"https:\/\/publimar.mx\/#\/schema\/person\/42ad4d315580276616a11863a241f558"},"headline":"\u267b\ufe0f \u00a1Huatulco celebra el D\u00eda Mundial del Reciclaje!","datePublished":"2025-05-20T15:49:06+00:00","dateModified":"2025-05-20T15:49:08+00:00","mainEntityOfPage":{"@id":"https:\/\/publimar.mx\/index.php\/2025\/05\/20\/publimar-702\/#webpage"},"wordCount":241,"commentCount":0,"publisher":{"@id":"https:\/\/publimar.mx\/#\/schema\/person\/42ad4d315580276616a11863a241f558"},"image":{"@id":"https:\/\/publimar.mx\/index.php\/2025\/05\/20\/publimar-702\/#primaryimage"},"thumbnailUrl":"https:\/\/publimar.mx\/wp-content\/uploads\/2025\/05\/Realiza-Gobierno-del-Estado-jornada-de-acopio-de-residuos-electricos-y-electronicos-en-Huatulco-3.jpeg","keywords":["AMRRE","coesfo","D\u00eda Mundial del Reciclaje","econom\u00eda circular","educaci\u00f3n ambiental Oaxaca","Gobierno de Oaxaca","huatulco","prevenci\u00f3n incendios forestales","reciclaje electr\u00f3nico","reciclaje en M\u00e9xico","residuos electr\u00f3nicos","Secretar\u00eda de Medio Ambiente Oaxaca"],"articleSection":["Ecolog\u00eda","Regional"],"inLanguage":"es","potentialAction":[{"@type":"CommentAction","name":"Comment","target":["https:\/\/publimar.mx\/index.php\/2025\/05\/20\/publimar-702\/#respond"]}]},{"@type":["Person","Organization"],"@id":"https:\/\/publimar.mx\/#\/schema\/person\/42ad4d315580276616a11863a241f558","name":"admin","image":{"@type":"ImageObject","@id":"https:\/\/publimar.mx\/#personlogo","inLanguage":"es","url":"https:\/\/publimar.mx\/wp-content\/uploads\/2021\/08\/logo.png","contentUrl":"https:\/\/publimar.mx\/wp-content\/uploads\/2021\/08\/logo.png","width":454,"height":108,"caption":"admin"},"logo":{"@id":"https:\/\/publimar.mx\/#personlogo"},"sameAs":["https:\/\/publimar.mx"],"url":"https:\/\/publimar.mx\/index.php\/author\/admin\/"}]}},"_links":{"self":[{"href":"https:\/\/publimar.mx\/index.php\/wp-json\/wp\/v2\/posts\/16197"}],"collection":[{"href":"https:\/\/publimar.mx\/index.php\/wp-json\/wp\/v2\/posts"}],"about":[{"href":"https:\/\/publimar.mx\/index.php\/wp-json\/wp\/v2\/types\/post"}],"author":[{"embeddable":true,"href":"https:\/\/publimar.mx\/index.php\/wp-json\/wp\/v2\/users\/1"}],"replies":[{"embeddable":true,"href":"https:\/\/publimar.mx\/index.php\/wp-json\/wp\/v2\/comments?post=16197"}],"version-history":[{"count":1,"href":"https:\/\/publimar.mx\/index.php\/wp-json\/wp\/v2\/posts\/16197\/revisions"}],"predecessor-version":[{"id":16199,"href":"https:\/\/publimar.mx\/index.php\/wp-json\/wp\/v2\/posts\/16197\/revisions\/16199"}],"wp:featuredmedia":[{"embeddable":true,"href":"https:\/\/publimar.mx\/index.php\/wp-json\/wp\/v2\/media\/16198"}],"wp:attachment":[{"href":"https:\/\/publimar.mx\/index.php\/wp-json\/wp\/v2\/media?parent=16197"}],"wp:term":[{"taxonomy":"category","embeddable":true,"href":"https:\/\/publimar.mx\/index.php\/wp-json\/wp\/v2\/categories?post=16197"},{"taxonomy":"post_tag","embeddable":true,"href":"https:\/\/publimar.mx\/index.php\/wp-json\/wp\/v2\/tags?post=16197"}],"curies":[{"name":"wp","href":"https:\/\/api.w.org\/{rel}","templated":true}]}}