{"id":16007,"date":"2025-05-05T14:53:19","date_gmt":"2025-05-05T20:53:19","guid":{"rendered":"https:\/\/publimar.mx\/?p=16007"},"modified":"2025-05-05T14:53:21","modified_gmt":"2025-05-05T20:53:21","slug":"publimar-668","status":"publish","type":"post","link":"https:\/\/publimar.mx\/index.php\/2025\/05\/05\/publimar-668\/","title":{"rendered":"\ud83d\udcca Gobernador Salom\u00f3n Jara presenta informe: 2025, a\u00f1o de consolidaci\u00f3n de la Primavera Oaxaque\u00f1a"},"content":{"rendered":"\n<div class=\"wp-block-image\"><figure class=\"alignright size-large is-resized\"><img loading=\"lazy\" src=\"https:\/\/publimar.mx\/wp-content\/uploads\/2025\/05\/Este-2025-se-consolida-la-Primavera-Oaxaquena-lo-mejor-esta-por-venir-Salomon-Jara-2-1024x682.jpeg\" alt=\"\" class=\"wp-image-16008\" width=\"512\" height=\"341\" srcset=\"https:\/\/publimar.mx\/wp-content\/uploads\/2025\/05\/Este-2025-se-consolida-la-Primavera-Oaxaquena-lo-mejor-esta-por-venir-Salomon-Jara-2-1024x682.jpeg 1024w, https:\/\/publimar.mx\/wp-content\/uploads\/2025\/05\/Este-2025-se-consolida-la-Primavera-Oaxaquena-lo-mejor-esta-por-venir-Salomon-Jara-2-300x200.jpeg 300w, https:\/\/publimar.mx\/wp-content\/uploads\/2025\/05\/Este-2025-se-consolida-la-Primavera-Oaxaquena-lo-mejor-esta-por-venir-Salomon-Jara-2-768x512.jpeg 768w, https:\/\/publimar.mx\/wp-content\/uploads\/2025\/05\/Este-2025-se-consolida-la-Primavera-Oaxaquena-lo-mejor-esta-por-venir-Salomon-Jara-2.jpeg 1280w\" sizes=\"(max-width: 512px) 100vw, 512px\" \/><\/figure><\/div>\n\n\n\n<p><strong>Oaxaca de Ju\u00e1rez, Oax. \u2013 Abril 2025.<\/strong><br>Con el compromiso de continuar la transformaci\u00f3n del estado, el <strong>Gobernador Salom\u00f3n Jara Cruz<\/strong> present\u00f3 su <strong>Primer Informe Trimestral de 2025<\/strong>, destacando que este ser\u00e1 el a\u00f1o de la consolidaci\u00f3n de la <em>Primavera Oaxaque\u00f1a<\/em>, con resultados sin precedentes en beneficio de la poblaci\u00f3n oaxaque\u00f1a.<\/p>\n\n\n\n<p>Ante representantes de los tres poderes del estado, el mandatario estatal resalt\u00f3 que su gobierno ha trabajado m\u00e1s y mejor que administraciones anteriores, con <strong>acciones focalizadas en las ocho regiones<\/strong> de Oaxaca.<\/p>\n\n\n\n<h3>\ud83d\udcc8 Obras e inversi\u00f3n hist\u00f3rica<\/h3>\n\n\n\n<p>Jara Cruz enfatiz\u00f3 que se est\u00e1 saldando una <strong>deuda hist\u00f3rica con el pueblo<\/strong>, con <strong>m\u00e1s inversi\u00f3n y mejor distribuci\u00f3n de recursos<\/strong>:<\/p>\n\n\n\n<ul><li class=\"\"><strong>Infraestructura carretera:<\/strong> incremento del 231%, pasando de 550 mdp a 2,614 mdp con 324 proyectos ejecutados (2023\u20132024).<\/li><li class=\"\"><strong>Agua y saneamiento:<\/strong> inversi\u00f3n de 912.7 mdp mediante <strong>Ceabien<\/strong> y <strong>Soapa<\/strong>, superando por 13 veces lo ejercido en gobiernos anteriores.<\/li><li class=\"\"><strong>Infraestructura social y ambiental:<\/strong><ul><li class=\"\">Construcci\u00f3n de la <strong>presa Margarita Maza<\/strong><\/li><li class=\"\">Ciudad de la Salud<\/li><li class=\"\">Programa Integral de Abasto de Agua<\/li><li class=\"\"><strong>Saneamiento de los r\u00edos Atoyac y Salado<\/strong><\/li><li class=\"\">CIRRSU: Centro Integral de Revalorizaci\u00f3n de Residuos S\u00f3lidos Urbanos<\/li><\/ul><\/li><\/ul>\n\n\n\n<h3>\ud83d\ude86 Corredor Interoce\u00e1nico y desarrollo regional<\/h3>\n\n\n\n<p>Uno de los proyectos estrat\u00e9gicos es el avance del <strong>Corredor Interoce\u00e1nico del Istmo de Tehuantepec (CIIT)<\/strong>, el cual \u2014seg\u00fan el Gobernador\u2014 <strong>posicionar\u00e1 a Oaxaca como el mejor lugar para invertir en las pr\u00f3ximas seis d\u00e9cadas<\/strong>, convirti\u00e9ndolo en una nueva ruta del comercio global.<\/p>\n\n\n\n<blockquote class=\"wp-block-quote\"><p class=\"\">\u201cLa Primavera Oaxaque\u00f1a representa bienestar y prosperidad compartida&#8230; Lo mejor est\u00e1 por venir\u201d, asegur\u00f3 Jara.<\/p><\/blockquote>\n\n\n\n<h3>\ud83d\udee0\ufe0f M\u00e1s de 2,900 obras en marcha<\/h3>\n\n\n\n<p>A diferencia de administraciones pasadas, se\u00f1al\u00f3, ahora <strong>todos los municipios cuentan con al menos una obra<\/strong>, resultado de un nuevo modelo de <strong>planeaci\u00f3n regional participativa<\/strong>. Gracias a ello:<\/p>\n\n\n\n<ul><li class=\"\"><strong>2,917 obras p\u00fablicas<\/strong> han sido autorizadas hasta marzo de 2025<\/li><li class=\"\"><strong>8,695.6 millones de pesos<\/strong> han sido destinados al sector infraestructura<\/li><\/ul>\n\n\n\n<p>Con estas cifras, <strong>Oaxaca se consolida como el estado con m\u00e1s obras ejecutadas en el sur-sureste del pa\u00eds<\/strong>, y como <strong>motor del desarrollo regional<\/strong>, destac\u00f3 el mandatario.<\/p>\n","protected":false},"excerpt":{"rendered":"<p>Oaxaca de Ju\u00e1rez, Oax. \u2013 Abril 2025.Con el compromiso de continuar la transformaci\u00f3n del estado, el Gobernador Salom\u00f3n Jara Cruz present\u00f3 su Primer Informe Trimestral de 2025, destacando que este&hellip; <\/p>\n","protected":false},"author":1,"featured_media":16008,"comment_status":"open","ping_status":"open","sticky":false,"template":"","format":"standard","meta":{"_monsterinsights_skip_tracking":false,"_monsterinsights_sitenote_active":false,"_monsterinsights_sitenote_note":"","_monsterinsights_sitenote_category":0},"categories":[6,13],"tags":[3490,3489,1320,3491,2042],"yoast_head":"<!-- This site is optimized with the Yoast SEO plugin v17.0 - https:\/\/yoast.com\/wordpress\/plugins\/seo\/ -->\n<title>\ud83d\udcca Gobernador Salom\u00f3n Jara presenta informe: 2025, a\u00f1o de consolidaci\u00f3n de la Primavera Oaxaque\u00f1a - PubliMar<\/title>\n<meta name=\"description\" content=\"El gobernador Salom\u00f3n Jara present\u00f3 su informe trimestral 2025 destacando inversi\u00f3n hist\u00f3rica en infraestructura, agua, salud y desarrollo ...\" \/>\n<meta name=\"robots\" content=\"index, follow, max-snippet:-1, max-image-preview:large, max-video-preview:-1\" \/>\n<link rel=\"canonical\" href=\"https:\/\/publimar.mx\/index.php\/2025\/05\/05\/publimar-668\/\" \/>\n<meta property=\"og:locale\" content=\"es_ES\" \/>\n<meta property=\"og:type\" content=\"article\" \/>\n<meta property=\"og:title\" content=\"\ud83d\udcca Gobernador Salom\u00f3n Jara presenta informe: 2025, a\u00f1o de consolidaci\u00f3n de la Primavera Oaxaque\u00f1a - PubliMar\" \/>\n<meta property=\"og:description\" content=\"El gobernador Salom\u00f3n Jara present\u00f3 su informe trimestral 2025 destacando inversi\u00f3n hist\u00f3rica en infraestructura, agua, salud y desarrollo ...\" \/>\n<meta property=\"og:url\" content=\"https:\/\/publimar.mx\/index.php\/2025\/05\/05\/publimar-668\/\" \/>\n<meta property=\"og:site_name\" content=\"PubliMar\" \/>\n<meta property=\"article:published_time\" content=\"2025-05-05T20:53:19+00:00\" \/>\n<meta property=\"article:modified_time\" content=\"2025-05-05T20:53:21+00:00\" \/>\n<meta property=\"og:image\" content=\"https:\/\/publimar.mx\/wp-content\/uploads\/2025\/05\/Este-2025-se-consolida-la-Primavera-Oaxaquena-lo-mejor-esta-por-venir-Salomon-Jara-2.jpeg\" \/>\n\t<meta property=\"og:image:width\" content=\"1280\" \/>\n\t<meta property=\"og:image:height\" content=\"853\" \/>\n<meta name=\"twitter:card\" content=\"summary_large_image\" \/>\n<meta name=\"twitter:label1\" content=\"Escrito por\" \/>\n\t<meta name=\"twitter:data1\" content=\"admin\" \/>\n\t<meta name=\"twitter:label2\" content=\"Tiempo de lectura\" \/>\n\t<meta name=\"twitter:data2\" content=\"2 minutos\" \/>\n<script type=\"application\/ld+json\" class=\"yoast-schema-graph\">{\"@context\":\"https:\/\/schema.org\",\"@graph\":[{\"@type\":\"WebSite\",\"@id\":\"https:\/\/publimar.mx\/#website\",\"url\":\"https:\/\/publimar.mx\/\",\"name\":\"PubliMar\",\"description\":\"Informaci\\u00f3n de la Costa Oaxaque\\u00f1a\",\"publisher\":{\"@id\":\"https:\/\/publimar.mx\/#\/schema\/person\/42ad4d315580276616a11863a241f558\"},\"potentialAction\":[{\"@type\":\"SearchAction\",\"target\":{\"@type\":\"EntryPoint\",\"urlTemplate\":\"https:\/\/publimar.mx\/?s={search_term_string}\"},\"query-input\":\"required name=search_term_string\"}],\"inLanguage\":\"es\"},{\"@type\":\"ImageObject\",\"@id\":\"https:\/\/publimar.mx\/index.php\/2025\/05\/05\/publimar-668\/#primaryimage\",\"inLanguage\":\"es\",\"url\":\"https:\/\/publimar.mx\/wp-content\/uploads\/2025\/05\/Este-2025-se-consolida-la-Primavera-Oaxaquena-lo-mejor-esta-por-venir-Salomon-Jara-2.jpeg\",\"contentUrl\":\"https:\/\/publimar.mx\/wp-content\/uploads\/2025\/05\/Este-2025-se-consolida-la-Primavera-Oaxaquena-lo-mejor-esta-por-venir-Salomon-Jara-2.jpeg\",\"width\":1280,\"height\":853},{\"@type\":\"WebPage\",\"@id\":\"https:\/\/publimar.mx\/index.php\/2025\/05\/05\/publimar-668\/#webpage\",\"url\":\"https:\/\/publimar.mx\/index.php\/2025\/05\/05\/publimar-668\/\",\"name\":\"\\ud83d\\udcca Gobernador Salom\\u00f3n Jara presenta informe: 2025, a\\u00f1o de consolidaci\\u00f3n de la Primavera Oaxaque\\u00f1a - PubliMar\",\"isPartOf\":{\"@id\":\"https:\/\/publimar.mx\/#website\"},\"primaryImageOfPage\":{\"@id\":\"https:\/\/publimar.mx\/index.php\/2025\/05\/05\/publimar-668\/#primaryimage\"},\"datePublished\":\"2025-05-05T20:53:19+00:00\",\"dateModified\":\"2025-05-05T20:53:21+00:00\",\"description\":\"El gobernador Salom\\u00f3n Jara present\\u00f3 su informe trimestral 2025 destacando inversi\\u00f3n hist\\u00f3rica en infraestructura, agua, salud y desarrollo ...\",\"breadcrumb\":{\"@id\":\"https:\/\/publimar.mx\/index.php\/2025\/05\/05\/publimar-668\/#breadcrumb\"},\"inLanguage\":\"es\",\"potentialAction\":[{\"@type\":\"ReadAction\",\"target\":[\"https:\/\/publimar.mx\/index.php\/2025\/05\/05\/publimar-668\/\"]}]},{\"@type\":\"BreadcrumbList\",\"@id\":\"https:\/\/publimar.mx\/index.php\/2025\/05\/05\/publimar-668\/#breadcrumb\",\"itemListElement\":[{\"@type\":\"ListItem\",\"position\":1,\"name\":\"Portada\",\"item\":\"https:\/\/publimar.mx\/\"},{\"@type\":\"ListItem\",\"position\":2,\"name\":\"\\ud83d\\udcca Gobernador Salom\\u00f3n Jara presenta informe: 2025, a\\u00f1o de consolidaci\\u00f3n de la Primavera Oaxaque\\u00f1a\"}]},{\"@type\":[\"Article\",\"NewsArticle\"],\"@id\":\"https:\/\/publimar.mx\/index.php\/2025\/05\/05\/publimar-668\/#article\",\"isPartOf\":{\"@id\":\"https:\/\/publimar.mx\/index.php\/2025\/05\/05\/publimar-668\/#webpage\"},\"author\":{\"@id\":\"https:\/\/publimar.mx\/#\/schema\/person\/42ad4d315580276616a11863a241f558\"},\"headline\":\"\\ud83d\\udcca Gobernador Salom\\u00f3n Jara presenta informe: 2025, a\\u00f1o de consolidaci\\u00f3n de la Primavera Oaxaque\\u00f1a\",\"datePublished\":\"2025-05-05T20:53:19+00:00\",\"dateModified\":\"2025-05-05T20:53:21+00:00\",\"mainEntityOfPage\":{\"@id\":\"https:\/\/publimar.mx\/index.php\/2025\/05\/05\/publimar-668\/#webpage\"},\"wordCount\":357,\"commentCount\":0,\"publisher\":{\"@id\":\"https:\/\/publimar.mx\/#\/schema\/person\/42ad4d315580276616a11863a241f558\"},\"image\":{\"@id\":\"https:\/\/publimar.mx\/index.php\/2025\/05\/05\/publimar-668\/#primaryimage\"},\"thumbnailUrl\":\"https:\/\/publimar.mx\/wp-content\/uploads\/2025\/05\/Este-2025-se-consolida-la-Primavera-Oaxaquena-lo-mejor-esta-por-venir-Salomon-Jara-2.jpeg\",\"keywords\":[\"inversi\\u00f3n p\\u00fablica Oaxaca\",\"obras en Oaxaca\",\"Primavera Oaxaque\\u00f1a\",\"Salom\\u00f3n Jara informe 2025\",\"transformaci\\u00f3n Oaxaca\"],\"articleSection\":[\"Estatal\",\"Pol\\u00edtica\"],\"inLanguage\":\"es\",\"potentialAction\":[{\"@type\":\"CommentAction\",\"name\":\"Comment\",\"target\":[\"https:\/\/publimar.mx\/index.php\/2025\/05\/05\/publimar-668\/#respond\"]}]},{\"@type\":[\"Person\",\"Organization\"],\"@id\":\"https:\/\/publimar.mx\/#\/schema\/person\/42ad4d315580276616a11863a241f558\",\"name\":\"admin\",\"image\":{\"@type\":\"ImageObject\",\"@id\":\"https:\/\/publimar.mx\/#personlogo\",\"inLanguage\":\"es\",\"url\":\"https:\/\/publimar.mx\/wp-content\/uploads\/2021\/08\/logo.png\",\"contentUrl\":\"https:\/\/publimar.mx\/wp-content\/uploads\/2021\/08\/logo.png\",\"width\":454,\"height\":108,\"caption\":\"admin\"},\"logo\":{\"@id\":\"https:\/\/publimar.mx\/#personlogo\"},\"sameAs\":[\"https:\/\/publimar.mx\"],\"url\":\"https:\/\/publimar.mx\/index.php\/author\/admin\/\"}]}<\/script>\n<!-- \/ Yoast SEO plugin. -->","yoast_head_json":{"title":"\ud83d\udcca Gobernador Salom\u00f3n Jara presenta informe: 2025, a\u00f1o de consolidaci\u00f3n de la Primavera Oaxaque\u00f1a - PubliMar","description":"El gobernador Salom\u00f3n Jara present\u00f3 su informe trimestral 2025 destacando inversi\u00f3n hist\u00f3rica en infraestructura, agua, salud y desarrollo ...","robots":{"index":"index","follow":"follow","max-snippet":"max-snippet:-1","max-image-preview":"max-image-preview:large","max-video-preview":"max-video-preview:-1"},"canonical":"https:\/\/publimar.mx\/index.php\/2025\/05\/05\/publimar-668\/","og_locale":"es_ES","og_type":"article","og_title":"\ud83d\udcca Gobernador Salom\u00f3n Jara presenta informe: 2025, a\u00f1o de consolidaci\u00f3n de la Primavera Oaxaque\u00f1a - PubliMar","og_description":"El gobernador Salom\u00f3n Jara present\u00f3 su informe trimestral 2025 destacando inversi\u00f3n hist\u00f3rica en infraestructura, agua, salud y desarrollo ...","og_url":"https:\/\/publimar.mx\/index.php\/2025\/05\/05\/publimar-668\/","og_site_name":"PubliMar","article_published_time":"2025-05-05T20:53:19+00:00","article_modified_time":"2025-05-05T20:53:21+00:00","og_image":[{"width":1280,"height":853,"url":"https:\/\/publimar.mx\/wp-content\/uploads\/2025\/05\/Este-2025-se-consolida-la-Primavera-Oaxaquena-lo-mejor-esta-por-venir-Salomon-Jara-2.jpeg","path":"\/home\/u358712125\/domains\/publimar.mx\/public_html\/wp-content\/uploads\/2025\/05\/Este-2025-se-consolida-la-Primavera-Oaxaquena-lo-mejor-esta-por-venir-Salomon-Jara-2.jpeg","size":"full","id":16008,"alt":"","pixels":1091840,"type":"image\/jpeg"}],"twitter_card":"summary_large_image","twitter_misc":{"Escrito por":"admin","Tiempo de lectura":"2 minutos"},"schema":{"@context":"https:\/\/schema.org","@graph":[{"@type":"WebSite","@id":"https:\/\/publimar.mx\/#website","url":"https:\/\/publimar.mx\/","name":"PubliMar","description":"Informaci\u00f3n de la Costa Oaxaque\u00f1a","publisher":{"@id":"https:\/\/publimar.mx\/#\/schema\/person\/42ad4d315580276616a11863a241f558"},"potentialAction":[{"@type":"SearchAction","target":{"@type":"EntryPoint","urlTemplate":"https:\/\/publimar.mx\/?s={search_term_string}"},"query-input":"required name=search_term_string"}],"inLanguage":"es"},{"@type":"ImageObject","@id":"https:\/\/publimar.mx\/index.php\/2025\/05\/05\/publimar-668\/#primaryimage","inLanguage":"es","url":"https:\/\/publimar.mx\/wp-content\/uploads\/2025\/05\/Este-2025-se-consolida-la-Primavera-Oaxaquena-lo-mejor-esta-por-venir-Salomon-Jara-2.jpeg","contentUrl":"https:\/\/publimar.mx\/wp-content\/uploads\/2025\/05\/Este-2025-se-consolida-la-Primavera-Oaxaquena-lo-mejor-esta-por-venir-Salomon-Jara-2.jpeg","width":1280,"height":853},{"@type":"WebPage","@id":"https:\/\/publimar.mx\/index.php\/2025\/05\/05\/publimar-668\/#webpage","url":"https:\/\/publimar.mx\/index.php\/2025\/05\/05\/publimar-668\/","name":"\ud83d\udcca Gobernador Salom\u00f3n Jara presenta informe: 2025, a\u00f1o de consolidaci\u00f3n de la Primavera Oaxaque\u00f1a - PubliMar","isPartOf":{"@id":"https:\/\/publimar.mx\/#website"},"primaryImageOfPage":{"@id":"https:\/\/publimar.mx\/index.php\/2025\/05\/05\/publimar-668\/#primaryimage"},"datePublished":"2025-05-05T20:53:19+00:00","dateModified":"2025-05-05T20:53:21+00:00","description":"El gobernador Salom\u00f3n Jara present\u00f3 su informe trimestral 2025 destacando inversi\u00f3n hist\u00f3rica en infraestructura, agua, salud y desarrollo ...","breadcrumb":{"@id":"https:\/\/publimar.mx\/index.php\/2025\/05\/05\/publimar-668\/#breadcrumb"},"inLanguage":"es","potentialAction":[{"@type":"ReadAction","target":["https:\/\/publimar.mx\/index.php\/2025\/05\/05\/publimar-668\/"]}]},{"@type":"BreadcrumbList","@id":"https:\/\/publimar.mx\/index.php\/2025\/05\/05\/publimar-668\/#breadcrumb","itemListElement":[{"@type":"ListItem","position":1,"name":"Portada","item":"https:\/\/publimar.mx\/"},{"@type":"ListItem","position":2,"name":"\ud83d\udcca Gobernador Salom\u00f3n Jara presenta informe: 2025, a\u00f1o de consolidaci\u00f3n de la Primavera Oaxaque\u00f1a"}]},{"@type":["Article","NewsArticle"],"@id":"https:\/\/publimar.mx\/index.php\/2025\/05\/05\/publimar-668\/#article","isPartOf":{"@id":"https:\/\/publimar.mx\/index.php\/2025\/05\/05\/publimar-668\/#webpage"},"author":{"@id":"https:\/\/publimar.mx\/#\/schema\/person\/42ad4d315580276616a11863a241f558"},"headline":"\ud83d\udcca Gobernador Salom\u00f3n Jara presenta informe: 2025, a\u00f1o de consolidaci\u00f3n de la Primavera Oaxaque\u00f1a","datePublished":"2025-05-05T20:53:19+00:00","dateModified":"2025-05-05T20:53:21+00:00","mainEntityOfPage":{"@id":"https:\/\/publimar.mx\/index.php\/2025\/05\/05\/publimar-668\/#webpage"},"wordCount":357,"commentCount":0,"publisher":{"@id":"https:\/\/publimar.mx\/#\/schema\/person\/42ad4d315580276616a11863a241f558"},"image":{"@id":"https:\/\/publimar.mx\/index.php\/2025\/05\/05\/publimar-668\/#primaryimage"},"thumbnailUrl":"https:\/\/publimar.mx\/wp-content\/uploads\/2025\/05\/Este-2025-se-consolida-la-Primavera-Oaxaquena-lo-mejor-esta-por-venir-Salomon-Jara-2.jpeg","keywords":["inversi\u00f3n p\u00fablica Oaxaca","obras en Oaxaca","Primavera Oaxaque\u00f1a","Salom\u00f3n Jara informe 2025","transformaci\u00f3n Oaxaca"],"articleSection":["Estatal","Pol\u00edtica"],"inLanguage":"es","potentialAction":[{"@type":"CommentAction","name":"Comment","target":["https:\/\/publimar.mx\/index.php\/2025\/05\/05\/publimar-668\/#respond"]}]},{"@type":["Person","Organization"],"@id":"https:\/\/publimar.mx\/#\/schema\/person\/42ad4d315580276616a11863a241f558","name":"admin","image":{"@type":"ImageObject","@id":"https:\/\/publimar.mx\/#personlogo","inLanguage":"es","url":"https:\/\/publimar.mx\/wp-content\/uploads\/2021\/08\/logo.png","contentUrl":"https:\/\/publimar.mx\/wp-content\/uploads\/2021\/08\/logo.png","width":454,"height":108,"caption":"admin"},"logo":{"@id":"https:\/\/publimar.mx\/#personlogo"},"sameAs":["https:\/\/publimar.mx"],"url":"https:\/\/publimar.mx\/index.php\/author\/admin\/"}]}},"_links":{"self":[{"href":"https:\/\/publimar.mx\/index.php\/wp-json\/wp\/v2\/posts\/16007"}],"collection":[{"href":"https:\/\/publimar.mx\/index.php\/wp-json\/wp\/v2\/posts"}],"about":[{"href":"https:\/\/publimar.mx\/index.php\/wp-json\/wp\/v2\/types\/post"}],"author":[{"embeddable":true,"href":"https:\/\/publimar.mx\/index.php\/wp-json\/wp\/v2\/users\/1"}],"replies":[{"embeddable":true,"href":"https:\/\/publimar.mx\/index.php\/wp-json\/wp\/v2\/comments?post=16007"}],"version-history":[{"count":1,"href":"https:\/\/publimar.mx\/index.php\/wp-json\/wp\/v2\/posts\/16007\/revisions"}],"predecessor-version":[{"id":16009,"href":"https:\/\/publimar.mx\/index.php\/wp-json\/wp\/v2\/posts\/16007\/revisions\/16009"}],"wp:featuredmedia":[{"embeddable":true,"href":"https:\/\/publimar.mx\/index.php\/wp-json\/wp\/v2\/media\/16008"}],"wp:attachment":[{"href":"https:\/\/publimar.mx\/index.php\/wp-json\/wp\/v2\/media?parent=16007"}],"wp:term":[{"taxonomy":"category","embeddable":true,"href":"https:\/\/publimar.mx\/index.php\/wp-json\/wp\/v2\/categories?post=16007"},{"taxonomy":"post_tag","embeddable":true,"href":"https:\/\/publimar.mx\/index.php\/wp-json\/wp\/v2\/tags?post=16007"}],"curies":[{"name":"wp","href":"https:\/\/api.w.org\/{rel}","templated":true}]}}