{"id":15764,"date":"2025-04-22T08:41:29","date_gmt":"2025-04-22T14:41:29","guid":{"rendered":"https:\/\/publimar.mx\/?p=15764"},"modified":"2025-04-22T08:41:31","modified_gmt":"2025-04-22T14:41:31","slug":"publimar-623","status":"publish","type":"post","link":"https:\/\/publimar.mx\/index.php\/2025\/04\/22\/publimar-623\/","title":{"rendered":"Gobernador Salom\u00f3n Jara promueve participaci\u00f3n ciudadana en elecci\u00f3n judicial hist\u00f3rica"},"content":{"rendered":"\n<div class=\"wp-block-image\"><figure class=\"alignright size-large is-resized\"><img loading=\"lazy\" src=\"https:\/\/publimar.mx\/wp-content\/uploads\/2025\/04\/Promueve-Gobernador-Salomon-Jara-participacion-ciudadana-en-eleccion-judicial-682x1024.jpeg\" alt=\"\" class=\"wp-image-15765\" width=\"341\" height=\"512\" srcset=\"https:\/\/publimar.mx\/wp-content\/uploads\/2025\/04\/Promueve-Gobernador-Salomon-Jara-participacion-ciudadana-en-eleccion-judicial-682x1024.jpeg 682w, https:\/\/publimar.mx\/wp-content\/uploads\/2025\/04\/Promueve-Gobernador-Salomon-Jara-participacion-ciudadana-en-eleccion-judicial-200x300.jpeg 200w, https:\/\/publimar.mx\/wp-content\/uploads\/2025\/04\/Promueve-Gobernador-Salomon-Jara-participacion-ciudadana-en-eleccion-judicial-768x1152.jpeg 768w, https:\/\/publimar.mx\/wp-content\/uploads\/2025\/04\/Promueve-Gobernador-Salomon-Jara-participacion-ciudadana-en-eleccion-judicial.jpeg 853w\" sizes=\"(max-width: 341px) 100vw, 341px\" \/><\/figure><\/div>\n\n\n\n<p>En conferencia de prensa, el Gobernador Salom\u00f3n Jara Cruz celebr\u00f3 la reciente resoluci\u00f3n del Tribunal Electoral del Poder Judicial de la Federaci\u00f3n (TEPJF) que permite a autoridades y servidores p\u00fablicos promover la participaci\u00f3n ciudadana en la primera elecci\u00f3n popular de jueces y magistrados.<\/p>\n\n\n\n<blockquote class=\"wp-block-quote\"><p class=\"\">\u201cHoy, respetuosos de la Constituci\u00f3n y de las leyes, promovemos la elecci\u00f3n, no candidaturas en particular\u201d, afirm\u00f3 el mandatario estatal.<\/p><\/blockquote>\n\n\n\n<p>Jara Cruz destac\u00f3 que esta decisi\u00f3n del TEPJF fortalece la democracia participativa y elimina restricciones impuestas por el Instituto Nacional Electoral (INE), que imped\u00edan a los gobiernos informar sobre el proceso.<\/p>\n\n\n\n<blockquote class=\"wp-block-quote\"><p class=\"\">\u201cEse acuerdo era un ataque a la democracia. Limitar la informaci\u00f3n al pueblo era inaceptable\u201d, agreg\u00f3.<\/p><\/blockquote>\n\n\n\n<h3>Convocatoria semanal a participar<\/h3>\n\n\n\n<p>El Gobernador anunci\u00f3 que cada lunes, durante sus conferencias, har\u00e1 un llamado a la ciudadan\u00eda para sumarse a este ejercicio hist\u00f3rico, que permitir\u00e1 elegir por primera vez a integrantes del Poder Judicial federal.<\/p>\n\n\n\n<h3>\u00bfQu\u00e9 se votar\u00e1 el 1 de junio?<\/h3>\n\n\n\n<p>Geovany V\u00e1squez Sagrero, titular de la Consejer\u00eda Jur\u00eddica del Gobierno de Oaxaca, explic\u00f3 que el 1 de junio se elegir\u00e1n:<\/p>\n\n\n\n<ul><li class=\"\"><strong>5 mujeres y 4 hombres<\/strong> para integrar la <strong>Suprema Corte de Justicia de la Naci\u00f3n<\/strong><\/li><li class=\"\"><strong>6 cargos adicionales<\/strong> dentro del sistema judicial<\/li><\/ul>\n\n\n\n<h3>Llamado a la \u00e9tica p\u00fablica<\/h3>\n\n\n\n<p>Finalmente, el gobernador exhort\u00f3 a los servidores p\u00fablicos a conducirse con honestidad, austeridad y vocaci\u00f3n de servicio.<\/p>\n\n\n\n<blockquote class=\"wp-block-quote\"><p class=\"\">\u201cPara mantener la confianza del pueblo debemos rendir cuentas claras, recorrer los municipios y resistir las tentaciones del poder. Lo hacemos por convicci\u00f3n\u201d, concluy\u00f3.<\/p><\/blockquote>\n","protected":false},"excerpt":{"rendered":"<p>En conferencia de prensa, el Gobernador Salom\u00f3n Jara Cruz celebr\u00f3 la reciente resoluci\u00f3n del Tribunal Electoral del Poder Judicial de la Federaci\u00f3n (TEPJF) que permite a autoridades y servidores p\u00fablicos&hellip; <\/p>\n","protected":false},"author":1,"featured_media":15765,"comment_status":"open","ping_status":"open","sticky":false,"template":"","format":"standard","meta":{"_monsterinsights_skip_tracking":false,"_monsterinsights_sitenote_active":false,"_monsterinsights_sitenote_note":"","_monsterinsights_sitenote_category":0},"categories":[6,13,20],"tags":[3197,3193,3196,3192,3195,3194,3191],"yoast_head":"<!-- This site is optimized with the Yoast SEO plugin v17.0 - https:\/\/yoast.com\/wordpress\/plugins\/seo\/ -->\n<title>Gobernador Salom\u00f3n Jara promueve participaci\u00f3n ciudadana en elecci\u00f3n judicial hist\u00f3rica - PubliMar<\/title>\n<meta name=\"description\" content=\"Conoce c\u00f3mo participar en las hist\u00f3ricas Elecciones del Poder Judicial 2025. Oaxaca impulsa el voto ciudadano y defiende la democracia par...\" \/>\n<meta name=\"robots\" content=\"index, follow, max-snippet:-1, max-image-preview:large, max-video-preview:-1\" \/>\n<link rel=\"canonical\" href=\"https:\/\/publimar.mx\/index.php\/2025\/04\/22\/publimar-623\/\" \/>\n<meta property=\"og:locale\" content=\"es_ES\" \/>\n<meta property=\"og:type\" content=\"article\" \/>\n<meta property=\"og:title\" content=\"Gobernador Salom\u00f3n Jara promueve participaci\u00f3n ciudadana en elecci\u00f3n judicial hist\u00f3rica - PubliMar\" \/>\n<meta property=\"og:description\" content=\"Conoce c\u00f3mo participar en las hist\u00f3ricas Elecciones del Poder Judicial 2025. Oaxaca impulsa el voto ciudadano y defiende la democracia par...\" \/>\n<meta property=\"og:url\" content=\"https:\/\/publimar.mx\/index.php\/2025\/04\/22\/publimar-623\/\" \/>\n<meta property=\"og:site_name\" content=\"PubliMar\" \/>\n<meta property=\"article:published_time\" content=\"2025-04-22T14:41:29+00:00\" \/>\n<meta property=\"article:modified_time\" content=\"2025-04-22T14:41:31+00:00\" \/>\n<meta property=\"og:image\" content=\"https:\/\/publimar.mx\/wp-content\/uploads\/2025\/04\/Promueve-Gobernador-Salomon-Jara-participacion-ciudadana-en-eleccion-judicial.jpeg\" \/>\n\t<meta property=\"og:image:width\" content=\"853\" \/>\n\t<meta property=\"og:image:height\" content=\"1280\" \/>\n<meta name=\"twitter:card\" content=\"summary_large_image\" \/>\n<meta name=\"twitter:label1\" content=\"Escrito por\" \/>\n\t<meta name=\"twitter:data1\" content=\"admin\" \/>\n\t<meta name=\"twitter:label2\" content=\"Tiempo de lectura\" \/>\n\t<meta name=\"twitter:data2\" content=\"2 minutos\" \/>\n<script type=\"application\/ld+json\" class=\"yoast-schema-graph\">{\"@context\":\"https:\/\/schema.org\",\"@graph\":[{\"@type\":\"WebSite\",\"@id\":\"https:\/\/publimar.mx\/#website\",\"url\":\"https:\/\/publimar.mx\/\",\"name\":\"PubliMar\",\"description\":\"Informaci\\u00f3n de la Costa Oaxaque\\u00f1a\",\"publisher\":{\"@id\":\"https:\/\/publimar.mx\/#\/schema\/person\/42ad4d315580276616a11863a241f558\"},\"potentialAction\":[{\"@type\":\"SearchAction\",\"target\":{\"@type\":\"EntryPoint\",\"urlTemplate\":\"https:\/\/publimar.mx\/?s={search_term_string}\"},\"query-input\":\"required name=search_term_string\"}],\"inLanguage\":\"es\"},{\"@type\":\"ImageObject\",\"@id\":\"https:\/\/publimar.mx\/index.php\/2025\/04\/22\/publimar-623\/#primaryimage\",\"inLanguage\":\"es\",\"url\":\"https:\/\/publimar.mx\/wp-content\/uploads\/2025\/04\/Promueve-Gobernador-Salomon-Jara-participacion-ciudadana-en-eleccion-judicial.jpeg\",\"contentUrl\":\"https:\/\/publimar.mx\/wp-content\/uploads\/2025\/04\/Promueve-Gobernador-Salomon-Jara-participacion-ciudadana-en-eleccion-judicial.jpeg\",\"width\":853,\"height\":1280},{\"@type\":\"WebPage\",\"@id\":\"https:\/\/publimar.mx\/index.php\/2025\/04\/22\/publimar-623\/#webpage\",\"url\":\"https:\/\/publimar.mx\/index.php\/2025\/04\/22\/publimar-623\/\",\"name\":\"Gobernador Salom\\u00f3n Jara promueve participaci\\u00f3n ciudadana en elecci\\u00f3n judicial hist\\u00f3rica - PubliMar\",\"isPartOf\":{\"@id\":\"https:\/\/publimar.mx\/#website\"},\"primaryImageOfPage\":{\"@id\":\"https:\/\/publimar.mx\/index.php\/2025\/04\/22\/publimar-623\/#primaryimage\"},\"datePublished\":\"2025-04-22T14:41:29+00:00\",\"dateModified\":\"2025-04-22T14:41:31+00:00\",\"description\":\"Conoce c\\u00f3mo participar en las hist\\u00f3ricas Elecciones del Poder Judicial 2025. Oaxaca impulsa el voto ciudadano y defiende la democracia par...\",\"breadcrumb\":{\"@id\":\"https:\/\/publimar.mx\/index.php\/2025\/04\/22\/publimar-623\/#breadcrumb\"},\"inLanguage\":\"es\",\"potentialAction\":[{\"@type\":\"ReadAction\",\"target\":[\"https:\/\/publimar.mx\/index.php\/2025\/04\/22\/publimar-623\/\"]}]},{\"@type\":\"BreadcrumbList\",\"@id\":\"https:\/\/publimar.mx\/index.php\/2025\/04\/22\/publimar-623\/#breadcrumb\",\"itemListElement\":[{\"@type\":\"ListItem\",\"position\":1,\"name\":\"Portada\",\"item\":\"https:\/\/publimar.mx\/\"},{\"@type\":\"ListItem\",\"position\":2,\"name\":\"Gobernador Salom\\u00f3n Jara promueve participaci\\u00f3n ciudadana en elecci\\u00f3n judicial hist\\u00f3rica\"}]},{\"@type\":[\"Article\",\"NewsArticle\"],\"@id\":\"https:\/\/publimar.mx\/index.php\/2025\/04\/22\/publimar-623\/#article\",\"isPartOf\":{\"@id\":\"https:\/\/publimar.mx\/index.php\/2025\/04\/22\/publimar-623\/#webpage\"},\"author\":{\"@id\":\"https:\/\/publimar.mx\/#\/schema\/person\/42ad4d315580276616a11863a241f558\"},\"headline\":\"Gobernador Salom\\u00f3n Jara promueve participaci\\u00f3n ciudadana en elecci\\u00f3n judicial hist\\u00f3rica\",\"datePublished\":\"2025-04-22T14:41:29+00:00\",\"dateModified\":\"2025-04-22T14:41:31+00:00\",\"mainEntityOfPage\":{\"@id\":\"https:\/\/publimar.mx\/index.php\/2025\/04\/22\/publimar-623\/#webpage\"},\"wordCount\":273,\"commentCount\":0,\"publisher\":{\"@id\":\"https:\/\/publimar.mx\/#\/schema\/person\/42ad4d315580276616a11863a241f558\"},\"image\":{\"@id\":\"https:\/\/publimar.mx\/index.php\/2025\/04\/22\/publimar-623\/#primaryimage\"},\"thumbnailUrl\":\"https:\/\/publimar.mx\/wp-content\/uploads\/2025\/04\/Promueve-Gobernador-Salomon-Jara-participacion-ciudadana-en-eleccion-judicial.jpeg\",\"keywords\":[\"Democracia participativa M\\u00e9xico\",\"Elecci\\u00f3n jueces y magistrados\",\"Participaci\\u00f3n ciudadana elecciones 2025\",\"Reforma judicial M\\u00e9xico\",\"Salom\\u00f3n Jara elecciones\",\"TEPJF resoluci\\u00f3n INE\",\"Votaci\\u00f3n jueces M\\u00e9xico\"],\"articleSection\":[\"Estatal\",\"Pol\\u00edtica\",\"Pol\\u00edtica.\"],\"inLanguage\":\"es\",\"potentialAction\":[{\"@type\":\"CommentAction\",\"name\":\"Comment\",\"target\":[\"https:\/\/publimar.mx\/index.php\/2025\/04\/22\/publimar-623\/#respond\"]}]},{\"@type\":[\"Person\",\"Organization\"],\"@id\":\"https:\/\/publimar.mx\/#\/schema\/person\/42ad4d315580276616a11863a241f558\",\"name\":\"admin\",\"image\":{\"@type\":\"ImageObject\",\"@id\":\"https:\/\/publimar.mx\/#personlogo\",\"inLanguage\":\"es\",\"url\":\"https:\/\/publimar.mx\/wp-content\/uploads\/2021\/08\/logo.png\",\"contentUrl\":\"https:\/\/publimar.mx\/wp-content\/uploads\/2021\/08\/logo.png\",\"width\":454,\"height\":108,\"caption\":\"admin\"},\"logo\":{\"@id\":\"https:\/\/publimar.mx\/#personlogo\"},\"sameAs\":[\"https:\/\/publimar.mx\"],\"url\":\"https:\/\/publimar.mx\/index.php\/author\/admin\/\"}]}<\/script>\n<!-- \/ Yoast SEO plugin. -->","yoast_head_json":{"title":"Gobernador Salom\u00f3n Jara promueve participaci\u00f3n ciudadana en elecci\u00f3n judicial hist\u00f3rica - PubliMar","description":"Conoce c\u00f3mo participar en las hist\u00f3ricas Elecciones del Poder Judicial 2025. Oaxaca impulsa el voto ciudadano y defiende la democracia par...","robots":{"index":"index","follow":"follow","max-snippet":"max-snippet:-1","max-image-preview":"max-image-preview:large","max-video-preview":"max-video-preview:-1"},"canonical":"https:\/\/publimar.mx\/index.php\/2025\/04\/22\/publimar-623\/","og_locale":"es_ES","og_type":"article","og_title":"Gobernador Salom\u00f3n Jara promueve participaci\u00f3n ciudadana en elecci\u00f3n judicial hist\u00f3rica - PubliMar","og_description":"Conoce c\u00f3mo participar en las hist\u00f3ricas Elecciones del Poder Judicial 2025. Oaxaca impulsa el voto ciudadano y defiende la democracia par...","og_url":"https:\/\/publimar.mx\/index.php\/2025\/04\/22\/publimar-623\/","og_site_name":"PubliMar","article_published_time":"2025-04-22T14:41:29+00:00","article_modified_time":"2025-04-22T14:41:31+00:00","og_image":[{"width":853,"height":1280,"url":"https:\/\/publimar.mx\/wp-content\/uploads\/2025\/04\/Promueve-Gobernador-Salomon-Jara-participacion-ciudadana-en-eleccion-judicial.jpeg","path":"\/home\/u358712125\/domains\/publimar.mx\/public_html\/wp-content\/uploads\/2025\/04\/Promueve-Gobernador-Salomon-Jara-participacion-ciudadana-en-eleccion-judicial.jpeg","size":"full","id":15765,"alt":"","pixels":1091840,"type":"image\/jpeg"}],"twitter_card":"summary_large_image","twitter_misc":{"Escrito por":"admin","Tiempo de lectura":"2 minutos"},"schema":{"@context":"https:\/\/schema.org","@graph":[{"@type":"WebSite","@id":"https:\/\/publimar.mx\/#website","url":"https:\/\/publimar.mx\/","name":"PubliMar","description":"Informaci\u00f3n de la Costa Oaxaque\u00f1a","publisher":{"@id":"https:\/\/publimar.mx\/#\/schema\/person\/42ad4d315580276616a11863a241f558"},"potentialAction":[{"@type":"SearchAction","target":{"@type":"EntryPoint","urlTemplate":"https:\/\/publimar.mx\/?s={search_term_string}"},"query-input":"required name=search_term_string"}],"inLanguage":"es"},{"@type":"ImageObject","@id":"https:\/\/publimar.mx\/index.php\/2025\/04\/22\/publimar-623\/#primaryimage","inLanguage":"es","url":"https:\/\/publimar.mx\/wp-content\/uploads\/2025\/04\/Promueve-Gobernador-Salomon-Jara-participacion-ciudadana-en-eleccion-judicial.jpeg","contentUrl":"https:\/\/publimar.mx\/wp-content\/uploads\/2025\/04\/Promueve-Gobernador-Salomon-Jara-participacion-ciudadana-en-eleccion-judicial.jpeg","width":853,"height":1280},{"@type":"WebPage","@id":"https:\/\/publimar.mx\/index.php\/2025\/04\/22\/publimar-623\/#webpage","url":"https:\/\/publimar.mx\/index.php\/2025\/04\/22\/publimar-623\/","name":"Gobernador Salom\u00f3n Jara promueve participaci\u00f3n ciudadana en elecci\u00f3n judicial hist\u00f3rica - PubliMar","isPartOf":{"@id":"https:\/\/publimar.mx\/#website"},"primaryImageOfPage":{"@id":"https:\/\/publimar.mx\/index.php\/2025\/04\/22\/publimar-623\/#primaryimage"},"datePublished":"2025-04-22T14:41:29+00:00","dateModified":"2025-04-22T14:41:31+00:00","description":"Conoce c\u00f3mo participar en las hist\u00f3ricas Elecciones del Poder Judicial 2025. Oaxaca impulsa el voto ciudadano y defiende la democracia par...","breadcrumb":{"@id":"https:\/\/publimar.mx\/index.php\/2025\/04\/22\/publimar-623\/#breadcrumb"},"inLanguage":"es","potentialAction":[{"@type":"ReadAction","target":["https:\/\/publimar.mx\/index.php\/2025\/04\/22\/publimar-623\/"]}]},{"@type":"BreadcrumbList","@id":"https:\/\/publimar.mx\/index.php\/2025\/04\/22\/publimar-623\/#breadcrumb","itemListElement":[{"@type":"ListItem","position":1,"name":"Portada","item":"https:\/\/publimar.mx\/"},{"@type":"ListItem","position":2,"name":"Gobernador Salom\u00f3n Jara promueve participaci\u00f3n ciudadana en elecci\u00f3n judicial hist\u00f3rica"}]},{"@type":["Article","NewsArticle"],"@id":"https:\/\/publimar.mx\/index.php\/2025\/04\/22\/publimar-623\/#article","isPartOf":{"@id":"https:\/\/publimar.mx\/index.php\/2025\/04\/22\/publimar-623\/#webpage"},"author":{"@id":"https:\/\/publimar.mx\/#\/schema\/person\/42ad4d315580276616a11863a241f558"},"headline":"Gobernador Salom\u00f3n Jara promueve participaci\u00f3n ciudadana en elecci\u00f3n judicial hist\u00f3rica","datePublished":"2025-04-22T14:41:29+00:00","dateModified":"2025-04-22T14:41:31+00:00","mainEntityOfPage":{"@id":"https:\/\/publimar.mx\/index.php\/2025\/04\/22\/publimar-623\/#webpage"},"wordCount":273,"commentCount":0,"publisher":{"@id":"https:\/\/publimar.mx\/#\/schema\/person\/42ad4d315580276616a11863a241f558"},"image":{"@id":"https:\/\/publimar.mx\/index.php\/2025\/04\/22\/publimar-623\/#primaryimage"},"thumbnailUrl":"https:\/\/publimar.mx\/wp-content\/uploads\/2025\/04\/Promueve-Gobernador-Salomon-Jara-participacion-ciudadana-en-eleccion-judicial.jpeg","keywords":["Democracia participativa M\u00e9xico","Elecci\u00f3n jueces y magistrados","Participaci\u00f3n ciudadana elecciones 2025","Reforma judicial M\u00e9xico","Salom\u00f3n Jara elecciones","TEPJF resoluci\u00f3n INE","Votaci\u00f3n jueces M\u00e9xico"],"articleSection":["Estatal","Pol\u00edtica","Pol\u00edtica."],"inLanguage":"es","potentialAction":[{"@type":"CommentAction","name":"Comment","target":["https:\/\/publimar.mx\/index.php\/2025\/04\/22\/publimar-623\/#respond"]}]},{"@type":["Person","Organization"],"@id":"https:\/\/publimar.mx\/#\/schema\/person\/42ad4d315580276616a11863a241f558","name":"admin","image":{"@type":"ImageObject","@id":"https:\/\/publimar.mx\/#personlogo","inLanguage":"es","url":"https:\/\/publimar.mx\/wp-content\/uploads\/2021\/08\/logo.png","contentUrl":"https:\/\/publimar.mx\/wp-content\/uploads\/2021\/08\/logo.png","width":454,"height":108,"caption":"admin"},"logo":{"@id":"https:\/\/publimar.mx\/#personlogo"},"sameAs":["https:\/\/publimar.mx"],"url":"https:\/\/publimar.mx\/index.php\/author\/admin\/"}]}},"_links":{"self":[{"href":"https:\/\/publimar.mx\/index.php\/wp-json\/wp\/v2\/posts\/15764"}],"collection":[{"href":"https:\/\/publimar.mx\/index.php\/wp-json\/wp\/v2\/posts"}],"about":[{"href":"https:\/\/publimar.mx\/index.php\/wp-json\/wp\/v2\/types\/post"}],"author":[{"embeddable":true,"href":"https:\/\/publimar.mx\/index.php\/wp-json\/wp\/v2\/users\/1"}],"replies":[{"embeddable":true,"href":"https:\/\/publimar.mx\/index.php\/wp-json\/wp\/v2\/comments?post=15764"}],"version-history":[{"count":1,"href":"https:\/\/publimar.mx\/index.php\/wp-json\/wp\/v2\/posts\/15764\/revisions"}],"predecessor-version":[{"id":15766,"href":"https:\/\/publimar.mx\/index.php\/wp-json\/wp\/v2\/posts\/15764\/revisions\/15766"}],"wp:featuredmedia":[{"embeddable":true,"href":"https:\/\/publimar.mx\/index.php\/wp-json\/wp\/v2\/media\/15765"}],"wp:attachment":[{"href":"https:\/\/publimar.mx\/index.php\/wp-json\/wp\/v2\/media?parent=15764"}],"wp:term":[{"taxonomy":"category","embeddable":true,"href":"https:\/\/publimar.mx\/index.php\/wp-json\/wp\/v2\/categories?post=15764"},{"taxonomy":"post_tag","embeddable":true,"href":"https:\/\/publimar.mx\/index.php\/wp-json\/wp\/v2\/tags?post=15764"}],"curies":[{"name":"wp","href":"https:\/\/api.w.org\/{rel}","templated":true}]}}