{"id":1508,"date":"2021-02-02T17:07:08","date_gmt":"2021-02-02T17:07:08","guid":{"rendered":"https:\/\/publimar.mx\/?p=1508"},"modified":"2021-02-02T17:07:10","modified_gmt":"2021-02-02T17:07:10","slug":"nunca-perdimos-la-fe-pescadores-rescatados-en-aguas-de-oaxaca","status":"publish","type":"post","link":"https:\/\/publimar.mx\/index.php\/2021\/02\/02\/nunca-perdimos-la-fe-pescadores-rescatados-en-aguas-de-oaxaca\/","title":{"rendered":"\u201cNUNCA PERDIMOS LA FE\u201d: PESCADORES RESCATADOS EN AGUAS DE OAXACA"},"content":{"rendered":"\n<p><strong><span class=\"has-inline-color has-vivid-cyan-blue-color\">\u2022 Tres pescadores oriundos de Acapulco que se hicieron a la mar y naufragaron, fueron rescatados despu\u00e9s de 22 d\u00edas por pescadores de Puerto \u00c1ngel, cuando se encontraban a siete millas frente a Escobilla<br>\u2022 Se quedaron sin agua y dejaron de alimentarse durante 10 d\u00edas. Nunca perdieron la fe<\/span><\/strong><\/p>\n\n\n\n<figure class=\"wp-block-gallery columns-3 is-cropped\"><ul class=\"blocks-gallery-grid\"><li class=\"blocks-gallery-item\"><figure><img loading=\"lazy\" width=\"1024\" height=\"768\" src=\"https:\/\/publimar.mx\/wp-content\/uploads\/2021\/02\/IMG-20210202-WA0026-1024x768.jpg\" alt=\"\" data-id=\"1502\" data-full-url=\"https:\/\/publimar.mx\/wp-content\/uploads\/2021\/02\/IMG-20210202-WA0026.jpg\" data-link=\"https:\/\/publimar.mx\/index.php\/2021\/02\/02\/__trashed\/img-20210202-wa0026\/\" class=\"wp-image-1502\" srcset=\"https:\/\/publimar.mx\/wp-content\/uploads\/2021\/02\/IMG-20210202-WA0026-1024x768.jpg 1024w, https:\/\/publimar.mx\/wp-content\/uploads\/2021\/02\/IMG-20210202-WA0026-300x225.jpg 300w, https:\/\/publimar.mx\/wp-content\/uploads\/2021\/02\/IMG-20210202-WA0026-768x576.jpg 768w, https:\/\/publimar.mx\/wp-content\/uploads\/2021\/02\/IMG-20210202-WA0026.jpg 1280w\" sizes=\"(max-width: 1024px) 100vw, 1024px\" \/><\/figure><\/li><li class=\"blocks-gallery-item\"><figure><img loading=\"lazy\" width=\"1024\" height=\"768\" src=\"https:\/\/publimar.mx\/wp-content\/uploads\/2021\/02\/WhatsApp-Image-2021-02-02-at-10.53.39-AM-1-1024x768.jpeg\" alt=\"\" data-id=\"1510\" data-full-url=\"https:\/\/publimar.mx\/wp-content\/uploads\/2021\/02\/WhatsApp-Image-2021-02-02-at-10.53.39-AM-1.jpeg\" data-link=\"https:\/\/publimar.mx\/index.php\/2021\/02\/02\/__trashed-2\/whatsapp-image-2021-02-02-at-10-53-39-am-1\/\" class=\"wp-image-1510\" srcset=\"https:\/\/publimar.mx\/wp-content\/uploads\/2021\/02\/WhatsApp-Image-2021-02-02-at-10.53.39-AM-1-1024x768.jpeg 1024w, https:\/\/publimar.mx\/wp-content\/uploads\/2021\/02\/WhatsApp-Image-2021-02-02-at-10.53.39-AM-1-300x225.jpeg 300w, https:\/\/publimar.mx\/wp-content\/uploads\/2021\/02\/WhatsApp-Image-2021-02-02-at-10.53.39-AM-1-768x576.jpeg 768w, https:\/\/publimar.mx\/wp-content\/uploads\/2021\/02\/WhatsApp-Image-2021-02-02-at-10.53.39-AM-1.jpeg 1280w\" sizes=\"(max-width: 1024px) 100vw, 1024px\" \/><\/figure><\/li><li class=\"blocks-gallery-item\"><figure><img loading=\"lazy\" width=\"1024\" height=\"768\" src=\"https:\/\/publimar.mx\/wp-content\/uploads\/2021\/02\/WhatsApp-Image-2021-02-02-at-10.53.38-AM-1024x768.jpeg\" alt=\"\" data-id=\"1509\" data-full-url=\"https:\/\/publimar.mx\/wp-content\/uploads\/2021\/02\/WhatsApp-Image-2021-02-02-at-10.53.38-AM.jpeg\" data-link=\"https:\/\/publimar.mx\/index.php\/2021\/02\/02\/__trashed-2\/whatsapp-image-2021-02-02-at-10-53-38-am\/\" class=\"wp-image-1509\" srcset=\"https:\/\/publimar.mx\/wp-content\/uploads\/2021\/02\/WhatsApp-Image-2021-02-02-at-10.53.38-AM-1024x768.jpeg 1024w, https:\/\/publimar.mx\/wp-content\/uploads\/2021\/02\/WhatsApp-Image-2021-02-02-at-10.53.38-AM-300x225.jpeg 300w, https:\/\/publimar.mx\/wp-content\/uploads\/2021\/02\/WhatsApp-Image-2021-02-02-at-10.53.38-AM-768x576.jpeg 768w, https:\/\/publimar.mx\/wp-content\/uploads\/2021\/02\/WhatsApp-Image-2021-02-02-at-10.53.38-AM.jpeg 1280w\" sizes=\"(max-width: 1024px) 100vw, 1024px\" \/><\/figure><\/li><li class=\"blocks-gallery-item\"><figure><img loading=\"lazy\" width=\"1024\" height=\"768\" src=\"https:\/\/publimar.mx\/wp-content\/uploads\/2021\/02\/WhatsApp-Image-2021-02-02-at-10.53.41-AM-1024x768.jpeg\" alt=\"\" data-id=\"1506\" data-full-url=\"https:\/\/publimar.mx\/wp-content\/uploads\/2021\/02\/WhatsApp-Image-2021-02-02-at-10.53.41-AM.jpeg\" data-link=\"https:\/\/publimar.mx\/index.php\/2021\/02\/02\/__trashed-2\/whatsapp-image-2021-02-02-at-10-53-41-am\/\" class=\"wp-image-1506\" srcset=\"https:\/\/publimar.mx\/wp-content\/uploads\/2021\/02\/WhatsApp-Image-2021-02-02-at-10.53.41-AM-1024x768.jpeg 1024w, https:\/\/publimar.mx\/wp-content\/uploads\/2021\/02\/WhatsApp-Image-2021-02-02-at-10.53.41-AM-300x225.jpeg 300w, https:\/\/publimar.mx\/wp-content\/uploads\/2021\/02\/WhatsApp-Image-2021-02-02-at-10.53.41-AM-768x576.jpeg 768w, https:\/\/publimar.mx\/wp-content\/uploads\/2021\/02\/WhatsApp-Image-2021-02-02-at-10.53.41-AM.jpeg 1280w\" sizes=\"(max-width: 1024px) 100vw, 1024px\" \/><\/figure><\/li><li class=\"blocks-gallery-item\"><figure><img loading=\"lazy\" width=\"1024\" height=\"768\" src=\"https:\/\/publimar.mx\/wp-content\/uploads\/2021\/02\/IMG-20210202-WA0031-1024x768.jpg\" alt=\"\" data-id=\"1500\" data-full-url=\"https:\/\/publimar.mx\/wp-content\/uploads\/2021\/02\/IMG-20210202-WA0031.jpg\" data-link=\"https:\/\/publimar.mx\/index.php\/2021\/02\/02\/__trashed\/img-20210202-wa0031\/\" class=\"wp-image-1500\" srcset=\"https:\/\/publimar.mx\/wp-content\/uploads\/2021\/02\/IMG-20210202-WA0031-1024x768.jpg 1024w, https:\/\/publimar.mx\/wp-content\/uploads\/2021\/02\/IMG-20210202-WA0031-300x225.jpg 300w, https:\/\/publimar.mx\/wp-content\/uploads\/2021\/02\/IMG-20210202-WA0031-768x576.jpg 768w, https:\/\/publimar.mx\/wp-content\/uploads\/2021\/02\/IMG-20210202-WA0031.jpg 1280w\" sizes=\"(max-width: 1024px) 100vw, 1024px\" \/><\/figure><\/li><\/ul><\/figure>\n\n\n\n<p><strong>Patricia Pacheco<\/strong><\/p>\n\n\n\n<p>PUERTO \u00c1NGEL, POCHUTLA.- Tras permanecer 22 d\u00edas en aguas del Pac\u00edfico, luego de naufragar por fallas en el motor de su embarcaci\u00f3n, tres pescadores guerrerenses fueron rescatados por sus pares de Puerto \u00c1ngel, quienes los pusieron a salvo y brindaron respaldo para emprender el regreso a su hogar.<br>El 12 de enero pasado Dolores Rodr\u00edguez Herrera, Mart\u00edn Guaztitl\u00e1n S\u00e1nchez y V\u00edctor Manuel Trujillo Mart\u00ednez, de 65, 66 y 42 a\u00f1os, respectivamente, salieron a pescar tibur\u00f3n desde bah\u00eda Las Hamacas, en Acapulco, Guerrero, y despu\u00e9s de permanecer tres d\u00edas realizando su actividad, una aver\u00eda en el motor de su embarcaci\u00f3n, nombrada como Genesabet, los llev\u00f3 a un incierto naufragio.<\/p>\n\n\n\n<p><strong>A la deriva por 22 d\u00edas<\/strong><\/p>\n\n\n\n<p>La traves\u00eda de pesca en la que planeaban mantenerse por un lapso m\u00e1ximo de siete d\u00edas, se extendi\u00f3 a 22 eternos d\u00edas en los que pasaron por una de las experiencias m\u00e1s aleccionadoras de su vida, poniendo a prueba su resistencia f\u00edsica, emocional y en donde la fe luch\u00f3 minuto a minuto contra la agon\u00eda.<br>Los pescadores n\u00e1ufragos explicaron en entrevista que la falla en el motor ocurri\u00f3 cuando se encontraban a 136 millas mar adentro, por lo que desde entonces utilizaron el toldo de la embarcaci\u00f3n como vela con la intenci\u00f3n de acercarse a la orilla y facilitar el encuentro con alg\u00fan otro barco que les pudiera brindar apoyo.<br>Cuentan que a pesar de llevar provisiones de comida y agua para 15 d\u00edas, un descuido con el hielo provoc\u00f3 que en vez de almacenar agua adicional en una cubeta, \u00e9sta se evaporara, dej\u00e1ndolos sin el vital l\u00edquido durante los \u00faltimos diez d\u00edas de su desventura.<\/p>\n\n\n\n<p><strong>Sin agua, pero con fe<\/strong><\/p>\n\n\n\n<p>La falta de agua y la desesperaci\u00f3n por no encontrar apoyo en alguna embarcaci\u00f3n amiga provoc\u00f3 que su angustia fuera en aumento, aunque su fe en dios, recalcan, los mantuvo a flote y con la confianza de que pronto saldr\u00edan avante del mal trance.<br>A sabiendas de los peligros a los que podr\u00edan enfrentarse, entre los que se\u00f1alan la presencia de tiburones o de alguna enorme embarcaci\u00f3n que los arrasara al no verlos, los pescadores nunca, ni por un instante, perdieron la fe, y m\u00e1s a\u00fan, despu\u00e9s de tantas batallas, afirmaron, \u201csomos lobos de mar\u201d.<br>\u201cYo no me sent\u00eda abandonado, solo pensaba: Dios m\u00edo, que no vaya a pasar un tibur\u00f3n y me encomendaba, o un barco, que en vez de ayudarnos, nos pasara encima\u201d, refiere Dolores Rodr\u00edguez Herrera, el m\u00e1s experimentado de los tres pescadores.<\/p>\n\n\n\n<p><strong>\u201cNo ten\u00edamos saliva para tragar\u201d<\/strong><\/p>\n\n\n\n<p>Dolores y sus compa\u00f1eros decidieron encomendarse al Dios en el que creen, pensando en que volver\u00edan a ver pronto a sus familias, lo que les dio fuerza para resistir los \u00faltimos y m\u00e1s angustiantes d\u00edas del naufragio, en los que dejaron de comer, a pesar de tener pescado al alcance, y donde su \u00fanico alimento fue la sangre de algunas tortugas, que los sostuvo con vida.<br>\u201cDurante diez d\u00edas no com\u00edamos nada, no ten\u00edamos saliva para tragar; pescado hab\u00eda, comida hab\u00eda, tortilla hab\u00eda, aunque sea seca, pero ya no pod\u00edamos tragar, prefer\u00edamos no comer. El domingo antepasado fue el \u00faltimo d\u00eda que tomamos la \u00faltima gota de agua\u201d, cont\u00f3.<\/p>\n\n\n\n<ul><li>\u00bfQu\u00e9 platicaban entre ustedes all\u00e1 adentro?, se le inquiere a Dolores<\/li><li>Que \u00edbamos a salir, ten\u00edamos confianza que ten\u00edamos que salir los tres. A veces ve\u00eda a mi viejo ac\u00e1 a un lado \u2013refiri\u00e9ndose a su compa\u00f1ero Mart\u00edn- ya debilitado, y dec\u00edamos cada que oscurec\u00eda; un d\u00eda m\u00e1s a la cuenta.<\/li><\/ul>\n\n\n\n<p><strong>Los rescatan frente a La Escobilla<\/strong><\/p>\n\n\n\n<p>Luego de 22 d\u00edas a la deriva y de que reconocen que un evento de mar de fondo y sus corrientes los acerc\u00f3 a la orilla, dos compa\u00f1eros de pesca de Puerto \u00c1ngel, Jorge Luis Stein S\u00e1nchez y Timoteo Contreras Garc\u00eda, los encontraron la ma\u00f1ana de este lunes a siete millas frente a la playa La Escobilla, Tonameca, compartieron con ellos agua y comida, y los ayudaron a remolcar su lancha hasta la playa principal del Puerto, donde la solidaridad de los trabajadores de la mar no se hizo esperar.<br>Una vez en tierra, autoridades municipales encabezadas por la edil de Pochutla, Saymi Pineda Velasco, se sumaron al respaldo de los reci\u00e9n rescatados y acercaron los servicios m\u00e9dicos para su revisi\u00f3n exhaustiva.<\/p>\n\n\n\n<p><strong>Deshidratados, pero estables<\/strong><\/p>\n\n\n\n<p>Gisela de la Rosa, m\u00e9dico a cargo, se\u00f1al\u00f3 que los tres na\u00fafragos se encontraban estables, aunque deshidratados y solo uno de ellos presentaba glucosa y presi\u00f3n alta.<br>Luego de mantener comunicaci\u00f3n con su hom\u00f3loga de Acapulco, Adela Rom\u00e1n, la alcaldesa Saymi Pineda, inform\u00f3 que los pescadores dormir\u00edan en Puerto \u00c1ngel y la ma\u00f1ana de este martes viajar\u00edan a su lugar de origen por tierra, mientras que el Ayuntamiento de Acapulco se encargar\u00eda del remolque de la embarcaci\u00f3n al estado de Guerrero.<\/p>\n","protected":false},"excerpt":{"rendered":"<p>\u2022 Tres pescadores oriundos de Acapulco que se hicieron a la mar y naufragaron, fueron rescatados despu\u00e9s de 22 d\u00edas por pescadores de Puerto \u00c1ngel, cuando se encontraban a siete&hellip; <\/p>\n","protected":false},"author":1,"featured_media":1502,"comment_status":"open","ping_status":"open","sticky":false,"template":"","format":"standard","meta":{"_monsterinsights_skip_tracking":false,"_monsterinsights_sitenote_active":false,"_monsterinsights_sitenote_note":"","_monsterinsights_sitenote_category":0},"categories":[14],"tags":[],"yoast_head":"<!-- This site is optimized with the Yoast SEO plugin v17.0 - https:\/\/yoast.com\/wordpress\/plugins\/seo\/ -->\n<title>\u201cNUNCA PERDIMOS LA FE\u201d: PESCADORES RESCATADOS EN AGUAS DE OAXACA - PubliMar<\/title>\n<meta name=\"robots\" content=\"index, follow, max-snippet:-1, max-image-preview:large, max-video-preview:-1\" \/>\n<link rel=\"canonical\" href=\"https:\/\/publimar.mx\/index.php\/2021\/02\/02\/nunca-perdimos-la-fe-pescadores-rescatados-en-aguas-de-oaxaca\/\" \/>\n<meta property=\"og:locale\" content=\"es_ES\" \/>\n<meta property=\"og:type\" content=\"article\" \/>\n<meta property=\"og:title\" content=\"\u201cNUNCA PERDIMOS LA FE\u201d: PESCADORES RESCATADOS EN AGUAS DE OAXACA - PubliMar\" \/>\n<meta property=\"og:description\" content=\"\u2022 Tres pescadores oriundos de Acapulco que se hicieron a la mar y naufragaron, fueron rescatados despu\u00e9s de 22 d\u00edas por pescadores de Puerto \u00c1ngel, cuando se encontraban a siete&hellip;\" \/>\n<meta property=\"og:url\" content=\"https:\/\/publimar.mx\/index.php\/2021\/02\/02\/nunca-perdimos-la-fe-pescadores-rescatados-en-aguas-de-oaxaca\/\" \/>\n<meta property=\"og:site_name\" content=\"PubliMar\" \/>\n<meta property=\"article:published_time\" content=\"2021-02-02T17:07:08+00:00\" \/>\n<meta property=\"article:modified_time\" content=\"2021-02-02T17:07:10+00:00\" \/>\n<meta property=\"og:image\" content=\"https:\/\/publimar.mx\/wp-content\/uploads\/2021\/02\/IMG-20210202-WA0026.jpg\" \/>\n\t<meta property=\"og:image:width\" content=\"1280\" \/>\n\t<meta property=\"og:image:height\" content=\"960\" \/>\n<meta name=\"twitter:card\" content=\"summary_large_image\" \/>\n<meta name=\"twitter:label1\" content=\"Escrito por\" \/>\n\t<meta name=\"twitter:data1\" content=\"admin\" \/>\n\t<meta name=\"twitter:label2\" content=\"Tiempo de lectura\" \/>\n\t<meta name=\"twitter:data2\" content=\"5 minutos\" \/>\n<script type=\"application\/ld+json\" class=\"yoast-schema-graph\">{\"@context\":\"https:\/\/schema.org\",\"@graph\":[{\"@type\":\"WebSite\",\"@id\":\"https:\/\/publimar.mx\/#website\",\"url\":\"https:\/\/publimar.mx\/\",\"name\":\"PubliMar\",\"description\":\"Informaci\\u00f3n de la Costa Oaxaque\\u00f1a\",\"publisher\":{\"@id\":\"https:\/\/publimar.mx\/#\/schema\/person\/42ad4d315580276616a11863a241f558\"},\"potentialAction\":[{\"@type\":\"SearchAction\",\"target\":{\"@type\":\"EntryPoint\",\"urlTemplate\":\"https:\/\/publimar.mx\/?s={search_term_string}\"},\"query-input\":\"required name=search_term_string\"}],\"inLanguage\":\"es\"},{\"@type\":\"ImageObject\",\"@id\":\"https:\/\/publimar.mx\/index.php\/2021\/02\/02\/nunca-perdimos-la-fe-pescadores-rescatados-en-aguas-de-oaxaca\/#primaryimage\",\"inLanguage\":\"es\",\"url\":\"https:\/\/publimar.mx\/wp-content\/uploads\/2021\/02\/IMG-20210202-WA0026.jpg\",\"contentUrl\":\"https:\/\/publimar.mx\/wp-content\/uploads\/2021\/02\/IMG-20210202-WA0026.jpg\",\"width\":1280,\"height\":960},{\"@type\":\"WebPage\",\"@id\":\"https:\/\/publimar.mx\/index.php\/2021\/02\/02\/nunca-perdimos-la-fe-pescadores-rescatados-en-aguas-de-oaxaca\/#webpage\",\"url\":\"https:\/\/publimar.mx\/index.php\/2021\/02\/02\/nunca-perdimos-la-fe-pescadores-rescatados-en-aguas-de-oaxaca\/\",\"name\":\"\\u201cNUNCA PERDIMOS LA FE\\u201d: PESCADORES RESCATADOS EN AGUAS DE OAXACA - PubliMar\",\"isPartOf\":{\"@id\":\"https:\/\/publimar.mx\/#website\"},\"primaryImageOfPage\":{\"@id\":\"https:\/\/publimar.mx\/index.php\/2021\/02\/02\/nunca-perdimos-la-fe-pescadores-rescatados-en-aguas-de-oaxaca\/#primaryimage\"},\"datePublished\":\"2021-02-02T17:07:08+00:00\",\"dateModified\":\"2021-02-02T17:07:10+00:00\",\"breadcrumb\":{\"@id\":\"https:\/\/publimar.mx\/index.php\/2021\/02\/02\/nunca-perdimos-la-fe-pescadores-rescatados-en-aguas-de-oaxaca\/#breadcrumb\"},\"inLanguage\":\"es\",\"potentialAction\":[{\"@type\":\"ReadAction\",\"target\":[\"https:\/\/publimar.mx\/index.php\/2021\/02\/02\/nunca-perdimos-la-fe-pescadores-rescatados-en-aguas-de-oaxaca\/\"]}]},{\"@type\":\"BreadcrumbList\",\"@id\":\"https:\/\/publimar.mx\/index.php\/2021\/02\/02\/nunca-perdimos-la-fe-pescadores-rescatados-en-aguas-de-oaxaca\/#breadcrumb\",\"itemListElement\":[{\"@type\":\"ListItem\",\"position\":1,\"name\":\"Portada\",\"item\":\"https:\/\/publimar.mx\/\"},{\"@type\":\"ListItem\",\"position\":2,\"name\":\"\\u201cNUNCA PERDIMOS LA FE\\u201d: PESCADORES RESCATADOS EN AGUAS DE OAXACA\"}]},{\"@type\":[\"Article\",\"NewsArticle\"],\"@id\":\"https:\/\/publimar.mx\/index.php\/2021\/02\/02\/nunca-perdimos-la-fe-pescadores-rescatados-en-aguas-de-oaxaca\/#article\",\"isPartOf\":{\"@id\":\"https:\/\/publimar.mx\/index.php\/2021\/02\/02\/nunca-perdimos-la-fe-pescadores-rescatados-en-aguas-de-oaxaca\/#webpage\"},\"author\":{\"@id\":\"https:\/\/publimar.mx\/#\/schema\/person\/42ad4d315580276616a11863a241f558\"},\"headline\":\"\\u201cNUNCA PERDIMOS LA FE\\u201d: PESCADORES RESCATADOS EN AGUAS DE OAXACA\",\"datePublished\":\"2021-02-02T17:07:08+00:00\",\"dateModified\":\"2021-02-02T17:07:10+00:00\",\"mainEntityOfPage\":{\"@id\":\"https:\/\/publimar.mx\/index.php\/2021\/02\/02\/nunca-perdimos-la-fe-pescadores-rescatados-en-aguas-de-oaxaca\/#webpage\"},\"wordCount\":929,\"commentCount\":0,\"publisher\":{\"@id\":\"https:\/\/publimar.mx\/#\/schema\/person\/42ad4d315580276616a11863a241f558\"},\"image\":{\"@id\":\"https:\/\/publimar.mx\/index.php\/2021\/02\/02\/nunca-perdimos-la-fe-pescadores-rescatados-en-aguas-de-oaxaca\/#primaryimage\"},\"thumbnailUrl\":\"https:\/\/publimar.mx\/wp-content\/uploads\/2021\/02\/IMG-20210202-WA0026.jpg\",\"articleSection\":[\"Regional\"],\"inLanguage\":\"es\",\"potentialAction\":[{\"@type\":\"CommentAction\",\"name\":\"Comment\",\"target\":[\"https:\/\/publimar.mx\/index.php\/2021\/02\/02\/nunca-perdimos-la-fe-pescadores-rescatados-en-aguas-de-oaxaca\/#respond\"]}]},{\"@type\":[\"Person\",\"Organization\"],\"@id\":\"https:\/\/publimar.mx\/#\/schema\/person\/42ad4d315580276616a11863a241f558\",\"name\":\"admin\",\"image\":{\"@type\":\"ImageObject\",\"@id\":\"https:\/\/publimar.mx\/#personlogo\",\"inLanguage\":\"es\",\"url\":\"https:\/\/publimar.mx\/wp-content\/uploads\/2021\/08\/logo.png\",\"contentUrl\":\"https:\/\/publimar.mx\/wp-content\/uploads\/2021\/08\/logo.png\",\"width\":454,\"height\":108,\"caption\":\"admin\"},\"logo\":{\"@id\":\"https:\/\/publimar.mx\/#personlogo\"},\"sameAs\":[\"https:\/\/publimar.mx\"],\"url\":\"https:\/\/publimar.mx\/index.php\/author\/admin\/\"}]}<\/script>\n<!-- \/ Yoast SEO plugin. -->","yoast_head_json":{"title":"\u201cNUNCA PERDIMOS LA FE\u201d: PESCADORES RESCATADOS EN AGUAS DE OAXACA - PubliMar","robots":{"index":"index","follow":"follow","max-snippet":"max-snippet:-1","max-image-preview":"max-image-preview:large","max-video-preview":"max-video-preview:-1"},"canonical":"https:\/\/publimar.mx\/index.php\/2021\/02\/02\/nunca-perdimos-la-fe-pescadores-rescatados-en-aguas-de-oaxaca\/","og_locale":"es_ES","og_type":"article","og_title":"\u201cNUNCA PERDIMOS LA FE\u201d: PESCADORES RESCATADOS EN AGUAS DE OAXACA - PubliMar","og_description":"\u2022 Tres pescadores oriundos de Acapulco que se hicieron a la mar y naufragaron, fueron rescatados despu\u00e9s de 22 d\u00edas por pescadores de Puerto \u00c1ngel, cuando se encontraban a siete&hellip;","og_url":"https:\/\/publimar.mx\/index.php\/2021\/02\/02\/nunca-perdimos-la-fe-pescadores-rescatados-en-aguas-de-oaxaca\/","og_site_name":"PubliMar","article_published_time":"2021-02-02T17:07:08+00:00","article_modified_time":"2021-02-02T17:07:10+00:00","og_image":[{"width":1280,"height":960,"url":"https:\/\/publimar.mx\/wp-content\/uploads\/2021\/02\/IMG-20210202-WA0026.jpg","path":"\/home\/u358712125\/domains\/publimar.mx\/public_html\/wp-content\/uploads\/2021\/02\/IMG-20210202-WA0026.jpg","size":"full","id":1502,"alt":"","pixels":1228800,"type":"image\/jpeg"}],"twitter_card":"summary_large_image","twitter_misc":{"Escrito por":"admin","Tiempo de lectura":"5 minutos"},"schema":{"@context":"https:\/\/schema.org","@graph":[{"@type":"WebSite","@id":"https:\/\/publimar.mx\/#website","url":"https:\/\/publimar.mx\/","name":"PubliMar","description":"Informaci\u00f3n de la Costa Oaxaque\u00f1a","publisher":{"@id":"https:\/\/publimar.mx\/#\/schema\/person\/42ad4d315580276616a11863a241f558"},"potentialAction":[{"@type":"SearchAction","target":{"@type":"EntryPoint","urlTemplate":"https:\/\/publimar.mx\/?s={search_term_string}"},"query-input":"required name=search_term_string"}],"inLanguage":"es"},{"@type":"ImageObject","@id":"https:\/\/publimar.mx\/index.php\/2021\/02\/02\/nunca-perdimos-la-fe-pescadores-rescatados-en-aguas-de-oaxaca\/#primaryimage","inLanguage":"es","url":"https:\/\/publimar.mx\/wp-content\/uploads\/2021\/02\/IMG-20210202-WA0026.jpg","contentUrl":"https:\/\/publimar.mx\/wp-content\/uploads\/2021\/02\/IMG-20210202-WA0026.jpg","width":1280,"height":960},{"@type":"WebPage","@id":"https:\/\/publimar.mx\/index.php\/2021\/02\/02\/nunca-perdimos-la-fe-pescadores-rescatados-en-aguas-de-oaxaca\/#webpage","url":"https:\/\/publimar.mx\/index.php\/2021\/02\/02\/nunca-perdimos-la-fe-pescadores-rescatados-en-aguas-de-oaxaca\/","name":"\u201cNUNCA PERDIMOS LA FE\u201d: PESCADORES RESCATADOS EN AGUAS DE OAXACA - PubliMar","isPartOf":{"@id":"https:\/\/publimar.mx\/#website"},"primaryImageOfPage":{"@id":"https:\/\/publimar.mx\/index.php\/2021\/02\/02\/nunca-perdimos-la-fe-pescadores-rescatados-en-aguas-de-oaxaca\/#primaryimage"},"datePublished":"2021-02-02T17:07:08+00:00","dateModified":"2021-02-02T17:07:10+00:00","breadcrumb":{"@id":"https:\/\/publimar.mx\/index.php\/2021\/02\/02\/nunca-perdimos-la-fe-pescadores-rescatados-en-aguas-de-oaxaca\/#breadcrumb"},"inLanguage":"es","potentialAction":[{"@type":"ReadAction","target":["https:\/\/publimar.mx\/index.php\/2021\/02\/02\/nunca-perdimos-la-fe-pescadores-rescatados-en-aguas-de-oaxaca\/"]}]},{"@type":"BreadcrumbList","@id":"https:\/\/publimar.mx\/index.php\/2021\/02\/02\/nunca-perdimos-la-fe-pescadores-rescatados-en-aguas-de-oaxaca\/#breadcrumb","itemListElement":[{"@type":"ListItem","position":1,"name":"Portada","item":"https:\/\/publimar.mx\/"},{"@type":"ListItem","position":2,"name":"\u201cNUNCA PERDIMOS LA FE\u201d: PESCADORES RESCATADOS EN AGUAS DE OAXACA"}]},{"@type":["Article","NewsArticle"],"@id":"https:\/\/publimar.mx\/index.php\/2021\/02\/02\/nunca-perdimos-la-fe-pescadores-rescatados-en-aguas-de-oaxaca\/#article","isPartOf":{"@id":"https:\/\/publimar.mx\/index.php\/2021\/02\/02\/nunca-perdimos-la-fe-pescadores-rescatados-en-aguas-de-oaxaca\/#webpage"},"author":{"@id":"https:\/\/publimar.mx\/#\/schema\/person\/42ad4d315580276616a11863a241f558"},"headline":"\u201cNUNCA PERDIMOS LA FE\u201d: PESCADORES RESCATADOS EN AGUAS DE OAXACA","datePublished":"2021-02-02T17:07:08+00:00","dateModified":"2021-02-02T17:07:10+00:00","mainEntityOfPage":{"@id":"https:\/\/publimar.mx\/index.php\/2021\/02\/02\/nunca-perdimos-la-fe-pescadores-rescatados-en-aguas-de-oaxaca\/#webpage"},"wordCount":929,"commentCount":0,"publisher":{"@id":"https:\/\/publimar.mx\/#\/schema\/person\/42ad4d315580276616a11863a241f558"},"image":{"@id":"https:\/\/publimar.mx\/index.php\/2021\/02\/02\/nunca-perdimos-la-fe-pescadores-rescatados-en-aguas-de-oaxaca\/#primaryimage"},"thumbnailUrl":"https:\/\/publimar.mx\/wp-content\/uploads\/2021\/02\/IMG-20210202-WA0026.jpg","articleSection":["Regional"],"inLanguage":"es","potentialAction":[{"@type":"CommentAction","name":"Comment","target":["https:\/\/publimar.mx\/index.php\/2021\/02\/02\/nunca-perdimos-la-fe-pescadores-rescatados-en-aguas-de-oaxaca\/#respond"]}]},{"@type":["Person","Organization"],"@id":"https:\/\/publimar.mx\/#\/schema\/person\/42ad4d315580276616a11863a241f558","name":"admin","image":{"@type":"ImageObject","@id":"https:\/\/publimar.mx\/#personlogo","inLanguage":"es","url":"https:\/\/publimar.mx\/wp-content\/uploads\/2021\/08\/logo.png","contentUrl":"https:\/\/publimar.mx\/wp-content\/uploads\/2021\/08\/logo.png","width":454,"height":108,"caption":"admin"},"logo":{"@id":"https:\/\/publimar.mx\/#personlogo"},"sameAs":["https:\/\/publimar.mx"],"url":"https:\/\/publimar.mx\/index.php\/author\/admin\/"}]}},"_links":{"self":[{"href":"https:\/\/publimar.mx\/index.php\/wp-json\/wp\/v2\/posts\/1508"}],"collection":[{"href":"https:\/\/publimar.mx\/index.php\/wp-json\/wp\/v2\/posts"}],"about":[{"href":"https:\/\/publimar.mx\/index.php\/wp-json\/wp\/v2\/types\/post"}],"author":[{"embeddable":true,"href":"https:\/\/publimar.mx\/index.php\/wp-json\/wp\/v2\/users\/1"}],"replies":[{"embeddable":true,"href":"https:\/\/publimar.mx\/index.php\/wp-json\/wp\/v2\/comments?post=1508"}],"version-history":[{"count":1,"href":"https:\/\/publimar.mx\/index.php\/wp-json\/wp\/v2\/posts\/1508\/revisions"}],"predecessor-version":[{"id":1515,"href":"https:\/\/publimar.mx\/index.php\/wp-json\/wp\/v2\/posts\/1508\/revisions\/1515"}],"wp:featuredmedia":[{"embeddable":true,"href":"https:\/\/publimar.mx\/index.php\/wp-json\/wp\/v2\/media\/1502"}],"wp:attachment":[{"href":"https:\/\/publimar.mx\/index.php\/wp-json\/wp\/v2\/media?parent=1508"}],"wp:term":[{"taxonomy":"category","embeddable":true,"href":"https:\/\/publimar.mx\/index.php\/wp-json\/wp\/v2\/categories?post=1508"},{"taxonomy":"post_tag","embeddable":true,"href":"https:\/\/publimar.mx\/index.php\/wp-json\/wp\/v2\/tags?post=1508"}],"curies":[{"name":"wp","href":"https:\/\/api.w.org\/{rel}","templated":true}]}}