{"id":14701,"date":"2025-01-11T10:48:12","date_gmt":"2025-01-11T16:48:12","guid":{"rendered":"https:\/\/publimar.mx\/?p=14701"},"modified":"2025-01-11T10:48:13","modified_gmt":"2025-01-11T16:48:13","slug":"frente-frio-numero-22-afectara-oaxaca-con-lluvias-niebla-y-bajas-temperaturas-este-sabado","status":"publish","type":"post","link":"https:\/\/publimar.mx\/index.php\/2025\/01\/11\/frente-frio-numero-22-afectara-oaxaca-con-lluvias-niebla-y-bajas-temperaturas-este-sabado\/","title":{"rendered":"Frente fr\u00edo n\u00famero 22 afectar\u00e1 Oaxaca con lluvias, niebla y bajas temperaturas este s\u00e1bado"},"content":{"rendered":"\n<p><em><strong>Redacci\u00f3n PubliMar<\/strong><\/em><\/p>\n\n\n\n<div class=\"wp-block-image\"><figure class=\"alignright size-large is-resized\"><img loading=\"lazy\" src=\"https:\/\/publimar.mx\/wp-content\/uploads\/2025\/01\/Se-mantendra-ambiente-frio-a-muy-frio-este-sabado-en-territorio-oaxaqueno-1024x768.jpeg\" alt=\"\" class=\"wp-image-14702\" width=\"512\" height=\"384\" srcset=\"https:\/\/publimar.mx\/wp-content\/uploads\/2025\/01\/Se-mantendra-ambiente-frio-a-muy-frio-este-sabado-en-territorio-oaxaqueno-1024x768.jpeg 1024w, https:\/\/publimar.mx\/wp-content\/uploads\/2025\/01\/Se-mantendra-ambiente-frio-a-muy-frio-este-sabado-en-territorio-oaxaqueno-300x225.jpeg 300w, https:\/\/publimar.mx\/wp-content\/uploads\/2025\/01\/Se-mantendra-ambiente-frio-a-muy-frio-este-sabado-en-territorio-oaxaqueno-768x576.jpeg 768w, https:\/\/publimar.mx\/wp-content\/uploads\/2025\/01\/Se-mantendra-ambiente-frio-a-muy-frio-este-sabado-en-territorio-oaxaqueno-1536x1152.jpeg 1536w, https:\/\/publimar.mx\/wp-content\/uploads\/2025\/01\/Se-mantendra-ambiente-frio-a-muy-frio-este-sabado-en-territorio-oaxaqueno.jpeg 1600w\" sizes=\"(max-width: 512px) 100vw, 512px\" \/><\/figure><\/div>\n\n\n\n<p>Oaxaca, Oax. \u2013 La <strong>Coordinaci\u00f3n Estatal de Protecci\u00f3n Civil y Gesti\u00f3n de Riesgos (CEPCyGR)<\/strong> informa que el <strong>frente fr\u00edo n\u00famero 22<\/strong> llegar\u00e1 este s\u00e1bado, trayendo consigo lluvias y lloviznas, adem\u00e1s de un incremento en las bajas temperaturas en diversas regiones del estado. La <strong>Comisi\u00f3n Nacional del Agua (Conagua)<\/strong> pronostica un ambiente fr\u00edo a muy fr\u00edo, con posibles heladas en las zonas m\u00e1s altas de las regiones <strong>Mixteca<\/strong>, <strong>Sierra de Ju\u00e1rez<\/strong>, <strong>Sierra Sur<\/strong> y <strong>Sierra de Flores Mag\u00f3n<\/strong>.<\/p>\n\n\n\n<p>El sistema, que se desplaza por el sureste de M\u00e9xico, tambi\u00e9n provocar\u00e1 un <strong>evento de norte fuerte<\/strong>, con intervalos muy fuertes en el oriente del Istmo, especialmente en el tramo <strong>La Venta-La Ventosa<\/strong>, as\u00ed como un aumento en el oleaje y mar picado en el <strong>Golfo de Tehuantepec<\/strong>.<\/p>\n\n\n\n<p>La <strong>CEPCyGR<\/strong> ha emitido las siguientes recomendaciones para la poblaci\u00f3n:<\/p>\n\n\n\n<ul><li><strong>Vestirse adecuadamente<\/strong> con ropa gruesa, cubri\u00e9ndose el cuerpo y usando bufandas, gorros y guantes.<\/li><li><strong>Evitar exponerse<\/strong> al aire fr\u00edo, especialmente en las primeras horas del d\u00eda.<\/li><li>Prestar especial <strong>atenci\u00f3n a personas vulnerables<\/strong>, como ni\u00f1os, personas mayores y enfermos cr\u00f3nicos.<\/li><li>Si se utilizan chimeneas, calentadores o hornillos, asegurarse de que haya <strong>ventilaci\u00f3n adecuada<\/strong> para evitar intoxicaciones.<\/li><\/ul>\n\n\n\n<p>Se espera que las temperaturas en las diferentes regiones del estado sean las siguientes:<\/p>\n\n\n\n<ul><li><strong>Valles Centrales<\/strong>: m\u00ednima de 6\u00b0C y m\u00e1xima de 26\u00b0C.<\/li><li><strong>Istmo de Tehuantepec<\/strong>: m\u00ednima de 19\u00b0C y m\u00e1xima de 31\u00b0C.<\/li><li><strong>Cuenca del Papaloapan<\/strong>: m\u00ednima de 13\u00b0C y m\u00e1xima de 24\u00b0C.<\/li><li><strong>Costa<\/strong>: m\u00ednima de 22\u00b0C y m\u00e1xima de 32\u00b0C.<\/li><li><strong>Mixteca<\/strong>: m\u00ednima de 5\u00b0C y m\u00e1xima de 25\u00b0C.<\/li><li><strong>Sierra de Flores Mag\u00f3n<\/strong>: m\u00ednima de 10\u00b0C y m\u00e1xima de 27\u00b0C.<\/li><li><strong>Sierra de Ju\u00e1rez<\/strong>: m\u00ednima de 4\u00b0C y m\u00e1xima de 22\u00b0C.<\/li><li><strong>Sierra Sur<\/strong>: m\u00ednima de 5\u00b0C y m\u00e1xima de 24\u00b0C.<\/li><\/ul>\n\n\n\n<p>Ante la cercan\u00eda del frente fr\u00edo, la CEPCyGR solicita a la poblaci\u00f3n mantenerse <strong>informada<\/strong> sobre las condiciones meteorol\u00f3gicas a trav\u00e9s de las redes sociales oficiales de la Coordinaci\u00f3n (@CEPCYGRGobOax en Facebook y @CEPCyGR_GobOax en X). Adem\u00e1s, se hace un llamado a seguir las recomendaciones de Protecci\u00f3n Civil y Capitan\u00edas de Puerto para evitar situaciones de riesgo.<\/p>\n\n\n\n<p>La dependencia continuar\u00e1 monitoreando el comportamiento del clima y emitir\u00e1 nuevos boletines si las condiciones lo requieren.<\/p>\n","protected":false},"excerpt":{"rendered":"<p>Redacci\u00f3n PubliMar Oaxaca, Oax. \u2013 La Coordinaci\u00f3n Estatal de Protecci\u00f3n Civil y Gesti\u00f3n de Riesgos (CEPCyGR) informa que el frente fr\u00edo n\u00famero 22 llegar\u00e1 este s\u00e1bado, trayendo consigo lluvias y&hellip; <\/p>\n","protected":false},"author":1,"featured_media":14702,"comment_status":"open","ping_status":"open","sticky":false,"template":"","format":"standard","meta":{"_monsterinsights_skip_tracking":false,"_monsterinsights_sitenote_active":false,"_monsterinsights_sitenote_note":"","_monsterinsights_sitenote_category":0},"categories":[26],"tags":[2434,943,1875,2427,609,1003],"yoast_head":"<!-- This site is optimized with the Yoast SEO plugin v17.0 - https:\/\/yoast.com\/wordpress\/plugins\/seo\/ -->\n<title>Frente fr\u00edo n\u00famero 22 afectar\u00e1 Oaxaca con lluvias, niebla y bajas temperaturas este s\u00e1bado - PubliMar<\/title>\n<meta name=\"description\" content=\"Protecci\u00f3n Civil informa sobre el frente fr\u00edo n\u00famero 22 que traer\u00e1 lluvias, bajas temperaturas y un evento de norte fuerte, en el Istmo y ...\" \/>\n<meta name=\"robots\" content=\"index, follow, max-snippet:-1, max-image-preview:large, max-video-preview:-1\" \/>\n<link rel=\"canonical\" href=\"https:\/\/publimar.mx\/index.php\/2025\/01\/11\/frente-frio-numero-22-afectara-oaxaca-con-lluvias-niebla-y-bajas-temperaturas-este-sabado\/\" \/>\n<meta property=\"og:locale\" content=\"es_ES\" \/>\n<meta property=\"og:type\" content=\"article\" \/>\n<meta property=\"og:title\" content=\"Frente fr\u00edo n\u00famero 22 afectar\u00e1 Oaxaca con lluvias, niebla y bajas temperaturas este s\u00e1bado - PubliMar\" \/>\n<meta property=\"og:description\" content=\"Protecci\u00f3n Civil informa sobre el frente fr\u00edo n\u00famero 22 que traer\u00e1 lluvias, bajas temperaturas y un evento de norte fuerte, en el Istmo y ...\" \/>\n<meta property=\"og:url\" content=\"https:\/\/publimar.mx\/index.php\/2025\/01\/11\/frente-frio-numero-22-afectara-oaxaca-con-lluvias-niebla-y-bajas-temperaturas-este-sabado\/\" \/>\n<meta property=\"og:site_name\" content=\"PubliMar\" \/>\n<meta property=\"article:published_time\" content=\"2025-01-11T16:48:12+00:00\" \/>\n<meta property=\"article:modified_time\" content=\"2025-01-11T16:48:13+00:00\" \/>\n<meta property=\"og:image\" content=\"https:\/\/publimar.mx\/wp-content\/uploads\/2025\/01\/Se-mantendra-ambiente-frio-a-muy-frio-este-sabado-en-territorio-oaxaqueno.jpeg\" \/>\n\t<meta property=\"og:image:width\" content=\"1600\" \/>\n\t<meta property=\"og:image:height\" content=\"1200\" \/>\n<meta name=\"twitter:card\" content=\"summary_large_image\" \/>\n<meta name=\"twitter:label1\" content=\"Escrito por\" \/>\n\t<meta name=\"twitter:data1\" content=\"admin\" \/>\n\t<meta name=\"twitter:label2\" content=\"Tiempo de lectura\" \/>\n\t<meta name=\"twitter:data2\" content=\"2 minutos\" \/>\n<script type=\"application\/ld+json\" class=\"yoast-schema-graph\">{\"@context\":\"https:\/\/schema.org\",\"@graph\":[{\"@type\":\"WebSite\",\"@id\":\"https:\/\/publimar.mx\/#website\",\"url\":\"https:\/\/publimar.mx\/\",\"name\":\"PubliMar\",\"description\":\"Informaci\\u00f3n de la Costa Oaxaque\\u00f1a\",\"publisher\":{\"@id\":\"https:\/\/publimar.mx\/#\/schema\/person\/42ad4d315580276616a11863a241f558\"},\"potentialAction\":[{\"@type\":\"SearchAction\",\"target\":{\"@type\":\"EntryPoint\",\"urlTemplate\":\"https:\/\/publimar.mx\/?s={search_term_string}\"},\"query-input\":\"required name=search_term_string\"}],\"inLanguage\":\"es\"},{\"@type\":\"ImageObject\",\"@id\":\"https:\/\/publimar.mx\/index.php\/2025\/01\/11\/frente-frio-numero-22-afectara-oaxaca-con-lluvias-niebla-y-bajas-temperaturas-este-sabado\/#primaryimage\",\"inLanguage\":\"es\",\"url\":\"https:\/\/publimar.mx\/wp-content\/uploads\/2025\/01\/Se-mantendra-ambiente-frio-a-muy-frio-este-sabado-en-territorio-oaxaqueno.jpeg\",\"contentUrl\":\"https:\/\/publimar.mx\/wp-content\/uploads\/2025\/01\/Se-mantendra-ambiente-frio-a-muy-frio-este-sabado-en-territorio-oaxaqueno.jpeg\",\"width\":1600,\"height\":1200},{\"@type\":\"WebPage\",\"@id\":\"https:\/\/publimar.mx\/index.php\/2025\/01\/11\/frente-frio-numero-22-afectara-oaxaca-con-lluvias-niebla-y-bajas-temperaturas-este-sabado\/#webpage\",\"url\":\"https:\/\/publimar.mx\/index.php\/2025\/01\/11\/frente-frio-numero-22-afectara-oaxaca-con-lluvias-niebla-y-bajas-temperaturas-este-sabado\/\",\"name\":\"Frente fr\\u00edo n\\u00famero 22 afectar\\u00e1 Oaxaca con lluvias, niebla y bajas temperaturas este s\\u00e1bado - PubliMar\",\"isPartOf\":{\"@id\":\"https:\/\/publimar.mx\/#website\"},\"primaryImageOfPage\":{\"@id\":\"https:\/\/publimar.mx\/index.php\/2025\/01\/11\/frente-frio-numero-22-afectara-oaxaca-con-lluvias-niebla-y-bajas-temperaturas-este-sabado\/#primaryimage\"},\"datePublished\":\"2025-01-11T16:48:12+00:00\",\"dateModified\":\"2025-01-11T16:48:13+00:00\",\"description\":\"Protecci\\u00f3n Civil informa sobre el frente fr\\u00edo n\\u00famero 22 que traer\\u00e1 lluvias, bajas temperaturas y un evento de norte fuerte, en el Istmo y ...\",\"breadcrumb\":{\"@id\":\"https:\/\/publimar.mx\/index.php\/2025\/01\/11\/frente-frio-numero-22-afectara-oaxaca-con-lluvias-niebla-y-bajas-temperaturas-este-sabado\/#breadcrumb\"},\"inLanguage\":\"es\",\"potentialAction\":[{\"@type\":\"ReadAction\",\"target\":[\"https:\/\/publimar.mx\/index.php\/2025\/01\/11\/frente-frio-numero-22-afectara-oaxaca-con-lluvias-niebla-y-bajas-temperaturas-este-sabado\/\"]}]},{\"@type\":\"BreadcrumbList\",\"@id\":\"https:\/\/publimar.mx\/index.php\/2025\/01\/11\/frente-frio-numero-22-afectara-oaxaca-con-lluvias-niebla-y-bajas-temperaturas-este-sabado\/#breadcrumb\",\"itemListElement\":[{\"@type\":\"ListItem\",\"position\":1,\"name\":\"Portada\",\"item\":\"https:\/\/publimar.mx\/\"},{\"@type\":\"ListItem\",\"position\":2,\"name\":\"Frente fr\\u00edo n\\u00famero 22 afectar\\u00e1 Oaxaca con lluvias, niebla y bajas temperaturas este s\\u00e1bado\"}]},{\"@type\":[\"Article\",\"NewsArticle\"],\"@id\":\"https:\/\/publimar.mx\/index.php\/2025\/01\/11\/frente-frio-numero-22-afectara-oaxaca-con-lluvias-niebla-y-bajas-temperaturas-este-sabado\/#article\",\"isPartOf\":{\"@id\":\"https:\/\/publimar.mx\/index.php\/2025\/01\/11\/frente-frio-numero-22-afectara-oaxaca-con-lluvias-niebla-y-bajas-temperaturas-este-sabado\/#webpage\"},\"author\":{\"@id\":\"https:\/\/publimar.mx\/#\/schema\/person\/42ad4d315580276616a11863a241f558\"},\"headline\":\"Frente fr\\u00edo n\\u00famero 22 afectar\\u00e1 Oaxaca con lluvias, niebla y bajas temperaturas este s\\u00e1bado\",\"datePublished\":\"2025-01-11T16:48:12+00:00\",\"dateModified\":\"2025-01-11T16:48:13+00:00\",\"mainEntityOfPage\":{\"@id\":\"https:\/\/publimar.mx\/index.php\/2025\/01\/11\/frente-frio-numero-22-afectara-oaxaca-con-lluvias-niebla-y-bajas-temperaturas-este-sabado\/#webpage\"},\"wordCount\":420,\"commentCount\":1,\"publisher\":{\"@id\":\"https:\/\/publimar.mx\/#\/schema\/person\/42ad4d315580276616a11863a241f558\"},\"image\":{\"@id\":\"https:\/\/publimar.mx\/index.php\/2025\/01\/11\/frente-frio-numero-22-afectara-oaxaca-con-lluvias-niebla-y-bajas-temperaturas-este-sabado\/#primaryimage\"},\"thumbnailUrl\":\"https:\/\/publimar.mx\/wp-content\/uploads\/2025\/01\/Se-mantendra-ambiente-frio-a-muy-frio-este-sabado-en-territorio-oaxaqueno.jpeg\",\"keywords\":[\"clima fr\\u00edo\",\"condiciones meteorol\\u00f3gicas\",\"evento de norte\",\"frente fr\\u00edo n\\u00famero 22\",\"lluvias\",\"Protecci\\u00f3n Civil Oaxaca\"],\"articleSection\":[\"Seguridad\"],\"inLanguage\":\"es\",\"potentialAction\":[{\"@type\":\"CommentAction\",\"name\":\"Comment\",\"target\":[\"https:\/\/publimar.mx\/index.php\/2025\/01\/11\/frente-frio-numero-22-afectara-oaxaca-con-lluvias-niebla-y-bajas-temperaturas-este-sabado\/#respond\"]}]},{\"@type\":[\"Person\",\"Organization\"],\"@id\":\"https:\/\/publimar.mx\/#\/schema\/person\/42ad4d315580276616a11863a241f558\",\"name\":\"admin\",\"image\":{\"@type\":\"ImageObject\",\"@id\":\"https:\/\/publimar.mx\/#personlogo\",\"inLanguage\":\"es\",\"url\":\"https:\/\/publimar.mx\/wp-content\/uploads\/2021\/08\/logo.png\",\"contentUrl\":\"https:\/\/publimar.mx\/wp-content\/uploads\/2021\/08\/logo.png\",\"width\":454,\"height\":108,\"caption\":\"admin\"},\"logo\":{\"@id\":\"https:\/\/publimar.mx\/#personlogo\"},\"sameAs\":[\"https:\/\/publimar.mx\"],\"url\":\"https:\/\/publimar.mx\/index.php\/author\/admin\/\"}]}<\/script>\n<!-- \/ Yoast SEO plugin. -->","yoast_head_json":{"title":"Frente fr\u00edo n\u00famero 22 afectar\u00e1 Oaxaca con lluvias, niebla y bajas temperaturas este s\u00e1bado - PubliMar","description":"Protecci\u00f3n Civil informa sobre el frente fr\u00edo n\u00famero 22 que traer\u00e1 lluvias, bajas temperaturas y un evento de norte fuerte, en el Istmo y ...","robots":{"index":"index","follow":"follow","max-snippet":"max-snippet:-1","max-image-preview":"max-image-preview:large","max-video-preview":"max-video-preview:-1"},"canonical":"https:\/\/publimar.mx\/index.php\/2025\/01\/11\/frente-frio-numero-22-afectara-oaxaca-con-lluvias-niebla-y-bajas-temperaturas-este-sabado\/","og_locale":"es_ES","og_type":"article","og_title":"Frente fr\u00edo n\u00famero 22 afectar\u00e1 Oaxaca con lluvias, niebla y bajas temperaturas este s\u00e1bado - PubliMar","og_description":"Protecci\u00f3n Civil informa sobre el frente fr\u00edo n\u00famero 22 que traer\u00e1 lluvias, bajas temperaturas y un evento de norte fuerte, en el Istmo y ...","og_url":"https:\/\/publimar.mx\/index.php\/2025\/01\/11\/frente-frio-numero-22-afectara-oaxaca-con-lluvias-niebla-y-bajas-temperaturas-este-sabado\/","og_site_name":"PubliMar","article_published_time":"2025-01-11T16:48:12+00:00","article_modified_time":"2025-01-11T16:48:13+00:00","og_image":[{"width":1600,"height":1200,"url":"https:\/\/publimar.mx\/wp-content\/uploads\/2025\/01\/Se-mantendra-ambiente-frio-a-muy-frio-este-sabado-en-territorio-oaxaqueno.jpeg","path":"\/home\/u358712125\/domains\/publimar.mx\/public_html\/wp-content\/uploads\/2025\/01\/Se-mantendra-ambiente-frio-a-muy-frio-este-sabado-en-territorio-oaxaqueno.jpeg","size":"full","id":14702,"alt":"","pixels":1920000,"type":"image\/jpeg"}],"twitter_card":"summary_large_image","twitter_misc":{"Escrito por":"admin","Tiempo de lectura":"2 minutos"},"schema":{"@context":"https:\/\/schema.org","@graph":[{"@type":"WebSite","@id":"https:\/\/publimar.mx\/#website","url":"https:\/\/publimar.mx\/","name":"PubliMar","description":"Informaci\u00f3n de la Costa Oaxaque\u00f1a","publisher":{"@id":"https:\/\/publimar.mx\/#\/schema\/person\/42ad4d315580276616a11863a241f558"},"potentialAction":[{"@type":"SearchAction","target":{"@type":"EntryPoint","urlTemplate":"https:\/\/publimar.mx\/?s={search_term_string}"},"query-input":"required name=search_term_string"}],"inLanguage":"es"},{"@type":"ImageObject","@id":"https:\/\/publimar.mx\/index.php\/2025\/01\/11\/frente-frio-numero-22-afectara-oaxaca-con-lluvias-niebla-y-bajas-temperaturas-este-sabado\/#primaryimage","inLanguage":"es","url":"https:\/\/publimar.mx\/wp-content\/uploads\/2025\/01\/Se-mantendra-ambiente-frio-a-muy-frio-este-sabado-en-territorio-oaxaqueno.jpeg","contentUrl":"https:\/\/publimar.mx\/wp-content\/uploads\/2025\/01\/Se-mantendra-ambiente-frio-a-muy-frio-este-sabado-en-territorio-oaxaqueno.jpeg","width":1600,"height":1200},{"@type":"WebPage","@id":"https:\/\/publimar.mx\/index.php\/2025\/01\/11\/frente-frio-numero-22-afectara-oaxaca-con-lluvias-niebla-y-bajas-temperaturas-este-sabado\/#webpage","url":"https:\/\/publimar.mx\/index.php\/2025\/01\/11\/frente-frio-numero-22-afectara-oaxaca-con-lluvias-niebla-y-bajas-temperaturas-este-sabado\/","name":"Frente fr\u00edo n\u00famero 22 afectar\u00e1 Oaxaca con lluvias, niebla y bajas temperaturas este s\u00e1bado - PubliMar","isPartOf":{"@id":"https:\/\/publimar.mx\/#website"},"primaryImageOfPage":{"@id":"https:\/\/publimar.mx\/index.php\/2025\/01\/11\/frente-frio-numero-22-afectara-oaxaca-con-lluvias-niebla-y-bajas-temperaturas-este-sabado\/#primaryimage"},"datePublished":"2025-01-11T16:48:12+00:00","dateModified":"2025-01-11T16:48:13+00:00","description":"Protecci\u00f3n Civil informa sobre el frente fr\u00edo n\u00famero 22 que traer\u00e1 lluvias, bajas temperaturas y un evento de norte fuerte, en el Istmo y ...","breadcrumb":{"@id":"https:\/\/publimar.mx\/index.php\/2025\/01\/11\/frente-frio-numero-22-afectara-oaxaca-con-lluvias-niebla-y-bajas-temperaturas-este-sabado\/#breadcrumb"},"inLanguage":"es","potentialAction":[{"@type":"ReadAction","target":["https:\/\/publimar.mx\/index.php\/2025\/01\/11\/frente-frio-numero-22-afectara-oaxaca-con-lluvias-niebla-y-bajas-temperaturas-este-sabado\/"]}]},{"@type":"BreadcrumbList","@id":"https:\/\/publimar.mx\/index.php\/2025\/01\/11\/frente-frio-numero-22-afectara-oaxaca-con-lluvias-niebla-y-bajas-temperaturas-este-sabado\/#breadcrumb","itemListElement":[{"@type":"ListItem","position":1,"name":"Portada","item":"https:\/\/publimar.mx\/"},{"@type":"ListItem","position":2,"name":"Frente fr\u00edo n\u00famero 22 afectar\u00e1 Oaxaca con lluvias, niebla y bajas temperaturas este s\u00e1bado"}]},{"@type":["Article","NewsArticle"],"@id":"https:\/\/publimar.mx\/index.php\/2025\/01\/11\/frente-frio-numero-22-afectara-oaxaca-con-lluvias-niebla-y-bajas-temperaturas-este-sabado\/#article","isPartOf":{"@id":"https:\/\/publimar.mx\/index.php\/2025\/01\/11\/frente-frio-numero-22-afectara-oaxaca-con-lluvias-niebla-y-bajas-temperaturas-este-sabado\/#webpage"},"author":{"@id":"https:\/\/publimar.mx\/#\/schema\/person\/42ad4d315580276616a11863a241f558"},"headline":"Frente fr\u00edo n\u00famero 22 afectar\u00e1 Oaxaca con lluvias, niebla y bajas temperaturas este s\u00e1bado","datePublished":"2025-01-11T16:48:12+00:00","dateModified":"2025-01-11T16:48:13+00:00","mainEntityOfPage":{"@id":"https:\/\/publimar.mx\/index.php\/2025\/01\/11\/frente-frio-numero-22-afectara-oaxaca-con-lluvias-niebla-y-bajas-temperaturas-este-sabado\/#webpage"},"wordCount":420,"commentCount":1,"publisher":{"@id":"https:\/\/publimar.mx\/#\/schema\/person\/42ad4d315580276616a11863a241f558"},"image":{"@id":"https:\/\/publimar.mx\/index.php\/2025\/01\/11\/frente-frio-numero-22-afectara-oaxaca-con-lluvias-niebla-y-bajas-temperaturas-este-sabado\/#primaryimage"},"thumbnailUrl":"https:\/\/publimar.mx\/wp-content\/uploads\/2025\/01\/Se-mantendra-ambiente-frio-a-muy-frio-este-sabado-en-territorio-oaxaqueno.jpeg","keywords":["clima fr\u00edo","condiciones meteorol\u00f3gicas","evento de norte","frente fr\u00edo n\u00famero 22","lluvias","Protecci\u00f3n Civil Oaxaca"],"articleSection":["Seguridad"],"inLanguage":"es","potentialAction":[{"@type":"CommentAction","name":"Comment","target":["https:\/\/publimar.mx\/index.php\/2025\/01\/11\/frente-frio-numero-22-afectara-oaxaca-con-lluvias-niebla-y-bajas-temperaturas-este-sabado\/#respond"]}]},{"@type":["Person","Organization"],"@id":"https:\/\/publimar.mx\/#\/schema\/person\/42ad4d315580276616a11863a241f558","name":"admin","image":{"@type":"ImageObject","@id":"https:\/\/publimar.mx\/#personlogo","inLanguage":"es","url":"https:\/\/publimar.mx\/wp-content\/uploads\/2021\/08\/logo.png","contentUrl":"https:\/\/publimar.mx\/wp-content\/uploads\/2021\/08\/logo.png","width":454,"height":108,"caption":"admin"},"logo":{"@id":"https:\/\/publimar.mx\/#personlogo"},"sameAs":["https:\/\/publimar.mx"],"url":"https:\/\/publimar.mx\/index.php\/author\/admin\/"}]}},"_links":{"self":[{"href":"https:\/\/publimar.mx\/index.php\/wp-json\/wp\/v2\/posts\/14701"}],"collection":[{"href":"https:\/\/publimar.mx\/index.php\/wp-json\/wp\/v2\/posts"}],"about":[{"href":"https:\/\/publimar.mx\/index.php\/wp-json\/wp\/v2\/types\/post"}],"author":[{"embeddable":true,"href":"https:\/\/publimar.mx\/index.php\/wp-json\/wp\/v2\/users\/1"}],"replies":[{"embeddable":true,"href":"https:\/\/publimar.mx\/index.php\/wp-json\/wp\/v2\/comments?post=14701"}],"version-history":[{"count":1,"href":"https:\/\/publimar.mx\/index.php\/wp-json\/wp\/v2\/posts\/14701\/revisions"}],"predecessor-version":[{"id":14703,"href":"https:\/\/publimar.mx\/index.php\/wp-json\/wp\/v2\/posts\/14701\/revisions\/14703"}],"wp:featuredmedia":[{"embeddable":true,"href":"https:\/\/publimar.mx\/index.php\/wp-json\/wp\/v2\/media\/14702"}],"wp:attachment":[{"href":"https:\/\/publimar.mx\/index.php\/wp-json\/wp\/v2\/media?parent=14701"}],"wp:term":[{"taxonomy":"category","embeddable":true,"href":"https:\/\/publimar.mx\/index.php\/wp-json\/wp\/v2\/categories?post=14701"},{"taxonomy":"post_tag","embeddable":true,"href":"https:\/\/publimar.mx\/index.php\/wp-json\/wp\/v2\/tags?post=14701"}],"curies":[{"name":"wp","href":"https:\/\/api.w.org\/{rel}","templated":true}]}}