{"id":14466,"date":"2024-11-29T15:08:17","date_gmt":"2024-11-29T21:08:17","guid":{"rendered":"https:\/\/publimar.mx\/?p=14466"},"modified":"2024-11-29T15:08:19","modified_gmt":"2024-11-29T21:08:19","slug":"gobernador-salomon-jara-cruz-reconocido-por-periodistas-y-voceadores-de-oaxaca-por-incorporacion-al-imss-y-acceso-a-vivienda","status":"publish","type":"post","link":"https:\/\/publimar.mx\/index.php\/2024\/11\/29\/gobernador-salomon-jara-cruz-reconocido-por-periodistas-y-voceadores-de-oaxaca-por-incorporacion-al-imss-y-acceso-a-vivienda\/","title":{"rendered":"Gobernador Salom\u00f3n Jara Cruz reconocido por periodistas y voceadores de Oaxaca por incorporaci\u00f3n al IMSS y acceso a vivienda"},"content":{"rendered":"\n<div class=\"wp-block-image\"><figure class=\"alignright size-large is-resized\"><img loading=\"lazy\" src=\"https:\/\/publimar.mx\/wp-content\/uploads\/2024\/11\/WhatsApp-Image-2024-11-28-at-7.32.55-PM-1024x899.jpeg\" alt=\"\" class=\"wp-image-14471\" width=\"512\" height=\"450\" srcset=\"https:\/\/publimar.mx\/wp-content\/uploads\/2024\/11\/WhatsApp-Image-2024-11-28-at-7.32.55-PM-1024x899.jpeg 1024w, https:\/\/publimar.mx\/wp-content\/uploads\/2024\/11\/WhatsApp-Image-2024-11-28-at-7.32.55-PM-300x263.jpeg 300w, https:\/\/publimar.mx\/wp-content\/uploads\/2024\/11\/WhatsApp-Image-2024-11-28-at-7.32.55-PM-768x674.jpeg 768w, https:\/\/publimar.mx\/wp-content\/uploads\/2024\/11\/WhatsApp-Image-2024-11-28-at-7.32.55-PM.jpeg 1177w\" sizes=\"(max-width: 512px) 100vw, 512px\" \/><\/figure><\/div>\n\n\n\n<p>Periodistas independientes y voceadores de Oaxaca expresaron su reconocimiento al gobierno de la <em>Primavera Oaxaque\u00f1a<\/em>, encabezado por el Gobernador Salom\u00f3n Jara Cruz, tras la incorporaci\u00f3n de estos sectores a la seguridad social a trav\u00e9s del Instituto Mexicano del Seguro Social (IMSS) y la posibilidad de acceder a viviendas mediante el Infonavit.<\/p>\n\n\n\n<p>Este gesto fue destacado en una reuni\u00f3n informativa encabezada por la Coordinadora de Comunicaci\u00f3n Social del Gobierno del Estado, Elizabeth \u00c1lvarez Acosta.<\/p>\n\n\n\n<p>Alexi Espinoza Toledo, periodista independiente, agradeci\u00f3 al Gobernador Salom\u00f3n Jara Cruz, mencionando que, por primera vez, los periodistas pueden contar con acceso al seguro social: \u201cNo debemos omitir que hay que agradecerle a la administraci\u00f3n estatal, que bueno que ahora podemos contar con este seguro social\u201d, destac\u00f3.<\/p>\n\n\n\n<p>Por su parte, Francisco Celis V\u00e1squez, Secretario General de la Uni\u00f3n de Voceadores y Expendedores de Peri\u00f3dicos, Libros y Revistas de Oaxaca, expres\u00f3 el agradecimiento de este sector por el apoyo recibido. \u201cNunca antes un gobierno nos hab\u00eda dado un apoyo como este. A nombre de los voceadores, estamos muy agradecidos por todo el trabajo realizado, nuestro trabajo tambi\u00e9n es de alto riesgo. Gracias por este gesto y apoyo\u201d, afirm\u00f3.<\/p>\n\n\n\n<p>Hiram Moreno, periodista del Istmo de Tehuantepec, subray\u00f3 que Oaxaca es el primer estado que se preocupa por este tema y agradeci\u00f3 al Gobernador Salom\u00f3n Jara Cruz por su apoyo.<\/p>\n\n\n\n<p>Ra\u00fal Campa, periodista de los Valles Centrales, aprovech\u00f3 la ocasi\u00f3n para agradecer p\u00fablicamente al gobernador y a la Coordinadora de Comunicaci\u00f3n Social: \u201cHagan saber al gobernador nuestro reconocimiento y usted, coordinadora, por esta gran labor en beneficio de las y los que ejercemos el periodismo en Oaxaca\u201d.<\/p>\n\n\n\n<p>A partir del 1 de diciembre, los periodistas que se acrediten como trabajadores independientes podr\u00e1n acceder a estos beneficios gestionados por la Coordinaci\u00f3n de Comunicaci\u00f3n Social y la Secretar\u00eda del Trabajo de Oaxaca, lo que marca un hito en el apoyo a los trabajadores del periodismo en la entidad.<\/p>\n\n\n\n<figure class=\"wp-block-video\"><video controls src=\"https:\/\/publimar.mx\/wp-content\/uploads\/2024\/11\/WhatsApp-Video-2024-11-28-at-9.09.58-PM.mp4\"><\/video><\/figure>\n\n\n\n<figure class=\"wp-block-video\"><video controls src=\"https:\/\/publimar.mx\/wp-content\/uploads\/2024\/11\/WhatsApp-Video-2024-11-28-at-9.09.57-PM.mp4\"><\/video><\/figure>\n\n\n\n<figure class=\"wp-block-video\"><video controls src=\"https:\/\/publimar.mx\/wp-content\/uploads\/2024\/11\/WhatsApp-Video-2024-11-28-at-9.10.01-PM.mp4\"><\/video><\/figure>\n\n\n\n<figure class=\"wp-block-video\"><video controls src=\"https:\/\/publimar.mx\/wp-content\/uploads\/2024\/11\/WhatsApp-Video-2024-11-28-at-9.09.59-PM.mp4\"><\/video><\/figure>\n","protected":false},"excerpt":{"rendered":"<p>Periodistas independientes y voceadores de Oaxaca expresaron su reconocimiento al gobierno de la Primavera Oaxaque\u00f1a, encabezado por el Gobernador Salom\u00f3n Jara Cruz, tras la incorporaci\u00f3n de estos sectores a la&hellip; <\/p>\n","protected":false},"author":1,"featured_media":0,"comment_status":"open","ping_status":"open","sticky":false,"template":"","format":"standard","meta":{"_monsterinsights_skip_tracking":false,"_monsterinsights_sitenote_active":false,"_monsterinsights_sitenote_note":"","_monsterinsights_sitenote_category":0},"categories":[6],"tags":[1966,1968,961,1969,1971,1431,772,1970,1967],"yoast_head":"<!-- This site is optimized with the Yoast SEO plugin v17.0 - https:\/\/yoast.com\/wordpress\/plugins\/seo\/ -->\n<title>Gobernador Salom\u00f3n Jara Cruz reconocido por periodistas y voceadores de Oaxaca por incorporaci\u00f3n al IMSS y acceso a vivienda - PubliMar<\/title>\n<meta name=\"description\" content=\"Periodistas independientes y voceadores de Oaxaca expresaron su reconocimiento al gobierno tras la incorporaci\u00f3n a la seguridad social y ...\" \/>\n<meta name=\"robots\" content=\"index, follow, max-snippet:-1, max-image-preview:large, max-video-preview:-1\" \/>\n<link rel=\"canonical\" href=\"https:\/\/publimar.mx\/index.php\/2024\/11\/29\/gobernador-salomon-jara-cruz-reconocido-por-periodistas-y-voceadores-de-oaxaca-por-incorporacion-al-imss-y-acceso-a-vivienda\/\" \/>\n<meta property=\"og:locale\" content=\"es_ES\" \/>\n<meta property=\"og:type\" content=\"article\" \/>\n<meta property=\"og:title\" content=\"Gobernador Salom\u00f3n Jara Cruz reconocido por periodistas y voceadores de Oaxaca por incorporaci\u00f3n al IMSS y acceso a vivienda - PubliMar\" \/>\n<meta property=\"og:description\" content=\"Periodistas independientes y voceadores de Oaxaca expresaron su reconocimiento al gobierno tras la incorporaci\u00f3n a la seguridad social y ...\" \/>\n<meta property=\"og:url\" content=\"https:\/\/publimar.mx\/index.php\/2024\/11\/29\/gobernador-salomon-jara-cruz-reconocido-por-periodistas-y-voceadores-de-oaxaca-por-incorporacion-al-imss-y-acceso-a-vivienda\/\" \/>\n<meta property=\"og:site_name\" content=\"PubliMar\" \/>\n<meta property=\"article:published_time\" content=\"2024-11-29T21:08:17+00:00\" \/>\n<meta property=\"article:modified_time\" content=\"2024-11-29T21:08:19+00:00\" \/>\n<meta property=\"og:image\" content=\"https:\/\/publimar.mx\/wp-content\/uploads\/2024\/11\/WhatsApp-Image-2024-11-28-at-7.32.55-PM-1024x899.jpeg\" \/>\n<meta name=\"twitter:card\" content=\"summary_large_image\" \/>\n<meta name=\"twitter:label1\" content=\"Escrito por\" \/>\n\t<meta name=\"twitter:data1\" content=\"admin\" \/>\n\t<meta name=\"twitter:label2\" content=\"Tiempo de lectura\" \/>\n\t<meta name=\"twitter:data2\" content=\"2 minutos\" \/>\n<script type=\"application\/ld+json\" class=\"yoast-schema-graph\">{\"@context\":\"https:\/\/schema.org\",\"@graph\":[{\"@type\":\"WebSite\",\"@id\":\"https:\/\/publimar.mx\/#website\",\"url\":\"https:\/\/publimar.mx\/\",\"name\":\"PubliMar\",\"description\":\"Informaci\\u00f3n de la Costa Oaxaque\\u00f1a\",\"publisher\":{\"@id\":\"https:\/\/publimar.mx\/#\/schema\/person\/42ad4d315580276616a11863a241f558\"},\"potentialAction\":[{\"@type\":\"SearchAction\",\"target\":{\"@type\":\"EntryPoint\",\"urlTemplate\":\"https:\/\/publimar.mx\/?s={search_term_string}\"},\"query-input\":\"required name=search_term_string\"}],\"inLanguage\":\"es\"},{\"@type\":\"ImageObject\",\"@id\":\"https:\/\/publimar.mx\/index.php\/2024\/11\/29\/gobernador-salomon-jara-cruz-reconocido-por-periodistas-y-voceadores-de-oaxaca-por-incorporacion-al-imss-y-acceso-a-vivienda\/#primaryimage\",\"inLanguage\":\"es\",\"url\":\"https:\/\/publimar.mx\/wp-content\/uploads\/2024\/11\/WhatsApp-Image-2024-11-28-at-7.32.55-PM.jpeg\",\"contentUrl\":\"https:\/\/publimar.mx\/wp-content\/uploads\/2024\/11\/WhatsApp-Image-2024-11-28-at-7.32.55-PM.jpeg\",\"width\":1177,\"height\":1033},{\"@type\":\"WebPage\",\"@id\":\"https:\/\/publimar.mx\/index.php\/2024\/11\/29\/gobernador-salomon-jara-cruz-reconocido-por-periodistas-y-voceadores-de-oaxaca-por-incorporacion-al-imss-y-acceso-a-vivienda\/#webpage\",\"url\":\"https:\/\/publimar.mx\/index.php\/2024\/11\/29\/gobernador-salomon-jara-cruz-reconocido-por-periodistas-y-voceadores-de-oaxaca-por-incorporacion-al-imss-y-acceso-a-vivienda\/\",\"name\":\"Gobernador Salom\\u00f3n Jara Cruz reconocido por periodistas y voceadores de Oaxaca por incorporaci\\u00f3n al IMSS y acceso a vivienda - PubliMar\",\"isPartOf\":{\"@id\":\"https:\/\/publimar.mx\/#website\"},\"primaryImageOfPage\":{\"@id\":\"https:\/\/publimar.mx\/index.php\/2024\/11\/29\/gobernador-salomon-jara-cruz-reconocido-por-periodistas-y-voceadores-de-oaxaca-por-incorporacion-al-imss-y-acceso-a-vivienda\/#primaryimage\"},\"datePublished\":\"2024-11-29T21:08:17+00:00\",\"dateModified\":\"2024-11-29T21:08:19+00:00\",\"description\":\"Periodistas independientes y voceadores de Oaxaca expresaron su reconocimiento al gobierno tras la incorporaci\\u00f3n a la seguridad social y ...\",\"breadcrumb\":{\"@id\":\"https:\/\/publimar.mx\/index.php\/2024\/11\/29\/gobernador-salomon-jara-cruz-reconocido-por-periodistas-y-voceadores-de-oaxaca-por-incorporacion-al-imss-y-acceso-a-vivienda\/#breadcrumb\"},\"inLanguage\":\"es\",\"potentialAction\":[{\"@type\":\"ReadAction\",\"target\":[\"https:\/\/publimar.mx\/index.php\/2024\/11\/29\/gobernador-salomon-jara-cruz-reconocido-por-periodistas-y-voceadores-de-oaxaca-por-incorporacion-al-imss-y-acceso-a-vivienda\/\"]}]},{\"@type\":\"BreadcrumbList\",\"@id\":\"https:\/\/publimar.mx\/index.php\/2024\/11\/29\/gobernador-salomon-jara-cruz-reconocido-por-periodistas-y-voceadores-de-oaxaca-por-incorporacion-al-imss-y-acceso-a-vivienda\/#breadcrumb\",\"itemListElement\":[{\"@type\":\"ListItem\",\"position\":1,\"name\":\"Portada\",\"item\":\"https:\/\/publimar.mx\/\"},{\"@type\":\"ListItem\",\"position\":2,\"name\":\"Gobernador Salom\\u00f3n Jara Cruz reconocido por periodistas y voceadores de Oaxaca por incorporaci\\u00f3n al IMSS y acceso a vivienda\"}]},{\"@type\":[\"Article\",\"NewsArticle\"],\"@id\":\"https:\/\/publimar.mx\/index.php\/2024\/11\/29\/gobernador-salomon-jara-cruz-reconocido-por-periodistas-y-voceadores-de-oaxaca-por-incorporacion-al-imss-y-acceso-a-vivienda\/#article\",\"isPartOf\":{\"@id\":\"https:\/\/publimar.mx\/index.php\/2024\/11\/29\/gobernador-salomon-jara-cruz-reconocido-por-periodistas-y-voceadores-de-oaxaca-por-incorporacion-al-imss-y-acceso-a-vivienda\/#webpage\"},\"author\":{\"@id\":\"https:\/\/publimar.mx\/#\/schema\/person\/42ad4d315580276616a11863a241f558\"},\"headline\":\"Gobernador Salom\\u00f3n Jara Cruz reconocido por periodistas y voceadores de Oaxaca por incorporaci\\u00f3n al IMSS y acceso a vivienda\",\"datePublished\":\"2024-11-29T21:08:17+00:00\",\"dateModified\":\"2024-11-29T21:08:19+00:00\",\"mainEntityOfPage\":{\"@id\":\"https:\/\/publimar.mx\/index.php\/2024\/11\/29\/gobernador-salomon-jara-cruz-reconocido-por-periodistas-y-voceadores-de-oaxaca-por-incorporacion-al-imss-y-acceso-a-vivienda\/#webpage\"},\"wordCount\":358,\"commentCount\":0,\"publisher\":{\"@id\":\"https:\/\/publimar.mx\/#\/schema\/person\/42ad4d315580276616a11863a241f558\"},\"image\":{\"@id\":\"https:\/\/publimar.mx\/index.php\/2024\/11\/29\/gobernador-salomon-jara-cruz-reconocido-por-periodistas-y-voceadores-de-oaxaca-por-incorporacion-al-imss-y-acceso-a-vivienda\/#primaryimage\"},\"thumbnailUrl\":\"https:\/\/publimar.mx\/wp-content\/uploads\/2024\/11\/WhatsApp-Image-2024-11-28-at-7.32.55-PM-1024x899.jpeg\",\"keywords\":[\"apoyo a voceadores Oaxaca\",\"beneficios para periodistas\",\"Gobierno de Oaxaca\",\"IMSS para periodistas\",\"Infonavit Oaxaca\",\"periodistas independientes Oaxaca\",\"Salom\\u00f3n Jara Cruz\",\"seguridad social en Oaxaca\",\"trabajo independiente Oaxaca\"],\"articleSection\":[\"Estatal\"],\"inLanguage\":\"es\",\"potentialAction\":[{\"@type\":\"CommentAction\",\"name\":\"Comment\",\"target\":[\"https:\/\/publimar.mx\/index.php\/2024\/11\/29\/gobernador-salomon-jara-cruz-reconocido-por-periodistas-y-voceadores-de-oaxaca-por-incorporacion-al-imss-y-acceso-a-vivienda\/#respond\"]}]},{\"@type\":[\"Person\",\"Organization\"],\"@id\":\"https:\/\/publimar.mx\/#\/schema\/person\/42ad4d315580276616a11863a241f558\",\"name\":\"admin\",\"image\":{\"@type\":\"ImageObject\",\"@id\":\"https:\/\/publimar.mx\/#personlogo\",\"inLanguage\":\"es\",\"url\":\"https:\/\/publimar.mx\/wp-content\/uploads\/2021\/08\/logo.png\",\"contentUrl\":\"https:\/\/publimar.mx\/wp-content\/uploads\/2021\/08\/logo.png\",\"width\":454,\"height\":108,\"caption\":\"admin\"},\"logo\":{\"@id\":\"https:\/\/publimar.mx\/#personlogo\"},\"sameAs\":[\"https:\/\/publimar.mx\"],\"url\":\"https:\/\/publimar.mx\/index.php\/author\/admin\/\"}]}<\/script>\n<!-- \/ Yoast SEO plugin. -->","yoast_head_json":{"title":"Gobernador Salom\u00f3n Jara Cruz reconocido por periodistas y voceadores de Oaxaca por incorporaci\u00f3n al IMSS y acceso a vivienda - PubliMar","description":"Periodistas independientes y voceadores de Oaxaca expresaron su reconocimiento al gobierno tras la incorporaci\u00f3n a la seguridad social y ...","robots":{"index":"index","follow":"follow","max-snippet":"max-snippet:-1","max-image-preview":"max-image-preview:large","max-video-preview":"max-video-preview:-1"},"canonical":"https:\/\/publimar.mx\/index.php\/2024\/11\/29\/gobernador-salomon-jara-cruz-reconocido-por-periodistas-y-voceadores-de-oaxaca-por-incorporacion-al-imss-y-acceso-a-vivienda\/","og_locale":"es_ES","og_type":"article","og_title":"Gobernador Salom\u00f3n Jara Cruz reconocido por periodistas y voceadores de Oaxaca por incorporaci\u00f3n al IMSS y acceso a vivienda - PubliMar","og_description":"Periodistas independientes y voceadores de Oaxaca expresaron su reconocimiento al gobierno tras la incorporaci\u00f3n a la seguridad social y ...","og_url":"https:\/\/publimar.mx\/index.php\/2024\/11\/29\/gobernador-salomon-jara-cruz-reconocido-por-periodistas-y-voceadores-de-oaxaca-por-incorporacion-al-imss-y-acceso-a-vivienda\/","og_site_name":"PubliMar","article_published_time":"2024-11-29T21:08:17+00:00","article_modified_time":"2024-11-29T21:08:19+00:00","og_image":[{"url":"https:\/\/publimar.mx\/wp-content\/uploads\/2024\/11\/WhatsApp-Image-2024-11-28-at-7.32.55-PM-1024x899.jpeg"}],"twitter_card":"summary_large_image","twitter_misc":{"Escrito por":"admin","Tiempo de lectura":"2 minutos"},"schema":{"@context":"https:\/\/schema.org","@graph":[{"@type":"WebSite","@id":"https:\/\/publimar.mx\/#website","url":"https:\/\/publimar.mx\/","name":"PubliMar","description":"Informaci\u00f3n de la Costa Oaxaque\u00f1a","publisher":{"@id":"https:\/\/publimar.mx\/#\/schema\/person\/42ad4d315580276616a11863a241f558"},"potentialAction":[{"@type":"SearchAction","target":{"@type":"EntryPoint","urlTemplate":"https:\/\/publimar.mx\/?s={search_term_string}"},"query-input":"required name=search_term_string"}],"inLanguage":"es"},{"@type":"ImageObject","@id":"https:\/\/publimar.mx\/index.php\/2024\/11\/29\/gobernador-salomon-jara-cruz-reconocido-por-periodistas-y-voceadores-de-oaxaca-por-incorporacion-al-imss-y-acceso-a-vivienda\/#primaryimage","inLanguage":"es","url":"https:\/\/publimar.mx\/wp-content\/uploads\/2024\/11\/WhatsApp-Image-2024-11-28-at-7.32.55-PM.jpeg","contentUrl":"https:\/\/publimar.mx\/wp-content\/uploads\/2024\/11\/WhatsApp-Image-2024-11-28-at-7.32.55-PM.jpeg","width":1177,"height":1033},{"@type":"WebPage","@id":"https:\/\/publimar.mx\/index.php\/2024\/11\/29\/gobernador-salomon-jara-cruz-reconocido-por-periodistas-y-voceadores-de-oaxaca-por-incorporacion-al-imss-y-acceso-a-vivienda\/#webpage","url":"https:\/\/publimar.mx\/index.php\/2024\/11\/29\/gobernador-salomon-jara-cruz-reconocido-por-periodistas-y-voceadores-de-oaxaca-por-incorporacion-al-imss-y-acceso-a-vivienda\/","name":"Gobernador Salom\u00f3n Jara Cruz reconocido por periodistas y voceadores de Oaxaca por incorporaci\u00f3n al IMSS y acceso a vivienda - PubliMar","isPartOf":{"@id":"https:\/\/publimar.mx\/#website"},"primaryImageOfPage":{"@id":"https:\/\/publimar.mx\/index.php\/2024\/11\/29\/gobernador-salomon-jara-cruz-reconocido-por-periodistas-y-voceadores-de-oaxaca-por-incorporacion-al-imss-y-acceso-a-vivienda\/#primaryimage"},"datePublished":"2024-11-29T21:08:17+00:00","dateModified":"2024-11-29T21:08:19+00:00","description":"Periodistas independientes y voceadores de Oaxaca expresaron su reconocimiento al gobierno tras la incorporaci\u00f3n a la seguridad social y ...","breadcrumb":{"@id":"https:\/\/publimar.mx\/index.php\/2024\/11\/29\/gobernador-salomon-jara-cruz-reconocido-por-periodistas-y-voceadores-de-oaxaca-por-incorporacion-al-imss-y-acceso-a-vivienda\/#breadcrumb"},"inLanguage":"es","potentialAction":[{"@type":"ReadAction","target":["https:\/\/publimar.mx\/index.php\/2024\/11\/29\/gobernador-salomon-jara-cruz-reconocido-por-periodistas-y-voceadores-de-oaxaca-por-incorporacion-al-imss-y-acceso-a-vivienda\/"]}]},{"@type":"BreadcrumbList","@id":"https:\/\/publimar.mx\/index.php\/2024\/11\/29\/gobernador-salomon-jara-cruz-reconocido-por-periodistas-y-voceadores-de-oaxaca-por-incorporacion-al-imss-y-acceso-a-vivienda\/#breadcrumb","itemListElement":[{"@type":"ListItem","position":1,"name":"Portada","item":"https:\/\/publimar.mx\/"},{"@type":"ListItem","position":2,"name":"Gobernador Salom\u00f3n Jara Cruz reconocido por periodistas y voceadores de Oaxaca por incorporaci\u00f3n al IMSS y acceso a vivienda"}]},{"@type":["Article","NewsArticle"],"@id":"https:\/\/publimar.mx\/index.php\/2024\/11\/29\/gobernador-salomon-jara-cruz-reconocido-por-periodistas-y-voceadores-de-oaxaca-por-incorporacion-al-imss-y-acceso-a-vivienda\/#article","isPartOf":{"@id":"https:\/\/publimar.mx\/index.php\/2024\/11\/29\/gobernador-salomon-jara-cruz-reconocido-por-periodistas-y-voceadores-de-oaxaca-por-incorporacion-al-imss-y-acceso-a-vivienda\/#webpage"},"author":{"@id":"https:\/\/publimar.mx\/#\/schema\/person\/42ad4d315580276616a11863a241f558"},"headline":"Gobernador Salom\u00f3n Jara Cruz reconocido por periodistas y voceadores de Oaxaca por incorporaci\u00f3n al IMSS y acceso a vivienda","datePublished":"2024-11-29T21:08:17+00:00","dateModified":"2024-11-29T21:08:19+00:00","mainEntityOfPage":{"@id":"https:\/\/publimar.mx\/index.php\/2024\/11\/29\/gobernador-salomon-jara-cruz-reconocido-por-periodistas-y-voceadores-de-oaxaca-por-incorporacion-al-imss-y-acceso-a-vivienda\/#webpage"},"wordCount":358,"commentCount":0,"publisher":{"@id":"https:\/\/publimar.mx\/#\/schema\/person\/42ad4d315580276616a11863a241f558"},"image":{"@id":"https:\/\/publimar.mx\/index.php\/2024\/11\/29\/gobernador-salomon-jara-cruz-reconocido-por-periodistas-y-voceadores-de-oaxaca-por-incorporacion-al-imss-y-acceso-a-vivienda\/#primaryimage"},"thumbnailUrl":"https:\/\/publimar.mx\/wp-content\/uploads\/2024\/11\/WhatsApp-Image-2024-11-28-at-7.32.55-PM-1024x899.jpeg","keywords":["apoyo a voceadores Oaxaca","beneficios para periodistas","Gobierno de Oaxaca","IMSS para periodistas","Infonavit Oaxaca","periodistas independientes Oaxaca","Salom\u00f3n Jara Cruz","seguridad social en Oaxaca","trabajo independiente Oaxaca"],"articleSection":["Estatal"],"inLanguage":"es","potentialAction":[{"@type":"CommentAction","name":"Comment","target":["https:\/\/publimar.mx\/index.php\/2024\/11\/29\/gobernador-salomon-jara-cruz-reconocido-por-periodistas-y-voceadores-de-oaxaca-por-incorporacion-al-imss-y-acceso-a-vivienda\/#respond"]}]},{"@type":["Person","Organization"],"@id":"https:\/\/publimar.mx\/#\/schema\/person\/42ad4d315580276616a11863a241f558","name":"admin","image":{"@type":"ImageObject","@id":"https:\/\/publimar.mx\/#personlogo","inLanguage":"es","url":"https:\/\/publimar.mx\/wp-content\/uploads\/2021\/08\/logo.png","contentUrl":"https:\/\/publimar.mx\/wp-content\/uploads\/2021\/08\/logo.png","width":454,"height":108,"caption":"admin"},"logo":{"@id":"https:\/\/publimar.mx\/#personlogo"},"sameAs":["https:\/\/publimar.mx"],"url":"https:\/\/publimar.mx\/index.php\/author\/admin\/"}]}},"_links":{"self":[{"href":"https:\/\/publimar.mx\/index.php\/wp-json\/wp\/v2\/posts\/14466"}],"collection":[{"href":"https:\/\/publimar.mx\/index.php\/wp-json\/wp\/v2\/posts"}],"about":[{"href":"https:\/\/publimar.mx\/index.php\/wp-json\/wp\/v2\/types\/post"}],"author":[{"embeddable":true,"href":"https:\/\/publimar.mx\/index.php\/wp-json\/wp\/v2\/users\/1"}],"replies":[{"embeddable":true,"href":"https:\/\/publimar.mx\/index.php\/wp-json\/wp\/v2\/comments?post=14466"}],"version-history":[{"count":1,"href":"https:\/\/publimar.mx\/index.php\/wp-json\/wp\/v2\/posts\/14466\/revisions"}],"predecessor-version":[{"id":14472,"href":"https:\/\/publimar.mx\/index.php\/wp-json\/wp\/v2\/posts\/14466\/revisions\/14472"}],"wp:attachment":[{"href":"https:\/\/publimar.mx\/index.php\/wp-json\/wp\/v2\/media?parent=14466"}],"wp:term":[{"taxonomy":"category","embeddable":true,"href":"https:\/\/publimar.mx\/index.php\/wp-json\/wp\/v2\/categories?post=14466"},{"taxonomy":"post_tag","embeddable":true,"href":"https:\/\/publimar.mx\/index.php\/wp-json\/wp\/v2\/tags?post=14466"}],"curies":[{"name":"wp","href":"https:\/\/api.w.org\/{rel}","templated":true}]}}