{"id":14124,"date":"2024-11-02T20:14:32","date_gmt":"2024-11-03T02:14:32","guid":{"rendered":"https:\/\/publimar.mx\/?p=14124"},"modified":"2024-11-02T20:14:34","modified_gmt":"2024-11-03T02:14:34","slug":"roberto-palazuelos-disfruta-de-vacaciones-en-bahias-de-huatulco","status":"publish","type":"post","link":"https:\/\/publimar.mx\/index.php\/2024\/11\/02\/roberto-palazuelos-disfruta-de-vacaciones-en-bahias-de-huatulco\/","title":{"rendered":"Roberto Palazuelos disfruta de vacaciones en Bah\u00edas de Huatulco"},"content":{"rendered":"\n<div class=\"wp-block-image\"><figure class=\"alignright size-large is-resized\"><img loading=\"lazy\" src=\"https:\/\/publimar.mx\/wp-content\/uploads\/2024\/11\/palazuelos-826x1024.jpg\" alt=\"\" class=\"wp-image-14128\" width=\"413\" height=\"512\" srcset=\"https:\/\/publimar.mx\/wp-content\/uploads\/2024\/11\/palazuelos-826x1024.jpg 826w, https:\/\/publimar.mx\/wp-content\/uploads\/2024\/11\/palazuelos-242x300.jpg 242w, https:\/\/publimar.mx\/wp-content\/uploads\/2024\/11\/palazuelos-768x952.jpg 768w, https:\/\/publimar.mx\/wp-content\/uploads\/2024\/11\/palazuelos.jpg 1080w\" sizes=\"(max-width: 413px) 100vw, 413px\" \/><\/figure><\/div>\n\n\n\n<p><strong>Bah\u00edas de Huatulco, Oax., 2 de noviembre de 2024.<\/strong> \u2014 El reconocido actor y empresario Roberto Palazuelos, apodado el \u00abDiamante Negro\u00bb, se encuentra de vacaciones en las hermosas Bah\u00edas de Huatulco, Oaxaca, un destino que destaca por su belleza natural y su rica cultura, especialmente durante las festividades del D\u00eda de Muertos.<\/p>\n\n\n\n<p>Palazuelos ha compartido su experiencia en este id\u00edlico lugar, donde disfrut\u00f3 de unos deliciosos tamales en compa\u00f1\u00eda de sus anfitriones, el ex presidente municipal de Santa Mar\u00eda Huatulco, Lorenzo Lavariega Arista, y su hermano Fernando Lavariega Arista.<\/p>\n\n\n\n<p>Lavariega Arista ha sido un ferviente promotor del turismo en la regi\u00f3n, destacando a Huatulco como uno de los destinos m\u00e1s importantes del estado de Oaxaca. Su compromiso con la sustentabilidad y sostenibilidad del destino ha sido clave para atraer a visitantes y garantizar la preservaci\u00f3n del entorno natural.<\/p>\n\n\n\n<p>Fernando Lavariega Arista destac\u00f3 la inteligencia y carisma de Palazuelos, quien se ha sumado a las celebraciones locales que caracterizan a Oaxaca en esta \u00e9poca del a\u00f1o.<\/p>\n\n\n\n<p>Con un ambiente festivo y la oportunidad de experimentar las tradiciones oaxaque\u00f1as, Palazuelos se une a la lista de visitantes que eligen este destino para disfrutar de las emblem\u00e1ticas festividades del D\u00eda de Muertos, una celebraci\u00f3n que honra la memoria de quienes han partido y resalta la riqueza cultural del pa\u00eds.<\/p>\n\n\n\n<div class=\"wp-block-image\"><figure class=\"aligncenter size-large is-resized\"><img loading=\"lazy\" src=\"https:\/\/publimar.mx\/wp-content\/uploads\/2024\/11\/WhatsApp-Image-2024-11-02-at-4.43.56-PM-1-768x1024.jpeg\" alt=\"\" class=\"wp-image-14126\" width=\"768\" height=\"1024\" srcset=\"https:\/\/publimar.mx\/wp-content\/uploads\/2024\/11\/WhatsApp-Image-2024-11-02-at-4.43.56-PM-1-768x1024.jpeg 768w, https:\/\/publimar.mx\/wp-content\/uploads\/2024\/11\/WhatsApp-Image-2024-11-02-at-4.43.56-PM-1-225x300.jpeg 225w, https:\/\/publimar.mx\/wp-content\/uploads\/2024\/11\/WhatsApp-Image-2024-11-02-at-4.43.56-PM-1.jpeg 1080w\" sizes=\"(max-width: 768px) 100vw, 768px\" \/><\/figure><\/div>\n\n\n\n<figure class=\"wp-block-image size-large\"><img loading=\"lazy\" width=\"768\" height=\"1024\" src=\"https:\/\/publimar.mx\/wp-content\/uploads\/2024\/11\/WhatsApp-Image-2024-11-02-at-4.43.56-PM-768x1024.jpeg\" alt=\"\" class=\"wp-image-14127\" srcset=\"https:\/\/publimar.mx\/wp-content\/uploads\/2024\/11\/WhatsApp-Image-2024-11-02-at-4.43.56-PM-768x1024.jpeg 768w, https:\/\/publimar.mx\/wp-content\/uploads\/2024\/11\/WhatsApp-Image-2024-11-02-at-4.43.56-PM-225x300.jpeg 225w, https:\/\/publimar.mx\/wp-content\/uploads\/2024\/11\/WhatsApp-Image-2024-11-02-at-4.43.56-PM.jpeg 1080w\" sizes=\"(max-width: 768px) 100vw, 768px\" \/><\/figure>\n\n\n\n<figure class=\"wp-block-image size-large\"><img loading=\"lazy\" width=\"768\" height=\"1024\" src=\"https:\/\/publimar.mx\/wp-content\/uploads\/2024\/11\/WhatsApp-Image-2024-11-02-at-4.43.57-PM-768x1024.jpeg\" alt=\"\" class=\"wp-image-14125\" srcset=\"https:\/\/publimar.mx\/wp-content\/uploads\/2024\/11\/WhatsApp-Image-2024-11-02-at-4.43.57-PM-768x1024.jpeg 768w, https:\/\/publimar.mx\/wp-content\/uploads\/2024\/11\/WhatsApp-Image-2024-11-02-at-4.43.57-PM-225x300.jpeg 225w, https:\/\/publimar.mx\/wp-content\/uploads\/2024\/11\/WhatsApp-Image-2024-11-02-at-4.43.57-PM.jpeg 960w\" sizes=\"(max-width: 768px) 100vw, 768px\" \/><\/figure>\n","protected":false},"excerpt":{"rendered":"<p>Bah\u00edas de Huatulco, Oax., 2 de noviembre de 2024. \u2014 El reconocido actor y empresario Roberto Palazuelos, apodado el \u00abDiamante Negro\u00bb, se encuentra de vacaciones en las hermosas Bah\u00edas de&hellip; <\/p>\n","protected":false},"author":1,"featured_media":14128,"comment_status":"open","ping_status":"open","sticky":false,"template":"","format":"standard","meta":{"_monsterinsights_skip_tracking":false,"_monsterinsights_sitenote_active":false,"_monsterinsights_sitenote_note":"","_monsterinsights_sitenote_category":0},"categories":[14],"tags":[],"yoast_head":"<!-- This site is optimized with the Yoast SEO plugin v17.0 - https:\/\/yoast.com\/wordpress\/plugins\/seo\/ -->\n<title>Roberto Palazuelos disfruta de vacaciones en Bah\u00edas de Huatulco - PubliMar<\/title>\n<meta name=\"description\" content=\"El reconocido actor y empresario Roberto Palazuelos, apodado el &quot;Diamante Negro&quot;, se encuentra de vacaciones en Bah\u00edas de Huatulco ...\" \/>\n<meta name=\"robots\" content=\"index, follow, max-snippet:-1, max-image-preview:large, max-video-preview:-1\" \/>\n<link rel=\"canonical\" href=\"https:\/\/publimar.mx\/index.php\/2024\/11\/02\/roberto-palazuelos-disfruta-de-vacaciones-en-bahias-de-huatulco\/\" \/>\n<meta property=\"og:locale\" content=\"es_ES\" \/>\n<meta property=\"og:type\" content=\"article\" \/>\n<meta property=\"og:title\" content=\"Roberto Palazuelos disfruta de vacaciones en Bah\u00edas de Huatulco - PubliMar\" \/>\n<meta property=\"og:description\" content=\"El reconocido actor y empresario Roberto Palazuelos, apodado el &quot;Diamante Negro&quot;, se encuentra de vacaciones en Bah\u00edas de Huatulco ...\" \/>\n<meta property=\"og:url\" content=\"https:\/\/publimar.mx\/index.php\/2024\/11\/02\/roberto-palazuelos-disfruta-de-vacaciones-en-bahias-de-huatulco\/\" \/>\n<meta property=\"og:site_name\" content=\"PubliMar\" \/>\n<meta property=\"article:published_time\" content=\"2024-11-03T02:14:32+00:00\" \/>\n<meta property=\"article:modified_time\" content=\"2024-11-03T02:14:34+00:00\" \/>\n<meta property=\"og:image\" content=\"https:\/\/publimar.mx\/wp-content\/uploads\/2024\/11\/palazuelos.jpg\" \/>\n\t<meta property=\"og:image:width\" content=\"1080\" \/>\n\t<meta property=\"og:image:height\" content=\"1339\" \/>\n<meta name=\"twitter:card\" content=\"summary_large_image\" \/>\n<meta name=\"twitter:label1\" content=\"Escrito por\" \/>\n\t<meta name=\"twitter:data1\" content=\"admin\" \/>\n\t<meta name=\"twitter:label2\" content=\"Tiempo de lectura\" \/>\n\t<meta name=\"twitter:data2\" content=\"2 minutos\" \/>\n<script type=\"application\/ld+json\" class=\"yoast-schema-graph\">{\"@context\":\"https:\/\/schema.org\",\"@graph\":[{\"@type\":\"WebSite\",\"@id\":\"https:\/\/publimar.mx\/#website\",\"url\":\"https:\/\/publimar.mx\/\",\"name\":\"PubliMar\",\"description\":\"Informaci\\u00f3n de la Costa Oaxaque\\u00f1a\",\"publisher\":{\"@id\":\"https:\/\/publimar.mx\/#\/schema\/person\/42ad4d315580276616a11863a241f558\"},\"potentialAction\":[{\"@type\":\"SearchAction\",\"target\":{\"@type\":\"EntryPoint\",\"urlTemplate\":\"https:\/\/publimar.mx\/?s={search_term_string}\"},\"query-input\":\"required name=search_term_string\"}],\"inLanguage\":\"es\"},{\"@type\":\"ImageObject\",\"@id\":\"https:\/\/publimar.mx\/index.php\/2024\/11\/02\/roberto-palazuelos-disfruta-de-vacaciones-en-bahias-de-huatulco\/#primaryimage\",\"inLanguage\":\"es\",\"url\":\"https:\/\/publimar.mx\/wp-content\/uploads\/2024\/11\/palazuelos.jpg\",\"contentUrl\":\"https:\/\/publimar.mx\/wp-content\/uploads\/2024\/11\/palazuelos.jpg\",\"width\":1080,\"height\":1339},{\"@type\":\"WebPage\",\"@id\":\"https:\/\/publimar.mx\/index.php\/2024\/11\/02\/roberto-palazuelos-disfruta-de-vacaciones-en-bahias-de-huatulco\/#webpage\",\"url\":\"https:\/\/publimar.mx\/index.php\/2024\/11\/02\/roberto-palazuelos-disfruta-de-vacaciones-en-bahias-de-huatulco\/\",\"name\":\"Roberto Palazuelos disfruta de vacaciones en Bah\\u00edas de Huatulco - PubliMar\",\"isPartOf\":{\"@id\":\"https:\/\/publimar.mx\/#website\"},\"primaryImageOfPage\":{\"@id\":\"https:\/\/publimar.mx\/index.php\/2024\/11\/02\/roberto-palazuelos-disfruta-de-vacaciones-en-bahias-de-huatulco\/#primaryimage\"},\"datePublished\":\"2024-11-03T02:14:32+00:00\",\"dateModified\":\"2024-11-03T02:14:34+00:00\",\"description\":\"El reconocido actor y empresario Roberto Palazuelos, apodado el \\\"Diamante Negro\\\", se encuentra de vacaciones en Bah\\u00edas de Huatulco ...\",\"breadcrumb\":{\"@id\":\"https:\/\/publimar.mx\/index.php\/2024\/11\/02\/roberto-palazuelos-disfruta-de-vacaciones-en-bahias-de-huatulco\/#breadcrumb\"},\"inLanguage\":\"es\",\"potentialAction\":[{\"@type\":\"ReadAction\",\"target\":[\"https:\/\/publimar.mx\/index.php\/2024\/11\/02\/roberto-palazuelos-disfruta-de-vacaciones-en-bahias-de-huatulco\/\"]}]},{\"@type\":\"BreadcrumbList\",\"@id\":\"https:\/\/publimar.mx\/index.php\/2024\/11\/02\/roberto-palazuelos-disfruta-de-vacaciones-en-bahias-de-huatulco\/#breadcrumb\",\"itemListElement\":[{\"@type\":\"ListItem\",\"position\":1,\"name\":\"Portada\",\"item\":\"https:\/\/publimar.mx\/\"},{\"@type\":\"ListItem\",\"position\":2,\"name\":\"Roberto Palazuelos disfruta de vacaciones en Bah\\u00edas de Huatulco\"}]},{\"@type\":[\"Article\",\"NewsArticle\"],\"@id\":\"https:\/\/publimar.mx\/index.php\/2024\/11\/02\/roberto-palazuelos-disfruta-de-vacaciones-en-bahias-de-huatulco\/#article\",\"isPartOf\":{\"@id\":\"https:\/\/publimar.mx\/index.php\/2024\/11\/02\/roberto-palazuelos-disfruta-de-vacaciones-en-bahias-de-huatulco\/#webpage\"},\"author\":{\"@id\":\"https:\/\/publimar.mx\/#\/schema\/person\/42ad4d315580276616a11863a241f558\"},\"headline\":\"Roberto Palazuelos disfruta de vacaciones en Bah\\u00edas de Huatulco\",\"datePublished\":\"2024-11-03T02:14:32+00:00\",\"dateModified\":\"2024-11-03T02:14:34+00:00\",\"mainEntityOfPage\":{\"@id\":\"https:\/\/publimar.mx\/index.php\/2024\/11\/02\/roberto-palazuelos-disfruta-de-vacaciones-en-bahias-de-huatulco\/#webpage\"},\"wordCount\":238,\"commentCount\":0,\"publisher\":{\"@id\":\"https:\/\/publimar.mx\/#\/schema\/person\/42ad4d315580276616a11863a241f558\"},\"image\":{\"@id\":\"https:\/\/publimar.mx\/index.php\/2024\/11\/02\/roberto-palazuelos-disfruta-de-vacaciones-en-bahias-de-huatulco\/#primaryimage\"},\"thumbnailUrl\":\"https:\/\/publimar.mx\/wp-content\/uploads\/2024\/11\/palazuelos.jpg\",\"articleSection\":[\"Regional\"],\"inLanguage\":\"es\",\"potentialAction\":[{\"@type\":\"CommentAction\",\"name\":\"Comment\",\"target\":[\"https:\/\/publimar.mx\/index.php\/2024\/11\/02\/roberto-palazuelos-disfruta-de-vacaciones-en-bahias-de-huatulco\/#respond\"]}]},{\"@type\":[\"Person\",\"Organization\"],\"@id\":\"https:\/\/publimar.mx\/#\/schema\/person\/42ad4d315580276616a11863a241f558\",\"name\":\"admin\",\"image\":{\"@type\":\"ImageObject\",\"@id\":\"https:\/\/publimar.mx\/#personlogo\",\"inLanguage\":\"es\",\"url\":\"https:\/\/publimar.mx\/wp-content\/uploads\/2021\/08\/logo.png\",\"contentUrl\":\"https:\/\/publimar.mx\/wp-content\/uploads\/2021\/08\/logo.png\",\"width\":454,\"height\":108,\"caption\":\"admin\"},\"logo\":{\"@id\":\"https:\/\/publimar.mx\/#personlogo\"},\"sameAs\":[\"https:\/\/publimar.mx\"],\"url\":\"https:\/\/publimar.mx\/index.php\/author\/admin\/\"}]}<\/script>\n<!-- \/ Yoast SEO plugin. -->","yoast_head_json":{"title":"Roberto Palazuelos disfruta de vacaciones en Bah\u00edas de Huatulco - PubliMar","description":"El reconocido actor y empresario Roberto Palazuelos, apodado el \"Diamante Negro\", se encuentra de vacaciones en Bah\u00edas de Huatulco ...","robots":{"index":"index","follow":"follow","max-snippet":"max-snippet:-1","max-image-preview":"max-image-preview:large","max-video-preview":"max-video-preview:-1"},"canonical":"https:\/\/publimar.mx\/index.php\/2024\/11\/02\/roberto-palazuelos-disfruta-de-vacaciones-en-bahias-de-huatulco\/","og_locale":"es_ES","og_type":"article","og_title":"Roberto Palazuelos disfruta de vacaciones en Bah\u00edas de Huatulco - PubliMar","og_description":"El reconocido actor y empresario Roberto Palazuelos, apodado el \"Diamante Negro\", se encuentra de vacaciones en Bah\u00edas de Huatulco ...","og_url":"https:\/\/publimar.mx\/index.php\/2024\/11\/02\/roberto-palazuelos-disfruta-de-vacaciones-en-bahias-de-huatulco\/","og_site_name":"PubliMar","article_published_time":"2024-11-03T02:14:32+00:00","article_modified_time":"2024-11-03T02:14:34+00:00","og_image":[{"width":1080,"height":1339,"url":"https:\/\/publimar.mx\/wp-content\/uploads\/2024\/11\/palazuelos.jpg","path":"\/home\/u358712125\/domains\/publimar.mx\/public_html\/wp-content\/uploads\/2024\/11\/palazuelos.jpg","size":"full","id":14128,"alt":"","pixels":1446120,"type":"image\/jpeg"}],"twitter_card":"summary_large_image","twitter_misc":{"Escrito por":"admin","Tiempo de lectura":"2 minutos"},"schema":{"@context":"https:\/\/schema.org","@graph":[{"@type":"WebSite","@id":"https:\/\/publimar.mx\/#website","url":"https:\/\/publimar.mx\/","name":"PubliMar","description":"Informaci\u00f3n de la Costa Oaxaque\u00f1a","publisher":{"@id":"https:\/\/publimar.mx\/#\/schema\/person\/42ad4d315580276616a11863a241f558"},"potentialAction":[{"@type":"SearchAction","target":{"@type":"EntryPoint","urlTemplate":"https:\/\/publimar.mx\/?s={search_term_string}"},"query-input":"required name=search_term_string"}],"inLanguage":"es"},{"@type":"ImageObject","@id":"https:\/\/publimar.mx\/index.php\/2024\/11\/02\/roberto-palazuelos-disfruta-de-vacaciones-en-bahias-de-huatulco\/#primaryimage","inLanguage":"es","url":"https:\/\/publimar.mx\/wp-content\/uploads\/2024\/11\/palazuelos.jpg","contentUrl":"https:\/\/publimar.mx\/wp-content\/uploads\/2024\/11\/palazuelos.jpg","width":1080,"height":1339},{"@type":"WebPage","@id":"https:\/\/publimar.mx\/index.php\/2024\/11\/02\/roberto-palazuelos-disfruta-de-vacaciones-en-bahias-de-huatulco\/#webpage","url":"https:\/\/publimar.mx\/index.php\/2024\/11\/02\/roberto-palazuelos-disfruta-de-vacaciones-en-bahias-de-huatulco\/","name":"Roberto Palazuelos disfruta de vacaciones en Bah\u00edas de Huatulco - PubliMar","isPartOf":{"@id":"https:\/\/publimar.mx\/#website"},"primaryImageOfPage":{"@id":"https:\/\/publimar.mx\/index.php\/2024\/11\/02\/roberto-palazuelos-disfruta-de-vacaciones-en-bahias-de-huatulco\/#primaryimage"},"datePublished":"2024-11-03T02:14:32+00:00","dateModified":"2024-11-03T02:14:34+00:00","description":"El reconocido actor y empresario Roberto Palazuelos, apodado el \"Diamante Negro\", se encuentra de vacaciones en Bah\u00edas de Huatulco ...","breadcrumb":{"@id":"https:\/\/publimar.mx\/index.php\/2024\/11\/02\/roberto-palazuelos-disfruta-de-vacaciones-en-bahias-de-huatulco\/#breadcrumb"},"inLanguage":"es","potentialAction":[{"@type":"ReadAction","target":["https:\/\/publimar.mx\/index.php\/2024\/11\/02\/roberto-palazuelos-disfruta-de-vacaciones-en-bahias-de-huatulco\/"]}]},{"@type":"BreadcrumbList","@id":"https:\/\/publimar.mx\/index.php\/2024\/11\/02\/roberto-palazuelos-disfruta-de-vacaciones-en-bahias-de-huatulco\/#breadcrumb","itemListElement":[{"@type":"ListItem","position":1,"name":"Portada","item":"https:\/\/publimar.mx\/"},{"@type":"ListItem","position":2,"name":"Roberto Palazuelos disfruta de vacaciones en Bah\u00edas de Huatulco"}]},{"@type":["Article","NewsArticle"],"@id":"https:\/\/publimar.mx\/index.php\/2024\/11\/02\/roberto-palazuelos-disfruta-de-vacaciones-en-bahias-de-huatulco\/#article","isPartOf":{"@id":"https:\/\/publimar.mx\/index.php\/2024\/11\/02\/roberto-palazuelos-disfruta-de-vacaciones-en-bahias-de-huatulco\/#webpage"},"author":{"@id":"https:\/\/publimar.mx\/#\/schema\/person\/42ad4d315580276616a11863a241f558"},"headline":"Roberto Palazuelos disfruta de vacaciones en Bah\u00edas de Huatulco","datePublished":"2024-11-03T02:14:32+00:00","dateModified":"2024-11-03T02:14:34+00:00","mainEntityOfPage":{"@id":"https:\/\/publimar.mx\/index.php\/2024\/11\/02\/roberto-palazuelos-disfruta-de-vacaciones-en-bahias-de-huatulco\/#webpage"},"wordCount":238,"commentCount":0,"publisher":{"@id":"https:\/\/publimar.mx\/#\/schema\/person\/42ad4d315580276616a11863a241f558"},"image":{"@id":"https:\/\/publimar.mx\/index.php\/2024\/11\/02\/roberto-palazuelos-disfruta-de-vacaciones-en-bahias-de-huatulco\/#primaryimage"},"thumbnailUrl":"https:\/\/publimar.mx\/wp-content\/uploads\/2024\/11\/palazuelos.jpg","articleSection":["Regional"],"inLanguage":"es","potentialAction":[{"@type":"CommentAction","name":"Comment","target":["https:\/\/publimar.mx\/index.php\/2024\/11\/02\/roberto-palazuelos-disfruta-de-vacaciones-en-bahias-de-huatulco\/#respond"]}]},{"@type":["Person","Organization"],"@id":"https:\/\/publimar.mx\/#\/schema\/person\/42ad4d315580276616a11863a241f558","name":"admin","image":{"@type":"ImageObject","@id":"https:\/\/publimar.mx\/#personlogo","inLanguage":"es","url":"https:\/\/publimar.mx\/wp-content\/uploads\/2021\/08\/logo.png","contentUrl":"https:\/\/publimar.mx\/wp-content\/uploads\/2021\/08\/logo.png","width":454,"height":108,"caption":"admin"},"logo":{"@id":"https:\/\/publimar.mx\/#personlogo"},"sameAs":["https:\/\/publimar.mx"],"url":"https:\/\/publimar.mx\/index.php\/author\/admin\/"}]}},"_links":{"self":[{"href":"https:\/\/publimar.mx\/index.php\/wp-json\/wp\/v2\/posts\/14124"}],"collection":[{"href":"https:\/\/publimar.mx\/index.php\/wp-json\/wp\/v2\/posts"}],"about":[{"href":"https:\/\/publimar.mx\/index.php\/wp-json\/wp\/v2\/types\/post"}],"author":[{"embeddable":true,"href":"https:\/\/publimar.mx\/index.php\/wp-json\/wp\/v2\/users\/1"}],"replies":[{"embeddable":true,"href":"https:\/\/publimar.mx\/index.php\/wp-json\/wp\/v2\/comments?post=14124"}],"version-history":[{"count":1,"href":"https:\/\/publimar.mx\/index.php\/wp-json\/wp\/v2\/posts\/14124\/revisions"}],"predecessor-version":[{"id":14129,"href":"https:\/\/publimar.mx\/index.php\/wp-json\/wp\/v2\/posts\/14124\/revisions\/14129"}],"wp:featuredmedia":[{"embeddable":true,"href":"https:\/\/publimar.mx\/index.php\/wp-json\/wp\/v2\/media\/14128"}],"wp:attachment":[{"href":"https:\/\/publimar.mx\/index.php\/wp-json\/wp\/v2\/media?parent=14124"}],"wp:term":[{"taxonomy":"category","embeddable":true,"href":"https:\/\/publimar.mx\/index.php\/wp-json\/wp\/v2\/categories?post=14124"},{"taxonomy":"post_tag","embeddable":true,"href":"https:\/\/publimar.mx\/index.php\/wp-json\/wp\/v2\/tags?post=14124"}],"curies":[{"name":"wp","href":"https:\/\/api.w.org\/{rel}","templated":true}]}}