{"id":14061,"date":"2024-10-29T09:03:17","date_gmt":"2024-10-29T15:03:17","guid":{"rendered":"https:\/\/publimar.mx\/?p=14061"},"modified":"2024-10-29T09:03:19","modified_gmt":"2024-10-29T15:03:19","slug":"onda-tropical-29-traera-lluvias-y-bajas-temperaturas-a-oaxaca","status":"publish","type":"post","link":"https:\/\/publimar.mx\/index.php\/2024\/10\/29\/onda-tropical-29-traera-lluvias-y-bajas-temperaturas-a-oaxaca\/","title":{"rendered":"Onda tropical 29 traer\u00e1 lluvias y bajas temperaturas a Oaxaca"},"content":{"rendered":"\n<div class=\"wp-block-image\"><figure class=\"alignright size-large is-resized\"><img loading=\"lazy\" src=\"https:\/\/publimar.mx\/wp-content\/uploads\/2024\/10\/Onda-tropical-numero-29-ocasionara-lluvias-en-el-territorio-oaxaqueno-1024x768.jpeg\" alt=\"\" class=\"wp-image-14062\" width=\"512\" height=\"384\" srcset=\"https:\/\/publimar.mx\/wp-content\/uploads\/2024\/10\/Onda-tropical-numero-29-ocasionara-lluvias-en-el-territorio-oaxaqueno-1024x768.jpeg 1024w, https:\/\/publimar.mx\/wp-content\/uploads\/2024\/10\/Onda-tropical-numero-29-ocasionara-lluvias-en-el-territorio-oaxaqueno-300x225.jpeg 300w, https:\/\/publimar.mx\/wp-content\/uploads\/2024\/10\/Onda-tropical-numero-29-ocasionara-lluvias-en-el-territorio-oaxaqueno-768x576.jpeg 768w, https:\/\/publimar.mx\/wp-content\/uploads\/2024\/10\/Onda-tropical-numero-29-ocasionara-lluvias-en-el-territorio-oaxaqueno-1536x1152.jpeg 1536w, https:\/\/publimar.mx\/wp-content\/uploads\/2024\/10\/Onda-tropical-numero-29-ocasionara-lluvias-en-el-territorio-oaxaqueno.jpeg 1600w\" sizes=\"(max-width: 512px) 100vw, 512px\" \/><\/figure><\/div>\n\n\n\n<p><strong>Oaxaca de Ju\u00e1rez, Oax. \u2013<\/strong> La Onda Tropical n\u00famero 29, que se desplaza por el sureste de M\u00e9xico, ocasionar\u00e1 lluvias y chubascos con posible actividad el\u00e9ctrica en Oaxaca, especialmente durante la tarde de hoy, seg\u00fan reportes de la Coordinaci\u00f3n Estatal de Protecci\u00f3n Civil y Gesti\u00f3n de Riesgos (CEPCyGR).<\/p>\n\n\n\n<p>Este fen\u00f3meno meteorol\u00f3gico interactuar\u00e1 con una vaguada monz\u00f3nica en los niveles altos de la troposfera, lo que generar\u00e1 inestabilidad atmosf\u00e9rica en la entidad. Se prev\u00e9n lluvias intermitentes en diversas regiones, lo que podr\u00eda afectar las actividades diarias de la poblaci\u00f3n.<\/p>\n\n\n\n<p><strong>Temperaturas Bajas en Regiones Espec\u00edficas<\/strong><\/p>\n\n\n\n<p>Adem\u00e1s de las precipitaciones, se anticipan bajas temperaturas en las regiones Mixteca, Sierra de Ju\u00e1rez y Sierra Sur, donde se espera que las m\u00ednimas oscilen entre 8\u00b0C y 22\u00b0C. En estas \u00e1reas, tambi\u00e9n se desarrollar\u00e1n condiciones de niebla, lo que podr\u00eda complicar la visibilidad para los automovilistas.<\/p>\n\n\n\n<p><strong>Posible Desarrollo de un Cicl\u00f3n Tropical<\/strong><\/p>\n\n\n\n<p>Por otra parte, el Centro Nacional de Huracanes de Estados Unidos ha informado sobre una probabilidad del 40% de que se desarrolle un cicl\u00f3n tropical en el Mar Caribe occidental en los pr\u00f3ximos siete d\u00edas. Las autoridades est\u00e1n en alerta y contin\u00faan vigilando la situaci\u00f3n.<\/p>\n\n\n\n<p><strong>Recomendaciones a la Poblaci\u00f3n<\/strong><\/p>\n\n\n\n<p>La CEPCyGR recomienda a los ciudadanos seguir las indicaciones de Protecci\u00f3n Civil y estar atentos a las actualizaciones meteorol\u00f3gicas a trav\u00e9s de sus canales oficiales en redes sociales. La seguridad de la poblaci\u00f3n es una prioridad ante estos fen\u00f3menos naturales.<\/p>\n\n\n\n<p><strong>Pron\u00f3stico del Tiempo para Este Martes<\/strong><\/p>\n\n\n\n<ul><li><strong>Valles Centrales:<\/strong> M\u00ednima de 14\u00b0C, m\u00e1xima de 28\u00b0C.<\/li><li><strong>Istmo de Tehuantepec:<\/strong> M\u00ednima de 22\u00b0C, m\u00e1xima de 35\u00b0C.<\/li><li><strong>Cuenca del Papaloapan:<\/strong> M\u00ednima de 18\u00b0C, m\u00e1xima de 29\u00b0C.<\/li><li><strong>Costa:<\/strong> M\u00ednima de 22\u00b0C, m\u00e1xima de 34\u00b0C.<\/li><li><strong>Mixteca:<\/strong> M\u00ednima de 10\u00b0C, m\u00e1xima de 28\u00b0C.<\/li><li><strong>Sierra de Flores Mag\u00f3n:<\/strong> M\u00ednima de 15\u00b0C, m\u00e1xima de 30\u00b0C.<\/li><li><strong>Sierra de Ju\u00e1rez:<\/strong> M\u00ednima de 8\u00b0C, m\u00e1xima de 23\u00b0C.<\/li><li><strong>Sierra Sur:<\/strong> M\u00ednima de 10\u00b0C, m\u00e1xima de 24\u00b0C.<\/li><\/ul>\n\n\n\n<p>La poblaci\u00f3n est\u00e1 llamada a mantenerse informada y prepararse ante las posibles afectaciones que puedan surgir por la Onda Tropical n\u00famero 29.<\/p>\n","protected":false},"excerpt":{"rendered":"<p>Oaxaca de Ju\u00e1rez, Oax. \u2013 La Onda Tropical n\u00famero 29, que se desplaza por el sureste de M\u00e9xico, ocasionar\u00e1 lluvias y chubascos con posible actividad el\u00e9ctrica en Oaxaca, especialmente durante&hellip; <\/p>\n","protected":false},"author":1,"featured_media":14062,"comment_status":"open","ping_status":"open","sticky":false,"template":"","format":"standard","meta":{"_monsterinsights_skip_tracking":false,"_monsterinsights_sitenote_active":false,"_monsterinsights_sitenote_note":"","_monsterinsights_sitenote_category":0},"categories":[26],"tags":[33],"yoast_head":"<!-- This site is optimized with the Yoast SEO plugin v17.0 - https:\/\/yoast.com\/wordpress\/plugins\/seo\/ -->\n<title>Onda tropical 29 traer\u00e1 lluvias y bajas temperaturas a Oaxaca - PubliMar<\/title>\n<meta name=\"description\" content=\"La poblaci\u00f3n est\u00e1 llamada a mantenerse informada y prepararse ante las posibles afectaciones que puedan surgir por la Onda Tropical n\u00famero 29\" \/>\n<meta name=\"robots\" content=\"index, follow, max-snippet:-1, max-image-preview:large, max-video-preview:-1\" \/>\n<link rel=\"canonical\" href=\"https:\/\/publimar.mx\/index.php\/2024\/10\/29\/onda-tropical-29-traera-lluvias-y-bajas-temperaturas-a-oaxaca\/\" \/>\n<meta property=\"og:locale\" content=\"es_ES\" \/>\n<meta property=\"og:type\" content=\"article\" \/>\n<meta property=\"og:title\" content=\"Onda tropical 29 traer\u00e1 lluvias y bajas temperaturas a Oaxaca - PubliMar\" \/>\n<meta property=\"og:description\" content=\"La poblaci\u00f3n est\u00e1 llamada a mantenerse informada y prepararse ante las posibles afectaciones que puedan surgir por la Onda Tropical n\u00famero 29\" \/>\n<meta property=\"og:url\" content=\"https:\/\/publimar.mx\/index.php\/2024\/10\/29\/onda-tropical-29-traera-lluvias-y-bajas-temperaturas-a-oaxaca\/\" \/>\n<meta property=\"og:site_name\" content=\"PubliMar\" \/>\n<meta property=\"article:published_time\" content=\"2024-10-29T15:03:17+00:00\" \/>\n<meta property=\"article:modified_time\" content=\"2024-10-29T15:03:19+00:00\" \/>\n<meta property=\"og:image\" content=\"https:\/\/publimar.mx\/wp-content\/uploads\/2024\/10\/Onda-tropical-numero-29-ocasionara-lluvias-en-el-territorio-oaxaqueno.jpeg\" \/>\n\t<meta property=\"og:image:width\" content=\"1600\" \/>\n\t<meta property=\"og:image:height\" content=\"1200\" \/>\n<meta name=\"twitter:card\" content=\"summary_large_image\" \/>\n<meta name=\"twitter:label1\" content=\"Escrito por\" \/>\n\t<meta name=\"twitter:data1\" content=\"admin\" \/>\n\t<meta name=\"twitter:label2\" content=\"Tiempo de lectura\" \/>\n\t<meta name=\"twitter:data2\" content=\"2 minutos\" \/>\n<script type=\"application\/ld+json\" class=\"yoast-schema-graph\">{\"@context\":\"https:\/\/schema.org\",\"@graph\":[{\"@type\":\"WebSite\",\"@id\":\"https:\/\/publimar.mx\/#website\",\"url\":\"https:\/\/publimar.mx\/\",\"name\":\"PubliMar\",\"description\":\"Informaci\\u00f3n de la Costa Oaxaque\\u00f1a\",\"publisher\":{\"@id\":\"https:\/\/publimar.mx\/#\/schema\/person\/42ad4d315580276616a11863a241f558\"},\"potentialAction\":[{\"@type\":\"SearchAction\",\"target\":{\"@type\":\"EntryPoint\",\"urlTemplate\":\"https:\/\/publimar.mx\/?s={search_term_string}\"},\"query-input\":\"required name=search_term_string\"}],\"inLanguage\":\"es\"},{\"@type\":\"ImageObject\",\"@id\":\"https:\/\/publimar.mx\/index.php\/2024\/10\/29\/onda-tropical-29-traera-lluvias-y-bajas-temperaturas-a-oaxaca\/#primaryimage\",\"inLanguage\":\"es\",\"url\":\"https:\/\/publimar.mx\/wp-content\/uploads\/2024\/10\/Onda-tropical-numero-29-ocasionara-lluvias-en-el-territorio-oaxaqueno.jpeg\",\"contentUrl\":\"https:\/\/publimar.mx\/wp-content\/uploads\/2024\/10\/Onda-tropical-numero-29-ocasionara-lluvias-en-el-territorio-oaxaqueno.jpeg\",\"width\":1600,\"height\":1200},{\"@type\":\"WebPage\",\"@id\":\"https:\/\/publimar.mx\/index.php\/2024\/10\/29\/onda-tropical-29-traera-lluvias-y-bajas-temperaturas-a-oaxaca\/#webpage\",\"url\":\"https:\/\/publimar.mx\/index.php\/2024\/10\/29\/onda-tropical-29-traera-lluvias-y-bajas-temperaturas-a-oaxaca\/\",\"name\":\"Onda tropical 29 traer\\u00e1 lluvias y bajas temperaturas a Oaxaca - PubliMar\",\"isPartOf\":{\"@id\":\"https:\/\/publimar.mx\/#website\"},\"primaryImageOfPage\":{\"@id\":\"https:\/\/publimar.mx\/index.php\/2024\/10\/29\/onda-tropical-29-traera-lluvias-y-bajas-temperaturas-a-oaxaca\/#primaryimage\"},\"datePublished\":\"2024-10-29T15:03:17+00:00\",\"dateModified\":\"2024-10-29T15:03:19+00:00\",\"description\":\"La poblaci\\u00f3n est\\u00e1 llamada a mantenerse informada y prepararse ante las posibles afectaciones que puedan surgir por la Onda Tropical n\\u00famero 29\",\"breadcrumb\":{\"@id\":\"https:\/\/publimar.mx\/index.php\/2024\/10\/29\/onda-tropical-29-traera-lluvias-y-bajas-temperaturas-a-oaxaca\/#breadcrumb\"},\"inLanguage\":\"es\",\"potentialAction\":[{\"@type\":\"ReadAction\",\"target\":[\"https:\/\/publimar.mx\/index.php\/2024\/10\/29\/onda-tropical-29-traera-lluvias-y-bajas-temperaturas-a-oaxaca\/\"]}]},{\"@type\":\"BreadcrumbList\",\"@id\":\"https:\/\/publimar.mx\/index.php\/2024\/10\/29\/onda-tropical-29-traera-lluvias-y-bajas-temperaturas-a-oaxaca\/#breadcrumb\",\"itemListElement\":[{\"@type\":\"ListItem\",\"position\":1,\"name\":\"Portada\",\"item\":\"https:\/\/publimar.mx\/\"},{\"@type\":\"ListItem\",\"position\":2,\"name\":\"Onda tropical 29 traer\\u00e1 lluvias y bajas temperaturas a Oaxaca\"}]},{\"@type\":[\"Article\",\"NewsArticle\"],\"@id\":\"https:\/\/publimar.mx\/index.php\/2024\/10\/29\/onda-tropical-29-traera-lluvias-y-bajas-temperaturas-a-oaxaca\/#article\",\"isPartOf\":{\"@id\":\"https:\/\/publimar.mx\/index.php\/2024\/10\/29\/onda-tropical-29-traera-lluvias-y-bajas-temperaturas-a-oaxaca\/#webpage\"},\"author\":{\"@id\":\"https:\/\/publimar.mx\/#\/schema\/person\/42ad4d315580276616a11863a241f558\"},\"headline\":\"Onda tropical 29 traer\\u00e1 lluvias y bajas temperaturas a Oaxaca\",\"datePublished\":\"2024-10-29T15:03:17+00:00\",\"dateModified\":\"2024-10-29T15:03:19+00:00\",\"mainEntityOfPage\":{\"@id\":\"https:\/\/publimar.mx\/index.php\/2024\/10\/29\/onda-tropical-29-traera-lluvias-y-bajas-temperaturas-a-oaxaca\/#webpage\"},\"wordCount\":391,\"commentCount\":0,\"publisher\":{\"@id\":\"https:\/\/publimar.mx\/#\/schema\/person\/42ad4d315580276616a11863a241f558\"},\"image\":{\"@id\":\"https:\/\/publimar.mx\/index.php\/2024\/10\/29\/onda-tropical-29-traera-lluvias-y-bajas-temperaturas-a-oaxaca\/#primaryimage\"},\"thumbnailUrl\":\"https:\/\/publimar.mx\/wp-content\/uploads\/2024\/10\/Onda-tropical-numero-29-ocasionara-lluvias-en-el-territorio-oaxaqueno.jpeg\",\"keywords\":[\"oaxaca\"],\"articleSection\":[\"Seguridad\"],\"inLanguage\":\"es\",\"potentialAction\":[{\"@type\":\"CommentAction\",\"name\":\"Comment\",\"target\":[\"https:\/\/publimar.mx\/index.php\/2024\/10\/29\/onda-tropical-29-traera-lluvias-y-bajas-temperaturas-a-oaxaca\/#respond\"]}]},{\"@type\":[\"Person\",\"Organization\"],\"@id\":\"https:\/\/publimar.mx\/#\/schema\/person\/42ad4d315580276616a11863a241f558\",\"name\":\"admin\",\"image\":{\"@type\":\"ImageObject\",\"@id\":\"https:\/\/publimar.mx\/#personlogo\",\"inLanguage\":\"es\",\"url\":\"https:\/\/publimar.mx\/wp-content\/uploads\/2021\/08\/logo.png\",\"contentUrl\":\"https:\/\/publimar.mx\/wp-content\/uploads\/2021\/08\/logo.png\",\"width\":454,\"height\":108,\"caption\":\"admin\"},\"logo\":{\"@id\":\"https:\/\/publimar.mx\/#personlogo\"},\"sameAs\":[\"https:\/\/publimar.mx\"],\"url\":\"https:\/\/publimar.mx\/index.php\/author\/admin\/\"}]}<\/script>\n<!-- \/ Yoast SEO plugin. -->","yoast_head_json":{"title":"Onda tropical 29 traer\u00e1 lluvias y bajas temperaturas a Oaxaca - PubliMar","description":"La poblaci\u00f3n est\u00e1 llamada a mantenerse informada y prepararse ante las posibles afectaciones que puedan surgir por la Onda Tropical n\u00famero 29","robots":{"index":"index","follow":"follow","max-snippet":"max-snippet:-1","max-image-preview":"max-image-preview:large","max-video-preview":"max-video-preview:-1"},"canonical":"https:\/\/publimar.mx\/index.php\/2024\/10\/29\/onda-tropical-29-traera-lluvias-y-bajas-temperaturas-a-oaxaca\/","og_locale":"es_ES","og_type":"article","og_title":"Onda tropical 29 traer\u00e1 lluvias y bajas temperaturas a Oaxaca - PubliMar","og_description":"La poblaci\u00f3n est\u00e1 llamada a mantenerse informada y prepararse ante las posibles afectaciones que puedan surgir por la Onda Tropical n\u00famero 29","og_url":"https:\/\/publimar.mx\/index.php\/2024\/10\/29\/onda-tropical-29-traera-lluvias-y-bajas-temperaturas-a-oaxaca\/","og_site_name":"PubliMar","article_published_time":"2024-10-29T15:03:17+00:00","article_modified_time":"2024-10-29T15:03:19+00:00","og_image":[{"width":1600,"height":1200,"url":"https:\/\/publimar.mx\/wp-content\/uploads\/2024\/10\/Onda-tropical-numero-29-ocasionara-lluvias-en-el-territorio-oaxaqueno.jpeg","path":"\/home\/u358712125\/domains\/publimar.mx\/public_html\/wp-content\/uploads\/2024\/10\/Onda-tropical-numero-29-ocasionara-lluvias-en-el-territorio-oaxaqueno.jpeg","size":"full","id":14062,"alt":"","pixels":1920000,"type":"image\/jpeg"}],"twitter_card":"summary_large_image","twitter_misc":{"Escrito por":"admin","Tiempo de lectura":"2 minutos"},"schema":{"@context":"https:\/\/schema.org","@graph":[{"@type":"WebSite","@id":"https:\/\/publimar.mx\/#website","url":"https:\/\/publimar.mx\/","name":"PubliMar","description":"Informaci\u00f3n de la Costa Oaxaque\u00f1a","publisher":{"@id":"https:\/\/publimar.mx\/#\/schema\/person\/42ad4d315580276616a11863a241f558"},"potentialAction":[{"@type":"SearchAction","target":{"@type":"EntryPoint","urlTemplate":"https:\/\/publimar.mx\/?s={search_term_string}"},"query-input":"required name=search_term_string"}],"inLanguage":"es"},{"@type":"ImageObject","@id":"https:\/\/publimar.mx\/index.php\/2024\/10\/29\/onda-tropical-29-traera-lluvias-y-bajas-temperaturas-a-oaxaca\/#primaryimage","inLanguage":"es","url":"https:\/\/publimar.mx\/wp-content\/uploads\/2024\/10\/Onda-tropical-numero-29-ocasionara-lluvias-en-el-territorio-oaxaqueno.jpeg","contentUrl":"https:\/\/publimar.mx\/wp-content\/uploads\/2024\/10\/Onda-tropical-numero-29-ocasionara-lluvias-en-el-territorio-oaxaqueno.jpeg","width":1600,"height":1200},{"@type":"WebPage","@id":"https:\/\/publimar.mx\/index.php\/2024\/10\/29\/onda-tropical-29-traera-lluvias-y-bajas-temperaturas-a-oaxaca\/#webpage","url":"https:\/\/publimar.mx\/index.php\/2024\/10\/29\/onda-tropical-29-traera-lluvias-y-bajas-temperaturas-a-oaxaca\/","name":"Onda tropical 29 traer\u00e1 lluvias y bajas temperaturas a Oaxaca - PubliMar","isPartOf":{"@id":"https:\/\/publimar.mx\/#website"},"primaryImageOfPage":{"@id":"https:\/\/publimar.mx\/index.php\/2024\/10\/29\/onda-tropical-29-traera-lluvias-y-bajas-temperaturas-a-oaxaca\/#primaryimage"},"datePublished":"2024-10-29T15:03:17+00:00","dateModified":"2024-10-29T15:03:19+00:00","description":"La poblaci\u00f3n est\u00e1 llamada a mantenerse informada y prepararse ante las posibles afectaciones que puedan surgir por la Onda Tropical n\u00famero 29","breadcrumb":{"@id":"https:\/\/publimar.mx\/index.php\/2024\/10\/29\/onda-tropical-29-traera-lluvias-y-bajas-temperaturas-a-oaxaca\/#breadcrumb"},"inLanguage":"es","potentialAction":[{"@type":"ReadAction","target":["https:\/\/publimar.mx\/index.php\/2024\/10\/29\/onda-tropical-29-traera-lluvias-y-bajas-temperaturas-a-oaxaca\/"]}]},{"@type":"BreadcrumbList","@id":"https:\/\/publimar.mx\/index.php\/2024\/10\/29\/onda-tropical-29-traera-lluvias-y-bajas-temperaturas-a-oaxaca\/#breadcrumb","itemListElement":[{"@type":"ListItem","position":1,"name":"Portada","item":"https:\/\/publimar.mx\/"},{"@type":"ListItem","position":2,"name":"Onda tropical 29 traer\u00e1 lluvias y bajas temperaturas a Oaxaca"}]},{"@type":["Article","NewsArticle"],"@id":"https:\/\/publimar.mx\/index.php\/2024\/10\/29\/onda-tropical-29-traera-lluvias-y-bajas-temperaturas-a-oaxaca\/#article","isPartOf":{"@id":"https:\/\/publimar.mx\/index.php\/2024\/10\/29\/onda-tropical-29-traera-lluvias-y-bajas-temperaturas-a-oaxaca\/#webpage"},"author":{"@id":"https:\/\/publimar.mx\/#\/schema\/person\/42ad4d315580276616a11863a241f558"},"headline":"Onda tropical 29 traer\u00e1 lluvias y bajas temperaturas a Oaxaca","datePublished":"2024-10-29T15:03:17+00:00","dateModified":"2024-10-29T15:03:19+00:00","mainEntityOfPage":{"@id":"https:\/\/publimar.mx\/index.php\/2024\/10\/29\/onda-tropical-29-traera-lluvias-y-bajas-temperaturas-a-oaxaca\/#webpage"},"wordCount":391,"commentCount":0,"publisher":{"@id":"https:\/\/publimar.mx\/#\/schema\/person\/42ad4d315580276616a11863a241f558"},"image":{"@id":"https:\/\/publimar.mx\/index.php\/2024\/10\/29\/onda-tropical-29-traera-lluvias-y-bajas-temperaturas-a-oaxaca\/#primaryimage"},"thumbnailUrl":"https:\/\/publimar.mx\/wp-content\/uploads\/2024\/10\/Onda-tropical-numero-29-ocasionara-lluvias-en-el-territorio-oaxaqueno.jpeg","keywords":["oaxaca"],"articleSection":["Seguridad"],"inLanguage":"es","potentialAction":[{"@type":"CommentAction","name":"Comment","target":["https:\/\/publimar.mx\/index.php\/2024\/10\/29\/onda-tropical-29-traera-lluvias-y-bajas-temperaturas-a-oaxaca\/#respond"]}]},{"@type":["Person","Organization"],"@id":"https:\/\/publimar.mx\/#\/schema\/person\/42ad4d315580276616a11863a241f558","name":"admin","image":{"@type":"ImageObject","@id":"https:\/\/publimar.mx\/#personlogo","inLanguage":"es","url":"https:\/\/publimar.mx\/wp-content\/uploads\/2021\/08\/logo.png","contentUrl":"https:\/\/publimar.mx\/wp-content\/uploads\/2021\/08\/logo.png","width":454,"height":108,"caption":"admin"},"logo":{"@id":"https:\/\/publimar.mx\/#personlogo"},"sameAs":["https:\/\/publimar.mx"],"url":"https:\/\/publimar.mx\/index.php\/author\/admin\/"}]}},"_links":{"self":[{"href":"https:\/\/publimar.mx\/index.php\/wp-json\/wp\/v2\/posts\/14061"}],"collection":[{"href":"https:\/\/publimar.mx\/index.php\/wp-json\/wp\/v2\/posts"}],"about":[{"href":"https:\/\/publimar.mx\/index.php\/wp-json\/wp\/v2\/types\/post"}],"author":[{"embeddable":true,"href":"https:\/\/publimar.mx\/index.php\/wp-json\/wp\/v2\/users\/1"}],"replies":[{"embeddable":true,"href":"https:\/\/publimar.mx\/index.php\/wp-json\/wp\/v2\/comments?post=14061"}],"version-history":[{"count":1,"href":"https:\/\/publimar.mx\/index.php\/wp-json\/wp\/v2\/posts\/14061\/revisions"}],"predecessor-version":[{"id":14063,"href":"https:\/\/publimar.mx\/index.php\/wp-json\/wp\/v2\/posts\/14061\/revisions\/14063"}],"wp:featuredmedia":[{"embeddable":true,"href":"https:\/\/publimar.mx\/index.php\/wp-json\/wp\/v2\/media\/14062"}],"wp:attachment":[{"href":"https:\/\/publimar.mx\/index.php\/wp-json\/wp\/v2\/media?parent=14061"}],"wp:term":[{"taxonomy":"category","embeddable":true,"href":"https:\/\/publimar.mx\/index.php\/wp-json\/wp\/v2\/categories?post=14061"},{"taxonomy":"post_tag","embeddable":true,"href":"https:\/\/publimar.mx\/index.php\/wp-json\/wp\/v2\/tags?post=14061"}],"curies":[{"name":"wp","href":"https:\/\/api.w.org\/{rel}","templated":true}]}}