{"id":13376,"date":"2024-09-24T08:50:27","date_gmt":"2024-09-24T13:50:27","guid":{"rendered":"https:\/\/publimar.mx\/?p=13376"},"modified":"2024-09-24T08:50:29","modified_gmt":"2024-09-24T13:50:29","slug":"afectaciones-por-la-tormenta-tropical-john-en-oaxaca","status":"publish","type":"post","link":"https:\/\/publimar.mx\/index.php\/2024\/09\/24\/afectaciones-por-la-tormenta-tropical-john-en-oaxaca\/","title":{"rendered":"Afectaciones por la tormenta tropical \u00abJohn\u00bb en Oaxaca"},"content":{"rendered":"\n<p><strong>Ra\u00fal Laguna<\/strong><\/p>\n\n\n\n<div class=\"wp-block-image\"><figure class=\"alignright size-full is-resized\"><img loading=\"lazy\" src=\"https:\/\/publimar.mx\/wp-content\/uploads\/2024\/09\/carreteras-danadas.jpg\" alt=\"\" class=\"wp-image-13377\" width=\"310\" height=\"208\" srcset=\"https:\/\/publimar.mx\/wp-content\/uploads\/2024\/09\/carreteras-danadas.jpg 620w, https:\/\/publimar.mx\/wp-content\/uploads\/2024\/09\/carreteras-danadas-300x201.jpg 300w\" sizes=\"(max-width: 310px) 100vw, 310px\" \/><\/figure><\/div>\n\n\n\n<p>La Tormenta Tropical \u00abJohn\u00bb ha dejado afectaciones en tramos carreteros de Oaxaca, especialmente en las regiones de Costa, Sierra Sur e Istmo. Aunque hasta el momento no se reportan v\u00edctimas, las autoridades han se\u00f1alado importantes da\u00f1os en la infraestructura vial.<\/p>\n\n\n\n<p>Desde la noche del lunes, se registraron derrumbes en la autopista Oaxaca-Costa, lo que oblig\u00f3 a cerrar temporalmente la circulaci\u00f3n. Sin embargo, en las \u00faltimas horas, se ha comenzado a reabrir el paso.<\/p>\n\n\n\n<p>En Pochutla, un socav\u00f3n se form\u00f3 en la carretera federal 175, en la comunidad de Galilea, afectando el trayecto hacia San Pedro Pochutla. Adem\u00e1s, en la ruta hacia Pinotepa Nacional, se reportaron ca\u00eddas de \u00e1rboles y piedras que complicaron la circulaci\u00f3n.<\/p>\n\n\n\n<p>A pesar de las afectaciones, no hay reportes de desbordamiento de r\u00edos ni v\u00edctimas en la entidad. La Coordinaci\u00f3n de Protecci\u00f3n Civil de Oaxaca ha instado a la poblaci\u00f3n a evitar zonas de riesgo mientras contin\u00faan monitoreando la situaci\u00f3n.<\/p>\n\n\n\n<p>La Tormenta Tropical \u00abJohn\u00bb toc\u00f3 tierra cerca de M\u00e1rquelia, Guerrero, y se degrad\u00f3 a tormenta a las 3:15 horas, pero sigue impactando la regi\u00f3n.<\/p>\n","protected":false},"excerpt":{"rendered":"<p>Ra\u00fal Laguna La Tormenta Tropical \u00abJohn\u00bb ha dejado afectaciones en tramos carreteros de Oaxaca, especialmente en las regiones de Costa, Sierra Sur e Istmo. Aunque hasta el momento no se&hellip; <\/p>\n","protected":false},"author":1,"featured_media":13377,"comment_status":"open","ping_status":"open","sticky":false,"template":"","format":"standard","meta":{"_monsterinsights_skip_tracking":false,"_monsterinsights_sitenote_active":false,"_monsterinsights_sitenote_note":"","_monsterinsights_sitenote_category":0},"categories":[14],"tags":[33,130],"yoast_head":"<!-- This site is optimized with the Yoast SEO plugin v17.0 - https:\/\/yoast.com\/wordpress\/plugins\/seo\/ -->\n<title>Afectaciones por la tormenta tropical &quot;John&quot; en Oaxaca - PubliMar<\/title>\n<meta name=\"description\" content=\"La Tormenta Tropical &quot;John&quot; ha dejado afectaciones en tramos carreteros de Oaxaca, especialmente en las regiones de Costa, Sierra Sur e Istmo\" \/>\n<meta name=\"robots\" content=\"index, follow, max-snippet:-1, max-image-preview:large, max-video-preview:-1\" \/>\n<link rel=\"canonical\" href=\"https:\/\/publimar.mx\/index.php\/2024\/09\/24\/afectaciones-por-la-tormenta-tropical-john-en-oaxaca\/\" \/>\n<meta property=\"og:locale\" content=\"es_ES\" \/>\n<meta property=\"og:type\" content=\"article\" \/>\n<meta property=\"og:title\" content=\"Afectaciones por la tormenta tropical &quot;John&quot; en Oaxaca - PubliMar\" \/>\n<meta property=\"og:description\" content=\"La Tormenta Tropical &quot;John&quot; ha dejado afectaciones en tramos carreteros de Oaxaca, especialmente en las regiones de Costa, Sierra Sur e Istmo\" \/>\n<meta property=\"og:url\" content=\"https:\/\/publimar.mx\/index.php\/2024\/09\/24\/afectaciones-por-la-tormenta-tropical-john-en-oaxaca\/\" \/>\n<meta property=\"og:site_name\" content=\"PubliMar\" \/>\n<meta property=\"article:published_time\" content=\"2024-09-24T13:50:27+00:00\" \/>\n<meta property=\"article:modified_time\" content=\"2024-09-24T13:50:29+00:00\" \/>\n<meta property=\"og:image\" content=\"https:\/\/publimar.mx\/wp-content\/uploads\/2024\/09\/carreteras-danadas.jpg\" \/>\n\t<meta property=\"og:image:width\" content=\"620\" \/>\n\t<meta property=\"og:image:height\" content=\"415\" \/>\n<meta name=\"twitter:card\" content=\"summary_large_image\" \/>\n<meta name=\"twitter:label1\" content=\"Escrito por\" \/>\n\t<meta name=\"twitter:data1\" content=\"admin\" \/>\n\t<meta name=\"twitter:label2\" content=\"Tiempo de lectura\" \/>\n\t<meta name=\"twitter:data2\" content=\"1 minuto\" \/>\n<script type=\"application\/ld+json\" class=\"yoast-schema-graph\">{\"@context\":\"https:\/\/schema.org\",\"@graph\":[{\"@type\":\"WebSite\",\"@id\":\"https:\/\/publimar.mx\/#website\",\"url\":\"https:\/\/publimar.mx\/\",\"name\":\"PubliMar\",\"description\":\"Informaci\\u00f3n de la Costa Oaxaque\\u00f1a\",\"publisher\":{\"@id\":\"https:\/\/publimar.mx\/#\/schema\/person\/42ad4d315580276616a11863a241f558\"},\"potentialAction\":[{\"@type\":\"SearchAction\",\"target\":{\"@type\":\"EntryPoint\",\"urlTemplate\":\"https:\/\/publimar.mx\/?s={search_term_string}\"},\"query-input\":\"required name=search_term_string\"}],\"inLanguage\":\"es\"},{\"@type\":\"ImageObject\",\"@id\":\"https:\/\/publimar.mx\/index.php\/2024\/09\/24\/afectaciones-por-la-tormenta-tropical-john-en-oaxaca\/#primaryimage\",\"inLanguage\":\"es\",\"url\":\"https:\/\/publimar.mx\/wp-content\/uploads\/2024\/09\/carreteras-danadas.jpg\",\"contentUrl\":\"https:\/\/publimar.mx\/wp-content\/uploads\/2024\/09\/carreteras-danadas.jpg\",\"width\":620,\"height\":415},{\"@type\":\"WebPage\",\"@id\":\"https:\/\/publimar.mx\/index.php\/2024\/09\/24\/afectaciones-por-la-tormenta-tropical-john-en-oaxaca\/#webpage\",\"url\":\"https:\/\/publimar.mx\/index.php\/2024\/09\/24\/afectaciones-por-la-tormenta-tropical-john-en-oaxaca\/\",\"name\":\"Afectaciones por la tormenta tropical \\\"John\\\" en Oaxaca - PubliMar\",\"isPartOf\":{\"@id\":\"https:\/\/publimar.mx\/#website\"},\"primaryImageOfPage\":{\"@id\":\"https:\/\/publimar.mx\/index.php\/2024\/09\/24\/afectaciones-por-la-tormenta-tropical-john-en-oaxaca\/#primaryimage\"},\"datePublished\":\"2024-09-24T13:50:27+00:00\",\"dateModified\":\"2024-09-24T13:50:29+00:00\",\"description\":\"La Tormenta Tropical \\\"John\\\" ha dejado afectaciones en tramos carreteros de Oaxaca, especialmente en las regiones de Costa, Sierra Sur e Istmo\",\"breadcrumb\":{\"@id\":\"https:\/\/publimar.mx\/index.php\/2024\/09\/24\/afectaciones-por-la-tormenta-tropical-john-en-oaxaca\/#breadcrumb\"},\"inLanguage\":\"es\",\"potentialAction\":[{\"@type\":\"ReadAction\",\"target\":[\"https:\/\/publimar.mx\/index.php\/2024\/09\/24\/afectaciones-por-la-tormenta-tropical-john-en-oaxaca\/\"]}]},{\"@type\":\"BreadcrumbList\",\"@id\":\"https:\/\/publimar.mx\/index.php\/2024\/09\/24\/afectaciones-por-la-tormenta-tropical-john-en-oaxaca\/#breadcrumb\",\"itemListElement\":[{\"@type\":\"ListItem\",\"position\":1,\"name\":\"Portada\",\"item\":\"https:\/\/publimar.mx\/\"},{\"@type\":\"ListItem\",\"position\":2,\"name\":\"Afectaciones por la tormenta tropical &#8220;John&#8221; en Oaxaca\"}]},{\"@type\":[\"Article\",\"NewsArticle\"],\"@id\":\"https:\/\/publimar.mx\/index.php\/2024\/09\/24\/afectaciones-por-la-tormenta-tropical-john-en-oaxaca\/#article\",\"isPartOf\":{\"@id\":\"https:\/\/publimar.mx\/index.php\/2024\/09\/24\/afectaciones-por-la-tormenta-tropical-john-en-oaxaca\/#webpage\"},\"author\":{\"@id\":\"https:\/\/publimar.mx\/#\/schema\/person\/42ad4d315580276616a11863a241f558\"},\"headline\":\"Afectaciones por la tormenta tropical \\u00abJohn\\u00bb en Oaxaca\",\"datePublished\":\"2024-09-24T13:50:27+00:00\",\"dateModified\":\"2024-09-24T13:50:29+00:00\",\"mainEntityOfPage\":{\"@id\":\"https:\/\/publimar.mx\/index.php\/2024\/09\/24\/afectaciones-por-la-tormenta-tropical-john-en-oaxaca\/#webpage\"},\"wordCount\":203,\"commentCount\":0,\"publisher\":{\"@id\":\"https:\/\/publimar.mx\/#\/schema\/person\/42ad4d315580276616a11863a241f558\"},\"image\":{\"@id\":\"https:\/\/publimar.mx\/index.php\/2024\/09\/24\/afectaciones-por-la-tormenta-tropical-john-en-oaxaca\/#primaryimage\"},\"thumbnailUrl\":\"https:\/\/publimar.mx\/wp-content\/uploads\/2024\/09\/carreteras-danadas.jpg\",\"keywords\":[\"oaxaca\",\"pochutla\"],\"articleSection\":[\"Regional\"],\"inLanguage\":\"es\",\"potentialAction\":[{\"@type\":\"CommentAction\",\"name\":\"Comment\",\"target\":[\"https:\/\/publimar.mx\/index.php\/2024\/09\/24\/afectaciones-por-la-tormenta-tropical-john-en-oaxaca\/#respond\"]}]},{\"@type\":[\"Person\",\"Organization\"],\"@id\":\"https:\/\/publimar.mx\/#\/schema\/person\/42ad4d315580276616a11863a241f558\",\"name\":\"admin\",\"image\":{\"@type\":\"ImageObject\",\"@id\":\"https:\/\/publimar.mx\/#personlogo\",\"inLanguage\":\"es\",\"url\":\"https:\/\/publimar.mx\/wp-content\/uploads\/2021\/08\/logo.png\",\"contentUrl\":\"https:\/\/publimar.mx\/wp-content\/uploads\/2021\/08\/logo.png\",\"width\":454,\"height\":108,\"caption\":\"admin\"},\"logo\":{\"@id\":\"https:\/\/publimar.mx\/#personlogo\"},\"sameAs\":[\"https:\/\/publimar.mx\"],\"url\":\"https:\/\/publimar.mx\/index.php\/author\/admin\/\"}]}<\/script>\n<!-- \/ Yoast SEO plugin. -->","yoast_head_json":{"title":"Afectaciones por la tormenta tropical \"John\" en Oaxaca - PubliMar","description":"La Tormenta Tropical \"John\" ha dejado afectaciones en tramos carreteros de Oaxaca, especialmente en las regiones de Costa, Sierra Sur e Istmo","robots":{"index":"index","follow":"follow","max-snippet":"max-snippet:-1","max-image-preview":"max-image-preview:large","max-video-preview":"max-video-preview:-1"},"canonical":"https:\/\/publimar.mx\/index.php\/2024\/09\/24\/afectaciones-por-la-tormenta-tropical-john-en-oaxaca\/","og_locale":"es_ES","og_type":"article","og_title":"Afectaciones por la tormenta tropical \"John\" en Oaxaca - PubliMar","og_description":"La Tormenta Tropical \"John\" ha dejado afectaciones en tramos carreteros de Oaxaca, especialmente en las regiones de Costa, Sierra Sur e Istmo","og_url":"https:\/\/publimar.mx\/index.php\/2024\/09\/24\/afectaciones-por-la-tormenta-tropical-john-en-oaxaca\/","og_site_name":"PubliMar","article_published_time":"2024-09-24T13:50:27+00:00","article_modified_time":"2024-09-24T13:50:29+00:00","og_image":[{"width":620,"height":415,"url":"https:\/\/publimar.mx\/wp-content\/uploads\/2024\/09\/carreteras-danadas.jpg","path":"\/home\/u358712125\/domains\/publimar.mx\/public_html\/wp-content\/uploads\/2024\/09\/carreteras-danadas.jpg","size":"full","id":13377,"alt":"","pixels":257300,"type":"image\/jpeg"}],"twitter_card":"summary_large_image","twitter_misc":{"Escrito por":"admin","Tiempo de lectura":"1 minuto"},"schema":{"@context":"https:\/\/schema.org","@graph":[{"@type":"WebSite","@id":"https:\/\/publimar.mx\/#website","url":"https:\/\/publimar.mx\/","name":"PubliMar","description":"Informaci\u00f3n de la Costa Oaxaque\u00f1a","publisher":{"@id":"https:\/\/publimar.mx\/#\/schema\/person\/42ad4d315580276616a11863a241f558"},"potentialAction":[{"@type":"SearchAction","target":{"@type":"EntryPoint","urlTemplate":"https:\/\/publimar.mx\/?s={search_term_string}"},"query-input":"required name=search_term_string"}],"inLanguage":"es"},{"@type":"ImageObject","@id":"https:\/\/publimar.mx\/index.php\/2024\/09\/24\/afectaciones-por-la-tormenta-tropical-john-en-oaxaca\/#primaryimage","inLanguage":"es","url":"https:\/\/publimar.mx\/wp-content\/uploads\/2024\/09\/carreteras-danadas.jpg","contentUrl":"https:\/\/publimar.mx\/wp-content\/uploads\/2024\/09\/carreteras-danadas.jpg","width":620,"height":415},{"@type":"WebPage","@id":"https:\/\/publimar.mx\/index.php\/2024\/09\/24\/afectaciones-por-la-tormenta-tropical-john-en-oaxaca\/#webpage","url":"https:\/\/publimar.mx\/index.php\/2024\/09\/24\/afectaciones-por-la-tormenta-tropical-john-en-oaxaca\/","name":"Afectaciones por la tormenta tropical \"John\" en Oaxaca - PubliMar","isPartOf":{"@id":"https:\/\/publimar.mx\/#website"},"primaryImageOfPage":{"@id":"https:\/\/publimar.mx\/index.php\/2024\/09\/24\/afectaciones-por-la-tormenta-tropical-john-en-oaxaca\/#primaryimage"},"datePublished":"2024-09-24T13:50:27+00:00","dateModified":"2024-09-24T13:50:29+00:00","description":"La Tormenta Tropical \"John\" ha dejado afectaciones en tramos carreteros de Oaxaca, especialmente en las regiones de Costa, Sierra Sur e Istmo","breadcrumb":{"@id":"https:\/\/publimar.mx\/index.php\/2024\/09\/24\/afectaciones-por-la-tormenta-tropical-john-en-oaxaca\/#breadcrumb"},"inLanguage":"es","potentialAction":[{"@type":"ReadAction","target":["https:\/\/publimar.mx\/index.php\/2024\/09\/24\/afectaciones-por-la-tormenta-tropical-john-en-oaxaca\/"]}]},{"@type":"BreadcrumbList","@id":"https:\/\/publimar.mx\/index.php\/2024\/09\/24\/afectaciones-por-la-tormenta-tropical-john-en-oaxaca\/#breadcrumb","itemListElement":[{"@type":"ListItem","position":1,"name":"Portada","item":"https:\/\/publimar.mx\/"},{"@type":"ListItem","position":2,"name":"Afectaciones por la tormenta tropical &#8220;John&#8221; en Oaxaca"}]},{"@type":["Article","NewsArticle"],"@id":"https:\/\/publimar.mx\/index.php\/2024\/09\/24\/afectaciones-por-la-tormenta-tropical-john-en-oaxaca\/#article","isPartOf":{"@id":"https:\/\/publimar.mx\/index.php\/2024\/09\/24\/afectaciones-por-la-tormenta-tropical-john-en-oaxaca\/#webpage"},"author":{"@id":"https:\/\/publimar.mx\/#\/schema\/person\/42ad4d315580276616a11863a241f558"},"headline":"Afectaciones por la tormenta tropical \u00abJohn\u00bb en Oaxaca","datePublished":"2024-09-24T13:50:27+00:00","dateModified":"2024-09-24T13:50:29+00:00","mainEntityOfPage":{"@id":"https:\/\/publimar.mx\/index.php\/2024\/09\/24\/afectaciones-por-la-tormenta-tropical-john-en-oaxaca\/#webpage"},"wordCount":203,"commentCount":0,"publisher":{"@id":"https:\/\/publimar.mx\/#\/schema\/person\/42ad4d315580276616a11863a241f558"},"image":{"@id":"https:\/\/publimar.mx\/index.php\/2024\/09\/24\/afectaciones-por-la-tormenta-tropical-john-en-oaxaca\/#primaryimage"},"thumbnailUrl":"https:\/\/publimar.mx\/wp-content\/uploads\/2024\/09\/carreteras-danadas.jpg","keywords":["oaxaca","pochutla"],"articleSection":["Regional"],"inLanguage":"es","potentialAction":[{"@type":"CommentAction","name":"Comment","target":["https:\/\/publimar.mx\/index.php\/2024\/09\/24\/afectaciones-por-la-tormenta-tropical-john-en-oaxaca\/#respond"]}]},{"@type":["Person","Organization"],"@id":"https:\/\/publimar.mx\/#\/schema\/person\/42ad4d315580276616a11863a241f558","name":"admin","image":{"@type":"ImageObject","@id":"https:\/\/publimar.mx\/#personlogo","inLanguage":"es","url":"https:\/\/publimar.mx\/wp-content\/uploads\/2021\/08\/logo.png","contentUrl":"https:\/\/publimar.mx\/wp-content\/uploads\/2021\/08\/logo.png","width":454,"height":108,"caption":"admin"},"logo":{"@id":"https:\/\/publimar.mx\/#personlogo"},"sameAs":["https:\/\/publimar.mx"],"url":"https:\/\/publimar.mx\/index.php\/author\/admin\/"}]}},"_links":{"self":[{"href":"https:\/\/publimar.mx\/index.php\/wp-json\/wp\/v2\/posts\/13376"}],"collection":[{"href":"https:\/\/publimar.mx\/index.php\/wp-json\/wp\/v2\/posts"}],"about":[{"href":"https:\/\/publimar.mx\/index.php\/wp-json\/wp\/v2\/types\/post"}],"author":[{"embeddable":true,"href":"https:\/\/publimar.mx\/index.php\/wp-json\/wp\/v2\/users\/1"}],"replies":[{"embeddable":true,"href":"https:\/\/publimar.mx\/index.php\/wp-json\/wp\/v2\/comments?post=13376"}],"version-history":[{"count":1,"href":"https:\/\/publimar.mx\/index.php\/wp-json\/wp\/v2\/posts\/13376\/revisions"}],"predecessor-version":[{"id":13378,"href":"https:\/\/publimar.mx\/index.php\/wp-json\/wp\/v2\/posts\/13376\/revisions\/13378"}],"wp:featuredmedia":[{"embeddable":true,"href":"https:\/\/publimar.mx\/index.php\/wp-json\/wp\/v2\/media\/13377"}],"wp:attachment":[{"href":"https:\/\/publimar.mx\/index.php\/wp-json\/wp\/v2\/media?parent=13376"}],"wp:term":[{"taxonomy":"category","embeddable":true,"href":"https:\/\/publimar.mx\/index.php\/wp-json\/wp\/v2\/categories?post=13376"},{"taxonomy":"post_tag","embeddable":true,"href":"https:\/\/publimar.mx\/index.php\/wp-json\/wp\/v2\/tags?post=13376"}],"curies":[{"name":"wp","href":"https:\/\/api.w.org\/{rel}","templated":true}]}}