{"id":13303,"date":"2024-09-19T08:24:01","date_gmt":"2024-09-19T13:24:01","guid":{"rendered":"https:\/\/publimar.mx\/?p=13303"},"modified":"2024-09-19T08:24:03","modified_gmt":"2024-09-19T13:24:03","slug":"inicia-en-el-istmo-recepcion-de-documentos-para-la-incorporacion-de-periodistas-independientes-al-seguro-social","status":"publish","type":"post","link":"https:\/\/publimar.mx\/index.php\/2024\/09\/19\/inicia-en-el-istmo-recepcion-de-documentos-para-la-incorporacion-de-periodistas-independientes-al-seguro-social\/","title":{"rendered":"Inicia en el Istmo Recepci\u00f3n de Documentos para la Incorporaci\u00f3n de Periodistas Independientes al Seguro Social"},"content":{"rendered":"\n<div class=\"wp-block-image\"><figure class=\"alignright size-full is-resized\"><img loading=\"lazy\" src=\"https:\/\/publimar.mx\/wp-content\/uploads\/2024\/09\/Incorporacion-de-periodistas-independiente-a-Seguro-Social-1.jpeg\" alt=\"\" class=\"wp-image-13304\" width=\"400\" height=\"300\" srcset=\"https:\/\/publimar.mx\/wp-content\/uploads\/2024\/09\/Incorporacion-de-periodistas-independiente-a-Seguro-Social-1.jpeg 800w, https:\/\/publimar.mx\/wp-content\/uploads\/2024\/09\/Incorporacion-de-periodistas-independiente-a-Seguro-Social-1-300x225.jpeg 300w, https:\/\/publimar.mx\/wp-content\/uploads\/2024\/09\/Incorporacion-de-periodistas-independiente-a-Seguro-Social-1-768x576.jpeg 768w\" sizes=\"(max-width: 400px) 100vw, 400px\" \/><\/figure><\/div>\n\n\n\n<p><strong>Juchit\u00e1n de Zaragoza, Oax. &#8211; <\/strong>La Coordinaci\u00f3n de Comunicaci\u00f3n Social del Gobierno del Estado ha comenzado la instalaci\u00f3n de mesas regionales para recabar la documentaci\u00f3n de periodistas que deseen participar en la <strong>Incorporaci\u00f3n Voluntaria al R\u00e9gimen Obligatorio del Seguro Social de Periodistas Activos e Independientes de Oaxaca 2024<\/strong>.<\/p>\n\n\n\n<p>Esta actividad, parte de las acciones de territorio del Gobierno de la Primavera Oaxaque\u00f1a, se llevar\u00e1 a cabo hoy en la regi\u00f3n del Istmo. Estar\u00e1n presentes miembros del Consejo Consultivo, incluyendo a la periodista Rosy Ramales y al periodista Aldair Mart\u00ednez, quienes atender\u00e1n y resolver\u00e1n dudas junto al director de Prensa y Comunicaci\u00f3n Social, Juan Carlos Medrano.<\/p>\n\n\n\n<p>\ud83d\udccd <strong>Horarios y lugares de recepci\u00f3n:<\/strong><\/p>\n\n\n\n<ul><li><strong>Foro Ecol\u00f3gico Juchiteco<\/strong>: 11:00 a 13:00 horas (Calle Belisario Dom\u00ednguez sin n\u00famero, colonia Centro, Juchit\u00e1n).<\/li><li><strong>Casa Eva<\/strong>: 15:00 a 18:00 horas (Calzada Benito Ju\u00e1rez sin n\u00famero, Salina Cruz).<\/li><\/ul>\n\n\n\n<p>La convocatoria estar\u00e1 abierta hasta el 30 de septiembre y se anunciar\u00e1n fechas y lugares para otras regiones posteriormente.<\/p>\n\n\n\n<p>Esta iniciativa, pionera en el pa\u00eds bajo la administraci\u00f3n de Salom\u00f3n Jara Cruz, permitir\u00e1 a los profesionales de la comunicaci\u00f3n acceder a prestaciones de seguridad social del Instituto Mexicano del Seguro Social (IMSS), gracias a un convenio que incluye una aportaci\u00f3n econ\u00f3mica anual del Gobierno del Estado para cubrir la atenci\u00f3n m\u00e9dica de este sector.<\/p>\n\n\n\n<p>\u00a1Una gran oportunidad para nuestros periodistas!<\/p>\n","protected":false},"excerpt":{"rendered":"<p>Juchit\u00e1n de Zaragoza, Oax. &#8211; La Coordinaci\u00f3n de Comunicaci\u00f3n Social del Gobierno del Estado ha comenzado la instalaci\u00f3n de mesas regionales para recabar la documentaci\u00f3n de periodistas que deseen participar&hellip; <\/p>\n","protected":false},"author":1,"featured_media":13304,"comment_status":"open","ping_status":"open","sticky":false,"template":"","format":"standard","meta":{"_monsterinsights_skip_tracking":false,"_monsterinsights_sitenote_active":false,"_monsterinsights_sitenote_note":"","_monsterinsights_sitenote_category":0},"categories":[6],"tags":[],"yoast_head":"<!-- This site is optimized with the Yoast SEO plugin v17.0 - https:\/\/yoast.com\/wordpress\/plugins\/seo\/ -->\n<title>Inicia en el Istmo Recepci\u00f3n de Documentos para la Incorporaci\u00f3n de Periodistas Independientes al Seguro Social - PubliMar<\/title>\n<meta name=\"description\" content=\"La Coordinaci\u00f3n de Comunicaci\u00f3n Social ha comenzado la instalaci\u00f3n de mesas regionales para recabar la documentaci\u00f3n de periodistas que de...\" \/>\n<meta name=\"robots\" content=\"index, follow, max-snippet:-1, max-image-preview:large, max-video-preview:-1\" \/>\n<link rel=\"canonical\" href=\"https:\/\/publimar.mx\/index.php\/2024\/09\/19\/inicia-en-el-istmo-recepcion-de-documentos-para-la-incorporacion-de-periodistas-independientes-al-seguro-social\/\" \/>\n<meta property=\"og:locale\" content=\"es_ES\" \/>\n<meta property=\"og:type\" content=\"article\" \/>\n<meta property=\"og:title\" content=\"Inicia en el Istmo Recepci\u00f3n de Documentos para la Incorporaci\u00f3n de Periodistas Independientes al Seguro Social - PubliMar\" \/>\n<meta property=\"og:description\" content=\"La Coordinaci\u00f3n de Comunicaci\u00f3n Social ha comenzado la instalaci\u00f3n de mesas regionales para recabar la documentaci\u00f3n de periodistas que de...\" \/>\n<meta property=\"og:url\" content=\"https:\/\/publimar.mx\/index.php\/2024\/09\/19\/inicia-en-el-istmo-recepcion-de-documentos-para-la-incorporacion-de-periodistas-independientes-al-seguro-social\/\" \/>\n<meta property=\"og:site_name\" content=\"PubliMar\" \/>\n<meta property=\"article:published_time\" content=\"2024-09-19T13:24:01+00:00\" \/>\n<meta property=\"article:modified_time\" content=\"2024-09-19T13:24:03+00:00\" \/>\n<meta property=\"og:image\" content=\"https:\/\/publimar.mx\/wp-content\/uploads\/2024\/09\/Incorporacion-de-periodistas-independiente-a-Seguro-Social-1.jpeg\" \/>\n\t<meta property=\"og:image:width\" content=\"800\" \/>\n\t<meta property=\"og:image:height\" content=\"600\" \/>\n<meta name=\"twitter:card\" content=\"summary_large_image\" \/>\n<meta name=\"twitter:label1\" content=\"Escrito por\" \/>\n\t<meta name=\"twitter:data1\" content=\"admin\" \/>\n\t<meta name=\"twitter:label2\" content=\"Tiempo de lectura\" \/>\n\t<meta name=\"twitter:data2\" content=\"2 minutos\" \/>\n<script type=\"application\/ld+json\" class=\"yoast-schema-graph\">{\"@context\":\"https:\/\/schema.org\",\"@graph\":[{\"@type\":\"WebSite\",\"@id\":\"https:\/\/publimar.mx\/#website\",\"url\":\"https:\/\/publimar.mx\/\",\"name\":\"PubliMar\",\"description\":\"Informaci\\u00f3n de la Costa Oaxaque\\u00f1a\",\"publisher\":{\"@id\":\"https:\/\/publimar.mx\/#\/schema\/person\/42ad4d315580276616a11863a241f558\"},\"potentialAction\":[{\"@type\":\"SearchAction\",\"target\":{\"@type\":\"EntryPoint\",\"urlTemplate\":\"https:\/\/publimar.mx\/?s={search_term_string}\"},\"query-input\":\"required name=search_term_string\"}],\"inLanguage\":\"es\"},{\"@type\":\"ImageObject\",\"@id\":\"https:\/\/publimar.mx\/index.php\/2024\/09\/19\/inicia-en-el-istmo-recepcion-de-documentos-para-la-incorporacion-de-periodistas-independientes-al-seguro-social\/#primaryimage\",\"inLanguage\":\"es\",\"url\":\"https:\/\/publimar.mx\/wp-content\/uploads\/2024\/09\/Incorporacion-de-periodistas-independiente-a-Seguro-Social-1.jpeg\",\"contentUrl\":\"https:\/\/publimar.mx\/wp-content\/uploads\/2024\/09\/Incorporacion-de-periodistas-independiente-a-Seguro-Social-1.jpeg\",\"width\":800,\"height\":600},{\"@type\":\"WebPage\",\"@id\":\"https:\/\/publimar.mx\/index.php\/2024\/09\/19\/inicia-en-el-istmo-recepcion-de-documentos-para-la-incorporacion-de-periodistas-independientes-al-seguro-social\/#webpage\",\"url\":\"https:\/\/publimar.mx\/index.php\/2024\/09\/19\/inicia-en-el-istmo-recepcion-de-documentos-para-la-incorporacion-de-periodistas-independientes-al-seguro-social\/\",\"name\":\"Inicia en el Istmo Recepci\\u00f3n de Documentos para la Incorporaci\\u00f3n de Periodistas Independientes al Seguro Social - PubliMar\",\"isPartOf\":{\"@id\":\"https:\/\/publimar.mx\/#website\"},\"primaryImageOfPage\":{\"@id\":\"https:\/\/publimar.mx\/index.php\/2024\/09\/19\/inicia-en-el-istmo-recepcion-de-documentos-para-la-incorporacion-de-periodistas-independientes-al-seguro-social\/#primaryimage\"},\"datePublished\":\"2024-09-19T13:24:01+00:00\",\"dateModified\":\"2024-09-19T13:24:03+00:00\",\"description\":\"La Coordinaci\\u00f3n de Comunicaci\\u00f3n Social ha comenzado la instalaci\\u00f3n de mesas regionales para recabar la documentaci\\u00f3n de periodistas que de...\",\"breadcrumb\":{\"@id\":\"https:\/\/publimar.mx\/index.php\/2024\/09\/19\/inicia-en-el-istmo-recepcion-de-documentos-para-la-incorporacion-de-periodistas-independientes-al-seguro-social\/#breadcrumb\"},\"inLanguage\":\"es\",\"potentialAction\":[{\"@type\":\"ReadAction\",\"target\":[\"https:\/\/publimar.mx\/index.php\/2024\/09\/19\/inicia-en-el-istmo-recepcion-de-documentos-para-la-incorporacion-de-periodistas-independientes-al-seguro-social\/\"]}]},{\"@type\":\"BreadcrumbList\",\"@id\":\"https:\/\/publimar.mx\/index.php\/2024\/09\/19\/inicia-en-el-istmo-recepcion-de-documentos-para-la-incorporacion-de-periodistas-independientes-al-seguro-social\/#breadcrumb\",\"itemListElement\":[{\"@type\":\"ListItem\",\"position\":1,\"name\":\"Portada\",\"item\":\"https:\/\/publimar.mx\/\"},{\"@type\":\"ListItem\",\"position\":2,\"name\":\"Inicia en el Istmo Recepci\\u00f3n de Documentos para la Incorporaci\\u00f3n de Periodistas Independientes al Seguro Social\"}]},{\"@type\":[\"Article\",\"NewsArticle\"],\"@id\":\"https:\/\/publimar.mx\/index.php\/2024\/09\/19\/inicia-en-el-istmo-recepcion-de-documentos-para-la-incorporacion-de-periodistas-independientes-al-seguro-social\/#article\",\"isPartOf\":{\"@id\":\"https:\/\/publimar.mx\/index.php\/2024\/09\/19\/inicia-en-el-istmo-recepcion-de-documentos-para-la-incorporacion-de-periodistas-independientes-al-seguro-social\/#webpage\"},\"author\":{\"@id\":\"https:\/\/publimar.mx\/#\/schema\/person\/42ad4d315580276616a11863a241f558\"},\"headline\":\"Inicia en el Istmo Recepci\\u00f3n de Documentos para la Incorporaci\\u00f3n de Periodistas Independientes al Seguro Social\",\"datePublished\":\"2024-09-19T13:24:01+00:00\",\"dateModified\":\"2024-09-19T13:24:03+00:00\",\"mainEntityOfPage\":{\"@id\":\"https:\/\/publimar.mx\/index.php\/2024\/09\/19\/inicia-en-el-istmo-recepcion-de-documentos-para-la-incorporacion-de-periodistas-independientes-al-seguro-social\/#webpage\"},\"wordCount\":260,\"commentCount\":0,\"publisher\":{\"@id\":\"https:\/\/publimar.mx\/#\/schema\/person\/42ad4d315580276616a11863a241f558\"},\"image\":{\"@id\":\"https:\/\/publimar.mx\/index.php\/2024\/09\/19\/inicia-en-el-istmo-recepcion-de-documentos-para-la-incorporacion-de-periodistas-independientes-al-seguro-social\/#primaryimage\"},\"thumbnailUrl\":\"https:\/\/publimar.mx\/wp-content\/uploads\/2024\/09\/Incorporacion-de-periodistas-independiente-a-Seguro-Social-1.jpeg\",\"articleSection\":[\"Estatal\"],\"inLanguage\":\"es\",\"potentialAction\":[{\"@type\":\"CommentAction\",\"name\":\"Comment\",\"target\":[\"https:\/\/publimar.mx\/index.php\/2024\/09\/19\/inicia-en-el-istmo-recepcion-de-documentos-para-la-incorporacion-de-periodistas-independientes-al-seguro-social\/#respond\"]}]},{\"@type\":[\"Person\",\"Organization\"],\"@id\":\"https:\/\/publimar.mx\/#\/schema\/person\/42ad4d315580276616a11863a241f558\",\"name\":\"admin\",\"image\":{\"@type\":\"ImageObject\",\"@id\":\"https:\/\/publimar.mx\/#personlogo\",\"inLanguage\":\"es\",\"url\":\"https:\/\/publimar.mx\/wp-content\/uploads\/2021\/08\/logo.png\",\"contentUrl\":\"https:\/\/publimar.mx\/wp-content\/uploads\/2021\/08\/logo.png\",\"width\":454,\"height\":108,\"caption\":\"admin\"},\"logo\":{\"@id\":\"https:\/\/publimar.mx\/#personlogo\"},\"sameAs\":[\"https:\/\/publimar.mx\"],\"url\":\"https:\/\/publimar.mx\/index.php\/author\/admin\/\"}]}<\/script>\n<!-- \/ Yoast SEO plugin. -->","yoast_head_json":{"title":"Inicia en el Istmo Recepci\u00f3n de Documentos para la Incorporaci\u00f3n de Periodistas Independientes al Seguro Social - PubliMar","description":"La Coordinaci\u00f3n de Comunicaci\u00f3n Social ha comenzado la instalaci\u00f3n de mesas regionales para recabar la documentaci\u00f3n de periodistas que de...","robots":{"index":"index","follow":"follow","max-snippet":"max-snippet:-1","max-image-preview":"max-image-preview:large","max-video-preview":"max-video-preview:-1"},"canonical":"https:\/\/publimar.mx\/index.php\/2024\/09\/19\/inicia-en-el-istmo-recepcion-de-documentos-para-la-incorporacion-de-periodistas-independientes-al-seguro-social\/","og_locale":"es_ES","og_type":"article","og_title":"Inicia en el Istmo Recepci\u00f3n de Documentos para la Incorporaci\u00f3n de Periodistas Independientes al Seguro Social - PubliMar","og_description":"La Coordinaci\u00f3n de Comunicaci\u00f3n Social ha comenzado la instalaci\u00f3n de mesas regionales para recabar la documentaci\u00f3n de periodistas que de...","og_url":"https:\/\/publimar.mx\/index.php\/2024\/09\/19\/inicia-en-el-istmo-recepcion-de-documentos-para-la-incorporacion-de-periodistas-independientes-al-seguro-social\/","og_site_name":"PubliMar","article_published_time":"2024-09-19T13:24:01+00:00","article_modified_time":"2024-09-19T13:24:03+00:00","og_image":[{"width":800,"height":600,"url":"https:\/\/publimar.mx\/wp-content\/uploads\/2024\/09\/Incorporacion-de-periodistas-independiente-a-Seguro-Social-1.jpeg","path":"\/home\/u358712125\/domains\/publimar.mx\/public_html\/wp-content\/uploads\/2024\/09\/Incorporacion-de-periodistas-independiente-a-Seguro-Social-1.jpeg","size":"full","id":13304,"alt":"","pixels":480000,"type":"image\/jpeg"}],"twitter_card":"summary_large_image","twitter_misc":{"Escrito por":"admin","Tiempo de lectura":"2 minutos"},"schema":{"@context":"https:\/\/schema.org","@graph":[{"@type":"WebSite","@id":"https:\/\/publimar.mx\/#website","url":"https:\/\/publimar.mx\/","name":"PubliMar","description":"Informaci\u00f3n de la Costa Oaxaque\u00f1a","publisher":{"@id":"https:\/\/publimar.mx\/#\/schema\/person\/42ad4d315580276616a11863a241f558"},"potentialAction":[{"@type":"SearchAction","target":{"@type":"EntryPoint","urlTemplate":"https:\/\/publimar.mx\/?s={search_term_string}"},"query-input":"required name=search_term_string"}],"inLanguage":"es"},{"@type":"ImageObject","@id":"https:\/\/publimar.mx\/index.php\/2024\/09\/19\/inicia-en-el-istmo-recepcion-de-documentos-para-la-incorporacion-de-periodistas-independientes-al-seguro-social\/#primaryimage","inLanguage":"es","url":"https:\/\/publimar.mx\/wp-content\/uploads\/2024\/09\/Incorporacion-de-periodistas-independiente-a-Seguro-Social-1.jpeg","contentUrl":"https:\/\/publimar.mx\/wp-content\/uploads\/2024\/09\/Incorporacion-de-periodistas-independiente-a-Seguro-Social-1.jpeg","width":800,"height":600},{"@type":"WebPage","@id":"https:\/\/publimar.mx\/index.php\/2024\/09\/19\/inicia-en-el-istmo-recepcion-de-documentos-para-la-incorporacion-de-periodistas-independientes-al-seguro-social\/#webpage","url":"https:\/\/publimar.mx\/index.php\/2024\/09\/19\/inicia-en-el-istmo-recepcion-de-documentos-para-la-incorporacion-de-periodistas-independientes-al-seguro-social\/","name":"Inicia en el Istmo Recepci\u00f3n de Documentos para la Incorporaci\u00f3n de Periodistas Independientes al Seguro Social - PubliMar","isPartOf":{"@id":"https:\/\/publimar.mx\/#website"},"primaryImageOfPage":{"@id":"https:\/\/publimar.mx\/index.php\/2024\/09\/19\/inicia-en-el-istmo-recepcion-de-documentos-para-la-incorporacion-de-periodistas-independientes-al-seguro-social\/#primaryimage"},"datePublished":"2024-09-19T13:24:01+00:00","dateModified":"2024-09-19T13:24:03+00:00","description":"La Coordinaci\u00f3n de Comunicaci\u00f3n Social ha comenzado la instalaci\u00f3n de mesas regionales para recabar la documentaci\u00f3n de periodistas que de...","breadcrumb":{"@id":"https:\/\/publimar.mx\/index.php\/2024\/09\/19\/inicia-en-el-istmo-recepcion-de-documentos-para-la-incorporacion-de-periodistas-independientes-al-seguro-social\/#breadcrumb"},"inLanguage":"es","potentialAction":[{"@type":"ReadAction","target":["https:\/\/publimar.mx\/index.php\/2024\/09\/19\/inicia-en-el-istmo-recepcion-de-documentos-para-la-incorporacion-de-periodistas-independientes-al-seguro-social\/"]}]},{"@type":"BreadcrumbList","@id":"https:\/\/publimar.mx\/index.php\/2024\/09\/19\/inicia-en-el-istmo-recepcion-de-documentos-para-la-incorporacion-de-periodistas-independientes-al-seguro-social\/#breadcrumb","itemListElement":[{"@type":"ListItem","position":1,"name":"Portada","item":"https:\/\/publimar.mx\/"},{"@type":"ListItem","position":2,"name":"Inicia en el Istmo Recepci\u00f3n de Documentos para la Incorporaci\u00f3n de Periodistas Independientes al Seguro Social"}]},{"@type":["Article","NewsArticle"],"@id":"https:\/\/publimar.mx\/index.php\/2024\/09\/19\/inicia-en-el-istmo-recepcion-de-documentos-para-la-incorporacion-de-periodistas-independientes-al-seguro-social\/#article","isPartOf":{"@id":"https:\/\/publimar.mx\/index.php\/2024\/09\/19\/inicia-en-el-istmo-recepcion-de-documentos-para-la-incorporacion-de-periodistas-independientes-al-seguro-social\/#webpage"},"author":{"@id":"https:\/\/publimar.mx\/#\/schema\/person\/42ad4d315580276616a11863a241f558"},"headline":"Inicia en el Istmo Recepci\u00f3n de Documentos para la Incorporaci\u00f3n de Periodistas Independientes al Seguro Social","datePublished":"2024-09-19T13:24:01+00:00","dateModified":"2024-09-19T13:24:03+00:00","mainEntityOfPage":{"@id":"https:\/\/publimar.mx\/index.php\/2024\/09\/19\/inicia-en-el-istmo-recepcion-de-documentos-para-la-incorporacion-de-periodistas-independientes-al-seguro-social\/#webpage"},"wordCount":260,"commentCount":0,"publisher":{"@id":"https:\/\/publimar.mx\/#\/schema\/person\/42ad4d315580276616a11863a241f558"},"image":{"@id":"https:\/\/publimar.mx\/index.php\/2024\/09\/19\/inicia-en-el-istmo-recepcion-de-documentos-para-la-incorporacion-de-periodistas-independientes-al-seguro-social\/#primaryimage"},"thumbnailUrl":"https:\/\/publimar.mx\/wp-content\/uploads\/2024\/09\/Incorporacion-de-periodistas-independiente-a-Seguro-Social-1.jpeg","articleSection":["Estatal"],"inLanguage":"es","potentialAction":[{"@type":"CommentAction","name":"Comment","target":["https:\/\/publimar.mx\/index.php\/2024\/09\/19\/inicia-en-el-istmo-recepcion-de-documentos-para-la-incorporacion-de-periodistas-independientes-al-seguro-social\/#respond"]}]},{"@type":["Person","Organization"],"@id":"https:\/\/publimar.mx\/#\/schema\/person\/42ad4d315580276616a11863a241f558","name":"admin","image":{"@type":"ImageObject","@id":"https:\/\/publimar.mx\/#personlogo","inLanguage":"es","url":"https:\/\/publimar.mx\/wp-content\/uploads\/2021\/08\/logo.png","contentUrl":"https:\/\/publimar.mx\/wp-content\/uploads\/2021\/08\/logo.png","width":454,"height":108,"caption":"admin"},"logo":{"@id":"https:\/\/publimar.mx\/#personlogo"},"sameAs":["https:\/\/publimar.mx"],"url":"https:\/\/publimar.mx\/index.php\/author\/admin\/"}]}},"_links":{"self":[{"href":"https:\/\/publimar.mx\/index.php\/wp-json\/wp\/v2\/posts\/13303"}],"collection":[{"href":"https:\/\/publimar.mx\/index.php\/wp-json\/wp\/v2\/posts"}],"about":[{"href":"https:\/\/publimar.mx\/index.php\/wp-json\/wp\/v2\/types\/post"}],"author":[{"embeddable":true,"href":"https:\/\/publimar.mx\/index.php\/wp-json\/wp\/v2\/users\/1"}],"replies":[{"embeddable":true,"href":"https:\/\/publimar.mx\/index.php\/wp-json\/wp\/v2\/comments?post=13303"}],"version-history":[{"count":1,"href":"https:\/\/publimar.mx\/index.php\/wp-json\/wp\/v2\/posts\/13303\/revisions"}],"predecessor-version":[{"id":13305,"href":"https:\/\/publimar.mx\/index.php\/wp-json\/wp\/v2\/posts\/13303\/revisions\/13305"}],"wp:featuredmedia":[{"embeddable":true,"href":"https:\/\/publimar.mx\/index.php\/wp-json\/wp\/v2\/media\/13304"}],"wp:attachment":[{"href":"https:\/\/publimar.mx\/index.php\/wp-json\/wp\/v2\/media?parent=13303"}],"wp:term":[{"taxonomy":"category","embeddable":true,"href":"https:\/\/publimar.mx\/index.php\/wp-json\/wp\/v2\/categories?post=13303"},{"taxonomy":"post_tag","embeddable":true,"href":"https:\/\/publimar.mx\/index.php\/wp-json\/wp\/v2\/tags?post=13303"}],"curies":[{"name":"wp","href":"https:\/\/api.w.org\/{rel}","templated":true}]}}