{"id":12943,"date":"2024-08-31T08:54:34","date_gmt":"2024-08-31T13:54:34","guid":{"rendered":"https:\/\/publimar.mx\/?p=12943"},"modified":"2024-08-31T08:54:35","modified_gmt":"2024-08-31T13:54:35","slug":"concluyen-con-exito-los-talleres-de-formacion-artistica-en-puerto-escondido","status":"publish","type":"post","link":"https:\/\/publimar.mx\/index.php\/2024\/08\/31\/concluyen-con-exito-los-talleres-de-formacion-artistica-en-puerto-escondido\/","title":{"rendered":"Concluyen con \u00e9xito los talleres de formaci\u00f3n art\u00edstica en Puerto Escondido"},"content":{"rendered":"\n<p><strong>Redacci\u00f3n PubliMar<\/strong><\/p>\n\n\n\n<div class=\"wp-block-image\"><figure class=\"alignright size-full is-resized\"><img loading=\"lazy\" src=\"https:\/\/publimar.mx\/wp-content\/uploads\/2024\/08\/arte-puerto-2.jpg\" alt=\"\" class=\"wp-image-12944\" width=\"450\" height=\"300\" srcset=\"https:\/\/publimar.mx\/wp-content\/uploads\/2024\/08\/arte-puerto-2.jpg 900w, https:\/\/publimar.mx\/wp-content\/uploads\/2024\/08\/arte-puerto-2-300x200.jpg 300w, https:\/\/publimar.mx\/wp-content\/uploads\/2024\/08\/arte-puerto-2-768x511.jpg 768w\" sizes=\"(max-width: 450px) 100vw, 450px\" \/><\/figure><\/div>\n\n\n\n<p>Con una destacada participaci\u00f3n de 100 j\u00f3venes de distintas colonias y localidades cercanas, la Secretar\u00eda del Trabajo de Oaxaca (Setrao) ha cerrado exitosamente los talleres de formaci\u00f3n del programa \u201cTrabaj-Arte\u201d en Puerto Escondido. Este programa est\u00e1 dise\u00f1ado para fomentar el desarrollo laboral y el emprendimiento art\u00edstico entre la juventud de la regi\u00f3n.<\/p>\n\n\n\n<p>La presentaci\u00f3n del programa se llev\u00f3 a cabo en la Casa de la Cultura de Puerto Escondido, con la presencia de la titular de Setrao, Edith Araceli Santib\u00e1\u00f1ez Boh\u00f3rquez, quien subray\u00f3 el compromiso del Gobierno de la Primavera Oaxaque\u00f1a de ofrecer oportunidades de crecimiento para los j\u00f3venes. Santib\u00e1\u00f1ez, acompa\u00f1ada por el agente municipal Alfonso P\u00e9rez S\u00e1nchez, destac\u00f3 la importancia de este programa en una zona de alta afluencia tur\u00edstica como Puerto Escondido, subrayando el impacto positivo que tiene en la integraci\u00f3n de los j\u00f3venes al mundo laboral.<\/p>\n\n\n\n<p>El programa incluy\u00f3 una serie de talleres impartidos por reconocidos artistas pl\u00e1sticos oaxaque\u00f1os: Gabriela Duarte, Benito V\u00e1squez y Juan Carlos Luna. Los talleres ofrecidos fueron \u201cCer\u00e1mica Imaginaria\u201d, \u201cPintura Surrealista en Piezas de Manta\u201d y \u201cAcr\u00edlico sobre Gorras\u201d, brindando a los participantes habilidades pr\u00e1cticas y creativas en el \u00e1mbito art\u00edstico.<\/p>\n\n\n\n<p>Esta iniciativa forma parte de un esfuerzo m\u00e1s amplio del Gobierno Estatal para fortalecer la formaci\u00f3n laboral y proporcionar espacios seguros a trav\u00e9s del programa \u201cOaxaca Segura\u201d, consolidando el compromiso con el desarrollo integral de la juventud oaxaque\u00f1a.<\/p>\n\n\n\n<p><\/p>\n","protected":false},"excerpt":{"rendered":"<p>Redacci\u00f3n PubliMar Con una destacada participaci\u00f3n de 100 j\u00f3venes de distintas colonias y localidades cercanas, la Secretar\u00eda del Trabajo de Oaxaca (Setrao) ha cerrado exitosamente los talleres de formaci\u00f3n del&hellip; <\/p>\n","protected":false},"author":1,"featured_media":12944,"comment_status":"open","ping_status":"open","sticky":false,"template":"","format":"standard","meta":{"_monsterinsights_skip_tracking":false,"_monsterinsights_sitenote_active":false,"_monsterinsights_sitenote_note":"","_monsterinsights_sitenote_category":0},"categories":[14],"tags":[],"yoast_head":"<!-- This site is optimized with the Yoast SEO plugin v17.0 - https:\/\/yoast.com\/wordpress\/plugins\/seo\/ -->\n<title>Concluyen con \u00e9xito los talleres de formaci\u00f3n art\u00edstica en Puerto Escondido - PubliMar<\/title>\n<meta name=\"description\" content=\"Con una destacada participaci\u00f3n de 100 j\u00f3venes, la Secretar\u00eda del Trabajo cerr\u00f3 los talleres de formaci\u00f3n del programa \u201cTrabaj-Arte\u201d en Pu...\" \/>\n<meta name=\"robots\" content=\"index, follow, max-snippet:-1, max-image-preview:large, max-video-preview:-1\" \/>\n<link rel=\"canonical\" href=\"https:\/\/publimar.mx\/index.php\/2024\/08\/31\/concluyen-con-exito-los-talleres-de-formacion-artistica-en-puerto-escondido\/\" \/>\n<meta property=\"og:locale\" content=\"es_ES\" \/>\n<meta property=\"og:type\" content=\"article\" \/>\n<meta property=\"og:title\" content=\"Concluyen con \u00e9xito los talleres de formaci\u00f3n art\u00edstica en Puerto Escondido - PubliMar\" \/>\n<meta property=\"og:description\" content=\"Con una destacada participaci\u00f3n de 100 j\u00f3venes, la Secretar\u00eda del Trabajo cerr\u00f3 los talleres de formaci\u00f3n del programa \u201cTrabaj-Arte\u201d en Pu...\" \/>\n<meta property=\"og:url\" content=\"https:\/\/publimar.mx\/index.php\/2024\/08\/31\/concluyen-con-exito-los-talleres-de-formacion-artistica-en-puerto-escondido\/\" \/>\n<meta property=\"og:site_name\" content=\"PubliMar\" \/>\n<meta property=\"article:published_time\" content=\"2024-08-31T13:54:34+00:00\" \/>\n<meta property=\"article:modified_time\" content=\"2024-08-31T13:54:35+00:00\" \/>\n<meta property=\"og:image\" content=\"https:\/\/publimar.mx\/wp-content\/uploads\/2024\/08\/arte-puerto-2.jpg\" \/>\n\t<meta property=\"og:image:width\" content=\"900\" \/>\n\t<meta property=\"og:image:height\" content=\"599\" \/>\n<meta name=\"twitter:card\" content=\"summary_large_image\" \/>\n<meta name=\"twitter:label1\" content=\"Escrito por\" \/>\n\t<meta name=\"twitter:data1\" content=\"admin\" \/>\n\t<meta name=\"twitter:label2\" content=\"Tiempo de lectura\" \/>\n\t<meta name=\"twitter:data2\" content=\"2 minutos\" \/>\n<script type=\"application\/ld+json\" class=\"yoast-schema-graph\">{\"@context\":\"https:\/\/schema.org\",\"@graph\":[{\"@type\":\"WebSite\",\"@id\":\"https:\/\/publimar.mx\/#website\",\"url\":\"https:\/\/publimar.mx\/\",\"name\":\"PubliMar\",\"description\":\"Informaci\\u00f3n de la Costa Oaxaque\\u00f1a\",\"publisher\":{\"@id\":\"https:\/\/publimar.mx\/#\/schema\/person\/42ad4d315580276616a11863a241f558\"},\"potentialAction\":[{\"@type\":\"SearchAction\",\"target\":{\"@type\":\"EntryPoint\",\"urlTemplate\":\"https:\/\/publimar.mx\/?s={search_term_string}\"},\"query-input\":\"required name=search_term_string\"}],\"inLanguage\":\"es\"},{\"@type\":\"ImageObject\",\"@id\":\"https:\/\/publimar.mx\/index.php\/2024\/08\/31\/concluyen-con-exito-los-talleres-de-formacion-artistica-en-puerto-escondido\/#primaryimage\",\"inLanguage\":\"es\",\"url\":\"https:\/\/publimar.mx\/wp-content\/uploads\/2024\/08\/arte-puerto-2.jpg\",\"contentUrl\":\"https:\/\/publimar.mx\/wp-content\/uploads\/2024\/08\/arte-puerto-2.jpg\",\"width\":900,\"height\":599},{\"@type\":\"WebPage\",\"@id\":\"https:\/\/publimar.mx\/index.php\/2024\/08\/31\/concluyen-con-exito-los-talleres-de-formacion-artistica-en-puerto-escondido\/#webpage\",\"url\":\"https:\/\/publimar.mx\/index.php\/2024\/08\/31\/concluyen-con-exito-los-talleres-de-formacion-artistica-en-puerto-escondido\/\",\"name\":\"Concluyen con \\u00e9xito los talleres de formaci\\u00f3n art\\u00edstica en Puerto Escondido - PubliMar\",\"isPartOf\":{\"@id\":\"https:\/\/publimar.mx\/#website\"},\"primaryImageOfPage\":{\"@id\":\"https:\/\/publimar.mx\/index.php\/2024\/08\/31\/concluyen-con-exito-los-talleres-de-formacion-artistica-en-puerto-escondido\/#primaryimage\"},\"datePublished\":\"2024-08-31T13:54:34+00:00\",\"dateModified\":\"2024-08-31T13:54:35+00:00\",\"description\":\"Con una destacada participaci\\u00f3n de 100 j\\u00f3venes, la Secretar\\u00eda del Trabajo cerr\\u00f3 los talleres de formaci\\u00f3n del programa \\u201cTrabaj-Arte\\u201d en Pu...\",\"breadcrumb\":{\"@id\":\"https:\/\/publimar.mx\/index.php\/2024\/08\/31\/concluyen-con-exito-los-talleres-de-formacion-artistica-en-puerto-escondido\/#breadcrumb\"},\"inLanguage\":\"es\",\"potentialAction\":[{\"@type\":\"ReadAction\",\"target\":[\"https:\/\/publimar.mx\/index.php\/2024\/08\/31\/concluyen-con-exito-los-talleres-de-formacion-artistica-en-puerto-escondido\/\"]}]},{\"@type\":\"BreadcrumbList\",\"@id\":\"https:\/\/publimar.mx\/index.php\/2024\/08\/31\/concluyen-con-exito-los-talleres-de-formacion-artistica-en-puerto-escondido\/#breadcrumb\",\"itemListElement\":[{\"@type\":\"ListItem\",\"position\":1,\"name\":\"Portada\",\"item\":\"https:\/\/publimar.mx\/\"},{\"@type\":\"ListItem\",\"position\":2,\"name\":\"Concluyen con \\u00e9xito los talleres de formaci\\u00f3n art\\u00edstica en Puerto Escondido\"}]},{\"@type\":[\"Article\",\"NewsArticle\"],\"@id\":\"https:\/\/publimar.mx\/index.php\/2024\/08\/31\/concluyen-con-exito-los-talleres-de-formacion-artistica-en-puerto-escondido\/#article\",\"isPartOf\":{\"@id\":\"https:\/\/publimar.mx\/index.php\/2024\/08\/31\/concluyen-con-exito-los-talleres-de-formacion-artistica-en-puerto-escondido\/#webpage\"},\"author\":{\"@id\":\"https:\/\/publimar.mx\/#\/schema\/person\/42ad4d315580276616a11863a241f558\"},\"headline\":\"Concluyen con \\u00e9xito los talleres de formaci\\u00f3n art\\u00edstica en Puerto Escondido\",\"datePublished\":\"2024-08-31T13:54:34+00:00\",\"dateModified\":\"2024-08-31T13:54:35+00:00\",\"mainEntityOfPage\":{\"@id\":\"https:\/\/publimar.mx\/index.php\/2024\/08\/31\/concluyen-con-exito-los-talleres-de-formacion-artistica-en-puerto-escondido\/#webpage\"},\"wordCount\":271,\"commentCount\":0,\"publisher\":{\"@id\":\"https:\/\/publimar.mx\/#\/schema\/person\/42ad4d315580276616a11863a241f558\"},\"image\":{\"@id\":\"https:\/\/publimar.mx\/index.php\/2024\/08\/31\/concluyen-con-exito-los-talleres-de-formacion-artistica-en-puerto-escondido\/#primaryimage\"},\"thumbnailUrl\":\"https:\/\/publimar.mx\/wp-content\/uploads\/2024\/08\/arte-puerto-2.jpg\",\"articleSection\":[\"Regional\"],\"inLanguage\":\"es\",\"potentialAction\":[{\"@type\":\"CommentAction\",\"name\":\"Comment\",\"target\":[\"https:\/\/publimar.mx\/index.php\/2024\/08\/31\/concluyen-con-exito-los-talleres-de-formacion-artistica-en-puerto-escondido\/#respond\"]}]},{\"@type\":[\"Person\",\"Organization\"],\"@id\":\"https:\/\/publimar.mx\/#\/schema\/person\/42ad4d315580276616a11863a241f558\",\"name\":\"admin\",\"image\":{\"@type\":\"ImageObject\",\"@id\":\"https:\/\/publimar.mx\/#personlogo\",\"inLanguage\":\"es\",\"url\":\"https:\/\/publimar.mx\/wp-content\/uploads\/2021\/08\/logo.png\",\"contentUrl\":\"https:\/\/publimar.mx\/wp-content\/uploads\/2021\/08\/logo.png\",\"width\":454,\"height\":108,\"caption\":\"admin\"},\"logo\":{\"@id\":\"https:\/\/publimar.mx\/#personlogo\"},\"sameAs\":[\"https:\/\/publimar.mx\"],\"url\":\"https:\/\/publimar.mx\/index.php\/author\/admin\/\"}]}<\/script>\n<!-- \/ Yoast SEO plugin. -->","yoast_head_json":{"title":"Concluyen con \u00e9xito los talleres de formaci\u00f3n art\u00edstica en Puerto Escondido - PubliMar","description":"Con una destacada participaci\u00f3n de 100 j\u00f3venes, la Secretar\u00eda del Trabajo cerr\u00f3 los talleres de formaci\u00f3n del programa \u201cTrabaj-Arte\u201d en Pu...","robots":{"index":"index","follow":"follow","max-snippet":"max-snippet:-1","max-image-preview":"max-image-preview:large","max-video-preview":"max-video-preview:-1"},"canonical":"https:\/\/publimar.mx\/index.php\/2024\/08\/31\/concluyen-con-exito-los-talleres-de-formacion-artistica-en-puerto-escondido\/","og_locale":"es_ES","og_type":"article","og_title":"Concluyen con \u00e9xito los talleres de formaci\u00f3n art\u00edstica en Puerto Escondido - PubliMar","og_description":"Con una destacada participaci\u00f3n de 100 j\u00f3venes, la Secretar\u00eda del Trabajo cerr\u00f3 los talleres de formaci\u00f3n del programa \u201cTrabaj-Arte\u201d en Pu...","og_url":"https:\/\/publimar.mx\/index.php\/2024\/08\/31\/concluyen-con-exito-los-talleres-de-formacion-artistica-en-puerto-escondido\/","og_site_name":"PubliMar","article_published_time":"2024-08-31T13:54:34+00:00","article_modified_time":"2024-08-31T13:54:35+00:00","og_image":[{"width":900,"height":599,"url":"https:\/\/publimar.mx\/wp-content\/uploads\/2024\/08\/arte-puerto-2.jpg","path":"\/home\/u358712125\/domains\/publimar.mx\/public_html\/wp-content\/uploads\/2024\/08\/arte-puerto-2.jpg","size":"full","id":12944,"alt":"","pixels":539100,"type":"image\/jpeg"}],"twitter_card":"summary_large_image","twitter_misc":{"Escrito por":"admin","Tiempo de lectura":"2 minutos"},"schema":{"@context":"https:\/\/schema.org","@graph":[{"@type":"WebSite","@id":"https:\/\/publimar.mx\/#website","url":"https:\/\/publimar.mx\/","name":"PubliMar","description":"Informaci\u00f3n de la Costa Oaxaque\u00f1a","publisher":{"@id":"https:\/\/publimar.mx\/#\/schema\/person\/42ad4d315580276616a11863a241f558"},"potentialAction":[{"@type":"SearchAction","target":{"@type":"EntryPoint","urlTemplate":"https:\/\/publimar.mx\/?s={search_term_string}"},"query-input":"required name=search_term_string"}],"inLanguage":"es"},{"@type":"ImageObject","@id":"https:\/\/publimar.mx\/index.php\/2024\/08\/31\/concluyen-con-exito-los-talleres-de-formacion-artistica-en-puerto-escondido\/#primaryimage","inLanguage":"es","url":"https:\/\/publimar.mx\/wp-content\/uploads\/2024\/08\/arte-puerto-2.jpg","contentUrl":"https:\/\/publimar.mx\/wp-content\/uploads\/2024\/08\/arte-puerto-2.jpg","width":900,"height":599},{"@type":"WebPage","@id":"https:\/\/publimar.mx\/index.php\/2024\/08\/31\/concluyen-con-exito-los-talleres-de-formacion-artistica-en-puerto-escondido\/#webpage","url":"https:\/\/publimar.mx\/index.php\/2024\/08\/31\/concluyen-con-exito-los-talleres-de-formacion-artistica-en-puerto-escondido\/","name":"Concluyen con \u00e9xito los talleres de formaci\u00f3n art\u00edstica en Puerto Escondido - PubliMar","isPartOf":{"@id":"https:\/\/publimar.mx\/#website"},"primaryImageOfPage":{"@id":"https:\/\/publimar.mx\/index.php\/2024\/08\/31\/concluyen-con-exito-los-talleres-de-formacion-artistica-en-puerto-escondido\/#primaryimage"},"datePublished":"2024-08-31T13:54:34+00:00","dateModified":"2024-08-31T13:54:35+00:00","description":"Con una destacada participaci\u00f3n de 100 j\u00f3venes, la Secretar\u00eda del Trabajo cerr\u00f3 los talleres de formaci\u00f3n del programa \u201cTrabaj-Arte\u201d en Pu...","breadcrumb":{"@id":"https:\/\/publimar.mx\/index.php\/2024\/08\/31\/concluyen-con-exito-los-talleres-de-formacion-artistica-en-puerto-escondido\/#breadcrumb"},"inLanguage":"es","potentialAction":[{"@type":"ReadAction","target":["https:\/\/publimar.mx\/index.php\/2024\/08\/31\/concluyen-con-exito-los-talleres-de-formacion-artistica-en-puerto-escondido\/"]}]},{"@type":"BreadcrumbList","@id":"https:\/\/publimar.mx\/index.php\/2024\/08\/31\/concluyen-con-exito-los-talleres-de-formacion-artistica-en-puerto-escondido\/#breadcrumb","itemListElement":[{"@type":"ListItem","position":1,"name":"Portada","item":"https:\/\/publimar.mx\/"},{"@type":"ListItem","position":2,"name":"Concluyen con \u00e9xito los talleres de formaci\u00f3n art\u00edstica en Puerto Escondido"}]},{"@type":["Article","NewsArticle"],"@id":"https:\/\/publimar.mx\/index.php\/2024\/08\/31\/concluyen-con-exito-los-talleres-de-formacion-artistica-en-puerto-escondido\/#article","isPartOf":{"@id":"https:\/\/publimar.mx\/index.php\/2024\/08\/31\/concluyen-con-exito-los-talleres-de-formacion-artistica-en-puerto-escondido\/#webpage"},"author":{"@id":"https:\/\/publimar.mx\/#\/schema\/person\/42ad4d315580276616a11863a241f558"},"headline":"Concluyen con \u00e9xito los talleres de formaci\u00f3n art\u00edstica en Puerto Escondido","datePublished":"2024-08-31T13:54:34+00:00","dateModified":"2024-08-31T13:54:35+00:00","mainEntityOfPage":{"@id":"https:\/\/publimar.mx\/index.php\/2024\/08\/31\/concluyen-con-exito-los-talleres-de-formacion-artistica-en-puerto-escondido\/#webpage"},"wordCount":271,"commentCount":0,"publisher":{"@id":"https:\/\/publimar.mx\/#\/schema\/person\/42ad4d315580276616a11863a241f558"},"image":{"@id":"https:\/\/publimar.mx\/index.php\/2024\/08\/31\/concluyen-con-exito-los-talleres-de-formacion-artistica-en-puerto-escondido\/#primaryimage"},"thumbnailUrl":"https:\/\/publimar.mx\/wp-content\/uploads\/2024\/08\/arte-puerto-2.jpg","articleSection":["Regional"],"inLanguage":"es","potentialAction":[{"@type":"CommentAction","name":"Comment","target":["https:\/\/publimar.mx\/index.php\/2024\/08\/31\/concluyen-con-exito-los-talleres-de-formacion-artistica-en-puerto-escondido\/#respond"]}]},{"@type":["Person","Organization"],"@id":"https:\/\/publimar.mx\/#\/schema\/person\/42ad4d315580276616a11863a241f558","name":"admin","image":{"@type":"ImageObject","@id":"https:\/\/publimar.mx\/#personlogo","inLanguage":"es","url":"https:\/\/publimar.mx\/wp-content\/uploads\/2021\/08\/logo.png","contentUrl":"https:\/\/publimar.mx\/wp-content\/uploads\/2021\/08\/logo.png","width":454,"height":108,"caption":"admin"},"logo":{"@id":"https:\/\/publimar.mx\/#personlogo"},"sameAs":["https:\/\/publimar.mx"],"url":"https:\/\/publimar.mx\/index.php\/author\/admin\/"}]}},"_links":{"self":[{"href":"https:\/\/publimar.mx\/index.php\/wp-json\/wp\/v2\/posts\/12943"}],"collection":[{"href":"https:\/\/publimar.mx\/index.php\/wp-json\/wp\/v2\/posts"}],"about":[{"href":"https:\/\/publimar.mx\/index.php\/wp-json\/wp\/v2\/types\/post"}],"author":[{"embeddable":true,"href":"https:\/\/publimar.mx\/index.php\/wp-json\/wp\/v2\/users\/1"}],"replies":[{"embeddable":true,"href":"https:\/\/publimar.mx\/index.php\/wp-json\/wp\/v2\/comments?post=12943"}],"version-history":[{"count":1,"href":"https:\/\/publimar.mx\/index.php\/wp-json\/wp\/v2\/posts\/12943\/revisions"}],"predecessor-version":[{"id":12945,"href":"https:\/\/publimar.mx\/index.php\/wp-json\/wp\/v2\/posts\/12943\/revisions\/12945"}],"wp:featuredmedia":[{"embeddable":true,"href":"https:\/\/publimar.mx\/index.php\/wp-json\/wp\/v2\/media\/12944"}],"wp:attachment":[{"href":"https:\/\/publimar.mx\/index.php\/wp-json\/wp\/v2\/media?parent=12943"}],"wp:term":[{"taxonomy":"category","embeddable":true,"href":"https:\/\/publimar.mx\/index.php\/wp-json\/wp\/v2\/categories?post=12943"},{"taxonomy":"post_tag","embeddable":true,"href":"https:\/\/publimar.mx\/index.php\/wp-json\/wp\/v2\/tags?post=12943"}],"curies":[{"name":"wp","href":"https:\/\/api.w.org\/{rel}","templated":true}]}}