{"id":12865,"date":"2024-08-22T11:22:27","date_gmt":"2024-08-22T16:22:27","guid":{"rendered":"https:\/\/publimar.mx\/?p=12865"},"modified":"2024-08-22T11:22:29","modified_gmt":"2024-08-22T16:22:29","slug":"fortalece-setrao-capacitacion-laboral-en-santiago-pinotepa-nacional","status":"publish","type":"post","link":"https:\/\/publimar.mx\/index.php\/2024\/08\/22\/fortalece-setrao-capacitacion-laboral-en-santiago-pinotepa-nacional\/","title":{"rendered":"Fortalece Setrao capacitaci\u00f3n laboral en Santiago Pinotepa Nacional"},"content":{"rendered":"\n<p>\u2022<strong><em> A trav\u00e9s de talleres gratuitos, las juventudes de la Costa tendr\u00e1n las posibilidades de obtener un empleo o emprendan proyectos propios<\/em><\/strong><\/p>\n\n\n\n<div class=\"wp-block-image\"><figure class=\"alignright size-medium\"><img loading=\"lazy\" width=\"300\" height=\"194\" src=\"https:\/\/publimar.mx\/wp-content\/uploads\/2024\/08\/1000022736-300x194.jpg\" alt=\"\" class=\"wp-image-12866\" srcset=\"https:\/\/publimar.mx\/wp-content\/uploads\/2024\/08\/1000022736-300x194.jpg 300w, https:\/\/publimar.mx\/wp-content\/uploads\/2024\/08\/1000022736-1024x662.jpg 1024w, https:\/\/publimar.mx\/wp-content\/uploads\/2024\/08\/1000022736-768x496.jpg 768w, https:\/\/publimar.mx\/wp-content\/uploads\/2024\/08\/1000022736.jpg 1486w\" sizes=\"(max-width: 300px) 100vw, 300px\" \/><\/figure><\/div>\n\n\n\n<p>Santiago Pinotepa Nacional, Oax. 22 de agosto de 2024. Como parte de los compromisos establecidos por la Secretar\u00eda del Trabajo (Setrao) para el desarrollo de las juventudes de la entidad, se puso en marcha las capacitaciones del programa J\u00f3venes por la Paz en el municipio de Santiago Pinotepa Nacional, en beneficio de personas de entre 15 y 29 a\u00f1os de la regi\u00f3n de la Costa.<\/p>\n\n\n\n<p>Los talleres que se imparten a este sector de la poblaci\u00f3n son Pintura sobre textiles y Cultivo de hortalizas, los cuales permiten a quienes participan, adquirir herramientas y conocimientos para mejorar sus posibilidades de obtener un empleo o emprender proyectos propios.<\/p>\n\n\n\n<p>A trav\u00e9s de J\u00f3venes por la Paz, la Setrao respalda a la poblaci\u00f3n joven, integr\u00e1ndola en acciones de aprendizaje gratuitas, que incluyen el material a usarse y las herramientas necesarias para su formaci\u00f3n.<\/p>\n\n\n\n<p>Los grupos de j\u00f3venes que son capacitados pertenecen a las agencias de polic\u00eda Los Pocitos y Corralero, del municipio de Santiago Pinotepa Nacional.<\/p>\n\n\n\n<p>Con estos apoyos la Setrao se suma al programa Oaxaca Segura que impulsa el gobierno de la Primavera Oaxaque\u00f1a para reafirmar el compromiso con el desarrollo del sector trabajador como parte de la Reparaci\u00f3n Hist\u00f3rica con los Pueblos y brindar Paz con Justicia a la ciudadan\u00eda.<\/p>\n","protected":false},"excerpt":{"rendered":"<p>\u2022 A trav\u00e9s de talleres gratuitos, las juventudes de la Costa tendr\u00e1n las posibilidades de obtener un empleo o emprendan proyectos propios Santiago Pinotepa Nacional, Oax. 22 de agosto de&hellip; <\/p>\n","protected":false},"author":1,"featured_media":12866,"comment_status":"open","ping_status":"open","sticky":false,"template":"","format":"standard","meta":{"_monsterinsights_skip_tracking":false,"_monsterinsights_sitenote_active":false,"_monsterinsights_sitenote_note":"","_monsterinsights_sitenote_category":0},"categories":[25,6],"tags":[],"yoast_head":"<!-- This site is optimized with the Yoast SEO plugin v17.0 - https:\/\/yoast.com\/wordpress\/plugins\/seo\/ -->\n<title>Fortalece Setrao capacitaci\u00f3n laboral en Santiago Pinotepa Nacional - PubliMar<\/title>\n<meta name=\"description\" content=\"A trav\u00e9s de talleres gratuitos, las juventudes de la Costa tendr\u00e1n las posibilidades de obtener un empleo o emprendan proyectos propios ...\" \/>\n<meta name=\"robots\" content=\"index, follow, max-snippet:-1, max-image-preview:large, max-video-preview:-1\" \/>\n<link rel=\"canonical\" href=\"https:\/\/publimar.mx\/index.php\/2024\/08\/22\/fortalece-setrao-capacitacion-laboral-en-santiago-pinotepa-nacional\/\" \/>\n<meta property=\"og:locale\" content=\"es_ES\" \/>\n<meta property=\"og:type\" content=\"article\" \/>\n<meta property=\"og:title\" content=\"Fortalece Setrao capacitaci\u00f3n laboral en Santiago Pinotepa Nacional - PubliMar\" \/>\n<meta property=\"og:description\" content=\"A trav\u00e9s de talleres gratuitos, las juventudes de la Costa tendr\u00e1n las posibilidades de obtener un empleo o emprendan proyectos propios ...\" \/>\n<meta property=\"og:url\" content=\"https:\/\/publimar.mx\/index.php\/2024\/08\/22\/fortalece-setrao-capacitacion-laboral-en-santiago-pinotepa-nacional\/\" \/>\n<meta property=\"og:site_name\" content=\"PubliMar\" \/>\n<meta property=\"article:published_time\" content=\"2024-08-22T16:22:27+00:00\" \/>\n<meta property=\"article:modified_time\" content=\"2024-08-22T16:22:29+00:00\" \/>\n<meta property=\"og:image\" content=\"https:\/\/publimar.mx\/wp-content\/uploads\/2024\/08\/1000022736.jpg\" \/>\n\t<meta property=\"og:image:width\" content=\"1486\" \/>\n\t<meta property=\"og:image:height\" content=\"960\" \/>\n<meta name=\"twitter:card\" content=\"summary_large_image\" \/>\n<meta name=\"twitter:label1\" content=\"Escrito por\" \/>\n\t<meta name=\"twitter:data1\" content=\"admin\" \/>\n\t<meta name=\"twitter:label2\" content=\"Tiempo de lectura\" \/>\n\t<meta name=\"twitter:data2\" content=\"2 minutos\" \/>\n<script type=\"application\/ld+json\" class=\"yoast-schema-graph\">{\"@context\":\"https:\/\/schema.org\",\"@graph\":[{\"@type\":\"WebSite\",\"@id\":\"https:\/\/publimar.mx\/#website\",\"url\":\"https:\/\/publimar.mx\/\",\"name\":\"PubliMar\",\"description\":\"Informaci\\u00f3n de la Costa Oaxaque\\u00f1a\",\"publisher\":{\"@id\":\"https:\/\/publimar.mx\/#\/schema\/person\/42ad4d315580276616a11863a241f558\"},\"potentialAction\":[{\"@type\":\"SearchAction\",\"target\":{\"@type\":\"EntryPoint\",\"urlTemplate\":\"https:\/\/publimar.mx\/?s={search_term_string}\"},\"query-input\":\"required name=search_term_string\"}],\"inLanguage\":\"es\"},{\"@type\":\"ImageObject\",\"@id\":\"https:\/\/publimar.mx\/index.php\/2024\/08\/22\/fortalece-setrao-capacitacion-laboral-en-santiago-pinotepa-nacional\/#primaryimage\",\"inLanguage\":\"es\",\"url\":\"https:\/\/publimar.mx\/wp-content\/uploads\/2024\/08\/1000022736.jpg\",\"contentUrl\":\"https:\/\/publimar.mx\/wp-content\/uploads\/2024\/08\/1000022736.jpg\",\"width\":1486,\"height\":960},{\"@type\":\"WebPage\",\"@id\":\"https:\/\/publimar.mx\/index.php\/2024\/08\/22\/fortalece-setrao-capacitacion-laboral-en-santiago-pinotepa-nacional\/#webpage\",\"url\":\"https:\/\/publimar.mx\/index.php\/2024\/08\/22\/fortalece-setrao-capacitacion-laboral-en-santiago-pinotepa-nacional\/\",\"name\":\"Fortalece Setrao capacitaci\\u00f3n laboral en Santiago Pinotepa Nacional - PubliMar\",\"isPartOf\":{\"@id\":\"https:\/\/publimar.mx\/#website\"},\"primaryImageOfPage\":{\"@id\":\"https:\/\/publimar.mx\/index.php\/2024\/08\/22\/fortalece-setrao-capacitacion-laboral-en-santiago-pinotepa-nacional\/#primaryimage\"},\"datePublished\":\"2024-08-22T16:22:27+00:00\",\"dateModified\":\"2024-08-22T16:22:29+00:00\",\"description\":\"A trav\\u00e9s de talleres gratuitos, las juventudes de la Costa tendr\\u00e1n las posibilidades de obtener un empleo o emprendan proyectos propios ...\",\"breadcrumb\":{\"@id\":\"https:\/\/publimar.mx\/index.php\/2024\/08\/22\/fortalece-setrao-capacitacion-laboral-en-santiago-pinotepa-nacional\/#breadcrumb\"},\"inLanguage\":\"es\",\"potentialAction\":[{\"@type\":\"ReadAction\",\"target\":[\"https:\/\/publimar.mx\/index.php\/2024\/08\/22\/fortalece-setrao-capacitacion-laboral-en-santiago-pinotepa-nacional\/\"]}]},{\"@type\":\"BreadcrumbList\",\"@id\":\"https:\/\/publimar.mx\/index.php\/2024\/08\/22\/fortalece-setrao-capacitacion-laboral-en-santiago-pinotepa-nacional\/#breadcrumb\",\"itemListElement\":[{\"@type\":\"ListItem\",\"position\":1,\"name\":\"Portada\",\"item\":\"https:\/\/publimar.mx\/\"},{\"@type\":\"ListItem\",\"position\":2,\"name\":\"Fortalece Setrao capacitaci\\u00f3n laboral en Santiago Pinotepa Nacional\"}]},{\"@type\":[\"Article\",\"NewsArticle\"],\"@id\":\"https:\/\/publimar.mx\/index.php\/2024\/08\/22\/fortalece-setrao-capacitacion-laboral-en-santiago-pinotepa-nacional\/#article\",\"isPartOf\":{\"@id\":\"https:\/\/publimar.mx\/index.php\/2024\/08\/22\/fortalece-setrao-capacitacion-laboral-en-santiago-pinotepa-nacional\/#webpage\"},\"author\":{\"@id\":\"https:\/\/publimar.mx\/#\/schema\/person\/42ad4d315580276616a11863a241f558\"},\"headline\":\"Fortalece Setrao capacitaci\\u00f3n laboral en Santiago Pinotepa Nacional\",\"datePublished\":\"2024-08-22T16:22:27+00:00\",\"dateModified\":\"2024-08-22T16:22:29+00:00\",\"mainEntityOfPage\":{\"@id\":\"https:\/\/publimar.mx\/index.php\/2024\/08\/22\/fortalece-setrao-capacitacion-laboral-en-santiago-pinotepa-nacional\/#webpage\"},\"wordCount\":252,\"commentCount\":0,\"publisher\":{\"@id\":\"https:\/\/publimar.mx\/#\/schema\/person\/42ad4d315580276616a11863a241f558\"},\"image\":{\"@id\":\"https:\/\/publimar.mx\/index.php\/2024\/08\/22\/fortalece-setrao-capacitacion-laboral-en-santiago-pinotepa-nacional\/#primaryimage\"},\"thumbnailUrl\":\"https:\/\/publimar.mx\/wp-content\/uploads\/2024\/08\/1000022736.jpg\",\"articleSection\":[\"Educaci\\u00f3n\",\"Estatal\"],\"inLanguage\":\"es\",\"potentialAction\":[{\"@type\":\"CommentAction\",\"name\":\"Comment\",\"target\":[\"https:\/\/publimar.mx\/index.php\/2024\/08\/22\/fortalece-setrao-capacitacion-laboral-en-santiago-pinotepa-nacional\/#respond\"]}]},{\"@type\":[\"Person\",\"Organization\"],\"@id\":\"https:\/\/publimar.mx\/#\/schema\/person\/42ad4d315580276616a11863a241f558\",\"name\":\"admin\",\"image\":{\"@type\":\"ImageObject\",\"@id\":\"https:\/\/publimar.mx\/#personlogo\",\"inLanguage\":\"es\",\"url\":\"https:\/\/publimar.mx\/wp-content\/uploads\/2021\/08\/logo.png\",\"contentUrl\":\"https:\/\/publimar.mx\/wp-content\/uploads\/2021\/08\/logo.png\",\"width\":454,\"height\":108,\"caption\":\"admin\"},\"logo\":{\"@id\":\"https:\/\/publimar.mx\/#personlogo\"},\"sameAs\":[\"https:\/\/publimar.mx\"],\"url\":\"https:\/\/publimar.mx\/index.php\/author\/admin\/\"}]}<\/script>\n<!-- \/ Yoast SEO plugin. -->","yoast_head_json":{"title":"Fortalece Setrao capacitaci\u00f3n laboral en Santiago Pinotepa Nacional - PubliMar","description":"A trav\u00e9s de talleres gratuitos, las juventudes de la Costa tendr\u00e1n las posibilidades de obtener un empleo o emprendan proyectos propios ...","robots":{"index":"index","follow":"follow","max-snippet":"max-snippet:-1","max-image-preview":"max-image-preview:large","max-video-preview":"max-video-preview:-1"},"canonical":"https:\/\/publimar.mx\/index.php\/2024\/08\/22\/fortalece-setrao-capacitacion-laboral-en-santiago-pinotepa-nacional\/","og_locale":"es_ES","og_type":"article","og_title":"Fortalece Setrao capacitaci\u00f3n laboral en Santiago Pinotepa Nacional - PubliMar","og_description":"A trav\u00e9s de talleres gratuitos, las juventudes de la Costa tendr\u00e1n las posibilidades de obtener un empleo o emprendan proyectos propios ...","og_url":"https:\/\/publimar.mx\/index.php\/2024\/08\/22\/fortalece-setrao-capacitacion-laboral-en-santiago-pinotepa-nacional\/","og_site_name":"PubliMar","article_published_time":"2024-08-22T16:22:27+00:00","article_modified_time":"2024-08-22T16:22:29+00:00","og_image":[{"width":1486,"height":960,"url":"https:\/\/publimar.mx\/wp-content\/uploads\/2024\/08\/1000022736.jpg","path":"\/home\/u358712125\/domains\/publimar.mx\/public_html\/wp-content\/uploads\/2024\/08\/1000022736.jpg","size":"full","id":12866,"alt":"","pixels":1426560,"type":"image\/jpeg"}],"twitter_card":"summary_large_image","twitter_misc":{"Escrito por":"admin","Tiempo de lectura":"2 minutos"},"schema":{"@context":"https:\/\/schema.org","@graph":[{"@type":"WebSite","@id":"https:\/\/publimar.mx\/#website","url":"https:\/\/publimar.mx\/","name":"PubliMar","description":"Informaci\u00f3n de la Costa Oaxaque\u00f1a","publisher":{"@id":"https:\/\/publimar.mx\/#\/schema\/person\/42ad4d315580276616a11863a241f558"},"potentialAction":[{"@type":"SearchAction","target":{"@type":"EntryPoint","urlTemplate":"https:\/\/publimar.mx\/?s={search_term_string}"},"query-input":"required name=search_term_string"}],"inLanguage":"es"},{"@type":"ImageObject","@id":"https:\/\/publimar.mx\/index.php\/2024\/08\/22\/fortalece-setrao-capacitacion-laboral-en-santiago-pinotepa-nacional\/#primaryimage","inLanguage":"es","url":"https:\/\/publimar.mx\/wp-content\/uploads\/2024\/08\/1000022736.jpg","contentUrl":"https:\/\/publimar.mx\/wp-content\/uploads\/2024\/08\/1000022736.jpg","width":1486,"height":960},{"@type":"WebPage","@id":"https:\/\/publimar.mx\/index.php\/2024\/08\/22\/fortalece-setrao-capacitacion-laboral-en-santiago-pinotepa-nacional\/#webpage","url":"https:\/\/publimar.mx\/index.php\/2024\/08\/22\/fortalece-setrao-capacitacion-laboral-en-santiago-pinotepa-nacional\/","name":"Fortalece Setrao capacitaci\u00f3n laboral en Santiago Pinotepa Nacional - PubliMar","isPartOf":{"@id":"https:\/\/publimar.mx\/#website"},"primaryImageOfPage":{"@id":"https:\/\/publimar.mx\/index.php\/2024\/08\/22\/fortalece-setrao-capacitacion-laboral-en-santiago-pinotepa-nacional\/#primaryimage"},"datePublished":"2024-08-22T16:22:27+00:00","dateModified":"2024-08-22T16:22:29+00:00","description":"A trav\u00e9s de talleres gratuitos, las juventudes de la Costa tendr\u00e1n las posibilidades de obtener un empleo o emprendan proyectos propios ...","breadcrumb":{"@id":"https:\/\/publimar.mx\/index.php\/2024\/08\/22\/fortalece-setrao-capacitacion-laboral-en-santiago-pinotepa-nacional\/#breadcrumb"},"inLanguage":"es","potentialAction":[{"@type":"ReadAction","target":["https:\/\/publimar.mx\/index.php\/2024\/08\/22\/fortalece-setrao-capacitacion-laboral-en-santiago-pinotepa-nacional\/"]}]},{"@type":"BreadcrumbList","@id":"https:\/\/publimar.mx\/index.php\/2024\/08\/22\/fortalece-setrao-capacitacion-laboral-en-santiago-pinotepa-nacional\/#breadcrumb","itemListElement":[{"@type":"ListItem","position":1,"name":"Portada","item":"https:\/\/publimar.mx\/"},{"@type":"ListItem","position":2,"name":"Fortalece Setrao capacitaci\u00f3n laboral en Santiago Pinotepa Nacional"}]},{"@type":["Article","NewsArticle"],"@id":"https:\/\/publimar.mx\/index.php\/2024\/08\/22\/fortalece-setrao-capacitacion-laboral-en-santiago-pinotepa-nacional\/#article","isPartOf":{"@id":"https:\/\/publimar.mx\/index.php\/2024\/08\/22\/fortalece-setrao-capacitacion-laboral-en-santiago-pinotepa-nacional\/#webpage"},"author":{"@id":"https:\/\/publimar.mx\/#\/schema\/person\/42ad4d315580276616a11863a241f558"},"headline":"Fortalece Setrao capacitaci\u00f3n laboral en Santiago Pinotepa Nacional","datePublished":"2024-08-22T16:22:27+00:00","dateModified":"2024-08-22T16:22:29+00:00","mainEntityOfPage":{"@id":"https:\/\/publimar.mx\/index.php\/2024\/08\/22\/fortalece-setrao-capacitacion-laboral-en-santiago-pinotepa-nacional\/#webpage"},"wordCount":252,"commentCount":0,"publisher":{"@id":"https:\/\/publimar.mx\/#\/schema\/person\/42ad4d315580276616a11863a241f558"},"image":{"@id":"https:\/\/publimar.mx\/index.php\/2024\/08\/22\/fortalece-setrao-capacitacion-laboral-en-santiago-pinotepa-nacional\/#primaryimage"},"thumbnailUrl":"https:\/\/publimar.mx\/wp-content\/uploads\/2024\/08\/1000022736.jpg","articleSection":["Educaci\u00f3n","Estatal"],"inLanguage":"es","potentialAction":[{"@type":"CommentAction","name":"Comment","target":["https:\/\/publimar.mx\/index.php\/2024\/08\/22\/fortalece-setrao-capacitacion-laboral-en-santiago-pinotepa-nacional\/#respond"]}]},{"@type":["Person","Organization"],"@id":"https:\/\/publimar.mx\/#\/schema\/person\/42ad4d315580276616a11863a241f558","name":"admin","image":{"@type":"ImageObject","@id":"https:\/\/publimar.mx\/#personlogo","inLanguage":"es","url":"https:\/\/publimar.mx\/wp-content\/uploads\/2021\/08\/logo.png","contentUrl":"https:\/\/publimar.mx\/wp-content\/uploads\/2021\/08\/logo.png","width":454,"height":108,"caption":"admin"},"logo":{"@id":"https:\/\/publimar.mx\/#personlogo"},"sameAs":["https:\/\/publimar.mx"],"url":"https:\/\/publimar.mx\/index.php\/author\/admin\/"}]}},"_links":{"self":[{"href":"https:\/\/publimar.mx\/index.php\/wp-json\/wp\/v2\/posts\/12865"}],"collection":[{"href":"https:\/\/publimar.mx\/index.php\/wp-json\/wp\/v2\/posts"}],"about":[{"href":"https:\/\/publimar.mx\/index.php\/wp-json\/wp\/v2\/types\/post"}],"author":[{"embeddable":true,"href":"https:\/\/publimar.mx\/index.php\/wp-json\/wp\/v2\/users\/1"}],"replies":[{"embeddable":true,"href":"https:\/\/publimar.mx\/index.php\/wp-json\/wp\/v2\/comments?post=12865"}],"version-history":[{"count":1,"href":"https:\/\/publimar.mx\/index.php\/wp-json\/wp\/v2\/posts\/12865\/revisions"}],"predecessor-version":[{"id":12867,"href":"https:\/\/publimar.mx\/index.php\/wp-json\/wp\/v2\/posts\/12865\/revisions\/12867"}],"wp:featuredmedia":[{"embeddable":true,"href":"https:\/\/publimar.mx\/index.php\/wp-json\/wp\/v2\/media\/12866"}],"wp:attachment":[{"href":"https:\/\/publimar.mx\/index.php\/wp-json\/wp\/v2\/media?parent=12865"}],"wp:term":[{"taxonomy":"category","embeddable":true,"href":"https:\/\/publimar.mx\/index.php\/wp-json\/wp\/v2\/categories?post=12865"},{"taxonomy":"post_tag","embeddable":true,"href":"https:\/\/publimar.mx\/index.php\/wp-json\/wp\/v2\/tags?post=12865"}],"curies":[{"name":"wp","href":"https:\/\/api.w.org\/{rel}","templated":true}]}}