{"id":12858,"date":"2024-08-22T11:16:54","date_gmt":"2024-08-22T16:16:54","guid":{"rendered":"https:\/\/publimar.mx\/?p=12858"},"modified":"2024-08-22T11:16:56","modified_gmt":"2024-08-22T16:16:56","slug":"inician-programa-de-fomento-a-la-lectura-en-los-centros-penitenciarios","status":"publish","type":"post","link":"https:\/\/publimar.mx\/index.php\/2024\/08\/22\/inician-programa-de-fomento-a-la-lectura-en-los-centros-penitenciarios\/","title":{"rendered":"Inician programa de fomento a la lectura en los Centros Penitenciarios"},"content":{"rendered":"\n<p>\u2022 <strong><em>Estas actividades facilitan la promoci\u00f3n, el fomento y la difusi\u00f3n por este h\u00e1bito entre las Personas Privadas de la Libertad<\/em><\/strong><\/p>\n\n\n\n<div class=\"wp-block-image is-style-default\"><figure class=\"alignright size-medium\"><img loading=\"lazy\" width=\"225\" height=\"300\" src=\"https:\/\/publimar.mx\/wp-content\/uploads\/2024\/08\/1000022719-225x300.jpg\" alt=\"\" class=\"wp-image-12859\" srcset=\"https:\/\/publimar.mx\/wp-content\/uploads\/2024\/08\/1000022719-225x300.jpg 225w, https:\/\/publimar.mx\/wp-content\/uploads\/2024\/08\/1000022719-768x1024.jpg 768w, https:\/\/publimar.mx\/wp-content\/uploads\/2024\/08\/1000022719.jpg 960w\" sizes=\"(max-width: 225px) 100vw, 225px\" \/><\/figure><\/div>\n\n\n\n<p>Oaxaca de Ju\u00e1rez, Oax. 22 de agosto de 2024. Con el objetivo de fomentar el h\u00e1bito de la lectura entre las Personas Privadas de la Libertad (PPL), la Secretar\u00eda de Seguridad y Protecci\u00f3n Ciudadana (SSPC) en colaboraci\u00f3n con la Secretar\u00eda de las Culturas y Artes de Oaxaca (Seculta), iniciaron el programa \u201cPPLeyendo\u201d en los Centros Penitenciarios de Tanivet Varonil y en Etla, as\u00ed como en la Direcci\u00f3n de Ejecuci\u00f3n de Medidas para Adolescentes (DEMA).<\/p>\n\n\n\n<p>Derivadas del Programa Fomento a la Lectura \u201cUn pueblo leyendo para transformar su historia\u201d que impulsa el gobierno de la Primavera Oaxaque\u00f1a, autoridades penitenciarias y directivos de la Seculta compartieron textos que leyeron en voz alta y realizaron actividades l\u00fadicas y musicales, as\u00ed como la entrega de libros para quienes se encuentra privados de la libertad.<\/p>\n\n\n\n<p>Con ello, la SSPC, que encabeza Iv\u00e1n Garc\u00eda \u00c1lvarez, a trav\u00e9s de la Subsecretar\u00eda de Prevenci\u00f3n y Reinserci\u00f3n Social (SPyRS) facilita la promoci\u00f3n, el fomento y la difusi\u00f3n de la lectura, as\u00ed como sus beneficios en el desarrollo humano.<\/p>\n\n\n\n<p>En la actual administraci\u00f3n estatal se impulsa la cultura como un medio para lograr el respeto de los derechos humanos, la convivencia, socializaci\u00f3n y la Paz con Justicia en el estado.<\/p>\n\n\n\n<figure class=\"wp-block-image size-large\"><img loading=\"lazy\" width=\"1024\" height=\"768\" src=\"https:\/\/publimar.mx\/wp-content\/uploads\/2024\/08\/1000022721-1024x768.jpg\" alt=\"\" class=\"wp-image-12860\" srcset=\"https:\/\/publimar.mx\/wp-content\/uploads\/2024\/08\/1000022721-1024x768.jpg 1024w, https:\/\/publimar.mx\/wp-content\/uploads\/2024\/08\/1000022721-300x225.jpg 300w, https:\/\/publimar.mx\/wp-content\/uploads\/2024\/08\/1000022721-768x576.jpg 768w, https:\/\/publimar.mx\/wp-content\/uploads\/2024\/08\/1000022721.jpg 1280w\" sizes=\"(max-width: 1024px) 100vw, 1024px\" \/><\/figure>\n\n\n\n<figure class=\"wp-block-image size-large\"><img loading=\"lazy\" width=\"1024\" height=\"768\" src=\"https:\/\/publimar.mx\/wp-content\/uploads\/2024\/08\/1000022720-1024x768.jpg\" alt=\"\" class=\"wp-image-12861\" srcset=\"https:\/\/publimar.mx\/wp-content\/uploads\/2024\/08\/1000022720-1024x768.jpg 1024w, https:\/\/publimar.mx\/wp-content\/uploads\/2024\/08\/1000022720-300x225.jpg 300w, https:\/\/publimar.mx\/wp-content\/uploads\/2024\/08\/1000022720-768x576.jpg 768w, https:\/\/publimar.mx\/wp-content\/uploads\/2024\/08\/1000022720.jpg 1280w\" sizes=\"(max-width: 1024px) 100vw, 1024px\" \/><\/figure>\n","protected":false},"excerpt":{"rendered":"<p>\u2022 Estas actividades facilitan la promoci\u00f3n, el fomento y la difusi\u00f3n por este h\u00e1bito entre las Personas Privadas de la Libertad Oaxaca de Ju\u00e1rez, Oax. 22 de agosto de 2024.&hellip; <\/p>\n","protected":false},"author":1,"featured_media":12860,"comment_status":"open","ping_status":"open","sticky":false,"template":"","format":"standard","meta":{"_monsterinsights_skip_tracking":false,"_monsterinsights_sitenote_active":false,"_monsterinsights_sitenote_note":"","_monsterinsights_sitenote_category":0},"categories":[4,25],"tags":[],"yoast_head":"<!-- This site is optimized with the Yoast SEO plugin v17.0 - https:\/\/yoast.com\/wordpress\/plugins\/seo\/ -->\n<title>Inician programa de fomento a la lectura en los Centros Penitenciarios - PubliMar<\/title>\n<meta name=\"description\" content=\"Estas actividades facilitan la promoci\u00f3n, el fomento y la difusi\u00f3n por este h\u00e1bito entre las Personas Privadas de la Libertad...\" \/>\n<meta name=\"robots\" content=\"index, follow, max-snippet:-1, max-image-preview:large, max-video-preview:-1\" \/>\n<link rel=\"canonical\" href=\"https:\/\/publimar.mx\/index.php\/2024\/08\/22\/inician-programa-de-fomento-a-la-lectura-en-los-centros-penitenciarios\/\" \/>\n<meta property=\"og:locale\" content=\"es_ES\" \/>\n<meta property=\"og:type\" content=\"article\" \/>\n<meta property=\"og:title\" content=\"Inician programa de fomento a la lectura en los Centros Penitenciarios - PubliMar\" \/>\n<meta property=\"og:description\" content=\"Estas actividades facilitan la promoci\u00f3n, el fomento y la difusi\u00f3n por este h\u00e1bito entre las Personas Privadas de la Libertad...\" \/>\n<meta property=\"og:url\" content=\"https:\/\/publimar.mx\/index.php\/2024\/08\/22\/inician-programa-de-fomento-a-la-lectura-en-los-centros-penitenciarios\/\" \/>\n<meta property=\"og:site_name\" content=\"PubliMar\" \/>\n<meta property=\"article:published_time\" content=\"2024-08-22T16:16:54+00:00\" \/>\n<meta property=\"article:modified_time\" content=\"2024-08-22T16:16:56+00:00\" \/>\n<meta property=\"og:image\" content=\"https:\/\/publimar.mx\/wp-content\/uploads\/2024\/08\/1000022721.jpg\" \/>\n\t<meta property=\"og:image:width\" content=\"1280\" \/>\n\t<meta property=\"og:image:height\" content=\"960\" \/>\n<meta name=\"twitter:card\" content=\"summary_large_image\" \/>\n<meta name=\"twitter:label1\" content=\"Escrito por\" \/>\n\t<meta name=\"twitter:data1\" content=\"admin\" \/>\n\t<meta name=\"twitter:label2\" content=\"Tiempo de lectura\" \/>\n\t<meta name=\"twitter:data2\" content=\"2 minutos\" \/>\n<script type=\"application\/ld+json\" class=\"yoast-schema-graph\">{\"@context\":\"https:\/\/schema.org\",\"@graph\":[{\"@type\":\"WebSite\",\"@id\":\"https:\/\/publimar.mx\/#website\",\"url\":\"https:\/\/publimar.mx\/\",\"name\":\"PubliMar\",\"description\":\"Informaci\\u00f3n de la Costa Oaxaque\\u00f1a\",\"publisher\":{\"@id\":\"https:\/\/publimar.mx\/#\/schema\/person\/42ad4d315580276616a11863a241f558\"},\"potentialAction\":[{\"@type\":\"SearchAction\",\"target\":{\"@type\":\"EntryPoint\",\"urlTemplate\":\"https:\/\/publimar.mx\/?s={search_term_string}\"},\"query-input\":\"required name=search_term_string\"}],\"inLanguage\":\"es\"},{\"@type\":\"ImageObject\",\"@id\":\"https:\/\/publimar.mx\/index.php\/2024\/08\/22\/inician-programa-de-fomento-a-la-lectura-en-los-centros-penitenciarios\/#primaryimage\",\"inLanguage\":\"es\",\"url\":\"https:\/\/publimar.mx\/wp-content\/uploads\/2024\/08\/1000022721.jpg\",\"contentUrl\":\"https:\/\/publimar.mx\/wp-content\/uploads\/2024\/08\/1000022721.jpg\",\"width\":1280,\"height\":960},{\"@type\":\"WebPage\",\"@id\":\"https:\/\/publimar.mx\/index.php\/2024\/08\/22\/inician-programa-de-fomento-a-la-lectura-en-los-centros-penitenciarios\/#webpage\",\"url\":\"https:\/\/publimar.mx\/index.php\/2024\/08\/22\/inician-programa-de-fomento-a-la-lectura-en-los-centros-penitenciarios\/\",\"name\":\"Inician programa de fomento a la lectura en los Centros Penitenciarios - PubliMar\",\"isPartOf\":{\"@id\":\"https:\/\/publimar.mx\/#website\"},\"primaryImageOfPage\":{\"@id\":\"https:\/\/publimar.mx\/index.php\/2024\/08\/22\/inician-programa-de-fomento-a-la-lectura-en-los-centros-penitenciarios\/#primaryimage\"},\"datePublished\":\"2024-08-22T16:16:54+00:00\",\"dateModified\":\"2024-08-22T16:16:56+00:00\",\"description\":\"Estas actividades facilitan la promoci\\u00f3n, el fomento y la difusi\\u00f3n por este h\\u00e1bito entre las Personas Privadas de la Libertad...\",\"breadcrumb\":{\"@id\":\"https:\/\/publimar.mx\/index.php\/2024\/08\/22\/inician-programa-de-fomento-a-la-lectura-en-los-centros-penitenciarios\/#breadcrumb\"},\"inLanguage\":\"es\",\"potentialAction\":[{\"@type\":\"ReadAction\",\"target\":[\"https:\/\/publimar.mx\/index.php\/2024\/08\/22\/inician-programa-de-fomento-a-la-lectura-en-los-centros-penitenciarios\/\"]}]},{\"@type\":\"BreadcrumbList\",\"@id\":\"https:\/\/publimar.mx\/index.php\/2024\/08\/22\/inician-programa-de-fomento-a-la-lectura-en-los-centros-penitenciarios\/#breadcrumb\",\"itemListElement\":[{\"@type\":\"ListItem\",\"position\":1,\"name\":\"Portada\",\"item\":\"https:\/\/publimar.mx\/\"},{\"@type\":\"ListItem\",\"position\":2,\"name\":\"Inician programa de fomento a la lectura en los Centros Penitenciarios\"}]},{\"@type\":[\"Article\",\"NewsArticle\"],\"@id\":\"https:\/\/publimar.mx\/index.php\/2024\/08\/22\/inician-programa-de-fomento-a-la-lectura-en-los-centros-penitenciarios\/#article\",\"isPartOf\":{\"@id\":\"https:\/\/publimar.mx\/index.php\/2024\/08\/22\/inician-programa-de-fomento-a-la-lectura-en-los-centros-penitenciarios\/#webpage\"},\"author\":{\"@id\":\"https:\/\/publimar.mx\/#\/schema\/person\/42ad4d315580276616a11863a241f558\"},\"headline\":\"Inician programa de fomento a la lectura en los Centros Penitenciarios\",\"datePublished\":\"2024-08-22T16:16:54+00:00\",\"dateModified\":\"2024-08-22T16:16:56+00:00\",\"mainEntityOfPage\":{\"@id\":\"https:\/\/publimar.mx\/index.php\/2024\/08\/22\/inician-programa-de-fomento-a-la-lectura-en-los-centros-penitenciarios\/#webpage\"},\"wordCount\":252,\"commentCount\":0,\"publisher\":{\"@id\":\"https:\/\/publimar.mx\/#\/schema\/person\/42ad4d315580276616a11863a241f558\"},\"image\":{\"@id\":\"https:\/\/publimar.mx\/index.php\/2024\/08\/22\/inician-programa-de-fomento-a-la-lectura-en-los-centros-penitenciarios\/#primaryimage\"},\"thumbnailUrl\":\"https:\/\/publimar.mx\/wp-content\/uploads\/2024\/08\/1000022721.jpg\",\"articleSection\":[\"cultura..\",\"Educaci\\u00f3n\"],\"inLanguage\":\"es\",\"potentialAction\":[{\"@type\":\"CommentAction\",\"name\":\"Comment\",\"target\":[\"https:\/\/publimar.mx\/index.php\/2024\/08\/22\/inician-programa-de-fomento-a-la-lectura-en-los-centros-penitenciarios\/#respond\"]}]},{\"@type\":[\"Person\",\"Organization\"],\"@id\":\"https:\/\/publimar.mx\/#\/schema\/person\/42ad4d315580276616a11863a241f558\",\"name\":\"admin\",\"image\":{\"@type\":\"ImageObject\",\"@id\":\"https:\/\/publimar.mx\/#personlogo\",\"inLanguage\":\"es\",\"url\":\"https:\/\/publimar.mx\/wp-content\/uploads\/2021\/08\/logo.png\",\"contentUrl\":\"https:\/\/publimar.mx\/wp-content\/uploads\/2021\/08\/logo.png\",\"width\":454,\"height\":108,\"caption\":\"admin\"},\"logo\":{\"@id\":\"https:\/\/publimar.mx\/#personlogo\"},\"sameAs\":[\"https:\/\/publimar.mx\"],\"url\":\"https:\/\/publimar.mx\/index.php\/author\/admin\/\"}]}<\/script>\n<!-- \/ Yoast SEO plugin. -->","yoast_head_json":{"title":"Inician programa de fomento a la lectura en los Centros Penitenciarios - PubliMar","description":"Estas actividades facilitan la promoci\u00f3n, el fomento y la difusi\u00f3n por este h\u00e1bito entre las Personas Privadas de la Libertad...","robots":{"index":"index","follow":"follow","max-snippet":"max-snippet:-1","max-image-preview":"max-image-preview:large","max-video-preview":"max-video-preview:-1"},"canonical":"https:\/\/publimar.mx\/index.php\/2024\/08\/22\/inician-programa-de-fomento-a-la-lectura-en-los-centros-penitenciarios\/","og_locale":"es_ES","og_type":"article","og_title":"Inician programa de fomento a la lectura en los Centros Penitenciarios - PubliMar","og_description":"Estas actividades facilitan la promoci\u00f3n, el fomento y la difusi\u00f3n por este h\u00e1bito entre las Personas Privadas de la Libertad...","og_url":"https:\/\/publimar.mx\/index.php\/2024\/08\/22\/inician-programa-de-fomento-a-la-lectura-en-los-centros-penitenciarios\/","og_site_name":"PubliMar","article_published_time":"2024-08-22T16:16:54+00:00","article_modified_time":"2024-08-22T16:16:56+00:00","og_image":[{"width":1280,"height":960,"url":"https:\/\/publimar.mx\/wp-content\/uploads\/2024\/08\/1000022721.jpg","path":"\/home\/u358712125\/domains\/publimar.mx\/public_html\/wp-content\/uploads\/2024\/08\/1000022721.jpg","size":"full","id":12860,"alt":"","pixels":1228800,"type":"image\/jpeg"}],"twitter_card":"summary_large_image","twitter_misc":{"Escrito por":"admin","Tiempo de lectura":"2 minutos"},"schema":{"@context":"https:\/\/schema.org","@graph":[{"@type":"WebSite","@id":"https:\/\/publimar.mx\/#website","url":"https:\/\/publimar.mx\/","name":"PubliMar","description":"Informaci\u00f3n de la Costa Oaxaque\u00f1a","publisher":{"@id":"https:\/\/publimar.mx\/#\/schema\/person\/42ad4d315580276616a11863a241f558"},"potentialAction":[{"@type":"SearchAction","target":{"@type":"EntryPoint","urlTemplate":"https:\/\/publimar.mx\/?s={search_term_string}"},"query-input":"required name=search_term_string"}],"inLanguage":"es"},{"@type":"ImageObject","@id":"https:\/\/publimar.mx\/index.php\/2024\/08\/22\/inician-programa-de-fomento-a-la-lectura-en-los-centros-penitenciarios\/#primaryimage","inLanguage":"es","url":"https:\/\/publimar.mx\/wp-content\/uploads\/2024\/08\/1000022721.jpg","contentUrl":"https:\/\/publimar.mx\/wp-content\/uploads\/2024\/08\/1000022721.jpg","width":1280,"height":960},{"@type":"WebPage","@id":"https:\/\/publimar.mx\/index.php\/2024\/08\/22\/inician-programa-de-fomento-a-la-lectura-en-los-centros-penitenciarios\/#webpage","url":"https:\/\/publimar.mx\/index.php\/2024\/08\/22\/inician-programa-de-fomento-a-la-lectura-en-los-centros-penitenciarios\/","name":"Inician programa de fomento a la lectura en los Centros Penitenciarios - PubliMar","isPartOf":{"@id":"https:\/\/publimar.mx\/#website"},"primaryImageOfPage":{"@id":"https:\/\/publimar.mx\/index.php\/2024\/08\/22\/inician-programa-de-fomento-a-la-lectura-en-los-centros-penitenciarios\/#primaryimage"},"datePublished":"2024-08-22T16:16:54+00:00","dateModified":"2024-08-22T16:16:56+00:00","description":"Estas actividades facilitan la promoci\u00f3n, el fomento y la difusi\u00f3n por este h\u00e1bito entre las Personas Privadas de la Libertad...","breadcrumb":{"@id":"https:\/\/publimar.mx\/index.php\/2024\/08\/22\/inician-programa-de-fomento-a-la-lectura-en-los-centros-penitenciarios\/#breadcrumb"},"inLanguage":"es","potentialAction":[{"@type":"ReadAction","target":["https:\/\/publimar.mx\/index.php\/2024\/08\/22\/inician-programa-de-fomento-a-la-lectura-en-los-centros-penitenciarios\/"]}]},{"@type":"BreadcrumbList","@id":"https:\/\/publimar.mx\/index.php\/2024\/08\/22\/inician-programa-de-fomento-a-la-lectura-en-los-centros-penitenciarios\/#breadcrumb","itemListElement":[{"@type":"ListItem","position":1,"name":"Portada","item":"https:\/\/publimar.mx\/"},{"@type":"ListItem","position":2,"name":"Inician programa de fomento a la lectura en los Centros Penitenciarios"}]},{"@type":["Article","NewsArticle"],"@id":"https:\/\/publimar.mx\/index.php\/2024\/08\/22\/inician-programa-de-fomento-a-la-lectura-en-los-centros-penitenciarios\/#article","isPartOf":{"@id":"https:\/\/publimar.mx\/index.php\/2024\/08\/22\/inician-programa-de-fomento-a-la-lectura-en-los-centros-penitenciarios\/#webpage"},"author":{"@id":"https:\/\/publimar.mx\/#\/schema\/person\/42ad4d315580276616a11863a241f558"},"headline":"Inician programa de fomento a la lectura en los Centros Penitenciarios","datePublished":"2024-08-22T16:16:54+00:00","dateModified":"2024-08-22T16:16:56+00:00","mainEntityOfPage":{"@id":"https:\/\/publimar.mx\/index.php\/2024\/08\/22\/inician-programa-de-fomento-a-la-lectura-en-los-centros-penitenciarios\/#webpage"},"wordCount":252,"commentCount":0,"publisher":{"@id":"https:\/\/publimar.mx\/#\/schema\/person\/42ad4d315580276616a11863a241f558"},"image":{"@id":"https:\/\/publimar.mx\/index.php\/2024\/08\/22\/inician-programa-de-fomento-a-la-lectura-en-los-centros-penitenciarios\/#primaryimage"},"thumbnailUrl":"https:\/\/publimar.mx\/wp-content\/uploads\/2024\/08\/1000022721.jpg","articleSection":["cultura..","Educaci\u00f3n"],"inLanguage":"es","potentialAction":[{"@type":"CommentAction","name":"Comment","target":["https:\/\/publimar.mx\/index.php\/2024\/08\/22\/inician-programa-de-fomento-a-la-lectura-en-los-centros-penitenciarios\/#respond"]}]},{"@type":["Person","Organization"],"@id":"https:\/\/publimar.mx\/#\/schema\/person\/42ad4d315580276616a11863a241f558","name":"admin","image":{"@type":"ImageObject","@id":"https:\/\/publimar.mx\/#personlogo","inLanguage":"es","url":"https:\/\/publimar.mx\/wp-content\/uploads\/2021\/08\/logo.png","contentUrl":"https:\/\/publimar.mx\/wp-content\/uploads\/2021\/08\/logo.png","width":454,"height":108,"caption":"admin"},"logo":{"@id":"https:\/\/publimar.mx\/#personlogo"},"sameAs":["https:\/\/publimar.mx"],"url":"https:\/\/publimar.mx\/index.php\/author\/admin\/"}]}},"_links":{"self":[{"href":"https:\/\/publimar.mx\/index.php\/wp-json\/wp\/v2\/posts\/12858"}],"collection":[{"href":"https:\/\/publimar.mx\/index.php\/wp-json\/wp\/v2\/posts"}],"about":[{"href":"https:\/\/publimar.mx\/index.php\/wp-json\/wp\/v2\/types\/post"}],"author":[{"embeddable":true,"href":"https:\/\/publimar.mx\/index.php\/wp-json\/wp\/v2\/users\/1"}],"replies":[{"embeddable":true,"href":"https:\/\/publimar.mx\/index.php\/wp-json\/wp\/v2\/comments?post=12858"}],"version-history":[{"count":1,"href":"https:\/\/publimar.mx\/index.php\/wp-json\/wp\/v2\/posts\/12858\/revisions"}],"predecessor-version":[{"id":12862,"href":"https:\/\/publimar.mx\/index.php\/wp-json\/wp\/v2\/posts\/12858\/revisions\/12862"}],"wp:featuredmedia":[{"embeddable":true,"href":"https:\/\/publimar.mx\/index.php\/wp-json\/wp\/v2\/media\/12860"}],"wp:attachment":[{"href":"https:\/\/publimar.mx\/index.php\/wp-json\/wp\/v2\/media?parent=12858"}],"wp:term":[{"taxonomy":"category","embeddable":true,"href":"https:\/\/publimar.mx\/index.php\/wp-json\/wp\/v2\/categories?post=12858"},{"taxonomy":"post_tag","embeddable":true,"href":"https:\/\/publimar.mx\/index.php\/wp-json\/wp\/v2\/tags?post=12858"}],"curies":[{"name":"wp","href":"https:\/\/api.w.org\/{rel}","templated":true}]}}