{"id":12847,"date":"2024-08-18T08:34:12","date_gmt":"2024-08-18T13:34:12","guid":{"rendered":"https:\/\/publimar.mx\/?p=12847"},"modified":"2024-08-18T08:34:15","modified_gmt":"2024-08-18T13:34:15","slug":"san-mateo-rio-hondo-celebra-la-guelaguetza-ni-wan-doo-con-tradiciones-y-festividades","status":"publish","type":"post","link":"https:\/\/publimar.mx\/index.php\/2024\/08\/18\/san-mateo-rio-hondo-celebra-la-guelaguetza-ni-wan-doo-con-tradiciones-y-festividades\/","title":{"rendered":"San Mateo R\u00edo Hondo Celebra La Guelaguetza N\u00ed Wan do\u00b4o con Tradiciones y Festividades"},"content":{"rendered":"\n<p><strong>Ra\u00fal Laguna<\/strong><\/p>\n\n\n\n<div class=\"wp-block-image\"><figure class=\"alignright size-large is-resized\"><img loading=\"lazy\" src=\"https:\/\/publimar.mx\/wp-content\/uploads\/2024\/08\/WhatsApp-Image-2024-08-17-at-7.31.47-PM-768x1024.jpeg\" alt=\"\" class=\"wp-image-12848\" width=\"384\" height=\"512\" srcset=\"https:\/\/publimar.mx\/wp-content\/uploads\/2024\/08\/WhatsApp-Image-2024-08-17-at-7.31.47-PM-768x1024.jpeg 768w, https:\/\/publimar.mx\/wp-content\/uploads\/2024\/08\/WhatsApp-Image-2024-08-17-at-7.31.47-PM-225x300.jpeg 225w, https:\/\/publimar.mx\/wp-content\/uploads\/2024\/08\/WhatsApp-Image-2024-08-17-at-7.31.47-PM-1152x1536.jpeg 1152w, https:\/\/publimar.mx\/wp-content\/uploads\/2024\/08\/WhatsApp-Image-2024-08-17-at-7.31.47-PM.jpeg 1200w\" sizes=\"(max-width: 384px) 100vw, 384px\" \/><\/figure><\/div>\n\n\n\n<p>SAN MATEO R\u00cdO HONDO. &#8211; San Mateo R\u00edo Hondo se prepara para recibir a visitantes y locales en la celebraci\u00f3n de La Guelaguetza N\u00ed Wan do\u00b4o, un evento que destacar\u00e1 la riqueza cultural y las tradiciones de la Sierra Sur de Oaxaca. El festival se llevar\u00e1 a cabo el 24 y 25 de agosto de 2024, desde las 9:00 hasta las 20:00 horas, ofreciendo una vibrante mezcla de bailes, m\u00fasica, danzas y una Expo Feria Gastron\u00f3mica, Artesanal y Tur\u00edstica.<\/p>\n\n\n\n<p>El evento contar\u00e1 con una variada programaci\u00f3n que incluye participaciones de diversos pueblos de la regi\u00f3n, cada uno aportando sus festividades \u00fanicas. Entre los participantes se encuentran:<\/p>\n\n\n\n<ul><li>Villa Sola de Vega, que presentar\u00e1 su tradicional fiesta Solteca.<\/li><li>San Pedro Amuzgos, con su famoso Fandango Carnaval y Amuzgue\u00f1o.<\/li><li>Putla Villa de Guerrero, que deleitar\u00e1 con su Calenda, sones, chilenas y comparsas del Carnaval Putleco.<\/li><li>San Carlos Yautepec, exhibiendo la Boda y Jarabe Carle\u00f1o.<\/li><li>Miahuatl\u00e1n de Porfirio D\u00edaz, con su animado Fandango Miahuatleco.<\/li><li>Santa Mar\u00eda Zacatepec, presentando la Boda, Fandango y Carnaval Tacuate.<\/li><li>Santa Catarina Juquila, mostrando sus Chilenas, Juegos y Sones de Juquila.<\/li><li>San Agust\u00edn Loxicha, con sus caracter\u00edsticos sones.<\/li><li>San Pedro Pochutla, que har\u00e1 vibrar a los asistentes con los sones de Pochutla.<\/li><\/ul>\n\n\n\n<p>La Expo Feria Gastron\u00f3mica, Artesanal y Tur\u00edstica ofrecer\u00e1 una oportunidad para disfrutar de la rica cocina local, explorar artesan\u00edas tradicionales y conocer m\u00e1s sobre el turismo en la regi\u00f3n. Este evento se convertir\u00e1 en una plataforma clave para promover la cultura oaxaque\u00f1a y fortalecer el sentido de comunidad entre los habitantes de la Sierra Sur.<\/p>\n\n\n\n<p>La celebraci\u00f3n de La Guelaguetza N\u00ed Wan do\u00b4o no solo ofrece un espacio para disfrutar de la m\u00fasica y las danzas tradicionales, sino que tambi\u00e9n resalta la importancia de preservar y compartir las costumbres ancestrales con las nuevas generaciones y visitantes. Este festival refleja el compromiso de San Mateo R\u00edo Hondo con la preservaci\u00f3n de su herencia cultural y la promoci\u00f3n del turismo local.<\/p>\n\n\n\n<p>Se espera que el evento atraiga a numerosos visitantes, quienes tendr\u00e1n la oportunidad de experimentar de cerca la riqueza cultural de Oaxaca y participar en una de las festividades m\u00e1s representativas de la regi\u00f3n. La comunidad local, junto con los organizadores, se prepara para ofrecer una experiencia memorable que celebra la identidad y la tradici\u00f3n de Oaxaca.<\/p>\n\n\n\n<div class=\"wp-block-image\"><figure class=\"aligncenter size-large\"><img loading=\"lazy\" width=\"819\" height=\"1024\" src=\"https:\/\/publimar.mx\/wp-content\/uploads\/2024\/08\/WhatsApp-Image-2024-08-17-at-7.31.48-PM-819x1024.jpeg\" alt=\"\" class=\"wp-image-12849\" srcset=\"https:\/\/publimar.mx\/wp-content\/uploads\/2024\/08\/WhatsApp-Image-2024-08-17-at-7.31.48-PM-819x1024.jpeg 819w, https:\/\/publimar.mx\/wp-content\/uploads\/2024\/08\/WhatsApp-Image-2024-08-17-at-7.31.48-PM-240x300.jpeg 240w, https:\/\/publimar.mx\/wp-content\/uploads\/2024\/08\/WhatsApp-Image-2024-08-17-at-7.31.48-PM-768x960.jpeg 768w, https:\/\/publimar.mx\/wp-content\/uploads\/2024\/08\/WhatsApp-Image-2024-08-17-at-7.31.48-PM-1229x1536.jpeg 1229w, https:\/\/publimar.mx\/wp-content\/uploads\/2024\/08\/WhatsApp-Image-2024-08-17-at-7.31.48-PM.jpeg 1280w\" sizes=\"(max-width: 819px) 100vw, 819px\" \/><\/figure><\/div>\n","protected":false},"excerpt":{"rendered":"<p>Ra\u00fal Laguna SAN MATEO R\u00cdO HONDO. &#8211; San Mateo R\u00edo Hondo se prepara para recibir a visitantes y locales en la celebraci\u00f3n de La Guelaguetza N\u00ed Wan do\u00b4o, un evento&hellip; <\/p>\n","protected":false},"author":1,"featured_media":12848,"comment_status":"open","ping_status":"open","sticky":false,"template":"","format":"standard","meta":{"_monsterinsights_skip_tracking":false,"_monsterinsights_sitenote_active":false,"_monsterinsights_sitenote_note":"","_monsterinsights_sitenote_category":0},"categories":[3,14],"tags":[],"yoast_head":"<!-- This site is optimized with the Yoast SEO plugin v17.0 - https:\/\/yoast.com\/wordpress\/plugins\/seo\/ -->\n<title>San Mateo R\u00edo Hondo Celebra La Guelaguetza N\u00ed Wan do\u00b4o con Tradiciones y Festividades - PubliMar<\/title>\n<meta name=\"description\" content=\"San Mateo R\u00edo Hondo se prepara para recibir visitantes en La Guelaguetza, destacar\u00e1 la riqueza cultural y las tradiciones de la Sierra Sur ...\" \/>\n<meta name=\"robots\" content=\"index, follow, max-snippet:-1, max-image-preview:large, max-video-preview:-1\" \/>\n<link rel=\"canonical\" href=\"https:\/\/publimar.mx\/index.php\/2024\/08\/18\/san-mateo-rio-hondo-celebra-la-guelaguetza-ni-wan-doo-con-tradiciones-y-festividades\/\" \/>\n<meta property=\"og:locale\" content=\"es_ES\" \/>\n<meta property=\"og:type\" content=\"article\" \/>\n<meta property=\"og:title\" content=\"San Mateo R\u00edo Hondo Celebra La Guelaguetza N\u00ed Wan do\u00b4o con Tradiciones y Festividades - PubliMar\" \/>\n<meta property=\"og:description\" content=\"San Mateo R\u00edo Hondo se prepara para recibir visitantes en La Guelaguetza, destacar\u00e1 la riqueza cultural y las tradiciones de la Sierra Sur ...\" \/>\n<meta property=\"og:url\" content=\"https:\/\/publimar.mx\/index.php\/2024\/08\/18\/san-mateo-rio-hondo-celebra-la-guelaguetza-ni-wan-doo-con-tradiciones-y-festividades\/\" \/>\n<meta property=\"og:site_name\" content=\"PubliMar\" \/>\n<meta property=\"article:published_time\" content=\"2024-08-18T13:34:12+00:00\" \/>\n<meta property=\"article:modified_time\" content=\"2024-08-18T13:34:15+00:00\" \/>\n<meta property=\"og:image\" content=\"https:\/\/publimar.mx\/wp-content\/uploads\/2024\/08\/WhatsApp-Image-2024-08-17-at-7.31.47-PM.jpeg\" \/>\n\t<meta property=\"og:image:width\" content=\"1200\" \/>\n\t<meta property=\"og:image:height\" content=\"1600\" \/>\n<meta name=\"twitter:card\" content=\"summary_large_image\" \/>\n<meta name=\"twitter:label1\" content=\"Escrito por\" \/>\n\t<meta name=\"twitter:data1\" content=\"admin\" \/>\n\t<meta name=\"twitter:label2\" content=\"Tiempo de lectura\" \/>\n\t<meta name=\"twitter:data2\" content=\"3 minutos\" \/>\n<script type=\"application\/ld+json\" class=\"yoast-schema-graph\">{\"@context\":\"https:\/\/schema.org\",\"@graph\":[{\"@type\":\"WebSite\",\"@id\":\"https:\/\/publimar.mx\/#website\",\"url\":\"https:\/\/publimar.mx\/\",\"name\":\"PubliMar\",\"description\":\"Informaci\\u00f3n de la Costa Oaxaque\\u00f1a\",\"publisher\":{\"@id\":\"https:\/\/publimar.mx\/#\/schema\/person\/42ad4d315580276616a11863a241f558\"},\"potentialAction\":[{\"@type\":\"SearchAction\",\"target\":{\"@type\":\"EntryPoint\",\"urlTemplate\":\"https:\/\/publimar.mx\/?s={search_term_string}\"},\"query-input\":\"required name=search_term_string\"}],\"inLanguage\":\"es\"},{\"@type\":\"ImageObject\",\"@id\":\"https:\/\/publimar.mx\/index.php\/2024\/08\/18\/san-mateo-rio-hondo-celebra-la-guelaguetza-ni-wan-doo-con-tradiciones-y-festividades\/#primaryimage\",\"inLanguage\":\"es\",\"url\":\"https:\/\/publimar.mx\/wp-content\/uploads\/2024\/08\/WhatsApp-Image-2024-08-17-at-7.31.47-PM.jpeg\",\"contentUrl\":\"https:\/\/publimar.mx\/wp-content\/uploads\/2024\/08\/WhatsApp-Image-2024-08-17-at-7.31.47-PM.jpeg\",\"width\":1200,\"height\":1600},{\"@type\":\"WebPage\",\"@id\":\"https:\/\/publimar.mx\/index.php\/2024\/08\/18\/san-mateo-rio-hondo-celebra-la-guelaguetza-ni-wan-doo-con-tradiciones-y-festividades\/#webpage\",\"url\":\"https:\/\/publimar.mx\/index.php\/2024\/08\/18\/san-mateo-rio-hondo-celebra-la-guelaguetza-ni-wan-doo-con-tradiciones-y-festividades\/\",\"name\":\"San Mateo R\\u00edo Hondo Celebra La Guelaguetza N\\u00ed Wan do\\u00b4o con Tradiciones y Festividades - PubliMar\",\"isPartOf\":{\"@id\":\"https:\/\/publimar.mx\/#website\"},\"primaryImageOfPage\":{\"@id\":\"https:\/\/publimar.mx\/index.php\/2024\/08\/18\/san-mateo-rio-hondo-celebra-la-guelaguetza-ni-wan-doo-con-tradiciones-y-festividades\/#primaryimage\"},\"datePublished\":\"2024-08-18T13:34:12+00:00\",\"dateModified\":\"2024-08-18T13:34:15+00:00\",\"description\":\"San Mateo R\\u00edo Hondo se prepara para recibir visitantes en La Guelaguetza, destacar\\u00e1 la riqueza cultural y las tradiciones de la Sierra Sur ...\",\"breadcrumb\":{\"@id\":\"https:\/\/publimar.mx\/index.php\/2024\/08\/18\/san-mateo-rio-hondo-celebra-la-guelaguetza-ni-wan-doo-con-tradiciones-y-festividades\/#breadcrumb\"},\"inLanguage\":\"es\",\"potentialAction\":[{\"@type\":\"ReadAction\",\"target\":[\"https:\/\/publimar.mx\/index.php\/2024\/08\/18\/san-mateo-rio-hondo-celebra-la-guelaguetza-ni-wan-doo-con-tradiciones-y-festividades\/\"]}]},{\"@type\":\"BreadcrumbList\",\"@id\":\"https:\/\/publimar.mx\/index.php\/2024\/08\/18\/san-mateo-rio-hondo-celebra-la-guelaguetza-ni-wan-doo-con-tradiciones-y-festividades\/#breadcrumb\",\"itemListElement\":[{\"@type\":\"ListItem\",\"position\":1,\"name\":\"Portada\",\"item\":\"https:\/\/publimar.mx\/\"},{\"@type\":\"ListItem\",\"position\":2,\"name\":\"San Mateo R\\u00edo Hondo Celebra La Guelaguetza N\\u00ed Wan do\\u00b4o con Tradiciones y Festividades\"}]},{\"@type\":[\"Article\",\"NewsArticle\"],\"@id\":\"https:\/\/publimar.mx\/index.php\/2024\/08\/18\/san-mateo-rio-hondo-celebra-la-guelaguetza-ni-wan-doo-con-tradiciones-y-festividades\/#article\",\"isPartOf\":{\"@id\":\"https:\/\/publimar.mx\/index.php\/2024\/08\/18\/san-mateo-rio-hondo-celebra-la-guelaguetza-ni-wan-doo-con-tradiciones-y-festividades\/#webpage\"},\"author\":{\"@id\":\"https:\/\/publimar.mx\/#\/schema\/person\/42ad4d315580276616a11863a241f558\"},\"headline\":\"San Mateo R\\u00edo Hondo Celebra La Guelaguetza N\\u00ed Wan do\\u00b4o con Tradiciones y Festividades\",\"datePublished\":\"2024-08-18T13:34:12+00:00\",\"dateModified\":\"2024-08-18T13:34:15+00:00\",\"mainEntityOfPage\":{\"@id\":\"https:\/\/publimar.mx\/index.php\/2024\/08\/18\/san-mateo-rio-hondo-celebra-la-guelaguetza-ni-wan-doo-con-tradiciones-y-festividades\/#webpage\"},\"wordCount\":425,\"commentCount\":0,\"publisher\":{\"@id\":\"https:\/\/publimar.mx\/#\/schema\/person\/42ad4d315580276616a11863a241f558\"},\"image\":{\"@id\":\"https:\/\/publimar.mx\/index.php\/2024\/08\/18\/san-mateo-rio-hondo-celebra-la-guelaguetza-ni-wan-doo-con-tradiciones-y-festividades\/#primaryimage\"},\"thumbnailUrl\":\"https:\/\/publimar.mx\/wp-content\/uploads\/2024\/08\/WhatsApp-Image-2024-08-17-at-7.31.47-PM.jpeg\",\"articleSection\":[\"cultura\",\"Regional\"],\"inLanguage\":\"es\",\"potentialAction\":[{\"@type\":\"CommentAction\",\"name\":\"Comment\",\"target\":[\"https:\/\/publimar.mx\/index.php\/2024\/08\/18\/san-mateo-rio-hondo-celebra-la-guelaguetza-ni-wan-doo-con-tradiciones-y-festividades\/#respond\"]}]},{\"@type\":[\"Person\",\"Organization\"],\"@id\":\"https:\/\/publimar.mx\/#\/schema\/person\/42ad4d315580276616a11863a241f558\",\"name\":\"admin\",\"image\":{\"@type\":\"ImageObject\",\"@id\":\"https:\/\/publimar.mx\/#personlogo\",\"inLanguage\":\"es\",\"url\":\"https:\/\/publimar.mx\/wp-content\/uploads\/2021\/08\/logo.png\",\"contentUrl\":\"https:\/\/publimar.mx\/wp-content\/uploads\/2021\/08\/logo.png\",\"width\":454,\"height\":108,\"caption\":\"admin\"},\"logo\":{\"@id\":\"https:\/\/publimar.mx\/#personlogo\"},\"sameAs\":[\"https:\/\/publimar.mx\"],\"url\":\"https:\/\/publimar.mx\/index.php\/author\/admin\/\"}]}<\/script>\n<!-- \/ Yoast SEO plugin. -->","yoast_head_json":{"title":"San Mateo R\u00edo Hondo Celebra La Guelaguetza N\u00ed Wan do\u00b4o con Tradiciones y Festividades - PubliMar","description":"San Mateo R\u00edo Hondo se prepara para recibir visitantes en La Guelaguetza, destacar\u00e1 la riqueza cultural y las tradiciones de la Sierra Sur ...","robots":{"index":"index","follow":"follow","max-snippet":"max-snippet:-1","max-image-preview":"max-image-preview:large","max-video-preview":"max-video-preview:-1"},"canonical":"https:\/\/publimar.mx\/index.php\/2024\/08\/18\/san-mateo-rio-hondo-celebra-la-guelaguetza-ni-wan-doo-con-tradiciones-y-festividades\/","og_locale":"es_ES","og_type":"article","og_title":"San Mateo R\u00edo Hondo Celebra La Guelaguetza N\u00ed Wan do\u00b4o con Tradiciones y Festividades - PubliMar","og_description":"San Mateo R\u00edo Hondo se prepara para recibir visitantes en La Guelaguetza, destacar\u00e1 la riqueza cultural y las tradiciones de la Sierra Sur ...","og_url":"https:\/\/publimar.mx\/index.php\/2024\/08\/18\/san-mateo-rio-hondo-celebra-la-guelaguetza-ni-wan-doo-con-tradiciones-y-festividades\/","og_site_name":"PubliMar","article_published_time":"2024-08-18T13:34:12+00:00","article_modified_time":"2024-08-18T13:34:15+00:00","og_image":[{"width":1200,"height":1600,"url":"https:\/\/publimar.mx\/wp-content\/uploads\/2024\/08\/WhatsApp-Image-2024-08-17-at-7.31.47-PM.jpeg","path":"\/home\/u358712125\/domains\/publimar.mx\/public_html\/wp-content\/uploads\/2024\/08\/WhatsApp-Image-2024-08-17-at-7.31.47-PM.jpeg","size":"full","id":12848,"alt":"","pixels":1920000,"type":"image\/jpeg"}],"twitter_card":"summary_large_image","twitter_misc":{"Escrito por":"admin","Tiempo de lectura":"3 minutos"},"schema":{"@context":"https:\/\/schema.org","@graph":[{"@type":"WebSite","@id":"https:\/\/publimar.mx\/#website","url":"https:\/\/publimar.mx\/","name":"PubliMar","description":"Informaci\u00f3n de la Costa Oaxaque\u00f1a","publisher":{"@id":"https:\/\/publimar.mx\/#\/schema\/person\/42ad4d315580276616a11863a241f558"},"potentialAction":[{"@type":"SearchAction","target":{"@type":"EntryPoint","urlTemplate":"https:\/\/publimar.mx\/?s={search_term_string}"},"query-input":"required name=search_term_string"}],"inLanguage":"es"},{"@type":"ImageObject","@id":"https:\/\/publimar.mx\/index.php\/2024\/08\/18\/san-mateo-rio-hondo-celebra-la-guelaguetza-ni-wan-doo-con-tradiciones-y-festividades\/#primaryimage","inLanguage":"es","url":"https:\/\/publimar.mx\/wp-content\/uploads\/2024\/08\/WhatsApp-Image-2024-08-17-at-7.31.47-PM.jpeg","contentUrl":"https:\/\/publimar.mx\/wp-content\/uploads\/2024\/08\/WhatsApp-Image-2024-08-17-at-7.31.47-PM.jpeg","width":1200,"height":1600},{"@type":"WebPage","@id":"https:\/\/publimar.mx\/index.php\/2024\/08\/18\/san-mateo-rio-hondo-celebra-la-guelaguetza-ni-wan-doo-con-tradiciones-y-festividades\/#webpage","url":"https:\/\/publimar.mx\/index.php\/2024\/08\/18\/san-mateo-rio-hondo-celebra-la-guelaguetza-ni-wan-doo-con-tradiciones-y-festividades\/","name":"San Mateo R\u00edo Hondo Celebra La Guelaguetza N\u00ed Wan do\u00b4o con Tradiciones y Festividades - PubliMar","isPartOf":{"@id":"https:\/\/publimar.mx\/#website"},"primaryImageOfPage":{"@id":"https:\/\/publimar.mx\/index.php\/2024\/08\/18\/san-mateo-rio-hondo-celebra-la-guelaguetza-ni-wan-doo-con-tradiciones-y-festividades\/#primaryimage"},"datePublished":"2024-08-18T13:34:12+00:00","dateModified":"2024-08-18T13:34:15+00:00","description":"San Mateo R\u00edo Hondo se prepara para recibir visitantes en La Guelaguetza, destacar\u00e1 la riqueza cultural y las tradiciones de la Sierra Sur ...","breadcrumb":{"@id":"https:\/\/publimar.mx\/index.php\/2024\/08\/18\/san-mateo-rio-hondo-celebra-la-guelaguetza-ni-wan-doo-con-tradiciones-y-festividades\/#breadcrumb"},"inLanguage":"es","potentialAction":[{"@type":"ReadAction","target":["https:\/\/publimar.mx\/index.php\/2024\/08\/18\/san-mateo-rio-hondo-celebra-la-guelaguetza-ni-wan-doo-con-tradiciones-y-festividades\/"]}]},{"@type":"BreadcrumbList","@id":"https:\/\/publimar.mx\/index.php\/2024\/08\/18\/san-mateo-rio-hondo-celebra-la-guelaguetza-ni-wan-doo-con-tradiciones-y-festividades\/#breadcrumb","itemListElement":[{"@type":"ListItem","position":1,"name":"Portada","item":"https:\/\/publimar.mx\/"},{"@type":"ListItem","position":2,"name":"San Mateo R\u00edo Hondo Celebra La Guelaguetza N\u00ed Wan do\u00b4o con Tradiciones y Festividades"}]},{"@type":["Article","NewsArticle"],"@id":"https:\/\/publimar.mx\/index.php\/2024\/08\/18\/san-mateo-rio-hondo-celebra-la-guelaguetza-ni-wan-doo-con-tradiciones-y-festividades\/#article","isPartOf":{"@id":"https:\/\/publimar.mx\/index.php\/2024\/08\/18\/san-mateo-rio-hondo-celebra-la-guelaguetza-ni-wan-doo-con-tradiciones-y-festividades\/#webpage"},"author":{"@id":"https:\/\/publimar.mx\/#\/schema\/person\/42ad4d315580276616a11863a241f558"},"headline":"San Mateo R\u00edo Hondo Celebra La Guelaguetza N\u00ed Wan do\u00b4o con Tradiciones y Festividades","datePublished":"2024-08-18T13:34:12+00:00","dateModified":"2024-08-18T13:34:15+00:00","mainEntityOfPage":{"@id":"https:\/\/publimar.mx\/index.php\/2024\/08\/18\/san-mateo-rio-hondo-celebra-la-guelaguetza-ni-wan-doo-con-tradiciones-y-festividades\/#webpage"},"wordCount":425,"commentCount":0,"publisher":{"@id":"https:\/\/publimar.mx\/#\/schema\/person\/42ad4d315580276616a11863a241f558"},"image":{"@id":"https:\/\/publimar.mx\/index.php\/2024\/08\/18\/san-mateo-rio-hondo-celebra-la-guelaguetza-ni-wan-doo-con-tradiciones-y-festividades\/#primaryimage"},"thumbnailUrl":"https:\/\/publimar.mx\/wp-content\/uploads\/2024\/08\/WhatsApp-Image-2024-08-17-at-7.31.47-PM.jpeg","articleSection":["cultura","Regional"],"inLanguage":"es","potentialAction":[{"@type":"CommentAction","name":"Comment","target":["https:\/\/publimar.mx\/index.php\/2024\/08\/18\/san-mateo-rio-hondo-celebra-la-guelaguetza-ni-wan-doo-con-tradiciones-y-festividades\/#respond"]}]},{"@type":["Person","Organization"],"@id":"https:\/\/publimar.mx\/#\/schema\/person\/42ad4d315580276616a11863a241f558","name":"admin","image":{"@type":"ImageObject","@id":"https:\/\/publimar.mx\/#personlogo","inLanguage":"es","url":"https:\/\/publimar.mx\/wp-content\/uploads\/2021\/08\/logo.png","contentUrl":"https:\/\/publimar.mx\/wp-content\/uploads\/2021\/08\/logo.png","width":454,"height":108,"caption":"admin"},"logo":{"@id":"https:\/\/publimar.mx\/#personlogo"},"sameAs":["https:\/\/publimar.mx"],"url":"https:\/\/publimar.mx\/index.php\/author\/admin\/"}]}},"_links":{"self":[{"href":"https:\/\/publimar.mx\/index.php\/wp-json\/wp\/v2\/posts\/12847"}],"collection":[{"href":"https:\/\/publimar.mx\/index.php\/wp-json\/wp\/v2\/posts"}],"about":[{"href":"https:\/\/publimar.mx\/index.php\/wp-json\/wp\/v2\/types\/post"}],"author":[{"embeddable":true,"href":"https:\/\/publimar.mx\/index.php\/wp-json\/wp\/v2\/users\/1"}],"replies":[{"embeddable":true,"href":"https:\/\/publimar.mx\/index.php\/wp-json\/wp\/v2\/comments?post=12847"}],"version-history":[{"count":1,"href":"https:\/\/publimar.mx\/index.php\/wp-json\/wp\/v2\/posts\/12847\/revisions"}],"predecessor-version":[{"id":12850,"href":"https:\/\/publimar.mx\/index.php\/wp-json\/wp\/v2\/posts\/12847\/revisions\/12850"}],"wp:featuredmedia":[{"embeddable":true,"href":"https:\/\/publimar.mx\/index.php\/wp-json\/wp\/v2\/media\/12848"}],"wp:attachment":[{"href":"https:\/\/publimar.mx\/index.php\/wp-json\/wp\/v2\/media?parent=12847"}],"wp:term":[{"taxonomy":"category","embeddable":true,"href":"https:\/\/publimar.mx\/index.php\/wp-json\/wp\/v2\/categories?post=12847"},{"taxonomy":"post_tag","embeddable":true,"href":"https:\/\/publimar.mx\/index.php\/wp-json\/wp\/v2\/tags?post=12847"}],"curies":[{"name":"wp","href":"https:\/\/api.w.org\/{rel}","templated":true}]}}