{"id":12840,"date":"2024-08-17T10:26:40","date_gmt":"2024-08-17T15:26:40","guid":{"rendered":"https:\/\/publimar.mx\/?p=12840"},"modified":"2024-08-17T10:26:42","modified_gmt":"2024-08-17T15:26:42","slug":"fortalece-secretaria-del-trabajo-sector-laboral-joven-de-oaxaca","status":"publish","type":"post","link":"https:\/\/publimar.mx\/index.php\/2024\/08\/17\/fortalece-secretaria-del-trabajo-sector-laboral-joven-de-oaxaca\/","title":{"rendered":"Fortalece Secretar\u00eda del Trabajo sector laboral joven de Oaxaca"},"content":{"rendered":"\n<div class=\"wp-block-image\"><figure class=\"alignright size-full is-resized\"><img loading=\"lazy\" src=\"https:\/\/publimar.mx\/wp-content\/uploads\/2024\/08\/be43c3a8-4d21-4b0e-b979-053074367a91.jpeg\" alt=\"\" class=\"wp-image-12841\" width=\"450\" height=\"253\" srcset=\"https:\/\/publimar.mx\/wp-content\/uploads\/2024\/08\/be43c3a8-4d21-4b0e-b979-053074367a91.jpeg 900w, https:\/\/publimar.mx\/wp-content\/uploads\/2024\/08\/be43c3a8-4d21-4b0e-b979-053074367a91-300x169.jpeg 300w, https:\/\/publimar.mx\/wp-content\/uploads\/2024\/08\/be43c3a8-4d21-4b0e-b979-053074367a91-768x432.jpeg 768w\" sizes=\"(max-width: 450px) 100vw, 450px\" \/><\/figure><\/div>\n\n\n\n<p>\u2022 Se entregaron constancias del programa J\u00f3venes por La Paz<\/p>\n\n\n\n<p>&#8211; La Secretar\u00eda del Trabajo de Oaxaca (Setrao) entreg\u00f3 m\u00e1s de 100 constancias a las juventudes de la regi\u00f3n Valles Centrales que participaron en los talleres gratuitos impartidos mediante el programa de capacitaci\u00f3n laboral J\u00f3venes por La Paz.<\/p>\n\n\n\n<p>Durante la actividad, la titular de la Secretar\u00eda, Edith Santib\u00e1\u00f1ez destac\u00f3 la importancia de estos cursos para el fortalecimiento del sector profesional joven de Oaxaca. \u201cCada uno de ustedes representa el futuro de nuestro estado. Con estas herramientas, no solo estar\u00e1n mejor preparados para enfrentar los retos laborales, tambi\u00e9n contribuir\u00e1n al bienestar y paz de sus comunidades\u201d, expres\u00f3.<\/p>\n\n\n\n<p>Agreg\u00f3 que el \u00e9xito de este programa demuestra la importancia de invertir en este grupo de personas, un pilar fundamental para el crecimiento econ\u00f3mico y social del estado. Tambi\u00e9n fortalece el programa Oaxaca Segura que impulsa el Gobernador Salom\u00f3n Jara Cruz, para que las localidades con altos \u00edndices delictivos se capaciten y desarrollen bienestar en sus familias y entorno.<\/p>\n\n\n\n<p>Las y los beneficiarios pertenecen a los municipios de San Lorenzo Cacaotepec, San Jacinto Amilpas, Santa Mar\u00eda Atzompa y Tlalixtac de Cabrera, as\u00ed como de las agencias Donaj\u00ed y San Luis Beltr\u00e1n de Oaxaca de Ju\u00e1rez.<\/p>\n","protected":false},"excerpt":{"rendered":"<p>\u2022 Se entregaron constancias del programa J\u00f3venes por La Paz &#8211; La Secretar\u00eda del Trabajo de Oaxaca (Setrao) entreg\u00f3 m\u00e1s de 100 constancias a las juventudes de la regi\u00f3n Valles&hellip; <\/p>\n","protected":false},"author":1,"featured_media":12841,"comment_status":"open","ping_status":"open","sticky":false,"template":"","format":"standard","meta":{"_monsterinsights_skip_tracking":false,"_monsterinsights_sitenote_active":false,"_monsterinsights_sitenote_note":"","_monsterinsights_sitenote_category":0},"categories":[25],"tags":[],"yoast_head":"<!-- This site is optimized with the Yoast SEO plugin v17.0 - https:\/\/yoast.com\/wordpress\/plugins\/seo\/ -->\n<title>Fortalece Secretar\u00eda del Trabajo sector laboral joven de Oaxaca - PubliMar<\/title>\n<meta name=\"description\" content=\"La Secretar\u00eda del Trabajo de Oaxaca entrega m\u00e1s de 100 constancias a j\u00f3venes de Valles Centrales que completaron el programa &#039;J\u00f3venes por La Paz\" \/>\n<meta name=\"robots\" content=\"index, follow, max-snippet:-1, max-image-preview:large, max-video-preview:-1\" \/>\n<link rel=\"canonical\" href=\"https:\/\/publimar.mx\/index.php\/2024\/08\/17\/fortalece-secretaria-del-trabajo-sector-laboral-joven-de-oaxaca\/\" \/>\n<meta property=\"og:locale\" content=\"es_ES\" \/>\n<meta property=\"og:type\" content=\"article\" \/>\n<meta property=\"og:title\" content=\"Fortalece Secretar\u00eda del Trabajo sector laboral joven de Oaxaca - PubliMar\" \/>\n<meta property=\"og:description\" content=\"La Secretar\u00eda del Trabajo de Oaxaca entrega m\u00e1s de 100 constancias a j\u00f3venes de Valles Centrales que completaron el programa &#039;J\u00f3venes por La Paz\" \/>\n<meta property=\"og:url\" content=\"https:\/\/publimar.mx\/index.php\/2024\/08\/17\/fortalece-secretaria-del-trabajo-sector-laboral-joven-de-oaxaca\/\" \/>\n<meta property=\"og:site_name\" content=\"PubliMar\" \/>\n<meta property=\"article:published_time\" content=\"2024-08-17T15:26:40+00:00\" \/>\n<meta property=\"article:modified_time\" content=\"2024-08-17T15:26:42+00:00\" \/>\n<meta property=\"og:image\" content=\"https:\/\/publimar.mx\/wp-content\/uploads\/2024\/08\/be43c3a8-4d21-4b0e-b979-053074367a91.jpeg\" \/>\n\t<meta property=\"og:image:width\" content=\"900\" \/>\n\t<meta property=\"og:image:height\" content=\"506\" \/>\n<meta name=\"twitter:card\" content=\"summary_large_image\" \/>\n<meta name=\"twitter:label1\" content=\"Escrito por\" \/>\n\t<meta name=\"twitter:data1\" content=\"admin\" \/>\n\t<meta name=\"twitter:label2\" content=\"Tiempo de lectura\" \/>\n\t<meta name=\"twitter:data2\" content=\"2 minutos\" \/>\n<script type=\"application\/ld+json\" class=\"yoast-schema-graph\">{\"@context\":\"https:\/\/schema.org\",\"@graph\":[{\"@type\":\"WebSite\",\"@id\":\"https:\/\/publimar.mx\/#website\",\"url\":\"https:\/\/publimar.mx\/\",\"name\":\"PubliMar\",\"description\":\"Informaci\\u00f3n de la Costa Oaxaque\\u00f1a\",\"publisher\":{\"@id\":\"https:\/\/publimar.mx\/#\/schema\/person\/42ad4d315580276616a11863a241f558\"},\"potentialAction\":[{\"@type\":\"SearchAction\",\"target\":{\"@type\":\"EntryPoint\",\"urlTemplate\":\"https:\/\/publimar.mx\/?s={search_term_string}\"},\"query-input\":\"required name=search_term_string\"}],\"inLanguage\":\"es\"},{\"@type\":\"ImageObject\",\"@id\":\"https:\/\/publimar.mx\/index.php\/2024\/08\/17\/fortalece-secretaria-del-trabajo-sector-laboral-joven-de-oaxaca\/#primaryimage\",\"inLanguage\":\"es\",\"url\":\"https:\/\/publimar.mx\/wp-content\/uploads\/2024\/08\/be43c3a8-4d21-4b0e-b979-053074367a91.jpeg\",\"contentUrl\":\"https:\/\/publimar.mx\/wp-content\/uploads\/2024\/08\/be43c3a8-4d21-4b0e-b979-053074367a91.jpeg\",\"width\":900,\"height\":506},{\"@type\":\"WebPage\",\"@id\":\"https:\/\/publimar.mx\/index.php\/2024\/08\/17\/fortalece-secretaria-del-trabajo-sector-laboral-joven-de-oaxaca\/#webpage\",\"url\":\"https:\/\/publimar.mx\/index.php\/2024\/08\/17\/fortalece-secretaria-del-trabajo-sector-laboral-joven-de-oaxaca\/\",\"name\":\"Fortalece Secretar\\u00eda del Trabajo sector laboral joven de Oaxaca - PubliMar\",\"isPartOf\":{\"@id\":\"https:\/\/publimar.mx\/#website\"},\"primaryImageOfPage\":{\"@id\":\"https:\/\/publimar.mx\/index.php\/2024\/08\/17\/fortalece-secretaria-del-trabajo-sector-laboral-joven-de-oaxaca\/#primaryimage\"},\"datePublished\":\"2024-08-17T15:26:40+00:00\",\"dateModified\":\"2024-08-17T15:26:42+00:00\",\"description\":\"La Secretar\\u00eda del Trabajo de Oaxaca entrega m\\u00e1s de 100 constancias a j\\u00f3venes de Valles Centrales que completaron el programa 'J\\u00f3venes por La Paz\",\"breadcrumb\":{\"@id\":\"https:\/\/publimar.mx\/index.php\/2024\/08\/17\/fortalece-secretaria-del-trabajo-sector-laboral-joven-de-oaxaca\/#breadcrumb\"},\"inLanguage\":\"es\",\"potentialAction\":[{\"@type\":\"ReadAction\",\"target\":[\"https:\/\/publimar.mx\/index.php\/2024\/08\/17\/fortalece-secretaria-del-trabajo-sector-laboral-joven-de-oaxaca\/\"]}]},{\"@type\":\"BreadcrumbList\",\"@id\":\"https:\/\/publimar.mx\/index.php\/2024\/08\/17\/fortalece-secretaria-del-trabajo-sector-laboral-joven-de-oaxaca\/#breadcrumb\",\"itemListElement\":[{\"@type\":\"ListItem\",\"position\":1,\"name\":\"Portada\",\"item\":\"https:\/\/publimar.mx\/\"},{\"@type\":\"ListItem\",\"position\":2,\"name\":\"Fortalece Secretar\\u00eda del Trabajo sector laboral joven de Oaxaca\"}]},{\"@type\":[\"Article\",\"NewsArticle\"],\"@id\":\"https:\/\/publimar.mx\/index.php\/2024\/08\/17\/fortalece-secretaria-del-trabajo-sector-laboral-joven-de-oaxaca\/#article\",\"isPartOf\":{\"@id\":\"https:\/\/publimar.mx\/index.php\/2024\/08\/17\/fortalece-secretaria-del-trabajo-sector-laboral-joven-de-oaxaca\/#webpage\"},\"author\":{\"@id\":\"https:\/\/publimar.mx\/#\/schema\/person\/42ad4d315580276616a11863a241f558\"},\"headline\":\"Fortalece Secretar\\u00eda del Trabajo sector laboral joven de Oaxaca\",\"datePublished\":\"2024-08-17T15:26:40+00:00\",\"dateModified\":\"2024-08-17T15:26:42+00:00\",\"mainEntityOfPage\":{\"@id\":\"https:\/\/publimar.mx\/index.php\/2024\/08\/17\/fortalece-secretaria-del-trabajo-sector-laboral-joven-de-oaxaca\/#webpage\"},\"wordCount\":226,\"commentCount\":0,\"publisher\":{\"@id\":\"https:\/\/publimar.mx\/#\/schema\/person\/42ad4d315580276616a11863a241f558\"},\"image\":{\"@id\":\"https:\/\/publimar.mx\/index.php\/2024\/08\/17\/fortalece-secretaria-del-trabajo-sector-laboral-joven-de-oaxaca\/#primaryimage\"},\"thumbnailUrl\":\"https:\/\/publimar.mx\/wp-content\/uploads\/2024\/08\/be43c3a8-4d21-4b0e-b979-053074367a91.jpeg\",\"articleSection\":[\"Educaci\\u00f3n\"],\"inLanguage\":\"es\",\"potentialAction\":[{\"@type\":\"CommentAction\",\"name\":\"Comment\",\"target\":[\"https:\/\/publimar.mx\/index.php\/2024\/08\/17\/fortalece-secretaria-del-trabajo-sector-laboral-joven-de-oaxaca\/#respond\"]}]},{\"@type\":[\"Person\",\"Organization\"],\"@id\":\"https:\/\/publimar.mx\/#\/schema\/person\/42ad4d315580276616a11863a241f558\",\"name\":\"admin\",\"image\":{\"@type\":\"ImageObject\",\"@id\":\"https:\/\/publimar.mx\/#personlogo\",\"inLanguage\":\"es\",\"url\":\"https:\/\/publimar.mx\/wp-content\/uploads\/2021\/08\/logo.png\",\"contentUrl\":\"https:\/\/publimar.mx\/wp-content\/uploads\/2021\/08\/logo.png\",\"width\":454,\"height\":108,\"caption\":\"admin\"},\"logo\":{\"@id\":\"https:\/\/publimar.mx\/#personlogo\"},\"sameAs\":[\"https:\/\/publimar.mx\"],\"url\":\"https:\/\/publimar.mx\/index.php\/author\/admin\/\"}]}<\/script>\n<!-- \/ Yoast SEO plugin. -->","yoast_head_json":{"title":"Fortalece Secretar\u00eda del Trabajo sector laboral joven de Oaxaca - PubliMar","description":"La Secretar\u00eda del Trabajo de Oaxaca entrega m\u00e1s de 100 constancias a j\u00f3venes de Valles Centrales que completaron el programa 'J\u00f3venes por La Paz","robots":{"index":"index","follow":"follow","max-snippet":"max-snippet:-1","max-image-preview":"max-image-preview:large","max-video-preview":"max-video-preview:-1"},"canonical":"https:\/\/publimar.mx\/index.php\/2024\/08\/17\/fortalece-secretaria-del-trabajo-sector-laboral-joven-de-oaxaca\/","og_locale":"es_ES","og_type":"article","og_title":"Fortalece Secretar\u00eda del Trabajo sector laboral joven de Oaxaca - PubliMar","og_description":"La Secretar\u00eda del Trabajo de Oaxaca entrega m\u00e1s de 100 constancias a j\u00f3venes de Valles Centrales que completaron el programa 'J\u00f3venes por La Paz","og_url":"https:\/\/publimar.mx\/index.php\/2024\/08\/17\/fortalece-secretaria-del-trabajo-sector-laboral-joven-de-oaxaca\/","og_site_name":"PubliMar","article_published_time":"2024-08-17T15:26:40+00:00","article_modified_time":"2024-08-17T15:26:42+00:00","og_image":[{"width":900,"height":506,"url":"https:\/\/publimar.mx\/wp-content\/uploads\/2024\/08\/be43c3a8-4d21-4b0e-b979-053074367a91.jpeg","path":"\/home\/u358712125\/domains\/publimar.mx\/public_html\/wp-content\/uploads\/2024\/08\/be43c3a8-4d21-4b0e-b979-053074367a91.jpeg","size":"full","id":12841,"alt":"","pixels":455400,"type":"image\/jpeg"}],"twitter_card":"summary_large_image","twitter_misc":{"Escrito por":"admin","Tiempo de lectura":"2 minutos"},"schema":{"@context":"https:\/\/schema.org","@graph":[{"@type":"WebSite","@id":"https:\/\/publimar.mx\/#website","url":"https:\/\/publimar.mx\/","name":"PubliMar","description":"Informaci\u00f3n de la Costa Oaxaque\u00f1a","publisher":{"@id":"https:\/\/publimar.mx\/#\/schema\/person\/42ad4d315580276616a11863a241f558"},"potentialAction":[{"@type":"SearchAction","target":{"@type":"EntryPoint","urlTemplate":"https:\/\/publimar.mx\/?s={search_term_string}"},"query-input":"required name=search_term_string"}],"inLanguage":"es"},{"@type":"ImageObject","@id":"https:\/\/publimar.mx\/index.php\/2024\/08\/17\/fortalece-secretaria-del-trabajo-sector-laboral-joven-de-oaxaca\/#primaryimage","inLanguage":"es","url":"https:\/\/publimar.mx\/wp-content\/uploads\/2024\/08\/be43c3a8-4d21-4b0e-b979-053074367a91.jpeg","contentUrl":"https:\/\/publimar.mx\/wp-content\/uploads\/2024\/08\/be43c3a8-4d21-4b0e-b979-053074367a91.jpeg","width":900,"height":506},{"@type":"WebPage","@id":"https:\/\/publimar.mx\/index.php\/2024\/08\/17\/fortalece-secretaria-del-trabajo-sector-laboral-joven-de-oaxaca\/#webpage","url":"https:\/\/publimar.mx\/index.php\/2024\/08\/17\/fortalece-secretaria-del-trabajo-sector-laboral-joven-de-oaxaca\/","name":"Fortalece Secretar\u00eda del Trabajo sector laboral joven de Oaxaca - PubliMar","isPartOf":{"@id":"https:\/\/publimar.mx\/#website"},"primaryImageOfPage":{"@id":"https:\/\/publimar.mx\/index.php\/2024\/08\/17\/fortalece-secretaria-del-trabajo-sector-laboral-joven-de-oaxaca\/#primaryimage"},"datePublished":"2024-08-17T15:26:40+00:00","dateModified":"2024-08-17T15:26:42+00:00","description":"La Secretar\u00eda del Trabajo de Oaxaca entrega m\u00e1s de 100 constancias a j\u00f3venes de Valles Centrales que completaron el programa 'J\u00f3venes por La Paz","breadcrumb":{"@id":"https:\/\/publimar.mx\/index.php\/2024\/08\/17\/fortalece-secretaria-del-trabajo-sector-laboral-joven-de-oaxaca\/#breadcrumb"},"inLanguage":"es","potentialAction":[{"@type":"ReadAction","target":["https:\/\/publimar.mx\/index.php\/2024\/08\/17\/fortalece-secretaria-del-trabajo-sector-laboral-joven-de-oaxaca\/"]}]},{"@type":"BreadcrumbList","@id":"https:\/\/publimar.mx\/index.php\/2024\/08\/17\/fortalece-secretaria-del-trabajo-sector-laboral-joven-de-oaxaca\/#breadcrumb","itemListElement":[{"@type":"ListItem","position":1,"name":"Portada","item":"https:\/\/publimar.mx\/"},{"@type":"ListItem","position":2,"name":"Fortalece Secretar\u00eda del Trabajo sector laboral joven de Oaxaca"}]},{"@type":["Article","NewsArticle"],"@id":"https:\/\/publimar.mx\/index.php\/2024\/08\/17\/fortalece-secretaria-del-trabajo-sector-laboral-joven-de-oaxaca\/#article","isPartOf":{"@id":"https:\/\/publimar.mx\/index.php\/2024\/08\/17\/fortalece-secretaria-del-trabajo-sector-laboral-joven-de-oaxaca\/#webpage"},"author":{"@id":"https:\/\/publimar.mx\/#\/schema\/person\/42ad4d315580276616a11863a241f558"},"headline":"Fortalece Secretar\u00eda del Trabajo sector laboral joven de Oaxaca","datePublished":"2024-08-17T15:26:40+00:00","dateModified":"2024-08-17T15:26:42+00:00","mainEntityOfPage":{"@id":"https:\/\/publimar.mx\/index.php\/2024\/08\/17\/fortalece-secretaria-del-trabajo-sector-laboral-joven-de-oaxaca\/#webpage"},"wordCount":226,"commentCount":0,"publisher":{"@id":"https:\/\/publimar.mx\/#\/schema\/person\/42ad4d315580276616a11863a241f558"},"image":{"@id":"https:\/\/publimar.mx\/index.php\/2024\/08\/17\/fortalece-secretaria-del-trabajo-sector-laboral-joven-de-oaxaca\/#primaryimage"},"thumbnailUrl":"https:\/\/publimar.mx\/wp-content\/uploads\/2024\/08\/be43c3a8-4d21-4b0e-b979-053074367a91.jpeg","articleSection":["Educaci\u00f3n"],"inLanguage":"es","potentialAction":[{"@type":"CommentAction","name":"Comment","target":["https:\/\/publimar.mx\/index.php\/2024\/08\/17\/fortalece-secretaria-del-trabajo-sector-laboral-joven-de-oaxaca\/#respond"]}]},{"@type":["Person","Organization"],"@id":"https:\/\/publimar.mx\/#\/schema\/person\/42ad4d315580276616a11863a241f558","name":"admin","image":{"@type":"ImageObject","@id":"https:\/\/publimar.mx\/#personlogo","inLanguage":"es","url":"https:\/\/publimar.mx\/wp-content\/uploads\/2021\/08\/logo.png","contentUrl":"https:\/\/publimar.mx\/wp-content\/uploads\/2021\/08\/logo.png","width":454,"height":108,"caption":"admin"},"logo":{"@id":"https:\/\/publimar.mx\/#personlogo"},"sameAs":["https:\/\/publimar.mx"],"url":"https:\/\/publimar.mx\/index.php\/author\/admin\/"}]}},"_links":{"self":[{"href":"https:\/\/publimar.mx\/index.php\/wp-json\/wp\/v2\/posts\/12840"}],"collection":[{"href":"https:\/\/publimar.mx\/index.php\/wp-json\/wp\/v2\/posts"}],"about":[{"href":"https:\/\/publimar.mx\/index.php\/wp-json\/wp\/v2\/types\/post"}],"author":[{"embeddable":true,"href":"https:\/\/publimar.mx\/index.php\/wp-json\/wp\/v2\/users\/1"}],"replies":[{"embeddable":true,"href":"https:\/\/publimar.mx\/index.php\/wp-json\/wp\/v2\/comments?post=12840"}],"version-history":[{"count":1,"href":"https:\/\/publimar.mx\/index.php\/wp-json\/wp\/v2\/posts\/12840\/revisions"}],"predecessor-version":[{"id":12842,"href":"https:\/\/publimar.mx\/index.php\/wp-json\/wp\/v2\/posts\/12840\/revisions\/12842"}],"wp:featuredmedia":[{"embeddable":true,"href":"https:\/\/publimar.mx\/index.php\/wp-json\/wp\/v2\/media\/12841"}],"wp:attachment":[{"href":"https:\/\/publimar.mx\/index.php\/wp-json\/wp\/v2\/media?parent=12840"}],"wp:term":[{"taxonomy":"category","embeddable":true,"href":"https:\/\/publimar.mx\/index.php\/wp-json\/wp\/v2\/categories?post=12840"},{"taxonomy":"post_tag","embeddable":true,"href":"https:\/\/publimar.mx\/index.php\/wp-json\/wp\/v2\/tags?post=12840"}],"curies":[{"name":"wp","href":"https:\/\/api.w.org\/{rel}","templated":true}]}}