{"id":12816,"date":"2024-08-16T10:59:48","date_gmt":"2024-08-16T15:59:48","guid":{"rendered":"https:\/\/publimar.mx\/?p=12816"},"modified":"2024-08-16T10:59:49","modified_gmt":"2024-08-16T15:59:49","slug":"crece-violencia-en-miahuatlan-matan-a-un-adolescente","status":"publish","type":"post","link":"https:\/\/publimar.mx\/index.php\/2024\/08\/16\/crece-violencia-en-miahuatlan-matan-a-un-adolescente\/","title":{"rendered":"Crece violencia en Miahuatl\u00e1n: matan a un adolescente"},"content":{"rendered":"\n<p>Escrito por\u00a0<a href=\"https:\/\/zonaroja.com.mx\/?author=2\">Agencia Zona Roja<\/a>\u00a016 agosto, 2024<\/p>\n\n\n\n<div class=\"wp-block-image\"><figure class=\"alignright size-full is-resized\"><img loading=\"lazy\" src=\"https:\/\/publimar.mx\/wp-content\/uploads\/2024\/08\/Baleado-Miahuatlan.jpg\" alt=\"\" class=\"wp-image-12817\" width=\"268\" height=\"201\" srcset=\"https:\/\/publimar.mx\/wp-content\/uploads\/2024\/08\/Baleado-Miahuatlan.jpg 535w, https:\/\/publimar.mx\/wp-content\/uploads\/2024\/08\/Baleado-Miahuatlan-300x225.jpg 300w\" sizes=\"(max-width: 268px) 100vw, 268px\" \/><\/figure><\/div>\n\n\n\n<p><strong>Ataques Armados en Miahuatl\u00e1n Resultan en Tragedia y Heridos<\/strong><\/p>\n\n\n\n<p><strong>Oaxaca de Ju\u00e1rez, Oax., 16 de agosto de 2024<\/strong>.- En un d\u00eda de violencia en el municipio de Miahuatl\u00e1n de Porfirio D\u00edaz, se registraron varios incidentes armados que dejaron una menor fallecida y varias personas heridas.<\/p>\n\n\n\n<p>El primer ataque ocurri\u00f3 en la colonia Los Mezquites, cuando sujetos armados emboscaron a una familia que regresaba de una festividad en Los Pocitos. Durante el ataque, una ni\u00f1a de 13 a\u00f1os perdi\u00f3 la vida, mientras que su madre fue trasladada de emergencia a un hospital de Miahuatl\u00e1n. La familia viajaba en un veh\u00edculo por un camino de terracer\u00eda cuando fueron atacados. Las autoridades a\u00fan no han realizado detenciones y la Fiscal\u00eda General del Estado de Oaxaca ha iniciado las investigaciones correspondientes.<\/p>\n\n\n\n<p>En un segundo incidente, ocurrido en la colonia Del Valle, sujetos armados dispararon contra los ocupantes de una camioneta. Aunque se report\u00f3 que una persona del sexo masculino result\u00f3 herida, al llegar los polic\u00edas al lugar, ya no encontraron a las v\u00edctimas. Existe la presunci\u00f3n de que un hombre podr\u00eda haber fallecido, pero esta informaci\u00f3n a\u00fan no ha sido confirmada oficialmente.<\/p>\n\n\n\n<p>Ayer, en el mismo municipio, una ri\u00f1a en el interior de una vivienda result\u00f3 en un hombre herido con arma blanca, con exposici\u00f3n de v\u00edsceras.<\/p>\n\n\n\n<p>Estos eventos han generado alarma en la comunidad y han puesto de relieve la necesidad urgente de medidas de seguridad y justicia en la regi\u00f3n. Las autoridades siguen trabajando para esclarecer los hechos y dar con los responsables de estos actos violentos.<\/p>\n\n\n\n<p><strong>#ViolenciaEnMiahuatl\u00e1n #SeguridadOaxaca #Investigaci\u00f3nEnCurso<\/strong><\/p>\n","protected":false},"excerpt":{"rendered":"<p>Escrito por\u00a0Agencia Zona Roja\u00a016 agosto, 2024 Ataques Armados en Miahuatl\u00e1n Resultan en Tragedia y Heridos Oaxaca de Ju\u00e1rez, Oax., 16 de agosto de 2024.- En un d\u00eda de violencia en&hellip; <\/p>\n","protected":false},"author":1,"featured_media":12817,"comment_status":"open","ping_status":"open","sticky":false,"template":"","format":"standard","meta":{"_monsterinsights_skip_tracking":false,"_monsterinsights_sitenote_active":false,"_monsterinsights_sitenote_note":"","_monsterinsights_sitenote_category":0},"categories":[10,26],"tags":[],"yoast_head":"<!-- This site is optimized with the Yoast SEO plugin v17.0 - https:\/\/yoast.com\/wordpress\/plugins\/seo\/ -->\n<title>Crece violencia en Miahuatl\u00e1n: matan a un adolescente - PubliMar<\/title>\n<meta name=\"description\" content=\"En Miahuatl\u00e1n, un ataque armado dej\u00f3 una ni\u00f1a fallecida y su madre herida, mientras otro incidente dej\u00f3 al menos un hombre herido. Las autoridades investigan.\" \/>\n<meta name=\"robots\" content=\"index, follow, max-snippet:-1, max-image-preview:large, max-video-preview:-1\" \/>\n<link rel=\"canonical\" href=\"https:\/\/publimar.mx\/index.php\/2024\/08\/16\/crece-violencia-en-miahuatlan-matan-a-un-adolescente\/\" \/>\n<meta property=\"og:locale\" content=\"es_ES\" \/>\n<meta property=\"og:type\" content=\"article\" \/>\n<meta property=\"og:title\" content=\"Crece violencia en Miahuatl\u00e1n: matan a un adolescente - PubliMar\" \/>\n<meta property=\"og:description\" content=\"En Miahuatl\u00e1n, un ataque armado dej\u00f3 una ni\u00f1a fallecida y su madre herida, mientras otro incidente dej\u00f3 al menos un hombre herido. Las autoridades investigan.\" \/>\n<meta property=\"og:url\" content=\"https:\/\/publimar.mx\/index.php\/2024\/08\/16\/crece-violencia-en-miahuatlan-matan-a-un-adolescente\/\" \/>\n<meta property=\"og:site_name\" content=\"PubliMar\" \/>\n<meta property=\"article:published_time\" content=\"2024-08-16T15:59:48+00:00\" \/>\n<meta property=\"article:modified_time\" content=\"2024-08-16T15:59:49+00:00\" \/>\n<meta property=\"og:image\" content=\"https:\/\/publimar.mx\/wp-content\/uploads\/2024\/08\/Baleado-Miahuatlan.jpg\" \/>\n\t<meta property=\"og:image:width\" content=\"535\" \/>\n\t<meta property=\"og:image:height\" content=\"401\" \/>\n<meta name=\"twitter:card\" content=\"summary_large_image\" \/>\n<meta name=\"twitter:label1\" content=\"Escrito por\" \/>\n\t<meta name=\"twitter:data1\" content=\"admin\" \/>\n\t<meta name=\"twitter:label2\" content=\"Tiempo de lectura\" \/>\n\t<meta name=\"twitter:data2\" content=\"2 minutos\" \/>\n<script type=\"application\/ld+json\" class=\"yoast-schema-graph\">{\"@context\":\"https:\/\/schema.org\",\"@graph\":[{\"@type\":\"WebSite\",\"@id\":\"https:\/\/publimar.mx\/#website\",\"url\":\"https:\/\/publimar.mx\/\",\"name\":\"PubliMar\",\"description\":\"Informaci\\u00f3n de la Costa Oaxaque\\u00f1a\",\"publisher\":{\"@id\":\"https:\/\/publimar.mx\/#\/schema\/person\/42ad4d315580276616a11863a241f558\"},\"potentialAction\":[{\"@type\":\"SearchAction\",\"target\":{\"@type\":\"EntryPoint\",\"urlTemplate\":\"https:\/\/publimar.mx\/?s={search_term_string}\"},\"query-input\":\"required name=search_term_string\"}],\"inLanguage\":\"es\"},{\"@type\":\"ImageObject\",\"@id\":\"https:\/\/publimar.mx\/index.php\/2024\/08\/16\/crece-violencia-en-miahuatlan-matan-a-un-adolescente\/#primaryimage\",\"inLanguage\":\"es\",\"url\":\"https:\/\/publimar.mx\/wp-content\/uploads\/2024\/08\/Baleado-Miahuatlan.jpg\",\"contentUrl\":\"https:\/\/publimar.mx\/wp-content\/uploads\/2024\/08\/Baleado-Miahuatlan.jpg\",\"width\":535,\"height\":401},{\"@type\":\"WebPage\",\"@id\":\"https:\/\/publimar.mx\/index.php\/2024\/08\/16\/crece-violencia-en-miahuatlan-matan-a-un-adolescente\/#webpage\",\"url\":\"https:\/\/publimar.mx\/index.php\/2024\/08\/16\/crece-violencia-en-miahuatlan-matan-a-un-adolescente\/\",\"name\":\"Crece violencia en Miahuatl\\u00e1n: matan a un adolescente - PubliMar\",\"isPartOf\":{\"@id\":\"https:\/\/publimar.mx\/#website\"},\"primaryImageOfPage\":{\"@id\":\"https:\/\/publimar.mx\/index.php\/2024\/08\/16\/crece-violencia-en-miahuatlan-matan-a-un-adolescente\/#primaryimage\"},\"datePublished\":\"2024-08-16T15:59:48+00:00\",\"dateModified\":\"2024-08-16T15:59:49+00:00\",\"description\":\"En Miahuatl\\u00e1n, un ataque armado dej\\u00f3 una ni\\u00f1a fallecida y su madre herida, mientras otro incidente dej\\u00f3 al menos un hombre herido. Las autoridades investigan.\",\"breadcrumb\":{\"@id\":\"https:\/\/publimar.mx\/index.php\/2024\/08\/16\/crece-violencia-en-miahuatlan-matan-a-un-adolescente\/#breadcrumb\"},\"inLanguage\":\"es\",\"potentialAction\":[{\"@type\":\"ReadAction\",\"target\":[\"https:\/\/publimar.mx\/index.php\/2024\/08\/16\/crece-violencia-en-miahuatlan-matan-a-un-adolescente\/\"]}]},{\"@type\":\"BreadcrumbList\",\"@id\":\"https:\/\/publimar.mx\/index.php\/2024\/08\/16\/crece-violencia-en-miahuatlan-matan-a-un-adolescente\/#breadcrumb\",\"itemListElement\":[{\"@type\":\"ListItem\",\"position\":1,\"name\":\"Portada\",\"item\":\"https:\/\/publimar.mx\/\"},{\"@type\":\"ListItem\",\"position\":2,\"name\":\"Crece violencia en Miahuatl\\u00e1n: matan a un adolescente\"}]},{\"@type\":[\"Article\",\"NewsArticle\"],\"@id\":\"https:\/\/publimar.mx\/index.php\/2024\/08\/16\/crece-violencia-en-miahuatlan-matan-a-un-adolescente\/#article\",\"isPartOf\":{\"@id\":\"https:\/\/publimar.mx\/index.php\/2024\/08\/16\/crece-violencia-en-miahuatlan-matan-a-un-adolescente\/#webpage\"},\"author\":{\"@id\":\"https:\/\/publimar.mx\/#\/schema\/person\/42ad4d315580276616a11863a241f558\"},\"headline\":\"Crece violencia en Miahuatl\\u00e1n: matan a un adolescente\",\"datePublished\":\"2024-08-16T15:59:48+00:00\",\"dateModified\":\"2024-08-16T15:59:49+00:00\",\"mainEntityOfPage\":{\"@id\":\"https:\/\/publimar.mx\/index.php\/2024\/08\/16\/crece-violencia-en-miahuatlan-matan-a-un-adolescente\/#webpage\"},\"wordCount\":295,\"commentCount\":0,\"publisher\":{\"@id\":\"https:\/\/publimar.mx\/#\/schema\/person\/42ad4d315580276616a11863a241f558\"},\"image\":{\"@id\":\"https:\/\/publimar.mx\/index.php\/2024\/08\/16\/crece-violencia-en-miahuatlan-matan-a-un-adolescente\/#primaryimage\"},\"thumbnailUrl\":\"https:\/\/publimar.mx\/wp-content\/uploads\/2024\/08\/Baleado-Miahuatlan.jpg\",\"articleSection\":[\"policiaca\",\"Seguridad\"],\"inLanguage\":\"es\",\"potentialAction\":[{\"@type\":\"CommentAction\",\"name\":\"Comment\",\"target\":[\"https:\/\/publimar.mx\/index.php\/2024\/08\/16\/crece-violencia-en-miahuatlan-matan-a-un-adolescente\/#respond\"]}]},{\"@type\":[\"Person\",\"Organization\"],\"@id\":\"https:\/\/publimar.mx\/#\/schema\/person\/42ad4d315580276616a11863a241f558\",\"name\":\"admin\",\"image\":{\"@type\":\"ImageObject\",\"@id\":\"https:\/\/publimar.mx\/#personlogo\",\"inLanguage\":\"es\",\"url\":\"https:\/\/publimar.mx\/wp-content\/uploads\/2021\/08\/logo.png\",\"contentUrl\":\"https:\/\/publimar.mx\/wp-content\/uploads\/2021\/08\/logo.png\",\"width\":454,\"height\":108,\"caption\":\"admin\"},\"logo\":{\"@id\":\"https:\/\/publimar.mx\/#personlogo\"},\"sameAs\":[\"https:\/\/publimar.mx\"],\"url\":\"https:\/\/publimar.mx\/index.php\/author\/admin\/\"}]}<\/script>\n<!-- \/ Yoast SEO plugin. -->","yoast_head_json":{"title":"Crece violencia en Miahuatl\u00e1n: matan a un adolescente - PubliMar","description":"En Miahuatl\u00e1n, un ataque armado dej\u00f3 una ni\u00f1a fallecida y su madre herida, mientras otro incidente dej\u00f3 al menos un hombre herido. Las autoridades investigan.","robots":{"index":"index","follow":"follow","max-snippet":"max-snippet:-1","max-image-preview":"max-image-preview:large","max-video-preview":"max-video-preview:-1"},"canonical":"https:\/\/publimar.mx\/index.php\/2024\/08\/16\/crece-violencia-en-miahuatlan-matan-a-un-adolescente\/","og_locale":"es_ES","og_type":"article","og_title":"Crece violencia en Miahuatl\u00e1n: matan a un adolescente - PubliMar","og_description":"En Miahuatl\u00e1n, un ataque armado dej\u00f3 una ni\u00f1a fallecida y su madre herida, mientras otro incidente dej\u00f3 al menos un hombre herido. Las autoridades investigan.","og_url":"https:\/\/publimar.mx\/index.php\/2024\/08\/16\/crece-violencia-en-miahuatlan-matan-a-un-adolescente\/","og_site_name":"PubliMar","article_published_time":"2024-08-16T15:59:48+00:00","article_modified_time":"2024-08-16T15:59:49+00:00","og_image":[{"width":535,"height":401,"url":"https:\/\/publimar.mx\/wp-content\/uploads\/2024\/08\/Baleado-Miahuatlan.jpg","path":"\/home\/u358712125\/domains\/publimar.mx\/public_html\/wp-content\/uploads\/2024\/08\/Baleado-Miahuatlan.jpg","size":"full","id":12817,"alt":"","pixels":214535,"type":"image\/jpeg"}],"twitter_card":"summary_large_image","twitter_misc":{"Escrito por":"admin","Tiempo de lectura":"2 minutos"},"schema":{"@context":"https:\/\/schema.org","@graph":[{"@type":"WebSite","@id":"https:\/\/publimar.mx\/#website","url":"https:\/\/publimar.mx\/","name":"PubliMar","description":"Informaci\u00f3n de la Costa Oaxaque\u00f1a","publisher":{"@id":"https:\/\/publimar.mx\/#\/schema\/person\/42ad4d315580276616a11863a241f558"},"potentialAction":[{"@type":"SearchAction","target":{"@type":"EntryPoint","urlTemplate":"https:\/\/publimar.mx\/?s={search_term_string}"},"query-input":"required name=search_term_string"}],"inLanguage":"es"},{"@type":"ImageObject","@id":"https:\/\/publimar.mx\/index.php\/2024\/08\/16\/crece-violencia-en-miahuatlan-matan-a-un-adolescente\/#primaryimage","inLanguage":"es","url":"https:\/\/publimar.mx\/wp-content\/uploads\/2024\/08\/Baleado-Miahuatlan.jpg","contentUrl":"https:\/\/publimar.mx\/wp-content\/uploads\/2024\/08\/Baleado-Miahuatlan.jpg","width":535,"height":401},{"@type":"WebPage","@id":"https:\/\/publimar.mx\/index.php\/2024\/08\/16\/crece-violencia-en-miahuatlan-matan-a-un-adolescente\/#webpage","url":"https:\/\/publimar.mx\/index.php\/2024\/08\/16\/crece-violencia-en-miahuatlan-matan-a-un-adolescente\/","name":"Crece violencia en Miahuatl\u00e1n: matan a un adolescente - PubliMar","isPartOf":{"@id":"https:\/\/publimar.mx\/#website"},"primaryImageOfPage":{"@id":"https:\/\/publimar.mx\/index.php\/2024\/08\/16\/crece-violencia-en-miahuatlan-matan-a-un-adolescente\/#primaryimage"},"datePublished":"2024-08-16T15:59:48+00:00","dateModified":"2024-08-16T15:59:49+00:00","description":"En Miahuatl\u00e1n, un ataque armado dej\u00f3 una ni\u00f1a fallecida y su madre herida, mientras otro incidente dej\u00f3 al menos un hombre herido. Las autoridades investigan.","breadcrumb":{"@id":"https:\/\/publimar.mx\/index.php\/2024\/08\/16\/crece-violencia-en-miahuatlan-matan-a-un-adolescente\/#breadcrumb"},"inLanguage":"es","potentialAction":[{"@type":"ReadAction","target":["https:\/\/publimar.mx\/index.php\/2024\/08\/16\/crece-violencia-en-miahuatlan-matan-a-un-adolescente\/"]}]},{"@type":"BreadcrumbList","@id":"https:\/\/publimar.mx\/index.php\/2024\/08\/16\/crece-violencia-en-miahuatlan-matan-a-un-adolescente\/#breadcrumb","itemListElement":[{"@type":"ListItem","position":1,"name":"Portada","item":"https:\/\/publimar.mx\/"},{"@type":"ListItem","position":2,"name":"Crece violencia en Miahuatl\u00e1n: matan a un adolescente"}]},{"@type":["Article","NewsArticle"],"@id":"https:\/\/publimar.mx\/index.php\/2024\/08\/16\/crece-violencia-en-miahuatlan-matan-a-un-adolescente\/#article","isPartOf":{"@id":"https:\/\/publimar.mx\/index.php\/2024\/08\/16\/crece-violencia-en-miahuatlan-matan-a-un-adolescente\/#webpage"},"author":{"@id":"https:\/\/publimar.mx\/#\/schema\/person\/42ad4d315580276616a11863a241f558"},"headline":"Crece violencia en Miahuatl\u00e1n: matan a un adolescente","datePublished":"2024-08-16T15:59:48+00:00","dateModified":"2024-08-16T15:59:49+00:00","mainEntityOfPage":{"@id":"https:\/\/publimar.mx\/index.php\/2024\/08\/16\/crece-violencia-en-miahuatlan-matan-a-un-adolescente\/#webpage"},"wordCount":295,"commentCount":0,"publisher":{"@id":"https:\/\/publimar.mx\/#\/schema\/person\/42ad4d315580276616a11863a241f558"},"image":{"@id":"https:\/\/publimar.mx\/index.php\/2024\/08\/16\/crece-violencia-en-miahuatlan-matan-a-un-adolescente\/#primaryimage"},"thumbnailUrl":"https:\/\/publimar.mx\/wp-content\/uploads\/2024\/08\/Baleado-Miahuatlan.jpg","articleSection":["policiaca","Seguridad"],"inLanguage":"es","potentialAction":[{"@type":"CommentAction","name":"Comment","target":["https:\/\/publimar.mx\/index.php\/2024\/08\/16\/crece-violencia-en-miahuatlan-matan-a-un-adolescente\/#respond"]}]},{"@type":["Person","Organization"],"@id":"https:\/\/publimar.mx\/#\/schema\/person\/42ad4d315580276616a11863a241f558","name":"admin","image":{"@type":"ImageObject","@id":"https:\/\/publimar.mx\/#personlogo","inLanguage":"es","url":"https:\/\/publimar.mx\/wp-content\/uploads\/2021\/08\/logo.png","contentUrl":"https:\/\/publimar.mx\/wp-content\/uploads\/2021\/08\/logo.png","width":454,"height":108,"caption":"admin"},"logo":{"@id":"https:\/\/publimar.mx\/#personlogo"},"sameAs":["https:\/\/publimar.mx"],"url":"https:\/\/publimar.mx\/index.php\/author\/admin\/"}]}},"_links":{"self":[{"href":"https:\/\/publimar.mx\/index.php\/wp-json\/wp\/v2\/posts\/12816"}],"collection":[{"href":"https:\/\/publimar.mx\/index.php\/wp-json\/wp\/v2\/posts"}],"about":[{"href":"https:\/\/publimar.mx\/index.php\/wp-json\/wp\/v2\/types\/post"}],"author":[{"embeddable":true,"href":"https:\/\/publimar.mx\/index.php\/wp-json\/wp\/v2\/users\/1"}],"replies":[{"embeddable":true,"href":"https:\/\/publimar.mx\/index.php\/wp-json\/wp\/v2\/comments?post=12816"}],"version-history":[{"count":1,"href":"https:\/\/publimar.mx\/index.php\/wp-json\/wp\/v2\/posts\/12816\/revisions"}],"predecessor-version":[{"id":12818,"href":"https:\/\/publimar.mx\/index.php\/wp-json\/wp\/v2\/posts\/12816\/revisions\/12818"}],"wp:featuredmedia":[{"embeddable":true,"href":"https:\/\/publimar.mx\/index.php\/wp-json\/wp\/v2\/media\/12817"}],"wp:attachment":[{"href":"https:\/\/publimar.mx\/index.php\/wp-json\/wp\/v2\/media?parent=12816"}],"wp:term":[{"taxonomy":"category","embeddable":true,"href":"https:\/\/publimar.mx\/index.php\/wp-json\/wp\/v2\/categories?post=12816"},{"taxonomy":"post_tag","embeddable":true,"href":"https:\/\/publimar.mx\/index.php\/wp-json\/wp\/v2\/tags?post=12816"}],"curies":[{"name":"wp","href":"https:\/\/api.w.org\/{rel}","templated":true}]}}