{"id":12804,"date":"2024-08-16T09:01:55","date_gmt":"2024-08-16T14:01:55","guid":{"rendered":"https:\/\/publimar.mx\/?p=12804"},"modified":"2024-08-16T09:01:57","modified_gmt":"2024-08-16T14:01:57","slug":"fortalecen-plan-emergente-contra-el-dengue-en-la-costa","status":"publish","type":"post","link":"https:\/\/publimar.mx\/index.php\/2024\/08\/16\/fortalecen-plan-emergente-contra-el-dengue-en-la-costa\/","title":{"rendered":"Fortalecen Plan Emergente contra el dengue en la Costa"},"content":{"rendered":"\n<div class=\"wp-block-image\"><figure class=\"alignright size-full is-resized\"><img loading=\"lazy\" src=\"https:\/\/publimar.mx\/wp-content\/uploads\/2024\/08\/c378a5f6-32ab-4b21-992b-a389b28634ea.jpeg\" alt=\"\" class=\"wp-image-12805\" width=\"450\" height=\"253\" srcset=\"https:\/\/publimar.mx\/wp-content\/uploads\/2024\/08\/c378a5f6-32ab-4b21-992b-a389b28634ea.jpeg 900w, https:\/\/publimar.mx\/wp-content\/uploads\/2024\/08\/c378a5f6-32ab-4b21-992b-a389b28634ea-300x169.jpeg 300w, https:\/\/publimar.mx\/wp-content\/uploads\/2024\/08\/c378a5f6-32ab-4b21-992b-a389b28634ea-768x432.jpeg 768w\" sizes=\"(max-width: 450px) 100vw, 450px\" \/><\/figure><\/div>\n\n\n\n<p>\u2022 La secretaria de Salud encabez\u00f3 esta actividad con las que se cubrir\u00e1n ocho municipios prioritarios<\/p>\n\n\n\n<p>\u2022 Participar\u00e1 el ej\u00e9rcito de vectores, personal del programa de Promoci\u00f3n a la Salud y personas voluntarias<\/p>\n\n\n\n<p>\u2022 Invitan a la ciudadan\u00eda a sumarse a la estrategia que permitir\u00e1 reducir el n\u00famero de casos<\/p>\n\n\n\n<p>&#8211; Con la participaci\u00f3n de m\u00e1s de 200 habitantes de esta municipalidad, la secretaria de Salud de Oaxaca, Alma Lilia Velasco Hern\u00e1ndez encabez\u00f3 el inicio del fortalecimiento intensivo del Plan Emergente Oaxaca Unida contra el Dengue en la regi\u00f3n Costa, con \u00e9nfasis en ocho municipios prioritarios.<\/p>\n\n\n\n<p>Ante el presidente municipal Antonio Marbel Jim\u00e9nez Meza, la funcionaria detall\u00f3 que para el \u00e9xito de esta estrategia se contar\u00e1 con la participaci\u00f3n de 25 personas voluntarias, 70 trabajadoras del programa de vectores y personal de Promoci\u00f3n a la Salud, quienes recorrer\u00e1n casa por casa, a partir de este jueves y hasta el mes de noviembre.<\/p>\n\n\n\n<p>Este ej\u00e9rcito desplegar\u00e1 actividades que permitan ganarle la batalla al zancudo Aedes aegypti mediante herramientas como termonebulizadoras port\u00e1tiles y veh\u00edculos nebulizadores con m\u00e1quinas pesadas.<\/p>\n\n\n\n<p>Adem\u00e1s, implementar\u00e1n ejercicios de educaci\u00f3n para la salud, difusi\u00f3n de informaci\u00f3n y control vectorial en las zonas de mayor riesgo a trav\u00e9s del fomento de Patio y Vivienda Limpia, con \u00e9nfasis en la estrategia Lava, Tapa, Voltea y Tira, as\u00ed como en sitios de inter\u00e9s epidemiol\u00f3gico y concentraci\u00f3n poblacional.<\/p>\n\n\n\n<p>De ah\u00ed que, la funcionaria invit\u00f3 a las y los habitantes de la demarcaci\u00f3n a sumarse en acciones de limpieza de los hogares, escuelas, \u00e1reas p\u00fablicas y a las campa\u00f1as masivas de eliminaci\u00f3n de criaderos que se programar\u00e1n, esto con la finalidad de contener la transmisi\u00f3n del dengue.<\/p>\n\n\n\n<p>Puntualiz\u00f3 que la participaci\u00f3n desde los hogares es crucial con trabajos b\u00e1sicos como lavar con jab\u00f3n y cepillo las cubetas, piletas, tinacos, cisternas y floreros; tapar los recipientes donde se almacena agua; voltear cubetas, tinas u objetos que no se utilicen y desechar adecuadamente botellas, llantas, latas o trastes que ya no se necesiten.<\/p>\n","protected":false},"excerpt":{"rendered":"<p>\u2022 La secretaria de Salud encabez\u00f3 esta actividad con las que se cubrir\u00e1n ocho municipios prioritarios \u2022 Participar\u00e1 el ej\u00e9rcito de vectores, personal del programa de Promoci\u00f3n a la Salud&hellip; <\/p>\n","protected":false},"author":1,"featured_media":12805,"comment_status":"open","ping_status":"open","sticky":false,"template":"","format":"standard","meta":{"_monsterinsights_skip_tracking":false,"_monsterinsights_sitenote_active":false,"_monsterinsights_sitenote_note":"","_monsterinsights_sitenote_category":0},"categories":[14,23],"tags":[],"yoast_head":"<!-- This site is optimized with the Yoast SEO plugin v17.0 - https:\/\/yoast.com\/wordpress\/plugins\/seo\/ -->\n<title>Fortalecen Plan Emergente contra el dengue en la Costa - PubliMar<\/title>\n<meta name=\"description\" content=\"Implementan un plan emergente en la Costa de Oaxaca para combatir el dengue, con medidas de descacharrizaci\u00f3n, fumigaci\u00f3n y capacitaci\u00f3n del personal de salud\" \/>\n<meta name=\"robots\" content=\"index, follow, max-snippet:-1, max-image-preview:large, max-video-preview:-1\" \/>\n<link rel=\"canonical\" href=\"https:\/\/publimar.mx\/index.php\/2024\/08\/16\/fortalecen-plan-emergente-contra-el-dengue-en-la-costa\/\" \/>\n<meta property=\"og:locale\" content=\"es_ES\" \/>\n<meta property=\"og:type\" content=\"article\" \/>\n<meta property=\"og:title\" content=\"Fortalecen Plan Emergente contra el dengue en la Costa - PubliMar\" \/>\n<meta property=\"og:description\" content=\"Implementan un plan emergente en la Costa de Oaxaca para combatir el dengue, con medidas de descacharrizaci\u00f3n, fumigaci\u00f3n y capacitaci\u00f3n del personal de salud\" \/>\n<meta property=\"og:url\" content=\"https:\/\/publimar.mx\/index.php\/2024\/08\/16\/fortalecen-plan-emergente-contra-el-dengue-en-la-costa\/\" \/>\n<meta property=\"og:site_name\" content=\"PubliMar\" \/>\n<meta property=\"article:published_time\" content=\"2024-08-16T14:01:55+00:00\" \/>\n<meta property=\"article:modified_time\" content=\"2024-08-16T14:01:57+00:00\" \/>\n<meta property=\"og:image\" content=\"https:\/\/publimar.mx\/wp-content\/uploads\/2024\/08\/c378a5f6-32ab-4b21-992b-a389b28634ea.jpeg\" \/>\n\t<meta property=\"og:image:width\" content=\"900\" \/>\n\t<meta property=\"og:image:height\" content=\"506\" \/>\n<meta name=\"twitter:card\" content=\"summary_large_image\" \/>\n<meta name=\"twitter:label1\" content=\"Escrito por\" \/>\n\t<meta name=\"twitter:data1\" content=\"admin\" \/>\n\t<meta name=\"twitter:label2\" content=\"Tiempo de lectura\" \/>\n\t<meta name=\"twitter:data2\" content=\"2 minutos\" \/>\n<script type=\"application\/ld+json\" class=\"yoast-schema-graph\">{\"@context\":\"https:\/\/schema.org\",\"@graph\":[{\"@type\":\"WebSite\",\"@id\":\"https:\/\/publimar.mx\/#website\",\"url\":\"https:\/\/publimar.mx\/\",\"name\":\"PubliMar\",\"description\":\"Informaci\\u00f3n de la Costa Oaxaque\\u00f1a\",\"publisher\":{\"@id\":\"https:\/\/publimar.mx\/#\/schema\/person\/42ad4d315580276616a11863a241f558\"},\"potentialAction\":[{\"@type\":\"SearchAction\",\"target\":{\"@type\":\"EntryPoint\",\"urlTemplate\":\"https:\/\/publimar.mx\/?s={search_term_string}\"},\"query-input\":\"required name=search_term_string\"}],\"inLanguage\":\"es\"},{\"@type\":\"ImageObject\",\"@id\":\"https:\/\/publimar.mx\/index.php\/2024\/08\/16\/fortalecen-plan-emergente-contra-el-dengue-en-la-costa\/#primaryimage\",\"inLanguage\":\"es\",\"url\":\"https:\/\/publimar.mx\/wp-content\/uploads\/2024\/08\/c378a5f6-32ab-4b21-992b-a389b28634ea.jpeg\",\"contentUrl\":\"https:\/\/publimar.mx\/wp-content\/uploads\/2024\/08\/c378a5f6-32ab-4b21-992b-a389b28634ea.jpeg\",\"width\":900,\"height\":506},{\"@type\":\"WebPage\",\"@id\":\"https:\/\/publimar.mx\/index.php\/2024\/08\/16\/fortalecen-plan-emergente-contra-el-dengue-en-la-costa\/#webpage\",\"url\":\"https:\/\/publimar.mx\/index.php\/2024\/08\/16\/fortalecen-plan-emergente-contra-el-dengue-en-la-costa\/\",\"name\":\"Fortalecen Plan Emergente contra el dengue en la Costa - PubliMar\",\"isPartOf\":{\"@id\":\"https:\/\/publimar.mx\/#website\"},\"primaryImageOfPage\":{\"@id\":\"https:\/\/publimar.mx\/index.php\/2024\/08\/16\/fortalecen-plan-emergente-contra-el-dengue-en-la-costa\/#primaryimage\"},\"datePublished\":\"2024-08-16T14:01:55+00:00\",\"dateModified\":\"2024-08-16T14:01:57+00:00\",\"description\":\"Implementan un plan emergente en la Costa de Oaxaca para combatir el dengue, con medidas de descacharrizaci\\u00f3n, fumigaci\\u00f3n y capacitaci\\u00f3n del personal de salud\",\"breadcrumb\":{\"@id\":\"https:\/\/publimar.mx\/index.php\/2024\/08\/16\/fortalecen-plan-emergente-contra-el-dengue-en-la-costa\/#breadcrumb\"},\"inLanguage\":\"es\",\"potentialAction\":[{\"@type\":\"ReadAction\",\"target\":[\"https:\/\/publimar.mx\/index.php\/2024\/08\/16\/fortalecen-plan-emergente-contra-el-dengue-en-la-costa\/\"]}]},{\"@type\":\"BreadcrumbList\",\"@id\":\"https:\/\/publimar.mx\/index.php\/2024\/08\/16\/fortalecen-plan-emergente-contra-el-dengue-en-la-costa\/#breadcrumb\",\"itemListElement\":[{\"@type\":\"ListItem\",\"position\":1,\"name\":\"Portada\",\"item\":\"https:\/\/publimar.mx\/\"},{\"@type\":\"ListItem\",\"position\":2,\"name\":\"Fortalecen Plan Emergente contra el dengue en la Costa\"}]},{\"@type\":[\"Article\",\"NewsArticle\"],\"@id\":\"https:\/\/publimar.mx\/index.php\/2024\/08\/16\/fortalecen-plan-emergente-contra-el-dengue-en-la-costa\/#article\",\"isPartOf\":{\"@id\":\"https:\/\/publimar.mx\/index.php\/2024\/08\/16\/fortalecen-plan-emergente-contra-el-dengue-en-la-costa\/#webpage\"},\"author\":{\"@id\":\"https:\/\/publimar.mx\/#\/schema\/person\/42ad4d315580276616a11863a241f558\"},\"headline\":\"Fortalecen Plan Emergente contra el dengue en la Costa\",\"datePublished\":\"2024-08-16T14:01:55+00:00\",\"dateModified\":\"2024-08-16T14:01:57+00:00\",\"mainEntityOfPage\":{\"@id\":\"https:\/\/publimar.mx\/index.php\/2024\/08\/16\/fortalecen-plan-emergente-contra-el-dengue-en-la-costa\/#webpage\"},\"wordCount\":365,\"commentCount\":0,\"publisher\":{\"@id\":\"https:\/\/publimar.mx\/#\/schema\/person\/42ad4d315580276616a11863a241f558\"},\"image\":{\"@id\":\"https:\/\/publimar.mx\/index.php\/2024\/08\/16\/fortalecen-plan-emergente-contra-el-dengue-en-la-costa\/#primaryimage\"},\"thumbnailUrl\":\"https:\/\/publimar.mx\/wp-content\/uploads\/2024\/08\/c378a5f6-32ab-4b21-992b-a389b28634ea.jpeg\",\"articleSection\":[\"Regional\",\"Salud\"],\"inLanguage\":\"es\",\"potentialAction\":[{\"@type\":\"CommentAction\",\"name\":\"Comment\",\"target\":[\"https:\/\/publimar.mx\/index.php\/2024\/08\/16\/fortalecen-plan-emergente-contra-el-dengue-en-la-costa\/#respond\"]}]},{\"@type\":[\"Person\",\"Organization\"],\"@id\":\"https:\/\/publimar.mx\/#\/schema\/person\/42ad4d315580276616a11863a241f558\",\"name\":\"admin\",\"image\":{\"@type\":\"ImageObject\",\"@id\":\"https:\/\/publimar.mx\/#personlogo\",\"inLanguage\":\"es\",\"url\":\"https:\/\/publimar.mx\/wp-content\/uploads\/2021\/08\/logo.png\",\"contentUrl\":\"https:\/\/publimar.mx\/wp-content\/uploads\/2021\/08\/logo.png\",\"width\":454,\"height\":108,\"caption\":\"admin\"},\"logo\":{\"@id\":\"https:\/\/publimar.mx\/#personlogo\"},\"sameAs\":[\"https:\/\/publimar.mx\"],\"url\":\"https:\/\/publimar.mx\/index.php\/author\/admin\/\"}]}<\/script>\n<!-- \/ Yoast SEO plugin. -->","yoast_head_json":{"title":"Fortalecen Plan Emergente contra el dengue en la Costa - PubliMar","description":"Implementan un plan emergente en la Costa de Oaxaca para combatir el dengue, con medidas de descacharrizaci\u00f3n, fumigaci\u00f3n y capacitaci\u00f3n del personal de salud","robots":{"index":"index","follow":"follow","max-snippet":"max-snippet:-1","max-image-preview":"max-image-preview:large","max-video-preview":"max-video-preview:-1"},"canonical":"https:\/\/publimar.mx\/index.php\/2024\/08\/16\/fortalecen-plan-emergente-contra-el-dengue-en-la-costa\/","og_locale":"es_ES","og_type":"article","og_title":"Fortalecen Plan Emergente contra el dengue en la Costa - PubliMar","og_description":"Implementan un plan emergente en la Costa de Oaxaca para combatir el dengue, con medidas de descacharrizaci\u00f3n, fumigaci\u00f3n y capacitaci\u00f3n del personal de salud","og_url":"https:\/\/publimar.mx\/index.php\/2024\/08\/16\/fortalecen-plan-emergente-contra-el-dengue-en-la-costa\/","og_site_name":"PubliMar","article_published_time":"2024-08-16T14:01:55+00:00","article_modified_time":"2024-08-16T14:01:57+00:00","og_image":[{"width":900,"height":506,"url":"https:\/\/publimar.mx\/wp-content\/uploads\/2024\/08\/c378a5f6-32ab-4b21-992b-a389b28634ea.jpeg","path":"\/home\/u358712125\/domains\/publimar.mx\/public_html\/wp-content\/uploads\/2024\/08\/c378a5f6-32ab-4b21-992b-a389b28634ea.jpeg","size":"full","id":12805,"alt":"","pixels":455400,"type":"image\/jpeg"}],"twitter_card":"summary_large_image","twitter_misc":{"Escrito por":"admin","Tiempo de lectura":"2 minutos"},"schema":{"@context":"https:\/\/schema.org","@graph":[{"@type":"WebSite","@id":"https:\/\/publimar.mx\/#website","url":"https:\/\/publimar.mx\/","name":"PubliMar","description":"Informaci\u00f3n de la Costa Oaxaque\u00f1a","publisher":{"@id":"https:\/\/publimar.mx\/#\/schema\/person\/42ad4d315580276616a11863a241f558"},"potentialAction":[{"@type":"SearchAction","target":{"@type":"EntryPoint","urlTemplate":"https:\/\/publimar.mx\/?s={search_term_string}"},"query-input":"required name=search_term_string"}],"inLanguage":"es"},{"@type":"ImageObject","@id":"https:\/\/publimar.mx\/index.php\/2024\/08\/16\/fortalecen-plan-emergente-contra-el-dengue-en-la-costa\/#primaryimage","inLanguage":"es","url":"https:\/\/publimar.mx\/wp-content\/uploads\/2024\/08\/c378a5f6-32ab-4b21-992b-a389b28634ea.jpeg","contentUrl":"https:\/\/publimar.mx\/wp-content\/uploads\/2024\/08\/c378a5f6-32ab-4b21-992b-a389b28634ea.jpeg","width":900,"height":506},{"@type":"WebPage","@id":"https:\/\/publimar.mx\/index.php\/2024\/08\/16\/fortalecen-plan-emergente-contra-el-dengue-en-la-costa\/#webpage","url":"https:\/\/publimar.mx\/index.php\/2024\/08\/16\/fortalecen-plan-emergente-contra-el-dengue-en-la-costa\/","name":"Fortalecen Plan Emergente contra el dengue en la Costa - PubliMar","isPartOf":{"@id":"https:\/\/publimar.mx\/#website"},"primaryImageOfPage":{"@id":"https:\/\/publimar.mx\/index.php\/2024\/08\/16\/fortalecen-plan-emergente-contra-el-dengue-en-la-costa\/#primaryimage"},"datePublished":"2024-08-16T14:01:55+00:00","dateModified":"2024-08-16T14:01:57+00:00","description":"Implementan un plan emergente en la Costa de Oaxaca para combatir el dengue, con medidas de descacharrizaci\u00f3n, fumigaci\u00f3n y capacitaci\u00f3n del personal de salud","breadcrumb":{"@id":"https:\/\/publimar.mx\/index.php\/2024\/08\/16\/fortalecen-plan-emergente-contra-el-dengue-en-la-costa\/#breadcrumb"},"inLanguage":"es","potentialAction":[{"@type":"ReadAction","target":["https:\/\/publimar.mx\/index.php\/2024\/08\/16\/fortalecen-plan-emergente-contra-el-dengue-en-la-costa\/"]}]},{"@type":"BreadcrumbList","@id":"https:\/\/publimar.mx\/index.php\/2024\/08\/16\/fortalecen-plan-emergente-contra-el-dengue-en-la-costa\/#breadcrumb","itemListElement":[{"@type":"ListItem","position":1,"name":"Portada","item":"https:\/\/publimar.mx\/"},{"@type":"ListItem","position":2,"name":"Fortalecen Plan Emergente contra el dengue en la Costa"}]},{"@type":["Article","NewsArticle"],"@id":"https:\/\/publimar.mx\/index.php\/2024\/08\/16\/fortalecen-plan-emergente-contra-el-dengue-en-la-costa\/#article","isPartOf":{"@id":"https:\/\/publimar.mx\/index.php\/2024\/08\/16\/fortalecen-plan-emergente-contra-el-dengue-en-la-costa\/#webpage"},"author":{"@id":"https:\/\/publimar.mx\/#\/schema\/person\/42ad4d315580276616a11863a241f558"},"headline":"Fortalecen Plan Emergente contra el dengue en la Costa","datePublished":"2024-08-16T14:01:55+00:00","dateModified":"2024-08-16T14:01:57+00:00","mainEntityOfPage":{"@id":"https:\/\/publimar.mx\/index.php\/2024\/08\/16\/fortalecen-plan-emergente-contra-el-dengue-en-la-costa\/#webpage"},"wordCount":365,"commentCount":0,"publisher":{"@id":"https:\/\/publimar.mx\/#\/schema\/person\/42ad4d315580276616a11863a241f558"},"image":{"@id":"https:\/\/publimar.mx\/index.php\/2024\/08\/16\/fortalecen-plan-emergente-contra-el-dengue-en-la-costa\/#primaryimage"},"thumbnailUrl":"https:\/\/publimar.mx\/wp-content\/uploads\/2024\/08\/c378a5f6-32ab-4b21-992b-a389b28634ea.jpeg","articleSection":["Regional","Salud"],"inLanguage":"es","potentialAction":[{"@type":"CommentAction","name":"Comment","target":["https:\/\/publimar.mx\/index.php\/2024\/08\/16\/fortalecen-plan-emergente-contra-el-dengue-en-la-costa\/#respond"]}]},{"@type":["Person","Organization"],"@id":"https:\/\/publimar.mx\/#\/schema\/person\/42ad4d315580276616a11863a241f558","name":"admin","image":{"@type":"ImageObject","@id":"https:\/\/publimar.mx\/#personlogo","inLanguage":"es","url":"https:\/\/publimar.mx\/wp-content\/uploads\/2021\/08\/logo.png","contentUrl":"https:\/\/publimar.mx\/wp-content\/uploads\/2021\/08\/logo.png","width":454,"height":108,"caption":"admin"},"logo":{"@id":"https:\/\/publimar.mx\/#personlogo"},"sameAs":["https:\/\/publimar.mx"],"url":"https:\/\/publimar.mx\/index.php\/author\/admin\/"}]}},"_links":{"self":[{"href":"https:\/\/publimar.mx\/index.php\/wp-json\/wp\/v2\/posts\/12804"}],"collection":[{"href":"https:\/\/publimar.mx\/index.php\/wp-json\/wp\/v2\/posts"}],"about":[{"href":"https:\/\/publimar.mx\/index.php\/wp-json\/wp\/v2\/types\/post"}],"author":[{"embeddable":true,"href":"https:\/\/publimar.mx\/index.php\/wp-json\/wp\/v2\/users\/1"}],"replies":[{"embeddable":true,"href":"https:\/\/publimar.mx\/index.php\/wp-json\/wp\/v2\/comments?post=12804"}],"version-history":[{"count":1,"href":"https:\/\/publimar.mx\/index.php\/wp-json\/wp\/v2\/posts\/12804\/revisions"}],"predecessor-version":[{"id":12806,"href":"https:\/\/publimar.mx\/index.php\/wp-json\/wp\/v2\/posts\/12804\/revisions\/12806"}],"wp:featuredmedia":[{"embeddable":true,"href":"https:\/\/publimar.mx\/index.php\/wp-json\/wp\/v2\/media\/12805"}],"wp:attachment":[{"href":"https:\/\/publimar.mx\/index.php\/wp-json\/wp\/v2\/media?parent=12804"}],"wp:term":[{"taxonomy":"category","embeddable":true,"href":"https:\/\/publimar.mx\/index.php\/wp-json\/wp\/v2\/categories?post=12804"},{"taxonomy":"post_tag","embeddable":true,"href":"https:\/\/publimar.mx\/index.php\/wp-json\/wp\/v2\/tags?post=12804"}],"curies":[{"name":"wp","href":"https:\/\/api.w.org\/{rel}","templated":true}]}}