{"id":11992,"date":"2024-06-24T17:42:09","date_gmt":"2024-06-24T22:42:09","guid":{"rendered":"https:\/\/publimar.mx\/?p=11992"},"modified":"2024-06-24T17:42:11","modified_gmt":"2024-06-24T22:42:11","slug":"asesinato-en-loma-limon-san-mateo-pinas-hombre-es-ejecutado-a-balazos","status":"publish","type":"post","link":"https:\/\/publimar.mx\/index.php\/2024\/06\/24\/asesinato-en-loma-limon-san-mateo-pinas-hombre-es-ejecutado-a-balazos\/","title":{"rendered":"Asesinato en Loma Lim\u00f3n, San Mateo Pi\u00f1as: Hombre es Ejecutado a Balazos"},"content":{"rendered":"\n<p>Ra\u00fal Laguna<\/p>\n\n\n\n<div class=\"wp-block-image\"><figure class=\"alignright size-full\"><img loading=\"lazy\" width=\"455\" height=\"395\" src=\"https:\/\/publimar.mx\/wp-content\/uploads\/2024\/06\/noe.jpg\" alt=\"\" class=\"wp-image-11993\" srcset=\"https:\/\/publimar.mx\/wp-content\/uploads\/2024\/06\/noe.jpg 455w, https:\/\/publimar.mx\/wp-content\/uploads\/2024\/06\/noe-300x260.jpg 300w\" sizes=\"(max-width: 455px) 100vw, 455px\" \/><\/figure><\/div>\n\n\n\n<p>No\u00e9, residente de la localidad, perdi\u00f3 tr\u00e1gicamente la vida la noche del pasado domingo en un incidente violento mientras transitaba en su motocicleta por la carretera de terracer\u00eda que conecta Benito Ju\u00e1rez con Loma Lim\u00f3n, San Mateo Pi\u00f1as. Seg\u00fan informes, No\u00e9 fue atacado a tiros en el mencionado trayecto, siendo v\u00edctima de un acto de violencia que tambi\u00e9n dej\u00f3 herido a su hijo, quien lo acompa\u00f1aba en ese momento.<\/p>\n\n\n\n<p>La zona del crimen fue inmediatamente asegurada por las autoridades locales en espera del arribo de la polic\u00eda municipal y el personal del Ministerio P\u00fablico para iniciar con las investigaciones correspondientes.<\/p>\n\n\n\n<p>Este lamentable suceso ha consternado a la comunidad de San Mateo Pi\u00f1as, donde se espera que las autoridades esclarezcan los hechos y lleven ante la justicia a los responsables. Se exhorta a cualquier testigo o persona con informaci\u00f3n relevante a colaborar con las autoridades para resolver este caso y garantizar la seguridad de todos los habitantes de la regi\u00f3n.<\/p>\n","protected":false},"excerpt":{"rendered":"<p>Ra\u00fal Laguna No\u00e9, residente de la localidad, perdi\u00f3 tr\u00e1gicamente la vida la noche del pasado domingo en un incidente violento mientras transitaba en su motocicleta por la carretera de terracer\u00eda&hellip; <\/p>\n","protected":false},"author":1,"featured_media":11993,"comment_status":"open","ping_status":"open","sticky":false,"template":"","format":"standard","meta":{"_monsterinsights_skip_tracking":false,"_monsterinsights_sitenote_active":false,"_monsterinsights_sitenote_note":"","_monsterinsights_sitenote_category":0},"categories":[10],"tags":[],"yoast_head":"<!-- This site is optimized with the Yoast SEO plugin v17.0 - https:\/\/yoast.com\/wordpress\/plugins\/seo\/ -->\n<title>Asesinato en Loma Lim\u00f3n, San Mateo Pi\u00f1as: Hombre es Ejecutado a Balazos - PubliMar<\/title>\n<meta name=\"description\" content=\"No\u00e9 fue atacado a tiros en el mencionado trayecto, siendo v\u00edctima de un acto de violencia que tambi\u00e9n dej\u00f3 herido a su hijo, quien lo acom...\" \/>\n<meta name=\"robots\" content=\"index, follow, max-snippet:-1, max-image-preview:large, max-video-preview:-1\" \/>\n<link rel=\"canonical\" href=\"https:\/\/publimar.mx\/index.php\/2024\/06\/24\/asesinato-en-loma-limon-san-mateo-pinas-hombre-es-ejecutado-a-balazos\/\" \/>\n<meta property=\"og:locale\" content=\"es_ES\" \/>\n<meta property=\"og:type\" content=\"article\" \/>\n<meta property=\"og:title\" content=\"Asesinato en Loma Lim\u00f3n, San Mateo Pi\u00f1as: Hombre es Ejecutado a Balazos - PubliMar\" \/>\n<meta property=\"og:description\" content=\"No\u00e9 fue atacado a tiros en el mencionado trayecto, siendo v\u00edctima de un acto de violencia que tambi\u00e9n dej\u00f3 herido a su hijo, quien lo acom...\" \/>\n<meta property=\"og:url\" content=\"https:\/\/publimar.mx\/index.php\/2024\/06\/24\/asesinato-en-loma-limon-san-mateo-pinas-hombre-es-ejecutado-a-balazos\/\" \/>\n<meta property=\"og:site_name\" content=\"PubliMar\" \/>\n<meta property=\"article:published_time\" content=\"2024-06-24T22:42:09+00:00\" \/>\n<meta property=\"article:modified_time\" content=\"2024-06-24T22:42:11+00:00\" \/>\n<meta property=\"og:image\" content=\"https:\/\/publimar.mx\/wp-content\/uploads\/2024\/06\/noe.jpg\" \/>\n\t<meta property=\"og:image:width\" content=\"455\" \/>\n\t<meta property=\"og:image:height\" content=\"395\" \/>\n<meta name=\"twitter:card\" content=\"summary_large_image\" \/>\n<meta name=\"twitter:label1\" content=\"Escrito por\" \/>\n\t<meta name=\"twitter:data1\" content=\"admin\" \/>\n\t<meta name=\"twitter:label2\" content=\"Tiempo de lectura\" \/>\n\t<meta name=\"twitter:data2\" content=\"1 minuto\" \/>\n<script type=\"application\/ld+json\" class=\"yoast-schema-graph\">{\"@context\":\"https:\/\/schema.org\",\"@graph\":[{\"@type\":\"WebSite\",\"@id\":\"https:\/\/publimar.mx\/#website\",\"url\":\"https:\/\/publimar.mx\/\",\"name\":\"PubliMar\",\"description\":\"Informaci\\u00f3n de la Costa Oaxaque\\u00f1a\",\"publisher\":{\"@id\":\"https:\/\/publimar.mx\/#\/schema\/person\/42ad4d315580276616a11863a241f558\"},\"potentialAction\":[{\"@type\":\"SearchAction\",\"target\":{\"@type\":\"EntryPoint\",\"urlTemplate\":\"https:\/\/publimar.mx\/?s={search_term_string}\"},\"query-input\":\"required name=search_term_string\"}],\"inLanguage\":\"es\"},{\"@type\":\"ImageObject\",\"@id\":\"https:\/\/publimar.mx\/index.php\/2024\/06\/24\/asesinato-en-loma-limon-san-mateo-pinas-hombre-es-ejecutado-a-balazos\/#primaryimage\",\"inLanguage\":\"es\",\"url\":\"https:\/\/publimar.mx\/wp-content\/uploads\/2024\/06\/noe.jpg\",\"contentUrl\":\"https:\/\/publimar.mx\/wp-content\/uploads\/2024\/06\/noe.jpg\",\"width\":455,\"height\":395},{\"@type\":\"WebPage\",\"@id\":\"https:\/\/publimar.mx\/index.php\/2024\/06\/24\/asesinato-en-loma-limon-san-mateo-pinas-hombre-es-ejecutado-a-balazos\/#webpage\",\"url\":\"https:\/\/publimar.mx\/index.php\/2024\/06\/24\/asesinato-en-loma-limon-san-mateo-pinas-hombre-es-ejecutado-a-balazos\/\",\"name\":\"Asesinato en Loma Lim\\u00f3n, San Mateo Pi\\u00f1as: Hombre es Ejecutado a Balazos - PubliMar\",\"isPartOf\":{\"@id\":\"https:\/\/publimar.mx\/#website\"},\"primaryImageOfPage\":{\"@id\":\"https:\/\/publimar.mx\/index.php\/2024\/06\/24\/asesinato-en-loma-limon-san-mateo-pinas-hombre-es-ejecutado-a-balazos\/#primaryimage\"},\"datePublished\":\"2024-06-24T22:42:09+00:00\",\"dateModified\":\"2024-06-24T22:42:11+00:00\",\"description\":\"No\\u00e9 fue atacado a tiros en el mencionado trayecto, siendo v\\u00edctima de un acto de violencia que tambi\\u00e9n dej\\u00f3 herido a su hijo, quien lo acom...\",\"breadcrumb\":{\"@id\":\"https:\/\/publimar.mx\/index.php\/2024\/06\/24\/asesinato-en-loma-limon-san-mateo-pinas-hombre-es-ejecutado-a-balazos\/#breadcrumb\"},\"inLanguage\":\"es\",\"potentialAction\":[{\"@type\":\"ReadAction\",\"target\":[\"https:\/\/publimar.mx\/index.php\/2024\/06\/24\/asesinato-en-loma-limon-san-mateo-pinas-hombre-es-ejecutado-a-balazos\/\"]}]},{\"@type\":\"BreadcrumbList\",\"@id\":\"https:\/\/publimar.mx\/index.php\/2024\/06\/24\/asesinato-en-loma-limon-san-mateo-pinas-hombre-es-ejecutado-a-balazos\/#breadcrumb\",\"itemListElement\":[{\"@type\":\"ListItem\",\"position\":1,\"name\":\"Portada\",\"item\":\"https:\/\/publimar.mx\/\"},{\"@type\":\"ListItem\",\"position\":2,\"name\":\"Asesinato en Loma Lim\\u00f3n, San Mateo Pi\\u00f1as: Hombre es Ejecutado a Balazos\"}]},{\"@type\":[\"Article\",\"NewsArticle\"],\"@id\":\"https:\/\/publimar.mx\/index.php\/2024\/06\/24\/asesinato-en-loma-limon-san-mateo-pinas-hombre-es-ejecutado-a-balazos\/#article\",\"isPartOf\":{\"@id\":\"https:\/\/publimar.mx\/index.php\/2024\/06\/24\/asesinato-en-loma-limon-san-mateo-pinas-hombre-es-ejecutado-a-balazos\/#webpage\"},\"author\":{\"@id\":\"https:\/\/publimar.mx\/#\/schema\/person\/42ad4d315580276616a11863a241f558\"},\"headline\":\"Asesinato en Loma Lim\\u00f3n, San Mateo Pi\\u00f1as: Hombre es Ejecutado a Balazos\",\"datePublished\":\"2024-06-24T22:42:09+00:00\",\"dateModified\":\"2024-06-24T22:42:11+00:00\",\"mainEntityOfPage\":{\"@id\":\"https:\/\/publimar.mx\/index.php\/2024\/06\/24\/asesinato-en-loma-limon-san-mateo-pinas-hombre-es-ejecutado-a-balazos\/#webpage\"},\"wordCount\":190,\"commentCount\":0,\"publisher\":{\"@id\":\"https:\/\/publimar.mx\/#\/schema\/person\/42ad4d315580276616a11863a241f558\"},\"image\":{\"@id\":\"https:\/\/publimar.mx\/index.php\/2024\/06\/24\/asesinato-en-loma-limon-san-mateo-pinas-hombre-es-ejecutado-a-balazos\/#primaryimage\"},\"thumbnailUrl\":\"https:\/\/publimar.mx\/wp-content\/uploads\/2024\/06\/noe.jpg\",\"articleSection\":[\"policiaca\"],\"inLanguage\":\"es\",\"potentialAction\":[{\"@type\":\"CommentAction\",\"name\":\"Comment\",\"target\":[\"https:\/\/publimar.mx\/index.php\/2024\/06\/24\/asesinato-en-loma-limon-san-mateo-pinas-hombre-es-ejecutado-a-balazos\/#respond\"]}]},{\"@type\":[\"Person\",\"Organization\"],\"@id\":\"https:\/\/publimar.mx\/#\/schema\/person\/42ad4d315580276616a11863a241f558\",\"name\":\"admin\",\"image\":{\"@type\":\"ImageObject\",\"@id\":\"https:\/\/publimar.mx\/#personlogo\",\"inLanguage\":\"es\",\"url\":\"https:\/\/publimar.mx\/wp-content\/uploads\/2021\/08\/logo.png\",\"contentUrl\":\"https:\/\/publimar.mx\/wp-content\/uploads\/2021\/08\/logo.png\",\"width\":454,\"height\":108,\"caption\":\"admin\"},\"logo\":{\"@id\":\"https:\/\/publimar.mx\/#personlogo\"},\"sameAs\":[\"https:\/\/publimar.mx\"],\"url\":\"https:\/\/publimar.mx\/index.php\/author\/admin\/\"}]}<\/script>\n<!-- \/ Yoast SEO plugin. -->","yoast_head_json":{"title":"Asesinato en Loma Lim\u00f3n, San Mateo Pi\u00f1as: Hombre es Ejecutado a Balazos - PubliMar","description":"No\u00e9 fue atacado a tiros en el mencionado trayecto, siendo v\u00edctima de un acto de violencia que tambi\u00e9n dej\u00f3 herido a su hijo, quien lo acom...","robots":{"index":"index","follow":"follow","max-snippet":"max-snippet:-1","max-image-preview":"max-image-preview:large","max-video-preview":"max-video-preview:-1"},"canonical":"https:\/\/publimar.mx\/index.php\/2024\/06\/24\/asesinato-en-loma-limon-san-mateo-pinas-hombre-es-ejecutado-a-balazos\/","og_locale":"es_ES","og_type":"article","og_title":"Asesinato en Loma Lim\u00f3n, San Mateo Pi\u00f1as: Hombre es Ejecutado a Balazos - PubliMar","og_description":"No\u00e9 fue atacado a tiros en el mencionado trayecto, siendo v\u00edctima de un acto de violencia que tambi\u00e9n dej\u00f3 herido a su hijo, quien lo acom...","og_url":"https:\/\/publimar.mx\/index.php\/2024\/06\/24\/asesinato-en-loma-limon-san-mateo-pinas-hombre-es-ejecutado-a-balazos\/","og_site_name":"PubliMar","article_published_time":"2024-06-24T22:42:09+00:00","article_modified_time":"2024-06-24T22:42:11+00:00","og_image":[{"width":455,"height":395,"url":"https:\/\/publimar.mx\/wp-content\/uploads\/2024\/06\/noe.jpg","path":"\/home\/u358712125\/domains\/publimar.mx\/public_html\/wp-content\/uploads\/2024\/06\/noe.jpg","size":"full","id":11993,"alt":"","pixels":179725,"type":"image\/jpeg"}],"twitter_card":"summary_large_image","twitter_misc":{"Escrito por":"admin","Tiempo de lectura":"1 minuto"},"schema":{"@context":"https:\/\/schema.org","@graph":[{"@type":"WebSite","@id":"https:\/\/publimar.mx\/#website","url":"https:\/\/publimar.mx\/","name":"PubliMar","description":"Informaci\u00f3n de la Costa Oaxaque\u00f1a","publisher":{"@id":"https:\/\/publimar.mx\/#\/schema\/person\/42ad4d315580276616a11863a241f558"},"potentialAction":[{"@type":"SearchAction","target":{"@type":"EntryPoint","urlTemplate":"https:\/\/publimar.mx\/?s={search_term_string}"},"query-input":"required name=search_term_string"}],"inLanguage":"es"},{"@type":"ImageObject","@id":"https:\/\/publimar.mx\/index.php\/2024\/06\/24\/asesinato-en-loma-limon-san-mateo-pinas-hombre-es-ejecutado-a-balazos\/#primaryimage","inLanguage":"es","url":"https:\/\/publimar.mx\/wp-content\/uploads\/2024\/06\/noe.jpg","contentUrl":"https:\/\/publimar.mx\/wp-content\/uploads\/2024\/06\/noe.jpg","width":455,"height":395},{"@type":"WebPage","@id":"https:\/\/publimar.mx\/index.php\/2024\/06\/24\/asesinato-en-loma-limon-san-mateo-pinas-hombre-es-ejecutado-a-balazos\/#webpage","url":"https:\/\/publimar.mx\/index.php\/2024\/06\/24\/asesinato-en-loma-limon-san-mateo-pinas-hombre-es-ejecutado-a-balazos\/","name":"Asesinato en Loma Lim\u00f3n, San Mateo Pi\u00f1as: Hombre es Ejecutado a Balazos - PubliMar","isPartOf":{"@id":"https:\/\/publimar.mx\/#website"},"primaryImageOfPage":{"@id":"https:\/\/publimar.mx\/index.php\/2024\/06\/24\/asesinato-en-loma-limon-san-mateo-pinas-hombre-es-ejecutado-a-balazos\/#primaryimage"},"datePublished":"2024-06-24T22:42:09+00:00","dateModified":"2024-06-24T22:42:11+00:00","description":"No\u00e9 fue atacado a tiros en el mencionado trayecto, siendo v\u00edctima de un acto de violencia que tambi\u00e9n dej\u00f3 herido a su hijo, quien lo acom...","breadcrumb":{"@id":"https:\/\/publimar.mx\/index.php\/2024\/06\/24\/asesinato-en-loma-limon-san-mateo-pinas-hombre-es-ejecutado-a-balazos\/#breadcrumb"},"inLanguage":"es","potentialAction":[{"@type":"ReadAction","target":["https:\/\/publimar.mx\/index.php\/2024\/06\/24\/asesinato-en-loma-limon-san-mateo-pinas-hombre-es-ejecutado-a-balazos\/"]}]},{"@type":"BreadcrumbList","@id":"https:\/\/publimar.mx\/index.php\/2024\/06\/24\/asesinato-en-loma-limon-san-mateo-pinas-hombre-es-ejecutado-a-balazos\/#breadcrumb","itemListElement":[{"@type":"ListItem","position":1,"name":"Portada","item":"https:\/\/publimar.mx\/"},{"@type":"ListItem","position":2,"name":"Asesinato en Loma Lim\u00f3n, San Mateo Pi\u00f1as: Hombre es Ejecutado a Balazos"}]},{"@type":["Article","NewsArticle"],"@id":"https:\/\/publimar.mx\/index.php\/2024\/06\/24\/asesinato-en-loma-limon-san-mateo-pinas-hombre-es-ejecutado-a-balazos\/#article","isPartOf":{"@id":"https:\/\/publimar.mx\/index.php\/2024\/06\/24\/asesinato-en-loma-limon-san-mateo-pinas-hombre-es-ejecutado-a-balazos\/#webpage"},"author":{"@id":"https:\/\/publimar.mx\/#\/schema\/person\/42ad4d315580276616a11863a241f558"},"headline":"Asesinato en Loma Lim\u00f3n, San Mateo Pi\u00f1as: Hombre es Ejecutado a Balazos","datePublished":"2024-06-24T22:42:09+00:00","dateModified":"2024-06-24T22:42:11+00:00","mainEntityOfPage":{"@id":"https:\/\/publimar.mx\/index.php\/2024\/06\/24\/asesinato-en-loma-limon-san-mateo-pinas-hombre-es-ejecutado-a-balazos\/#webpage"},"wordCount":190,"commentCount":0,"publisher":{"@id":"https:\/\/publimar.mx\/#\/schema\/person\/42ad4d315580276616a11863a241f558"},"image":{"@id":"https:\/\/publimar.mx\/index.php\/2024\/06\/24\/asesinato-en-loma-limon-san-mateo-pinas-hombre-es-ejecutado-a-balazos\/#primaryimage"},"thumbnailUrl":"https:\/\/publimar.mx\/wp-content\/uploads\/2024\/06\/noe.jpg","articleSection":["policiaca"],"inLanguage":"es","potentialAction":[{"@type":"CommentAction","name":"Comment","target":["https:\/\/publimar.mx\/index.php\/2024\/06\/24\/asesinato-en-loma-limon-san-mateo-pinas-hombre-es-ejecutado-a-balazos\/#respond"]}]},{"@type":["Person","Organization"],"@id":"https:\/\/publimar.mx\/#\/schema\/person\/42ad4d315580276616a11863a241f558","name":"admin","image":{"@type":"ImageObject","@id":"https:\/\/publimar.mx\/#personlogo","inLanguage":"es","url":"https:\/\/publimar.mx\/wp-content\/uploads\/2021\/08\/logo.png","contentUrl":"https:\/\/publimar.mx\/wp-content\/uploads\/2021\/08\/logo.png","width":454,"height":108,"caption":"admin"},"logo":{"@id":"https:\/\/publimar.mx\/#personlogo"},"sameAs":["https:\/\/publimar.mx"],"url":"https:\/\/publimar.mx\/index.php\/author\/admin\/"}]}},"_links":{"self":[{"href":"https:\/\/publimar.mx\/index.php\/wp-json\/wp\/v2\/posts\/11992"}],"collection":[{"href":"https:\/\/publimar.mx\/index.php\/wp-json\/wp\/v2\/posts"}],"about":[{"href":"https:\/\/publimar.mx\/index.php\/wp-json\/wp\/v2\/types\/post"}],"author":[{"embeddable":true,"href":"https:\/\/publimar.mx\/index.php\/wp-json\/wp\/v2\/users\/1"}],"replies":[{"embeddable":true,"href":"https:\/\/publimar.mx\/index.php\/wp-json\/wp\/v2\/comments?post=11992"}],"version-history":[{"count":1,"href":"https:\/\/publimar.mx\/index.php\/wp-json\/wp\/v2\/posts\/11992\/revisions"}],"predecessor-version":[{"id":11994,"href":"https:\/\/publimar.mx\/index.php\/wp-json\/wp\/v2\/posts\/11992\/revisions\/11994"}],"wp:featuredmedia":[{"embeddable":true,"href":"https:\/\/publimar.mx\/index.php\/wp-json\/wp\/v2\/media\/11993"}],"wp:attachment":[{"href":"https:\/\/publimar.mx\/index.php\/wp-json\/wp\/v2\/media?parent=11992"}],"wp:term":[{"taxonomy":"category","embeddable":true,"href":"https:\/\/publimar.mx\/index.php\/wp-json\/wp\/v2\/categories?post=11992"},{"taxonomy":"post_tag","embeddable":true,"href":"https:\/\/publimar.mx\/index.php\/wp-json\/wp\/v2\/tags?post=11992"}],"curies":[{"name":"wp","href":"https:\/\/api.w.org\/{rel}","templated":true}]}}