{"id":11983,"date":"2024-06-24T16:59:36","date_gmt":"2024-06-24T21:59:36","guid":{"rendered":"https:\/\/publimar.mx\/?p=11983"},"modified":"2024-06-24T16:59:37","modified_gmt":"2024-06-24T21:59:37","slug":"la-tecnica-10-de-pochutla-estrena-cafeteria","status":"publish","type":"post","link":"https:\/\/publimar.mx\/index.php\/2024\/06\/24\/la-tecnica-10-de-pochutla-estrena-cafeteria\/","title":{"rendered":"La T\u00e9cnica 10 de Pochutla estrena cafeter\u00eda"},"content":{"rendered":"\n<ul><li><strong><em>Inauguraci\u00f3n de Nueva Cafeter\u00eda en la Escuela Secundaria T\u00e9cnica N\u00famero 10 de San Pedro Pochutla<\/em><\/strong><\/li><\/ul>\n\n\n\n<p><strong>Ra\u00fal Laguna<\/strong><\/p>\n\n\n\n<div class=\"wp-block-image\"><figure class=\"alignright size-large is-resized\"><img loading=\"lazy\" src=\"https:\/\/publimar.mx\/wp-content\/uploads\/2024\/06\/cafeteria-1-1024x768.jpeg\" alt=\"\" class=\"wp-image-11984\" width=\"512\" height=\"384\" srcset=\"https:\/\/publimar.mx\/wp-content\/uploads\/2024\/06\/cafeteria-1-1024x768.jpeg 1024w, https:\/\/publimar.mx\/wp-content\/uploads\/2024\/06\/cafeteria-1-300x225.jpeg 300w, https:\/\/publimar.mx\/wp-content\/uploads\/2024\/06\/cafeteria-1-768x576.jpeg 768w, https:\/\/publimar.mx\/wp-content\/uploads\/2024\/06\/cafeteria-1-1536x1152.jpeg 1536w, https:\/\/publimar.mx\/wp-content\/uploads\/2024\/06\/cafeteria-1.jpeg 1600w\" sizes=\"(max-width: 512px) 100vw, 512px\" \/><\/figure><\/div>\n\n\n\n<p>En una ma\u00f1ana llena de entusiasmo y camarader\u00eda, la comunidad estudiantil y docente de la Escuela Secundaria T\u00e9cnica n\u00famero 10 de San Pedro Pochutla celebr\u00f3 la inauguraci\u00f3n oficial de su nueva cafeter\u00eda escolar. Este nuevo espacio, destinado para el disfrute de alimentos durante los recreos, representa un avance significativo para mejorar las condiciones de alimentaci\u00f3n y convivencia dentro del plantel.<\/p>\n\n\n\n<p>El evento inaugural tuvo lugar este lunes, donde el director de la escuela, acompa\u00f1ado por la comisi\u00f3n de Cooperativas Escolares y entusiastas alumnos, cort\u00f3 el list\u00f3n simb\u00f3lico que marc\u00f3 el inicio de operaciones de la cafeter\u00eda. Desde ese momento, los estudiantes tienen acceso a una variedad de opciones alimenticias saludables y bebidas refrescantes, facilitando as\u00ed una mejor experiencia durante los intervalos escolares.<\/p>\n\n\n\n<p>\u00abEsta nueva cafeter\u00eda es un logro que beneficia a toda nuestra comunidad educativa. Ahora nuestros alumnos y profesores pueden disfrutar de sus alimentos en un ambiente limpio y propicio para el descanso\u00bb, coment\u00f3 el director durante su discurso inaugural. La iniciativa, que promueve h\u00e1bitos alimenticios saludables y un entorno m\u00e1s higi\u00e9nico, ha sido recibida con gran entusiasmo por parte de los estudiantes y padres de familia.<\/p>\n\n\n\n<p>Con esta apertura, la Escuela Secundaria T\u00e9cnica n\u00famero 10 reafirma su compromiso con el bienestar integral de sus miembros, ofreciendo instalaciones modernas que fomentan el aprendizaje y el bienestar. Se espera que la nueva cafeter\u00eda se convierta en un punto de encuentro y convivencia para toda la comunidad educativa, promoviendo valores de salud y cuidado del entorno.<\/p>\n\n\n\n<p>La comunidad escolar de San Pedro Pochutla celebra este avance, augurando que la nueva cafeter\u00eda se convierta en un espacio donde se creen v\u00ednculos significativos y se promueva una cultura alimentaria responsable entre los j\u00f3venes estudiantes.<\/p>\n\n\n\n<figure class=\"wp-block-image size-large\"><img loading=\"lazy\" width=\"1024\" height=\"768\" src=\"https:\/\/publimar.mx\/wp-content\/uploads\/2024\/06\/cafeteria-3-1024x768.jpeg\" alt=\"\" class=\"wp-image-11986\" srcset=\"https:\/\/publimar.mx\/wp-content\/uploads\/2024\/06\/cafeteria-3-1024x768.jpeg 1024w, https:\/\/publimar.mx\/wp-content\/uploads\/2024\/06\/cafeteria-3-300x225.jpeg 300w, https:\/\/publimar.mx\/wp-content\/uploads\/2024\/06\/cafeteria-3-768x576.jpeg 768w, https:\/\/publimar.mx\/wp-content\/uploads\/2024\/06\/cafeteria-3-1536x1152.jpeg 1536w, https:\/\/publimar.mx\/wp-content\/uploads\/2024\/06\/cafeteria-3.jpeg 1600w\" sizes=\"(max-width: 1024px) 100vw, 1024px\" \/><\/figure>\n\n\n\n<figure class=\"wp-block-image size-large\"><img loading=\"lazy\" width=\"1024\" height=\"768\" src=\"https:\/\/publimar.mx\/wp-content\/uploads\/2024\/06\/cafeteria-4-1024x768.jpeg\" alt=\"\" class=\"wp-image-11987\" srcset=\"https:\/\/publimar.mx\/wp-content\/uploads\/2024\/06\/cafeteria-4-1024x768.jpeg 1024w, https:\/\/publimar.mx\/wp-content\/uploads\/2024\/06\/cafeteria-4-300x225.jpeg 300w, https:\/\/publimar.mx\/wp-content\/uploads\/2024\/06\/cafeteria-4-768x576.jpeg 768w, https:\/\/publimar.mx\/wp-content\/uploads\/2024\/06\/cafeteria-4-1536x1152.jpeg 1536w, https:\/\/publimar.mx\/wp-content\/uploads\/2024\/06\/cafeteria-4.jpeg 1600w\" sizes=\"(max-width: 1024px) 100vw, 1024px\" \/><\/figure>\n\n\n\n<figure class=\"wp-block-image size-large\"><img loading=\"lazy\" width=\"1024\" height=\"768\" src=\"https:\/\/publimar.mx\/wp-content\/uploads\/2024\/06\/cafeteria-2-1024x768.jpeg\" alt=\"\" class=\"wp-image-11985\" srcset=\"https:\/\/publimar.mx\/wp-content\/uploads\/2024\/06\/cafeteria-2-1024x768.jpeg 1024w, https:\/\/publimar.mx\/wp-content\/uploads\/2024\/06\/cafeteria-2-300x225.jpeg 300w, https:\/\/publimar.mx\/wp-content\/uploads\/2024\/06\/cafeteria-2-768x576.jpeg 768w, https:\/\/publimar.mx\/wp-content\/uploads\/2024\/06\/cafeteria-2-1536x1152.jpeg 1536w, https:\/\/publimar.mx\/wp-content\/uploads\/2024\/06\/cafeteria-2.jpeg 1600w\" sizes=\"(max-width: 1024px) 100vw, 1024px\" \/><\/figure>\n","protected":false},"excerpt":{"rendered":"<p>Inauguraci\u00f3n de Nueva Cafeter\u00eda en la Escuela Secundaria T\u00e9cnica N\u00famero 10 de San Pedro Pochutla Ra\u00fal Laguna En una ma\u00f1ana llena de entusiasmo y camarader\u00eda, la comunidad estudiantil y docente&hellip; <\/p>\n","protected":false},"author":1,"featured_media":11987,"comment_status":"open","ping_status":"open","sticky":false,"template":"","format":"standard","meta":{"_monsterinsights_skip_tracking":false,"_monsterinsights_sitenote_active":false,"_monsterinsights_sitenote_note":"","_monsterinsights_sitenote_category":0},"categories":[14],"tags":[],"yoast_head":"<!-- This site is optimized with the Yoast SEO plugin v17.0 - https:\/\/yoast.com\/wordpress\/plugins\/seo\/ -->\n<title>La T\u00e9cnica 10 de Pochutla estrena cafeter\u00eda - PubliMar<\/title>\n<meta name=\"description\" content=\"Estrena cafeter\u00eda al T\u00e9cnica 10 Inauguraci\u00f3n de Nueva Cafeter\u00eda en la Escuela Secundaria T\u00e9cnica N\u00famero 10 de San Pedro Pochutla ...\" \/>\n<meta name=\"robots\" content=\"index, follow, max-snippet:-1, max-image-preview:large, max-video-preview:-1\" \/>\n<link rel=\"canonical\" href=\"https:\/\/publimar.mx\/index.php\/2024\/06\/24\/la-tecnica-10-de-pochutla-estrena-cafeteria\/\" \/>\n<meta property=\"og:locale\" content=\"es_ES\" \/>\n<meta property=\"og:type\" content=\"article\" \/>\n<meta property=\"og:title\" content=\"La T\u00e9cnica 10 de Pochutla estrena cafeter\u00eda - PubliMar\" \/>\n<meta property=\"og:description\" content=\"Estrena cafeter\u00eda al T\u00e9cnica 10 Inauguraci\u00f3n de Nueva Cafeter\u00eda en la Escuela Secundaria T\u00e9cnica N\u00famero 10 de San Pedro Pochutla ...\" \/>\n<meta property=\"og:url\" content=\"https:\/\/publimar.mx\/index.php\/2024\/06\/24\/la-tecnica-10-de-pochutla-estrena-cafeteria\/\" \/>\n<meta property=\"og:site_name\" content=\"PubliMar\" \/>\n<meta property=\"article:published_time\" content=\"2024-06-24T21:59:36+00:00\" \/>\n<meta property=\"article:modified_time\" content=\"2024-06-24T21:59:37+00:00\" \/>\n<meta property=\"og:image\" content=\"https:\/\/publimar.mx\/wp-content\/uploads\/2024\/06\/cafeteria-4.jpeg\" \/>\n\t<meta property=\"og:image:width\" content=\"1600\" \/>\n\t<meta property=\"og:image:height\" content=\"1200\" \/>\n<meta name=\"twitter:card\" content=\"summary_large_image\" \/>\n<meta name=\"twitter:label1\" content=\"Escrito por\" \/>\n\t<meta name=\"twitter:data1\" content=\"admin\" \/>\n\t<meta name=\"twitter:label2\" content=\"Tiempo de lectura\" \/>\n\t<meta name=\"twitter:data2\" content=\"3 minutos\" \/>\n<script type=\"application\/ld+json\" class=\"yoast-schema-graph\">{\"@context\":\"https:\/\/schema.org\",\"@graph\":[{\"@type\":\"WebSite\",\"@id\":\"https:\/\/publimar.mx\/#website\",\"url\":\"https:\/\/publimar.mx\/\",\"name\":\"PubliMar\",\"description\":\"Informaci\\u00f3n de la Costa Oaxaque\\u00f1a\",\"publisher\":{\"@id\":\"https:\/\/publimar.mx\/#\/schema\/person\/42ad4d315580276616a11863a241f558\"},\"potentialAction\":[{\"@type\":\"SearchAction\",\"target\":{\"@type\":\"EntryPoint\",\"urlTemplate\":\"https:\/\/publimar.mx\/?s={search_term_string}\"},\"query-input\":\"required name=search_term_string\"}],\"inLanguage\":\"es\"},{\"@type\":\"ImageObject\",\"@id\":\"https:\/\/publimar.mx\/index.php\/2024\/06\/24\/la-tecnica-10-de-pochutla-estrena-cafeteria\/#primaryimage\",\"inLanguage\":\"es\",\"url\":\"https:\/\/publimar.mx\/wp-content\/uploads\/2024\/06\/cafeteria-4.jpeg\",\"contentUrl\":\"https:\/\/publimar.mx\/wp-content\/uploads\/2024\/06\/cafeteria-4.jpeg\",\"width\":1600,\"height\":1200},{\"@type\":\"WebPage\",\"@id\":\"https:\/\/publimar.mx\/index.php\/2024\/06\/24\/la-tecnica-10-de-pochutla-estrena-cafeteria\/#webpage\",\"url\":\"https:\/\/publimar.mx\/index.php\/2024\/06\/24\/la-tecnica-10-de-pochutla-estrena-cafeteria\/\",\"name\":\"La T\\u00e9cnica 10 de Pochutla estrena cafeter\\u00eda - PubliMar\",\"isPartOf\":{\"@id\":\"https:\/\/publimar.mx\/#website\"},\"primaryImageOfPage\":{\"@id\":\"https:\/\/publimar.mx\/index.php\/2024\/06\/24\/la-tecnica-10-de-pochutla-estrena-cafeteria\/#primaryimage\"},\"datePublished\":\"2024-06-24T21:59:36+00:00\",\"dateModified\":\"2024-06-24T21:59:37+00:00\",\"description\":\"Estrena cafeter\\u00eda al T\\u00e9cnica 10 Inauguraci\\u00f3n de Nueva Cafeter\\u00eda en la Escuela Secundaria T\\u00e9cnica N\\u00famero 10 de San Pedro Pochutla ...\",\"breadcrumb\":{\"@id\":\"https:\/\/publimar.mx\/index.php\/2024\/06\/24\/la-tecnica-10-de-pochutla-estrena-cafeteria\/#breadcrumb\"},\"inLanguage\":\"es\",\"potentialAction\":[{\"@type\":\"ReadAction\",\"target\":[\"https:\/\/publimar.mx\/index.php\/2024\/06\/24\/la-tecnica-10-de-pochutla-estrena-cafeteria\/\"]}]},{\"@type\":\"BreadcrumbList\",\"@id\":\"https:\/\/publimar.mx\/index.php\/2024\/06\/24\/la-tecnica-10-de-pochutla-estrena-cafeteria\/#breadcrumb\",\"itemListElement\":[{\"@type\":\"ListItem\",\"position\":1,\"name\":\"Portada\",\"item\":\"https:\/\/publimar.mx\/\"},{\"@type\":\"ListItem\",\"position\":2,\"name\":\"La T\\u00e9cnica 10 de Pochutla estrena cafeter\\u00eda\"}]},{\"@type\":[\"Article\",\"NewsArticle\"],\"@id\":\"https:\/\/publimar.mx\/index.php\/2024\/06\/24\/la-tecnica-10-de-pochutla-estrena-cafeteria\/#article\",\"isPartOf\":{\"@id\":\"https:\/\/publimar.mx\/index.php\/2024\/06\/24\/la-tecnica-10-de-pochutla-estrena-cafeteria\/#webpage\"},\"author\":{\"@id\":\"https:\/\/publimar.mx\/#\/schema\/person\/42ad4d315580276616a11863a241f558\"},\"headline\":\"La T\\u00e9cnica 10 de Pochutla estrena cafeter\\u00eda\",\"datePublished\":\"2024-06-24T21:59:36+00:00\",\"dateModified\":\"2024-06-24T21:59:37+00:00\",\"mainEntityOfPage\":{\"@id\":\"https:\/\/publimar.mx\/index.php\/2024\/06\/24\/la-tecnica-10-de-pochutla-estrena-cafeteria\/#webpage\"},\"wordCount\":330,\"commentCount\":0,\"publisher\":{\"@id\":\"https:\/\/publimar.mx\/#\/schema\/person\/42ad4d315580276616a11863a241f558\"},\"image\":{\"@id\":\"https:\/\/publimar.mx\/index.php\/2024\/06\/24\/la-tecnica-10-de-pochutla-estrena-cafeteria\/#primaryimage\"},\"thumbnailUrl\":\"https:\/\/publimar.mx\/wp-content\/uploads\/2024\/06\/cafeteria-4.jpeg\",\"articleSection\":[\"Regional\"],\"inLanguage\":\"es\",\"potentialAction\":[{\"@type\":\"CommentAction\",\"name\":\"Comment\",\"target\":[\"https:\/\/publimar.mx\/index.php\/2024\/06\/24\/la-tecnica-10-de-pochutla-estrena-cafeteria\/#respond\"]}]},{\"@type\":[\"Person\",\"Organization\"],\"@id\":\"https:\/\/publimar.mx\/#\/schema\/person\/42ad4d315580276616a11863a241f558\",\"name\":\"admin\",\"image\":{\"@type\":\"ImageObject\",\"@id\":\"https:\/\/publimar.mx\/#personlogo\",\"inLanguage\":\"es\",\"url\":\"https:\/\/publimar.mx\/wp-content\/uploads\/2021\/08\/logo.png\",\"contentUrl\":\"https:\/\/publimar.mx\/wp-content\/uploads\/2021\/08\/logo.png\",\"width\":454,\"height\":108,\"caption\":\"admin\"},\"logo\":{\"@id\":\"https:\/\/publimar.mx\/#personlogo\"},\"sameAs\":[\"https:\/\/publimar.mx\"],\"url\":\"https:\/\/publimar.mx\/index.php\/author\/admin\/\"}]}<\/script>\n<!-- \/ Yoast SEO plugin. -->","yoast_head_json":{"title":"La T\u00e9cnica 10 de Pochutla estrena cafeter\u00eda - PubliMar","description":"Estrena cafeter\u00eda al T\u00e9cnica 10 Inauguraci\u00f3n de Nueva Cafeter\u00eda en la Escuela Secundaria T\u00e9cnica N\u00famero 10 de San Pedro Pochutla ...","robots":{"index":"index","follow":"follow","max-snippet":"max-snippet:-1","max-image-preview":"max-image-preview:large","max-video-preview":"max-video-preview:-1"},"canonical":"https:\/\/publimar.mx\/index.php\/2024\/06\/24\/la-tecnica-10-de-pochutla-estrena-cafeteria\/","og_locale":"es_ES","og_type":"article","og_title":"La T\u00e9cnica 10 de Pochutla estrena cafeter\u00eda - PubliMar","og_description":"Estrena cafeter\u00eda al T\u00e9cnica 10 Inauguraci\u00f3n de Nueva Cafeter\u00eda en la Escuela Secundaria T\u00e9cnica N\u00famero 10 de San Pedro Pochutla ...","og_url":"https:\/\/publimar.mx\/index.php\/2024\/06\/24\/la-tecnica-10-de-pochutla-estrena-cafeteria\/","og_site_name":"PubliMar","article_published_time":"2024-06-24T21:59:36+00:00","article_modified_time":"2024-06-24T21:59:37+00:00","og_image":[{"width":1600,"height":1200,"url":"https:\/\/publimar.mx\/wp-content\/uploads\/2024\/06\/cafeteria-4.jpeg","path":"\/home\/u358712125\/domains\/publimar.mx\/public_html\/wp-content\/uploads\/2024\/06\/cafeteria-4.jpeg","size":"full","id":11987,"alt":"","pixels":1920000,"type":"image\/jpeg"}],"twitter_card":"summary_large_image","twitter_misc":{"Escrito por":"admin","Tiempo de lectura":"3 minutos"},"schema":{"@context":"https:\/\/schema.org","@graph":[{"@type":"WebSite","@id":"https:\/\/publimar.mx\/#website","url":"https:\/\/publimar.mx\/","name":"PubliMar","description":"Informaci\u00f3n de la Costa Oaxaque\u00f1a","publisher":{"@id":"https:\/\/publimar.mx\/#\/schema\/person\/42ad4d315580276616a11863a241f558"},"potentialAction":[{"@type":"SearchAction","target":{"@type":"EntryPoint","urlTemplate":"https:\/\/publimar.mx\/?s={search_term_string}"},"query-input":"required name=search_term_string"}],"inLanguage":"es"},{"@type":"ImageObject","@id":"https:\/\/publimar.mx\/index.php\/2024\/06\/24\/la-tecnica-10-de-pochutla-estrena-cafeteria\/#primaryimage","inLanguage":"es","url":"https:\/\/publimar.mx\/wp-content\/uploads\/2024\/06\/cafeteria-4.jpeg","contentUrl":"https:\/\/publimar.mx\/wp-content\/uploads\/2024\/06\/cafeteria-4.jpeg","width":1600,"height":1200},{"@type":"WebPage","@id":"https:\/\/publimar.mx\/index.php\/2024\/06\/24\/la-tecnica-10-de-pochutla-estrena-cafeteria\/#webpage","url":"https:\/\/publimar.mx\/index.php\/2024\/06\/24\/la-tecnica-10-de-pochutla-estrena-cafeteria\/","name":"La T\u00e9cnica 10 de Pochutla estrena cafeter\u00eda - PubliMar","isPartOf":{"@id":"https:\/\/publimar.mx\/#website"},"primaryImageOfPage":{"@id":"https:\/\/publimar.mx\/index.php\/2024\/06\/24\/la-tecnica-10-de-pochutla-estrena-cafeteria\/#primaryimage"},"datePublished":"2024-06-24T21:59:36+00:00","dateModified":"2024-06-24T21:59:37+00:00","description":"Estrena cafeter\u00eda al T\u00e9cnica 10 Inauguraci\u00f3n de Nueva Cafeter\u00eda en la Escuela Secundaria T\u00e9cnica N\u00famero 10 de San Pedro Pochutla ...","breadcrumb":{"@id":"https:\/\/publimar.mx\/index.php\/2024\/06\/24\/la-tecnica-10-de-pochutla-estrena-cafeteria\/#breadcrumb"},"inLanguage":"es","potentialAction":[{"@type":"ReadAction","target":["https:\/\/publimar.mx\/index.php\/2024\/06\/24\/la-tecnica-10-de-pochutla-estrena-cafeteria\/"]}]},{"@type":"BreadcrumbList","@id":"https:\/\/publimar.mx\/index.php\/2024\/06\/24\/la-tecnica-10-de-pochutla-estrena-cafeteria\/#breadcrumb","itemListElement":[{"@type":"ListItem","position":1,"name":"Portada","item":"https:\/\/publimar.mx\/"},{"@type":"ListItem","position":2,"name":"La T\u00e9cnica 10 de Pochutla estrena cafeter\u00eda"}]},{"@type":["Article","NewsArticle"],"@id":"https:\/\/publimar.mx\/index.php\/2024\/06\/24\/la-tecnica-10-de-pochutla-estrena-cafeteria\/#article","isPartOf":{"@id":"https:\/\/publimar.mx\/index.php\/2024\/06\/24\/la-tecnica-10-de-pochutla-estrena-cafeteria\/#webpage"},"author":{"@id":"https:\/\/publimar.mx\/#\/schema\/person\/42ad4d315580276616a11863a241f558"},"headline":"La T\u00e9cnica 10 de Pochutla estrena cafeter\u00eda","datePublished":"2024-06-24T21:59:36+00:00","dateModified":"2024-06-24T21:59:37+00:00","mainEntityOfPage":{"@id":"https:\/\/publimar.mx\/index.php\/2024\/06\/24\/la-tecnica-10-de-pochutla-estrena-cafeteria\/#webpage"},"wordCount":330,"commentCount":0,"publisher":{"@id":"https:\/\/publimar.mx\/#\/schema\/person\/42ad4d315580276616a11863a241f558"},"image":{"@id":"https:\/\/publimar.mx\/index.php\/2024\/06\/24\/la-tecnica-10-de-pochutla-estrena-cafeteria\/#primaryimage"},"thumbnailUrl":"https:\/\/publimar.mx\/wp-content\/uploads\/2024\/06\/cafeteria-4.jpeg","articleSection":["Regional"],"inLanguage":"es","potentialAction":[{"@type":"CommentAction","name":"Comment","target":["https:\/\/publimar.mx\/index.php\/2024\/06\/24\/la-tecnica-10-de-pochutla-estrena-cafeteria\/#respond"]}]},{"@type":["Person","Organization"],"@id":"https:\/\/publimar.mx\/#\/schema\/person\/42ad4d315580276616a11863a241f558","name":"admin","image":{"@type":"ImageObject","@id":"https:\/\/publimar.mx\/#personlogo","inLanguage":"es","url":"https:\/\/publimar.mx\/wp-content\/uploads\/2021\/08\/logo.png","contentUrl":"https:\/\/publimar.mx\/wp-content\/uploads\/2021\/08\/logo.png","width":454,"height":108,"caption":"admin"},"logo":{"@id":"https:\/\/publimar.mx\/#personlogo"},"sameAs":["https:\/\/publimar.mx"],"url":"https:\/\/publimar.mx\/index.php\/author\/admin\/"}]}},"_links":{"self":[{"href":"https:\/\/publimar.mx\/index.php\/wp-json\/wp\/v2\/posts\/11983"}],"collection":[{"href":"https:\/\/publimar.mx\/index.php\/wp-json\/wp\/v2\/posts"}],"about":[{"href":"https:\/\/publimar.mx\/index.php\/wp-json\/wp\/v2\/types\/post"}],"author":[{"embeddable":true,"href":"https:\/\/publimar.mx\/index.php\/wp-json\/wp\/v2\/users\/1"}],"replies":[{"embeddable":true,"href":"https:\/\/publimar.mx\/index.php\/wp-json\/wp\/v2\/comments?post=11983"}],"version-history":[{"count":1,"href":"https:\/\/publimar.mx\/index.php\/wp-json\/wp\/v2\/posts\/11983\/revisions"}],"predecessor-version":[{"id":11988,"href":"https:\/\/publimar.mx\/index.php\/wp-json\/wp\/v2\/posts\/11983\/revisions\/11988"}],"wp:featuredmedia":[{"embeddable":true,"href":"https:\/\/publimar.mx\/index.php\/wp-json\/wp\/v2\/media\/11987"}],"wp:attachment":[{"href":"https:\/\/publimar.mx\/index.php\/wp-json\/wp\/v2\/media?parent=11983"}],"wp:term":[{"taxonomy":"category","embeddable":true,"href":"https:\/\/publimar.mx\/index.php\/wp-json\/wp\/v2\/categories?post=11983"},{"taxonomy":"post_tag","embeddable":true,"href":"https:\/\/publimar.mx\/index.php\/wp-json\/wp\/v2\/tags?post=11983"}],"curies":[{"name":"wp","href":"https:\/\/api.w.org\/{rel}","templated":true}]}}