{"id":11641,"date":"2024-05-26T09:58:15","date_gmt":"2024-05-26T14:58:15","guid":{"rendered":"https:\/\/publimar.mx\/?p=11641"},"modified":"2024-05-26T09:58:17","modified_gmt":"2024-05-26T14:58:17","slug":"protestan-alumnos-de-la-umar-por-condiciones-dentro-de-la-institucion","status":"publish","type":"post","link":"https:\/\/publimar.mx\/index.php\/2024\/05\/26\/protestan-alumnos-de-la-umar-por-condiciones-dentro-de-la-institucion\/","title":{"rendered":"Protestan alumnos de la UMAR por condiciones dentro de la instituci\u00f3n"},"content":{"rendered":"\n<ul><li><strong><em>Alumnos del campus Huatulco protestan por condiciones de clases y servicios<\/em><\/strong><\/li><\/ul>\n\n\n\n<p><strong>Ra\u00fal Laguna<\/strong><\/p>\n\n\n\n<div class=\"wp-block-image\"><figure class=\"alignright size-full is-resized\"><img loading=\"lazy\" src=\"https:\/\/publimar.mx\/wp-content\/uploads\/2024\/05\/umar-1.jpg\" alt=\"\" class=\"wp-image-11642\" width=\"480\" height=\"312\" srcset=\"https:\/\/publimar.mx\/wp-content\/uploads\/2024\/05\/umar-1.jpg 960w, https:\/\/publimar.mx\/wp-content\/uploads\/2024\/05\/umar-1-300x195.jpg 300w, https:\/\/publimar.mx\/wp-content\/uploads\/2024\/05\/umar-1-768x499.jpg 768w\" sizes=\"(max-width: 480px) 100vw, 480px\" \/><\/figure><\/div>\n\n\n\n<p>BAH\u00cdAS DE HUATULCO. &#8211; En medio de la creciente ola de calor que azota la regi\u00f3n, alumnos del campus Huatulco de la Universidad del MAR (UMAR) protagonizaron una manifestaci\u00f3n en respuesta a las condiciones adversas en las que se desarrollan las clases y los servicios ofrecidos por la instituci\u00f3n educativa.<\/p>\n\n\n\n<p>La principal queja de los estudiantes se centra en el horario de clases, ya que, seg\u00fan afirman, las altas temperaturas hacen que permanecer en las aulas sea insoportable. A pesar de haber expresado su malestar ante las autoridades educativas, hasta el momento no se ha tomado ninguna medida para garantizar ambientes m\u00e1s frescos y confortables para el aprendizaje.<\/p>\n\n\n\n<p>Adem\u00e1s, las demandas incluyen cr\u00edticas al servicio de cafeter\u00eda, donde los precios han aumentado sin que se mejore la calidad de los alimentos. Los estudiantes denuncian que la comida ofrecida es de baja calidad, con casos de pollo crudo y sopa excesivamente salada. La falta de alternativas se agrava por la prohibici\u00f3n de competencia de servicios alimenticios dentro y fuera del campus impuesta por las autoridades educativas.<\/p>\n\n\n\n<p>Otro punto de descontento es el \u00e1rea designada para el suministro de agua, conocida como H2O, donde los alumnos se encuentran con un problema adicional: el agua disponible est\u00e1 a una temperatura elevada, lo que la hace inadecuada para consumirla, especialmente en medio de las altas temperaturas.<\/p>\n\n\n\n<p>Los estudiantes se preguntan qu\u00e9 acciones tomar\u00e1n las autoridades frente a estas demandas leg\u00edtimas. \u00bfOptar\u00e1n por represalias contra aquellos que ejercen su derecho a manifestarse, o se comprometer\u00e1n a encontrar soluciones a las condiciones insatisfactorias que afectan la calidad de vida estudiantil?<\/p>\n\n\n\n<p>Los manifestantes esperan una pronta respuesta por parte de las autoridades educativas y se mantienen firmes en su determinaci\u00f3n de lograr mejoras significativas en las condiciones de estudio y servicios dentro del campus Huatulco de la UMAR.<\/p>\n","protected":false},"excerpt":{"rendered":"<p>Alumnos del campus Huatulco protestan por condiciones de clases y servicios Ra\u00fal Laguna BAH\u00cdAS DE HUATULCO. &#8211; En medio de la creciente ola de calor que azota la regi\u00f3n, alumnos&hellip; <\/p>\n","protected":false},"author":1,"featured_media":11642,"comment_status":"open","ping_status":"open","sticky":false,"template":"","format":"standard","meta":{"_monsterinsights_skip_tracking":false,"_monsterinsights_sitenote_active":false,"_monsterinsights_sitenote_note":"","_monsterinsights_sitenote_category":0},"categories":[14],"tags":[92],"yoast_head":"<!-- This site is optimized with the Yoast SEO plugin v17.0 - https:\/\/yoast.com\/wordpress\/plugins\/seo\/ -->\n<title>Protestan alumnos de la UMAR por condiciones dentro de la instituci\u00f3n - PubliMar<\/title>\n<meta name=\"description\" content=\"En medio de la creciente ola de calor que azota la regi\u00f3n, alumnos de la UMAR Huatulco se manifestaron en respuesta a las condiciones adver..\" \/>\n<meta name=\"robots\" content=\"index, follow, max-snippet:-1, max-image-preview:large, max-video-preview:-1\" \/>\n<link rel=\"canonical\" href=\"https:\/\/publimar.mx\/index.php\/2024\/05\/26\/protestan-alumnos-de-la-umar-por-condiciones-dentro-de-la-institucion\/\" \/>\n<meta property=\"og:locale\" content=\"es_ES\" \/>\n<meta property=\"og:type\" content=\"article\" \/>\n<meta property=\"og:title\" content=\"Protestan alumnos de la UMAR por condiciones dentro de la instituci\u00f3n - PubliMar\" \/>\n<meta property=\"og:description\" content=\"En medio de la creciente ola de calor que azota la regi\u00f3n, alumnos de la UMAR Huatulco se manifestaron en respuesta a las condiciones adver..\" \/>\n<meta property=\"og:url\" content=\"https:\/\/publimar.mx\/index.php\/2024\/05\/26\/protestan-alumnos-de-la-umar-por-condiciones-dentro-de-la-institucion\/\" \/>\n<meta property=\"og:site_name\" content=\"PubliMar\" \/>\n<meta property=\"article:published_time\" content=\"2024-05-26T14:58:15+00:00\" \/>\n<meta property=\"article:modified_time\" content=\"2024-05-26T14:58:17+00:00\" \/>\n<meta property=\"og:image\" content=\"https:\/\/publimar.mx\/wp-content\/uploads\/2024\/05\/umar-1.jpg\" \/>\n\t<meta property=\"og:image:width\" content=\"960\" \/>\n\t<meta property=\"og:image:height\" content=\"624\" \/>\n<meta name=\"twitter:card\" content=\"summary_large_image\" \/>\n<meta name=\"twitter:label1\" content=\"Escrito por\" \/>\n\t<meta name=\"twitter:data1\" content=\"admin\" \/>\n\t<meta name=\"twitter:label2\" content=\"Tiempo de lectura\" \/>\n\t<meta name=\"twitter:data2\" content=\"2 minutos\" \/>\n<script type=\"application\/ld+json\" class=\"yoast-schema-graph\">{\"@context\":\"https:\/\/schema.org\",\"@graph\":[{\"@type\":\"WebSite\",\"@id\":\"https:\/\/publimar.mx\/#website\",\"url\":\"https:\/\/publimar.mx\/\",\"name\":\"PubliMar\",\"description\":\"Informaci\\u00f3n de la Costa Oaxaque\\u00f1a\",\"publisher\":{\"@id\":\"https:\/\/publimar.mx\/#\/schema\/person\/42ad4d315580276616a11863a241f558\"},\"potentialAction\":[{\"@type\":\"SearchAction\",\"target\":{\"@type\":\"EntryPoint\",\"urlTemplate\":\"https:\/\/publimar.mx\/?s={search_term_string}\"},\"query-input\":\"required name=search_term_string\"}],\"inLanguage\":\"es\"},{\"@type\":\"ImageObject\",\"@id\":\"https:\/\/publimar.mx\/index.php\/2024\/05\/26\/protestan-alumnos-de-la-umar-por-condiciones-dentro-de-la-institucion\/#primaryimage\",\"inLanguage\":\"es\",\"url\":\"https:\/\/publimar.mx\/wp-content\/uploads\/2024\/05\/umar-1.jpg\",\"contentUrl\":\"https:\/\/publimar.mx\/wp-content\/uploads\/2024\/05\/umar-1.jpg\",\"width\":960,\"height\":624},{\"@type\":\"WebPage\",\"@id\":\"https:\/\/publimar.mx\/index.php\/2024\/05\/26\/protestan-alumnos-de-la-umar-por-condiciones-dentro-de-la-institucion\/#webpage\",\"url\":\"https:\/\/publimar.mx\/index.php\/2024\/05\/26\/protestan-alumnos-de-la-umar-por-condiciones-dentro-de-la-institucion\/\",\"name\":\"Protestan alumnos de la UMAR por condiciones dentro de la instituci\\u00f3n - PubliMar\",\"isPartOf\":{\"@id\":\"https:\/\/publimar.mx\/#website\"},\"primaryImageOfPage\":{\"@id\":\"https:\/\/publimar.mx\/index.php\/2024\/05\/26\/protestan-alumnos-de-la-umar-por-condiciones-dentro-de-la-institucion\/#primaryimage\"},\"datePublished\":\"2024-05-26T14:58:15+00:00\",\"dateModified\":\"2024-05-26T14:58:17+00:00\",\"description\":\"En medio de la creciente ola de calor que azota la regi\\u00f3n, alumnos de la UMAR Huatulco se manifestaron en respuesta a las condiciones adver..\",\"breadcrumb\":{\"@id\":\"https:\/\/publimar.mx\/index.php\/2024\/05\/26\/protestan-alumnos-de-la-umar-por-condiciones-dentro-de-la-institucion\/#breadcrumb\"},\"inLanguage\":\"es\",\"potentialAction\":[{\"@type\":\"ReadAction\",\"target\":[\"https:\/\/publimar.mx\/index.php\/2024\/05\/26\/protestan-alumnos-de-la-umar-por-condiciones-dentro-de-la-institucion\/\"]}]},{\"@type\":\"BreadcrumbList\",\"@id\":\"https:\/\/publimar.mx\/index.php\/2024\/05\/26\/protestan-alumnos-de-la-umar-por-condiciones-dentro-de-la-institucion\/#breadcrumb\",\"itemListElement\":[{\"@type\":\"ListItem\",\"position\":1,\"name\":\"Portada\",\"item\":\"https:\/\/publimar.mx\/\"},{\"@type\":\"ListItem\",\"position\":2,\"name\":\"Protestan alumnos de la UMAR por condiciones dentro de la instituci\\u00f3n\"}]},{\"@type\":[\"Article\",\"NewsArticle\"],\"@id\":\"https:\/\/publimar.mx\/index.php\/2024\/05\/26\/protestan-alumnos-de-la-umar-por-condiciones-dentro-de-la-institucion\/#article\",\"isPartOf\":{\"@id\":\"https:\/\/publimar.mx\/index.php\/2024\/05\/26\/protestan-alumnos-de-la-umar-por-condiciones-dentro-de-la-institucion\/#webpage\"},\"author\":{\"@id\":\"https:\/\/publimar.mx\/#\/schema\/person\/42ad4d315580276616a11863a241f558\"},\"headline\":\"Protestan alumnos de la UMAR por condiciones dentro de la instituci\\u00f3n\",\"datePublished\":\"2024-05-26T14:58:15+00:00\",\"dateModified\":\"2024-05-26T14:58:17+00:00\",\"mainEntityOfPage\":{\"@id\":\"https:\/\/publimar.mx\/index.php\/2024\/05\/26\/protestan-alumnos-de-la-umar-por-condiciones-dentro-de-la-institucion\/#webpage\"},\"wordCount\":343,\"commentCount\":0,\"publisher\":{\"@id\":\"https:\/\/publimar.mx\/#\/schema\/person\/42ad4d315580276616a11863a241f558\"},\"image\":{\"@id\":\"https:\/\/publimar.mx\/index.php\/2024\/05\/26\/protestan-alumnos-de-la-umar-por-condiciones-dentro-de-la-institucion\/#primaryimage\"},\"thumbnailUrl\":\"https:\/\/publimar.mx\/wp-content\/uploads\/2024\/05\/umar-1.jpg\",\"keywords\":[\"huatulco\"],\"articleSection\":[\"Regional\"],\"inLanguage\":\"es\",\"potentialAction\":[{\"@type\":\"CommentAction\",\"name\":\"Comment\",\"target\":[\"https:\/\/publimar.mx\/index.php\/2024\/05\/26\/protestan-alumnos-de-la-umar-por-condiciones-dentro-de-la-institucion\/#respond\"]}]},{\"@type\":[\"Person\",\"Organization\"],\"@id\":\"https:\/\/publimar.mx\/#\/schema\/person\/42ad4d315580276616a11863a241f558\",\"name\":\"admin\",\"image\":{\"@type\":\"ImageObject\",\"@id\":\"https:\/\/publimar.mx\/#personlogo\",\"inLanguage\":\"es\",\"url\":\"https:\/\/publimar.mx\/wp-content\/uploads\/2021\/08\/logo.png\",\"contentUrl\":\"https:\/\/publimar.mx\/wp-content\/uploads\/2021\/08\/logo.png\",\"width\":454,\"height\":108,\"caption\":\"admin\"},\"logo\":{\"@id\":\"https:\/\/publimar.mx\/#personlogo\"},\"sameAs\":[\"https:\/\/publimar.mx\"],\"url\":\"https:\/\/publimar.mx\/index.php\/author\/admin\/\"}]}<\/script>\n<!-- \/ Yoast SEO plugin. -->","yoast_head_json":{"title":"Protestan alumnos de la UMAR por condiciones dentro de la instituci\u00f3n - PubliMar","description":"En medio de la creciente ola de calor que azota la regi\u00f3n, alumnos de la UMAR Huatulco se manifestaron en respuesta a las condiciones adver..","robots":{"index":"index","follow":"follow","max-snippet":"max-snippet:-1","max-image-preview":"max-image-preview:large","max-video-preview":"max-video-preview:-1"},"canonical":"https:\/\/publimar.mx\/index.php\/2024\/05\/26\/protestan-alumnos-de-la-umar-por-condiciones-dentro-de-la-institucion\/","og_locale":"es_ES","og_type":"article","og_title":"Protestan alumnos de la UMAR por condiciones dentro de la instituci\u00f3n - PubliMar","og_description":"En medio de la creciente ola de calor que azota la regi\u00f3n, alumnos de la UMAR Huatulco se manifestaron en respuesta a las condiciones adver..","og_url":"https:\/\/publimar.mx\/index.php\/2024\/05\/26\/protestan-alumnos-de-la-umar-por-condiciones-dentro-de-la-institucion\/","og_site_name":"PubliMar","article_published_time":"2024-05-26T14:58:15+00:00","article_modified_time":"2024-05-26T14:58:17+00:00","og_image":[{"width":960,"height":624,"url":"https:\/\/publimar.mx\/wp-content\/uploads\/2024\/05\/umar-1.jpg","path":"\/home\/u358712125\/domains\/publimar.mx\/public_html\/wp-content\/uploads\/2024\/05\/umar-1.jpg","size":"full","id":11642,"alt":"","pixels":599040,"type":"image\/jpeg"}],"twitter_card":"summary_large_image","twitter_misc":{"Escrito por":"admin","Tiempo de lectura":"2 minutos"},"schema":{"@context":"https:\/\/schema.org","@graph":[{"@type":"WebSite","@id":"https:\/\/publimar.mx\/#website","url":"https:\/\/publimar.mx\/","name":"PubliMar","description":"Informaci\u00f3n de la Costa Oaxaque\u00f1a","publisher":{"@id":"https:\/\/publimar.mx\/#\/schema\/person\/42ad4d315580276616a11863a241f558"},"potentialAction":[{"@type":"SearchAction","target":{"@type":"EntryPoint","urlTemplate":"https:\/\/publimar.mx\/?s={search_term_string}"},"query-input":"required name=search_term_string"}],"inLanguage":"es"},{"@type":"ImageObject","@id":"https:\/\/publimar.mx\/index.php\/2024\/05\/26\/protestan-alumnos-de-la-umar-por-condiciones-dentro-de-la-institucion\/#primaryimage","inLanguage":"es","url":"https:\/\/publimar.mx\/wp-content\/uploads\/2024\/05\/umar-1.jpg","contentUrl":"https:\/\/publimar.mx\/wp-content\/uploads\/2024\/05\/umar-1.jpg","width":960,"height":624},{"@type":"WebPage","@id":"https:\/\/publimar.mx\/index.php\/2024\/05\/26\/protestan-alumnos-de-la-umar-por-condiciones-dentro-de-la-institucion\/#webpage","url":"https:\/\/publimar.mx\/index.php\/2024\/05\/26\/protestan-alumnos-de-la-umar-por-condiciones-dentro-de-la-institucion\/","name":"Protestan alumnos de la UMAR por condiciones dentro de la instituci\u00f3n - PubliMar","isPartOf":{"@id":"https:\/\/publimar.mx\/#website"},"primaryImageOfPage":{"@id":"https:\/\/publimar.mx\/index.php\/2024\/05\/26\/protestan-alumnos-de-la-umar-por-condiciones-dentro-de-la-institucion\/#primaryimage"},"datePublished":"2024-05-26T14:58:15+00:00","dateModified":"2024-05-26T14:58:17+00:00","description":"En medio de la creciente ola de calor que azota la regi\u00f3n, alumnos de la UMAR Huatulco se manifestaron en respuesta a las condiciones adver..","breadcrumb":{"@id":"https:\/\/publimar.mx\/index.php\/2024\/05\/26\/protestan-alumnos-de-la-umar-por-condiciones-dentro-de-la-institucion\/#breadcrumb"},"inLanguage":"es","potentialAction":[{"@type":"ReadAction","target":["https:\/\/publimar.mx\/index.php\/2024\/05\/26\/protestan-alumnos-de-la-umar-por-condiciones-dentro-de-la-institucion\/"]}]},{"@type":"BreadcrumbList","@id":"https:\/\/publimar.mx\/index.php\/2024\/05\/26\/protestan-alumnos-de-la-umar-por-condiciones-dentro-de-la-institucion\/#breadcrumb","itemListElement":[{"@type":"ListItem","position":1,"name":"Portada","item":"https:\/\/publimar.mx\/"},{"@type":"ListItem","position":2,"name":"Protestan alumnos de la UMAR por condiciones dentro de la instituci\u00f3n"}]},{"@type":["Article","NewsArticle"],"@id":"https:\/\/publimar.mx\/index.php\/2024\/05\/26\/protestan-alumnos-de-la-umar-por-condiciones-dentro-de-la-institucion\/#article","isPartOf":{"@id":"https:\/\/publimar.mx\/index.php\/2024\/05\/26\/protestan-alumnos-de-la-umar-por-condiciones-dentro-de-la-institucion\/#webpage"},"author":{"@id":"https:\/\/publimar.mx\/#\/schema\/person\/42ad4d315580276616a11863a241f558"},"headline":"Protestan alumnos de la UMAR por condiciones dentro de la instituci\u00f3n","datePublished":"2024-05-26T14:58:15+00:00","dateModified":"2024-05-26T14:58:17+00:00","mainEntityOfPage":{"@id":"https:\/\/publimar.mx\/index.php\/2024\/05\/26\/protestan-alumnos-de-la-umar-por-condiciones-dentro-de-la-institucion\/#webpage"},"wordCount":343,"commentCount":0,"publisher":{"@id":"https:\/\/publimar.mx\/#\/schema\/person\/42ad4d315580276616a11863a241f558"},"image":{"@id":"https:\/\/publimar.mx\/index.php\/2024\/05\/26\/protestan-alumnos-de-la-umar-por-condiciones-dentro-de-la-institucion\/#primaryimage"},"thumbnailUrl":"https:\/\/publimar.mx\/wp-content\/uploads\/2024\/05\/umar-1.jpg","keywords":["huatulco"],"articleSection":["Regional"],"inLanguage":"es","potentialAction":[{"@type":"CommentAction","name":"Comment","target":["https:\/\/publimar.mx\/index.php\/2024\/05\/26\/protestan-alumnos-de-la-umar-por-condiciones-dentro-de-la-institucion\/#respond"]}]},{"@type":["Person","Organization"],"@id":"https:\/\/publimar.mx\/#\/schema\/person\/42ad4d315580276616a11863a241f558","name":"admin","image":{"@type":"ImageObject","@id":"https:\/\/publimar.mx\/#personlogo","inLanguage":"es","url":"https:\/\/publimar.mx\/wp-content\/uploads\/2021\/08\/logo.png","contentUrl":"https:\/\/publimar.mx\/wp-content\/uploads\/2021\/08\/logo.png","width":454,"height":108,"caption":"admin"},"logo":{"@id":"https:\/\/publimar.mx\/#personlogo"},"sameAs":["https:\/\/publimar.mx"],"url":"https:\/\/publimar.mx\/index.php\/author\/admin\/"}]}},"_links":{"self":[{"href":"https:\/\/publimar.mx\/index.php\/wp-json\/wp\/v2\/posts\/11641"}],"collection":[{"href":"https:\/\/publimar.mx\/index.php\/wp-json\/wp\/v2\/posts"}],"about":[{"href":"https:\/\/publimar.mx\/index.php\/wp-json\/wp\/v2\/types\/post"}],"author":[{"embeddable":true,"href":"https:\/\/publimar.mx\/index.php\/wp-json\/wp\/v2\/users\/1"}],"replies":[{"embeddable":true,"href":"https:\/\/publimar.mx\/index.php\/wp-json\/wp\/v2\/comments?post=11641"}],"version-history":[{"count":1,"href":"https:\/\/publimar.mx\/index.php\/wp-json\/wp\/v2\/posts\/11641\/revisions"}],"predecessor-version":[{"id":11643,"href":"https:\/\/publimar.mx\/index.php\/wp-json\/wp\/v2\/posts\/11641\/revisions\/11643"}],"wp:featuredmedia":[{"embeddable":true,"href":"https:\/\/publimar.mx\/index.php\/wp-json\/wp\/v2\/media\/11642"}],"wp:attachment":[{"href":"https:\/\/publimar.mx\/index.php\/wp-json\/wp\/v2\/media?parent=11641"}],"wp:term":[{"taxonomy":"category","embeddable":true,"href":"https:\/\/publimar.mx\/index.php\/wp-json\/wp\/v2\/categories?post=11641"},{"taxonomy":"post_tag","embeddable":true,"href":"https:\/\/publimar.mx\/index.php\/wp-json\/wp\/v2\/tags?post=11641"}],"curies":[{"name":"wp","href":"https:\/\/api.w.org\/{rel}","templated":true}]}}