{"id":10851,"date":"2024-03-28T07:59:19","date_gmt":"2024-03-28T13:59:19","guid":{"rendered":"https:\/\/publimar.mx\/?p=10851"},"modified":"2024-03-28T07:59:22","modified_gmt":"2024-03-28T13:59:22","slug":"realizan-jornada-integral-de-salud-en-umf-33-del-imss-de-pochutla","status":"publish","type":"post","link":"https:\/\/publimar.mx\/index.php\/2024\/03\/28\/realizan-jornada-integral-de-salud-en-umf-33-del-imss-de-pochutla\/","title":{"rendered":"Realizan Jornada Integral de Salud en UMF 33 del IMSS de Pochutla"},"content":{"rendered":"\n<div class=\"wp-block-image\"><figure class=\"alignright size-full is-resized\"><img loading=\"lazy\" src=\"https:\/\/publimar.mx\/wp-content\/uploads\/2024\/03\/umf-33-pochutla.jpg\" alt=\"\" class=\"wp-image-10852\" width=\"480\" height=\"360\" srcset=\"https:\/\/publimar.mx\/wp-content\/uploads\/2024\/03\/umf-33-pochutla.jpg 960w, https:\/\/publimar.mx\/wp-content\/uploads\/2024\/03\/umf-33-pochutla-300x225.jpg 300w, https:\/\/publimar.mx\/wp-content\/uploads\/2024\/03\/umf-33-pochutla-768x576.jpg 768w\" sizes=\"(max-width: 480px) 100vw, 480px\" \/><\/figure><\/div>\n\n\n\n<p>En el marco del 42 aniversario de la Unidad de Medicina Familiar (UMF) No. 33 de San Pedro Pochutla, el Instituto Mexicano del Seguro Social (IMSS) en Oaxaca llev\u00f3 a cabo una Jornada Integral de Salud enfocada en la promoci\u00f3n de salud y prevenci\u00f3n de enfermedades para poblaci\u00f3n de la Costa oaxaque\u00f1a.<\/p>\n\n\n\n<p>El director de la UMF No. 33, doctor Abraham P\u00e9rez G\u00f3mez, destac\u00f3 que durante este evento se realizaron 1,200 acciones dirigidas a mejorar la salud de los adolescentes, las cuales incluyeron la entrega de 200 cartillas de salud, administraci\u00f3n de dosis de la vacuna TD (T\u00e9tanos y Difteria), as\u00ed como 50 dosis de Hepatitis B.<\/p>\n\n\n\n<p>Adem\u00e1s, se llevaron a cabo 36 pl\u00e1ticas dirigidas a grupos del CECYTE (Colegio de Estudios Cient\u00edficos y Tecnol\u00f3gicos), en las que se abordaron temas de salud bucal, planificaci\u00f3n familiar, enfermedades de transmisi\u00f3n sexual y nutrici\u00f3n.<\/p>\n\n\n\n<p>El m\u00e9dico del IMSS resalt\u00f3 que tambi\u00e9n se brind\u00f3 apoyo mediante la entrega de preservativos, cepillos dentales y pastillas reveladoras, as\u00ed como la realizaci\u00f3n de pruebas de antropometr\u00eda y agudeza visual para evaluar la salud general de los asistentes.<\/p>\n\n\n\n<p>En el \u00e1mbito de la salud materno-infantil, expres\u00f3 que se ofrecieron pl\u00e1ticas de sensibilizaci\u00f3n sobre cuidados neonatales a embarazadas, asesoramiento nutricional a 10 pacientes cr\u00f3nicos, y consejer\u00eda sobre cuidados infantiles a madres de la regi\u00f3n de la Costa.<\/p>\n\n\n\n<p>Para promover el bienestar integral, se organiz\u00f3 una sesi\u00f3n de yoga en la que participaron tanto el personal m\u00e9dico como los pacientes. Adem\u00e1s, se ofreci\u00f3 un refrigerio saludable con el fin de fomentar h\u00e1bitos alimenticios adecuados y el cuidado del cuerpo.<\/p>\n\n\n\n<p>Asimismo, se ofreci\u00f3 el componente cultural, con dos alumnos que ofrecieron un emotivo momento musical para los asistentes.<\/p>\n\n\n\n<p>El director de la UMF expres\u00f3 su agradecimiento a los asistentes, colaboradores e invitados por sumarse a esta jornada de salud comunitaria, reafirmando el compromiso de seguir trabajando por el bienestar de la comunidad coste\u00f1a.<\/p>\n","protected":false},"excerpt":{"rendered":"<p>En el marco del 42 aniversario de la Unidad de Medicina Familiar (UMF) No. 33 de San Pedro Pochutla, el Instituto Mexicano del Seguro Social (IMSS) en Oaxaca llev\u00f3 a&hellip; <\/p>\n","protected":false},"author":1,"featured_media":10852,"comment_status":"open","ping_status":"open","sticky":false,"template":"","format":"standard","meta":{"_monsterinsights_skip_tracking":false,"_monsterinsights_sitenote_active":false,"_monsterinsights_sitenote_note":"","_monsterinsights_sitenote_category":0},"categories":[14,23],"tags":[33,130],"yoast_head":"<!-- This site is optimized with the Yoast SEO plugin v17.0 - https:\/\/yoast.com\/wordpress\/plugins\/seo\/ -->\n<title>Realizan Jornada Integral de Salud en UMF 33 del IMSS de Pochutla - PubliMar<\/title>\n<meta name=\"description\" content=\"En el marco del 42 aniversario de la Unidad de Medicina Familiar (UMF) No. 33 de Pochutla, llev\u00f3 a cabo una Jornada Integral de Salud en...\" \/>\n<meta name=\"robots\" content=\"index, follow, max-snippet:-1, max-image-preview:large, max-video-preview:-1\" \/>\n<link rel=\"canonical\" href=\"https:\/\/publimar.mx\/index.php\/2024\/03\/28\/realizan-jornada-integral-de-salud-en-umf-33-del-imss-de-pochutla\/\" \/>\n<meta property=\"og:locale\" content=\"es_ES\" \/>\n<meta property=\"og:type\" content=\"article\" \/>\n<meta property=\"og:title\" content=\"Realizan Jornada Integral de Salud en UMF 33 del IMSS de Pochutla - PubliMar\" \/>\n<meta property=\"og:description\" content=\"En el marco del 42 aniversario de la Unidad de Medicina Familiar (UMF) No. 33 de Pochutla, llev\u00f3 a cabo una Jornada Integral de Salud en...\" \/>\n<meta property=\"og:url\" content=\"https:\/\/publimar.mx\/index.php\/2024\/03\/28\/realizan-jornada-integral-de-salud-en-umf-33-del-imss-de-pochutla\/\" \/>\n<meta property=\"og:site_name\" content=\"PubliMar\" \/>\n<meta property=\"article:published_time\" content=\"2024-03-28T13:59:19+00:00\" \/>\n<meta property=\"article:modified_time\" content=\"2024-03-28T13:59:22+00:00\" \/>\n<meta property=\"og:image\" content=\"https:\/\/publimar.mx\/wp-content\/uploads\/2024\/03\/umf-33-pochutla.jpg\" \/>\n\t<meta property=\"og:image:width\" content=\"960\" \/>\n\t<meta property=\"og:image:height\" content=\"720\" \/>\n<meta name=\"twitter:card\" content=\"summary_large_image\" \/>\n<meta name=\"twitter:label1\" content=\"Escrito por\" \/>\n\t<meta name=\"twitter:data1\" content=\"admin\" \/>\n\t<meta name=\"twitter:label2\" content=\"Tiempo de lectura\" \/>\n\t<meta name=\"twitter:data2\" content=\"2 minutos\" \/>\n<script type=\"application\/ld+json\" class=\"yoast-schema-graph\">{\"@context\":\"https:\/\/schema.org\",\"@graph\":[{\"@type\":\"WebSite\",\"@id\":\"https:\/\/publimar.mx\/#website\",\"url\":\"https:\/\/publimar.mx\/\",\"name\":\"PubliMar\",\"description\":\"Informaci\\u00f3n de la Costa Oaxaque\\u00f1a\",\"publisher\":{\"@id\":\"https:\/\/publimar.mx\/#\/schema\/person\/42ad4d315580276616a11863a241f558\"},\"potentialAction\":[{\"@type\":\"SearchAction\",\"target\":{\"@type\":\"EntryPoint\",\"urlTemplate\":\"https:\/\/publimar.mx\/?s={search_term_string}\"},\"query-input\":\"required name=search_term_string\"}],\"inLanguage\":\"es\"},{\"@type\":\"ImageObject\",\"@id\":\"https:\/\/publimar.mx\/index.php\/2024\/03\/28\/realizan-jornada-integral-de-salud-en-umf-33-del-imss-de-pochutla\/#primaryimage\",\"inLanguage\":\"es\",\"url\":\"https:\/\/publimar.mx\/wp-content\/uploads\/2024\/03\/umf-33-pochutla.jpg\",\"contentUrl\":\"https:\/\/publimar.mx\/wp-content\/uploads\/2024\/03\/umf-33-pochutla.jpg\",\"width\":960,\"height\":720},{\"@type\":\"WebPage\",\"@id\":\"https:\/\/publimar.mx\/index.php\/2024\/03\/28\/realizan-jornada-integral-de-salud-en-umf-33-del-imss-de-pochutla\/#webpage\",\"url\":\"https:\/\/publimar.mx\/index.php\/2024\/03\/28\/realizan-jornada-integral-de-salud-en-umf-33-del-imss-de-pochutla\/\",\"name\":\"Realizan Jornada Integral de Salud en UMF 33 del IMSS de Pochutla - PubliMar\",\"isPartOf\":{\"@id\":\"https:\/\/publimar.mx\/#website\"},\"primaryImageOfPage\":{\"@id\":\"https:\/\/publimar.mx\/index.php\/2024\/03\/28\/realizan-jornada-integral-de-salud-en-umf-33-del-imss-de-pochutla\/#primaryimage\"},\"datePublished\":\"2024-03-28T13:59:19+00:00\",\"dateModified\":\"2024-03-28T13:59:22+00:00\",\"description\":\"En el marco del 42 aniversario de la Unidad de Medicina Familiar (UMF) No. 33 de Pochutla, llev\\u00f3 a cabo una Jornada Integral de Salud en...\",\"breadcrumb\":{\"@id\":\"https:\/\/publimar.mx\/index.php\/2024\/03\/28\/realizan-jornada-integral-de-salud-en-umf-33-del-imss-de-pochutla\/#breadcrumb\"},\"inLanguage\":\"es\",\"potentialAction\":[{\"@type\":\"ReadAction\",\"target\":[\"https:\/\/publimar.mx\/index.php\/2024\/03\/28\/realizan-jornada-integral-de-salud-en-umf-33-del-imss-de-pochutla\/\"]}]},{\"@type\":\"BreadcrumbList\",\"@id\":\"https:\/\/publimar.mx\/index.php\/2024\/03\/28\/realizan-jornada-integral-de-salud-en-umf-33-del-imss-de-pochutla\/#breadcrumb\",\"itemListElement\":[{\"@type\":\"ListItem\",\"position\":1,\"name\":\"Portada\",\"item\":\"https:\/\/publimar.mx\/\"},{\"@type\":\"ListItem\",\"position\":2,\"name\":\"Realizan Jornada Integral de Salud en UMF 33 del IMSS de Pochutla\"}]},{\"@type\":[\"Article\",\"NewsArticle\"],\"@id\":\"https:\/\/publimar.mx\/index.php\/2024\/03\/28\/realizan-jornada-integral-de-salud-en-umf-33-del-imss-de-pochutla\/#article\",\"isPartOf\":{\"@id\":\"https:\/\/publimar.mx\/index.php\/2024\/03\/28\/realizan-jornada-integral-de-salud-en-umf-33-del-imss-de-pochutla\/#webpage\"},\"author\":{\"@id\":\"https:\/\/publimar.mx\/#\/schema\/person\/42ad4d315580276616a11863a241f558\"},\"headline\":\"Realizan Jornada Integral de Salud en UMF 33 del IMSS de Pochutla\",\"datePublished\":\"2024-03-28T13:59:19+00:00\",\"dateModified\":\"2024-03-28T13:59:22+00:00\",\"mainEntityOfPage\":{\"@id\":\"https:\/\/publimar.mx\/index.php\/2024\/03\/28\/realizan-jornada-integral-de-salud-en-umf-33-del-imss-de-pochutla\/#webpage\"},\"wordCount\":345,\"commentCount\":0,\"publisher\":{\"@id\":\"https:\/\/publimar.mx\/#\/schema\/person\/42ad4d315580276616a11863a241f558\"},\"image\":{\"@id\":\"https:\/\/publimar.mx\/index.php\/2024\/03\/28\/realizan-jornada-integral-de-salud-en-umf-33-del-imss-de-pochutla\/#primaryimage\"},\"thumbnailUrl\":\"https:\/\/publimar.mx\/wp-content\/uploads\/2024\/03\/umf-33-pochutla.jpg\",\"keywords\":[\"oaxaca\",\"pochutla\"],\"articleSection\":[\"Regional\",\"Salud\"],\"inLanguage\":\"es\",\"potentialAction\":[{\"@type\":\"CommentAction\",\"name\":\"Comment\",\"target\":[\"https:\/\/publimar.mx\/index.php\/2024\/03\/28\/realizan-jornada-integral-de-salud-en-umf-33-del-imss-de-pochutla\/#respond\"]}]},{\"@type\":[\"Person\",\"Organization\"],\"@id\":\"https:\/\/publimar.mx\/#\/schema\/person\/42ad4d315580276616a11863a241f558\",\"name\":\"admin\",\"image\":{\"@type\":\"ImageObject\",\"@id\":\"https:\/\/publimar.mx\/#personlogo\",\"inLanguage\":\"es\",\"url\":\"https:\/\/publimar.mx\/wp-content\/uploads\/2021\/08\/logo.png\",\"contentUrl\":\"https:\/\/publimar.mx\/wp-content\/uploads\/2021\/08\/logo.png\",\"width\":454,\"height\":108,\"caption\":\"admin\"},\"logo\":{\"@id\":\"https:\/\/publimar.mx\/#personlogo\"},\"sameAs\":[\"https:\/\/publimar.mx\"],\"url\":\"https:\/\/publimar.mx\/index.php\/author\/admin\/\"}]}<\/script>\n<!-- \/ Yoast SEO plugin. -->","yoast_head_json":{"title":"Realizan Jornada Integral de Salud en UMF 33 del IMSS de Pochutla - PubliMar","description":"En el marco del 42 aniversario de la Unidad de Medicina Familiar (UMF) No. 33 de Pochutla, llev\u00f3 a cabo una Jornada Integral de Salud en...","robots":{"index":"index","follow":"follow","max-snippet":"max-snippet:-1","max-image-preview":"max-image-preview:large","max-video-preview":"max-video-preview:-1"},"canonical":"https:\/\/publimar.mx\/index.php\/2024\/03\/28\/realizan-jornada-integral-de-salud-en-umf-33-del-imss-de-pochutla\/","og_locale":"es_ES","og_type":"article","og_title":"Realizan Jornada Integral de Salud en UMF 33 del IMSS de Pochutla - PubliMar","og_description":"En el marco del 42 aniversario de la Unidad de Medicina Familiar (UMF) No. 33 de Pochutla, llev\u00f3 a cabo una Jornada Integral de Salud en...","og_url":"https:\/\/publimar.mx\/index.php\/2024\/03\/28\/realizan-jornada-integral-de-salud-en-umf-33-del-imss-de-pochutla\/","og_site_name":"PubliMar","article_published_time":"2024-03-28T13:59:19+00:00","article_modified_time":"2024-03-28T13:59:22+00:00","og_image":[{"width":960,"height":720,"url":"https:\/\/publimar.mx\/wp-content\/uploads\/2024\/03\/umf-33-pochutla.jpg","path":"\/home\/u358712125\/domains\/publimar.mx\/public_html\/wp-content\/uploads\/2024\/03\/umf-33-pochutla.jpg","size":"full","id":10852,"alt":"","pixels":691200,"type":"image\/jpeg"}],"twitter_card":"summary_large_image","twitter_misc":{"Escrito por":"admin","Tiempo de lectura":"2 minutos"},"schema":{"@context":"https:\/\/schema.org","@graph":[{"@type":"WebSite","@id":"https:\/\/publimar.mx\/#website","url":"https:\/\/publimar.mx\/","name":"PubliMar","description":"Informaci\u00f3n de la Costa Oaxaque\u00f1a","publisher":{"@id":"https:\/\/publimar.mx\/#\/schema\/person\/42ad4d315580276616a11863a241f558"},"potentialAction":[{"@type":"SearchAction","target":{"@type":"EntryPoint","urlTemplate":"https:\/\/publimar.mx\/?s={search_term_string}"},"query-input":"required name=search_term_string"}],"inLanguage":"es"},{"@type":"ImageObject","@id":"https:\/\/publimar.mx\/index.php\/2024\/03\/28\/realizan-jornada-integral-de-salud-en-umf-33-del-imss-de-pochutla\/#primaryimage","inLanguage":"es","url":"https:\/\/publimar.mx\/wp-content\/uploads\/2024\/03\/umf-33-pochutla.jpg","contentUrl":"https:\/\/publimar.mx\/wp-content\/uploads\/2024\/03\/umf-33-pochutla.jpg","width":960,"height":720},{"@type":"WebPage","@id":"https:\/\/publimar.mx\/index.php\/2024\/03\/28\/realizan-jornada-integral-de-salud-en-umf-33-del-imss-de-pochutla\/#webpage","url":"https:\/\/publimar.mx\/index.php\/2024\/03\/28\/realizan-jornada-integral-de-salud-en-umf-33-del-imss-de-pochutla\/","name":"Realizan Jornada Integral de Salud en UMF 33 del IMSS de Pochutla - PubliMar","isPartOf":{"@id":"https:\/\/publimar.mx\/#website"},"primaryImageOfPage":{"@id":"https:\/\/publimar.mx\/index.php\/2024\/03\/28\/realizan-jornada-integral-de-salud-en-umf-33-del-imss-de-pochutla\/#primaryimage"},"datePublished":"2024-03-28T13:59:19+00:00","dateModified":"2024-03-28T13:59:22+00:00","description":"En el marco del 42 aniversario de la Unidad de Medicina Familiar (UMF) No. 33 de Pochutla, llev\u00f3 a cabo una Jornada Integral de Salud en...","breadcrumb":{"@id":"https:\/\/publimar.mx\/index.php\/2024\/03\/28\/realizan-jornada-integral-de-salud-en-umf-33-del-imss-de-pochutla\/#breadcrumb"},"inLanguage":"es","potentialAction":[{"@type":"ReadAction","target":["https:\/\/publimar.mx\/index.php\/2024\/03\/28\/realizan-jornada-integral-de-salud-en-umf-33-del-imss-de-pochutla\/"]}]},{"@type":"BreadcrumbList","@id":"https:\/\/publimar.mx\/index.php\/2024\/03\/28\/realizan-jornada-integral-de-salud-en-umf-33-del-imss-de-pochutla\/#breadcrumb","itemListElement":[{"@type":"ListItem","position":1,"name":"Portada","item":"https:\/\/publimar.mx\/"},{"@type":"ListItem","position":2,"name":"Realizan Jornada Integral de Salud en UMF 33 del IMSS de Pochutla"}]},{"@type":["Article","NewsArticle"],"@id":"https:\/\/publimar.mx\/index.php\/2024\/03\/28\/realizan-jornada-integral-de-salud-en-umf-33-del-imss-de-pochutla\/#article","isPartOf":{"@id":"https:\/\/publimar.mx\/index.php\/2024\/03\/28\/realizan-jornada-integral-de-salud-en-umf-33-del-imss-de-pochutla\/#webpage"},"author":{"@id":"https:\/\/publimar.mx\/#\/schema\/person\/42ad4d315580276616a11863a241f558"},"headline":"Realizan Jornada Integral de Salud en UMF 33 del IMSS de Pochutla","datePublished":"2024-03-28T13:59:19+00:00","dateModified":"2024-03-28T13:59:22+00:00","mainEntityOfPage":{"@id":"https:\/\/publimar.mx\/index.php\/2024\/03\/28\/realizan-jornada-integral-de-salud-en-umf-33-del-imss-de-pochutla\/#webpage"},"wordCount":345,"commentCount":0,"publisher":{"@id":"https:\/\/publimar.mx\/#\/schema\/person\/42ad4d315580276616a11863a241f558"},"image":{"@id":"https:\/\/publimar.mx\/index.php\/2024\/03\/28\/realizan-jornada-integral-de-salud-en-umf-33-del-imss-de-pochutla\/#primaryimage"},"thumbnailUrl":"https:\/\/publimar.mx\/wp-content\/uploads\/2024\/03\/umf-33-pochutla.jpg","keywords":["oaxaca","pochutla"],"articleSection":["Regional","Salud"],"inLanguage":"es","potentialAction":[{"@type":"CommentAction","name":"Comment","target":["https:\/\/publimar.mx\/index.php\/2024\/03\/28\/realizan-jornada-integral-de-salud-en-umf-33-del-imss-de-pochutla\/#respond"]}]},{"@type":["Person","Organization"],"@id":"https:\/\/publimar.mx\/#\/schema\/person\/42ad4d315580276616a11863a241f558","name":"admin","image":{"@type":"ImageObject","@id":"https:\/\/publimar.mx\/#personlogo","inLanguage":"es","url":"https:\/\/publimar.mx\/wp-content\/uploads\/2021\/08\/logo.png","contentUrl":"https:\/\/publimar.mx\/wp-content\/uploads\/2021\/08\/logo.png","width":454,"height":108,"caption":"admin"},"logo":{"@id":"https:\/\/publimar.mx\/#personlogo"},"sameAs":["https:\/\/publimar.mx"],"url":"https:\/\/publimar.mx\/index.php\/author\/admin\/"}]}},"_links":{"self":[{"href":"https:\/\/publimar.mx\/index.php\/wp-json\/wp\/v2\/posts\/10851"}],"collection":[{"href":"https:\/\/publimar.mx\/index.php\/wp-json\/wp\/v2\/posts"}],"about":[{"href":"https:\/\/publimar.mx\/index.php\/wp-json\/wp\/v2\/types\/post"}],"author":[{"embeddable":true,"href":"https:\/\/publimar.mx\/index.php\/wp-json\/wp\/v2\/users\/1"}],"replies":[{"embeddable":true,"href":"https:\/\/publimar.mx\/index.php\/wp-json\/wp\/v2\/comments?post=10851"}],"version-history":[{"count":1,"href":"https:\/\/publimar.mx\/index.php\/wp-json\/wp\/v2\/posts\/10851\/revisions"}],"predecessor-version":[{"id":10853,"href":"https:\/\/publimar.mx\/index.php\/wp-json\/wp\/v2\/posts\/10851\/revisions\/10853"}],"wp:featuredmedia":[{"embeddable":true,"href":"https:\/\/publimar.mx\/index.php\/wp-json\/wp\/v2\/media\/10852"}],"wp:attachment":[{"href":"https:\/\/publimar.mx\/index.php\/wp-json\/wp\/v2\/media?parent=10851"}],"wp:term":[{"taxonomy":"category","embeddable":true,"href":"https:\/\/publimar.mx\/index.php\/wp-json\/wp\/v2\/categories?post=10851"},{"taxonomy":"post_tag","embeddable":true,"href":"https:\/\/publimar.mx\/index.php\/wp-json\/wp\/v2\/tags?post=10851"}],"curies":[{"name":"wp","href":"https:\/\/api.w.org\/{rel}","templated":true}]}}